{"id":12487,"date":"2019-10-07T03:45:32","date_gmt":"2019-10-07T03:45:32","guid":{"rendered":"https:\/\/larevistadigital.com.ar\/blog\/?p=12487"},"modified":"2019-10-07T03:45:32","modified_gmt":"2019-10-07T03:45:32","slug":"identificaron-el-cuerpo-mutilado-y-sin-ojos-hallado-en-moreno","status":"publish","type":"post","link":"https:\/\/larevistadigital.com.ar\/blog\/identificaron-el-cuerpo-mutilado-y-sin-ojos-hallado-en-moreno\/","title":{"rendered":"IDENTIFICARON EL CUERPO MUTILADO Y SIN OJOS HALLADO EN MORENO"},"content":{"rendered":"<h2><em>El crimen habr\u00eda sido para ocultar una relaci\u00f3n homosexual<\/em><\/h2>\n<p>Hace dos semanas fue encontrado un cad\u00e1ver en el R\u00edo Reconquista, en Moreno. El cuerpo estaba mutilado y le hab\u00edan arrancado los ojos, y lo \u00fanico que lo identificaba era una campera de River. Finalmente pudieron identificar el cuerpo del hombre, se trata de <strong>Iv\u00e1n Federico D\u00edaz<\/strong>, quien en un principio se pens\u00f3 que fue asesinado por un ajuste de cuentas, pero las investigaciones revelaron que lo mataron para ocultar una relaci\u00f3n homosexual. Los detalles a continuaci\u00f3n:<\/p>\n<p>El hallazgo de un cuerpo mutilado y sin ojos impact\u00f3 a la justicia y a los investigadores desde el d\u00eda uno:\u00a0<strong>Todo empez\u00f3 cuando el 20 de septiembre pasado, apareci\u00f3 mutilado en proximidades del Dique Roggero, en la localidad bonaerense de La Reja, en el partido de Moreno, el cuerpo de un chico de 25 a\u00f1os que reci\u00e9n este fin de semana pudo ser identificado.\u00a0<\/strong><\/p>\n<blockquote>\n<h3>Por las caracter\u00edsticas del crimen en un principio se pens\u00f3 que el m\u00f3vil era un ajuste de cuentas, pero ahora se conoci\u00f3 el verdadero motivo del macabro asesinato:\u00a0<strong>lo mataron para esconder una relaci\u00f3n homosexual.\u00a0<\/strong><\/h3>\n<\/blockquote>\n<p><strong>La v\u00edctima fue identificada como Iv\u00e1n Federico D\u00edaz.<\/strong>\u00a0Los investigadores determinaron que el asesinato se produjo a partir de una relaci\u00f3n que manten\u00edan la v\u00edctima y un compa\u00f1ero de trabajo de nombre \u00a0<strong>Miguel Ambrosio<\/strong>, que tras compartir en el supermercado, tejieron una relaci\u00f3n amorosa.<\/p>\n<p><strong>La v\u00edctima le hab\u00eda jurado a su pareja, Miguel Ambrosio, que si lo dejaba les iba a revelar a su mujer e hijas la relaci\u00f3n que los un\u00eda.<\/strong>\u00a0Seg\u00fan rese\u00f1a\u00a0<em>Cr\u00f3nica<\/em>, que tuvo acceso exclusivo a la causa, los hombres se conocieron como empleados de una importante cadena de supermercados y<strong>\u00a0el romance habr\u00eda comenzado hace 4 \u00f3 5 a\u00f1os, y que el muchacho que falleci\u00f3 siempre le exig\u00eda a su novio que abandonara a su pareja, mientras le enviaba videos y fotograf\u00edas en los que aparec\u00edan ambos en pleno acto sexual.<\/strong><\/p>\n<blockquote>\n<h3>Presionado por la v\u00edctima, su pareja busc\u00f3 la ayuda de un amigo, identificado como Jonathan Gaitan, para que lo ayudara a asesinar a D\u00edaz:\u00a0<strong>Citaron a la v\u00edctima a una de sus casas y despu\u00e9s de una charla lo atacaron brutalmente. Lo golpearon con una pala en la cabeza, lo cortaron con un bistur\u00ed y le arrancaron los ojos.\u00a0<\/strong>Luego lo desnudaron, lo metieron en una bolsa y lo arrojaron en la orilla del r\u00edo.<\/h3>\n<\/blockquote>\n<p><strong>La autopsia determin\u00f3 que D\u00edaz muri\u00f3 de cinco pu\u00f1aladas y que su cuerpo fue mutilado, ya que le arrancaron los ojos y el aparato digestivo.<\/strong><\/p>\n<p>Por el crimen hay dos detenidos:\u00a0<strong>Ambrosio, que era pareja de D\u00edaz, y Gaitan, amigo del sospechoso. Los arrestaron efectivos de la comisar\u00eda 7\u00aa de Moreno en dos viviendas ubicadas en Merlo.<\/strong><\/p>\n","protected":false},"excerpt":{"rendered":"<div class=\"mh-excerpt\"><p>El crimen habr\u00eda sido para ocultar una relaci\u00f3n homosexual Hace dos semanas fue encontrado un cad\u00e1ver en el R\u00edo Reconquista, en Moreno. El cuerpo estaba mutilado y le hab\u00edan arrancado los ojos, y lo \u00fanico <a class=\"mh-excerpt-more\" href=\"https:\/\/larevistadigital.com.ar\/blog\/identificaron-el-cuerpo-mutilado-y-sin-ojos-hallado-en-moreno\/\" title=\"IDENTIFICARON EL CUERPO MUTILADO Y SIN OJOS HALLADO EN MORENO\">[Leer M\u00e1s]<\/a><\/p>\n<\/div>","protected":false},"author":3,"featured_media":12488,"comment_status":"open","ping_status":"open","sticky":false,"template":"","format":"standard","meta":{"_jetpack_memberships_contains_paid_content":false,"footnotes":"","jetpack_publicize_message":"","jetpack_publicize_feature_enabled":true,"jetpack_social_post_already_shared":true,"jetpack_social_options":{"image_generator_settings":{"template":"highway","default_image_id":0,"font":"","enabled":false},"version":2}},"categories":[41],"tags":[],"class_list":{"0":"post-12487","1":"post","2":"type-post","3":"status-publish","4":"format-standard","5":"has-post-thumbnail","7":"category-destacadas"},"jetpack_publicize_connections":[],"jetpack_featured_media_url":"https:\/\/i0.wp.com\/larevistadigital.com.ar\/blog\/wp-content\/uploads\/rio_moreno.jpg?fit=1000%2C560&ssl=1","jetpack_sharing_enabled":true,"jetpack_shortlink":"https:\/\/wp.me\/p8qtrQ-3fp","jetpack-related-posts":[{"id":32632,"url":"https:\/\/larevistadigital.com.ar\/blog\/hecho-macabro-en-bahia-blanca-un-hombre-murio-de-un-paro-cardiaco-y-fue-mutilado-por-sus-propios-perros\/","url_meta":{"origin":12487,"position":0},"title":"HECHO MACABRO EN BAH\u00cdA BLANCA: UN HOMBRE MURI\u00d3 DE UN PARO CARD\u00cdACO Y FUE MUTILADO POR SUS PROPIOS PERROS","author":"Alejandro Sosa Ruda","date":"28 julio, 2023","format":false,"excerpt":"La v\u00edctima, de 76 a\u00f1os, fue hallada por un vecino. Al parecer como los animales se quedaron sin alimento, le comieron parte de sus brazos y la cabeza a su due\u00f1o. 27 de julio de 2023 BAH\u00cdA BLANCA\u00a0 -\u00a0 \u00a0En las \u00faltimas horas, ocurri\u00f3 un aberrante hecho en una casa\u2026","rel":"","context":"En \u00abPOLICIALES\u00bb","block_context":{"text":"POLICIALES","link":"https:\/\/larevistadigital.com.ar\/blog\/category\/policiales\/"},"img":{"alt_text":"","src":"https:\/\/i0.wp.com\/larevistadigital.com.ar\/blog\/wp-content\/uploads\/20230726175858_pol.jpg?fit=880%2C512&ssl=1&resize=350%2C200","width":350,"height":200,"srcset":"https:\/\/i0.wp.com\/larevistadigital.com.ar\/blog\/wp-content\/uploads\/20230726175858_pol.jpg?fit=880%2C512&ssl=1&resize=350%2C200 1x, https:\/\/i0.wp.com\/larevistadigital.com.ar\/blog\/wp-content\/uploads\/20230726175858_pol.jpg?fit=880%2C512&ssl=1&resize=525%2C300 1.5x, https:\/\/i0.wp.com\/larevistadigital.com.ar\/blog\/wp-content\/uploads\/20230726175858_pol.jpg?fit=880%2C512&ssl=1&resize=700%2C400 2x"},"classes":[]},{"id":1925,"url":"https:\/\/larevistadigital.com.ar\/blog\/fue-encontrado-el-cuerpo-de-micaela-garcia\/","url_meta":{"origin":12487,"position":1},"title":"FUE ENCONTRADO EL CUERPO DE MICAELA GARC\u00cdA","author":"Alejandro Sosa Ruda","date":"8 abril, 2017","format":false,"excerpt":"El cuerpo de la chica fue encontrado a 8 kil\u00f3metros de la ciudad en un descampado. A una semana de su desaparici\u00f3n, fue encontrado el cuerpo sin vida de la joven Micaela Garc\u00eda, nativa de la localidad entrerriana de Gualeguay. El cad\u00e1ver fue encontrado a ocho kil\u00f3metros de Gualeguay, en\u2026","rel":"","context":"En \u00abDESTACADAS\u00bb","block_context":{"text":"DESTACADAS","link":"https:\/\/larevistadigital.com.ar\/blog\/category\/destacadas\/"},"img":{"alt_text":"","src":"https:\/\/i0.wp.com\/larevistadigital.com.ar\/blog\/wp-content\/uploads\/2017\/04\/micalea-ba7akq8sqea0.jpg?fit=640%2C360&ssl=1&resize=350%2C200","width":350,"height":200,"srcset":"https:\/\/i0.wp.com\/larevistadigital.com.ar\/blog\/wp-content\/uploads\/2017\/04\/micalea-ba7akq8sqea0.jpg?fit=640%2C360&ssl=1&resize=350%2C200 1x, https:\/\/i0.wp.com\/larevistadigital.com.ar\/blog\/wp-content\/uploads\/2017\/04\/micalea-ba7akq8sqea0.jpg?fit=640%2C360&ssl=1&resize=525%2C300 1.5x"},"classes":[]},{"id":28848,"url":"https:\/\/larevistadigital.com.ar\/blog\/hallaron-a-susana-caceres-fue-asesinada-y-su-cuerpo-estaba-calcinado\/","url_meta":{"origin":12487,"position":2},"title":"HALLARON A SUSANA C\u00c1CERES: FUE ASESINADA Y SU CUERPO ESTABA CALCINADO","author":"Alejandro Sosa Ruda","date":"18 noviembre, 2022","format":false,"excerpt":"Susana C\u00e1ceres hab\u00eda sido vista por \u00faltima vez hace diez d\u00edas en Moreno. Su cuerpo fue encontrado en un arroyo durante los rastrillajes para dar con ella. Un tatuaje fue determinante para confirmar la identidad. 18 de noviembre de 2022 BUENOS AIRES -\u00a0 El cuerpo de Susana C\u00e1ceres fue encontrado\u2026","rel":"","context":"En \u00abDESTACADAS\u00bb","block_context":{"text":"DESTACADAS","link":"https:\/\/larevistadigital.com.ar\/blog\/category\/destacadas\/"},"img":{"alt_text":"","src":"https:\/\/i0.wp.com\/larevistadigital.com.ar\/blog\/wp-content\/uploads\/susana-caceres.jpg?fit=595%2C441&ssl=1&resize=350%2C200","width":350,"height":200,"srcset":"https:\/\/i0.wp.com\/larevistadigital.com.ar\/blog\/wp-content\/uploads\/susana-caceres.jpg?fit=595%2C441&ssl=1&resize=350%2C200 1x, https:\/\/i0.wp.com\/larevistadigital.com.ar\/blog\/wp-content\/uploads\/susana-caceres.jpg?fit=595%2C441&ssl=1&resize=525%2C300 1.5x"},"classes":[]},{"id":24840,"url":"https:\/\/larevistadigital.com.ar\/blog\/macabro-encuentran-un-cuerpo-calcinado-en-el-limite-entre-berisso-y-la-plata\/","url_meta":{"origin":12487,"position":3},"title":"MACABRO: ENCUENTRAN UN CUERPO CALCINADO EN EL L\u00cdMITE ENTRE BERISSO Y LA PLATA","author":"Alejandro Sosa Ruda","date":"27 marzo, 2022","format":false,"excerpt":"Los investigadores trabajan para determinar la identidad de la v\u00edctima y qu\u00e9 fue lo que le sucedi\u00f3. El cad\u00e1ver fue hallado en un bald\u00edo. Un macabro hallazgo conmociona a la regi\u00f3n. Varios vecinos\u00a0hallaron el cuerpo sin vida y calcinado de un hombre y corresponder\u00eda a un joven de entre 18\u2026","rel":"","context":"En \u00abPOLICIALES\u00bb","block_context":{"text":"POLICIALES","link":"https:\/\/larevistadigital.com.ar\/blog\/category\/policiales\/"},"img":{"alt_text":"","src":"https:\/\/i0.wp.com\/larevistadigital.com.ar\/blog\/wp-content\/uploads\/1620734310362-1.jpg?fit=1200%2C594&ssl=1&resize=350%2C200","width":350,"height":200,"srcset":"https:\/\/i0.wp.com\/larevistadigital.com.ar\/blog\/wp-content\/uploads\/1620734310362-1.jpg?fit=1200%2C594&ssl=1&resize=350%2C200 1x, https:\/\/i0.wp.com\/larevistadigital.com.ar\/blog\/wp-content\/uploads\/1620734310362-1.jpg?fit=1200%2C594&ssl=1&resize=525%2C300 1.5x, https:\/\/i0.wp.com\/larevistadigital.com.ar\/blog\/wp-content\/uploads\/1620734310362-1.jpg?fit=1200%2C594&ssl=1&resize=700%2C400 2x, https:\/\/i0.wp.com\/larevistadigital.com.ar\/blog\/wp-content\/uploads\/1620734310362-1.jpg?fit=1200%2C594&ssl=1&resize=1050%2C600 3x"},"classes":[]},{"id":29479,"url":"https:\/\/larevistadigital.com.ar\/blog\/macabro-desaparecio-hace-cinco-anos-y-solo-encontraron-partes-de-su-cuerpo\/","url_meta":{"origin":12487,"position":4},"title":"MACABRO: DESAPARECI\u00d3 HACE CINCO A\u00d1OS Y SOLO ENCONTRARON PARTES DE SU CUERPO","author":"Alejandro Sosa Ruda","date":"15 diciembre, 2022","format":false,"excerpt":"El caso tiene nueve detenidos, vinculados a la venta de drogas y la explotaci\u00f3n sexual en la zona roja de La Plata, pero todav\u00eda se desconoce qui\u00e9n fue el autor material del crimen. La lucha de Marta Ramallo, mam\u00e1 de la v\u00edctima. 14 de diciembre de 2022 Dos mujeres y\u2026","rel":"","context":"En \u00abPOLICIALES\u00bb","block_context":{"text":"POLICIALES","link":"https:\/\/larevistadigital.com.ar\/blog\/category\/policiales\/"},"img":{"alt_text":"","src":"https:\/\/i0.wp.com\/larevistadigital.com.ar\/blog\/wp-content\/uploads\/Captura-de-pantalla-2022-12-14-224201.jpg?fit=677%2C380&ssl=1&resize=350%2C200","width":350,"height":200,"srcset":"https:\/\/i0.wp.com\/larevistadigital.com.ar\/blog\/wp-content\/uploads\/Captura-de-pantalla-2022-12-14-224201.jpg?fit=677%2C380&ssl=1&resize=350%2C200 1x, https:\/\/i0.wp.com\/larevistadigital.com.ar\/blog\/wp-content\/uploads\/Captura-de-pantalla-2022-12-14-224201.jpg?fit=677%2C380&ssl=1&resize=525%2C300 1.5x"},"classes":[]},{"id":28302,"url":"https:\/\/larevistadigital.com.ar\/blog\/tandil-encuentran-muerto-a-un-joven-de-16-anos-que-era-buscado\/","url_meta":{"origin":12487,"position":5},"title":"TANDIL: ENCUENTRAN MUERTO A UN JOVEN DE 16 A\u00d1OS QUE ERA BUSCADO","author":"Alejandro Sosa Ruda","date":"4 octubre, 2022","format":false,"excerpt":"Se trata de Santiago Gonz\u00e1lez, de solo 16 a\u00f1os, a quien su familia buscaba desde ayer (lunes), dado que no sab\u00edan nada de \u00e9l. 04 de Octubre de 2022 TANDIL -\u00a0 El cuerpo sin vida del adolescente fue hallado este martes por la ma\u00f1ana, en calle Falkner, a pocos metros\u2026","rel":"","context":"En \u00abINTERES GENERAL\u00bb","block_context":{"text":"INTERES GENERAL","link":"https:\/\/larevistadigital.com.ar\/blog\/category\/interes-general\/"},"img":{"alt_text":"","src":"https:\/\/i0.wp.com\/larevistadigital.com.ar\/blog\/wp-content\/uploads\/1664898483muertecerro1jpg.jpeg?fit=848%2C477&ssl=1&resize=350%2C200","width":350,"height":200,"srcset":"https:\/\/i0.wp.com\/larevistadigital.com.ar\/blog\/wp-content\/uploads\/1664898483muertecerro1jpg.jpeg?fit=848%2C477&ssl=1&resize=350%2C200 1x, https:\/\/i0.wp.com\/larevistadigital.com.ar\/blog\/wp-content\/uploads\/1664898483muertecerro1jpg.jpeg?fit=848%2C477&ssl=1&resize=525%2C300 1.5x, https:\/\/i0.wp.com\/larevistadigital.com.ar\/blog\/wp-content\/uploads\/1664898483muertecerro1jpg.jpeg?fit=848%2C477&ssl=1&resize=700%2C400 2x"},"classes":[]}],"_links":{"self":[{"href":"https:\/\/larevistadigital.com.ar\/blog\/wp-json\/wp\/v2\/posts\/12487","targetHints":{"allow":["GET"]}}],"collection":[{"href":"https:\/\/larevistadigital.com.ar\/blog\/wp-json\/wp\/v2\/posts"}],"about":[{"href":"https:\/\/larevistadigital.com.ar\/blog\/wp-json\/wp\/v2\/types\/post"}],"author":[{"embeddable":true,"href":"https:\/\/larevistadigital.com.ar\/blog\/wp-json\/wp\/v2\/users\/3"}],"replies":[{"embeddable":true,"href":"https:\/\/larevistadigital.com.ar\/blog\/wp-json\/wp\/v2\/comments?post=12487"}],"version-history":[{"count":1,"href":"https:\/\/larevistadigital.com.ar\/blog\/wp-json\/wp\/v2\/posts\/12487\/revisions"}],"predecessor-version":[{"id":12489,"href":"https:\/\/larevistadigital.com.ar\/blog\/wp-json\/wp\/v2\/posts\/12487\/revisions\/12489"}],"wp:featuredmedia":[{"embeddable":true,"href":"https:\/\/larevistadigital.com.ar\/blog\/wp-json\/wp\/v2\/media\/12488"}],"wp:attachment":[{"href":"https:\/\/larevistadigital.com.ar\/blog\/wp-json\/wp\/v2\/media?parent=12487"}],"wp:term":[{"taxonomy":"category","embeddable":true,"href":"https:\/\/larevistadigital.com.ar\/blog\/wp-json\/wp\/v2\/categories?post=12487"},{"taxonomy":"post_tag","embeddable":true,"href":"https:\/\/larevistadigital.com.ar\/blog\/wp-json\/wp\/v2\/tags?post=12487"}],"curies":[{"name":"wp","href":"https:\/\/api.w.org\/{rel}","templated":true}]}}