{"id":12491,"date":"2019-10-07T17:24:24","date_gmt":"2019-10-07T17:24:24","guid":{"rendered":"https:\/\/larevistadigital.com.ar\/blog\/?p=12491"},"modified":"2019-10-07T17:24:24","modified_gmt":"2019-10-07T17:24:24","slug":"video-martu-tiene-4-anitos-padece-leucemia-y-nos-pide-que-la-ayudemos-compartiendo-un-pedido-para-todos-los-chicos-en-tratamiento","status":"publish","type":"post","link":"https:\/\/larevistadigital.com.ar\/blog\/video-martu-tiene-4-anitos-padece-leucemia-y-nos-pide-que-la-ayudemos-compartiendo-un-pedido-para-todos-los-chicos-en-tratamiento\/","title":{"rendered":"[VIDEO] MARTU TIENE 4 A\u00d1ITOS, PADECE LEUCEMIA, Y NOS PIDE QUE LA AYUDEMOS COMPARTIENDO UN PEDIDO PARA TODOS LOS CHICOS EN TRATAMIENTO"},"content":{"rendered":"<h2><em>Tan solo debemos compartir, y viralizar la noticia, con el pedido de Martu.<\/em><\/h2>\n<p>Tiene tan solo 4 a\u00f1itos y un coraje como pocos. La vida, muchas veces inentendiblemente injusta, le puso una prueba que afronta con valent\u00eda: Leucemia. Y est\u00e1 en la sala de Oncolog\u00eda del Hospital de Ni\u00f1os de La Plata.<\/p>\n<p>Se llama <strong>Martina Michelini Donato<\/strong>, pero le dicen <strong>\u00abMartu\u00bb<\/strong>. Irradia dulzura, con su inocencia de 4 a\u00f1itos, pero tambi\u00e9n, de forma prematura, posee la\u00a0 madurez de enfrentar cosas, que seguramente no entiende del todo.<\/p>\n<p><strong>Martu<\/strong> es uno de los ejemplos de situaciones que no entendemos. Cosas que son il\u00f3gicas, por lo injusto, lo cruel. Cosas que no deber\u00edan pasarle a una criaturita que reci\u00e9n empieza a vivir. A unos pap\u00e1s que seguramente dar\u00edan su propia vida por sanar a su hijita. Cosas que hacen que dudemos de todo, y que tambi\u00e9n nos ense\u00f1an que no tenemos derecho alguno a quejarnos muchas veces por tonter\u00edas, por banalidades o cosas del d\u00eda a d\u00eda que tienen una f\u00e1cil soluci\u00f3n.<\/p>\n<blockquote>\n<h3>Lo cierto, es que <strong>Martu<\/strong> adem\u00e1s tiene un corazoncito de oro, y no solo ha debido lidiar con su enfermedad y tambi\u00e9n con todo lo que conlleva el tratamiento que debe padecer.<\/h3>\n<\/blockquote>\n<p>Tiene 4 a\u00f1os.\u00a0 Cansada de los \u00abpinchazos\u00bb a los que se la somete diariamente, ha pensado en que otros chicos no padezcan lo mismo, por lo que inici\u00f3 una campa\u00f1a, con un video que grab\u00f3 su t\u00eda <strong>Vanessa<\/strong>, en donde pide a las autoridades que cuando necesiten muestras de sangre de un ni\u00f1o la tomen pinchando su dedito, para as\u00ed evitar la aguja en el bracito que es mucho m\u00e1s invasivo\u00a0 y cruento.<\/p>\n<p>Por eso es que le pedimos a las autoridades, que hagan algo al respecto. La enfermedad es dur\u00edsima, y el tratamiento provoca que las criaturas no lleven una vida normal. Esto ser\u00eda solo un alivio, pero muy importante para los chicos.<\/p>\n<p>Pedimos que se haga algo al respecto, y que tomen nota las autoridades y los legisladores, porque no es un tema menor.<\/p>\n<p>ES UN TEMA DE IMPORTANCIA MAYOR, PARA NUESTROS QUERIDOS MENORES.<\/p>\n<p>SI NO ESCUCHAMOS ESTE PEDIDO, ES QUE DIRECTAMENTE NO TENEMOS CORAZ\u00d3N.<\/p>\n<h3 style=\"text-align: center\"><strong>EL VIDEO DE MARTU<\/strong><\/h3>\n<p>&nbsp;<\/p>\n<div style=\"width: 640px;\" class=\"wp-video\"><!--[if lt IE 9]><script>document.createElement('video');<\/script><![endif]-->\n<video class=\"wp-video-shortcode\" id=\"video-12491-1\" width=\"640\" height=\"360\" preload=\"metadata\" controls=\"controls\"><source type=\"video\/mp4\" src=\"https:\/\/larevistadigital.com.ar\/blog\/wp-content\/uploads\/Mi_sobri_pide_que_la_ayuden_a_difundir_este_mensaje_para_el_hospital_de_ninos...-10220308797253776.mp4?_=1\" \/><a href=\"https:\/\/larevistadigital.com.ar\/blog\/wp-content\/uploads\/Mi_sobri_pide_que_la_ayuden_a_difundir_este_mensaje_para_el_hospital_de_ninos...-10220308797253776.mp4\">https:\/\/larevistadigital.com.ar\/blog\/wp-content\/uploads\/Mi_sobri_pide_que_la_ayuden_a_difundir_este_mensaje_para_el_hospital_de_ninos...-10220308797253776.mp4<\/a><\/video><\/div>\n","protected":false},"excerpt":{"rendered":"<div class=\"mh-excerpt\"><p>Tan solo debemos compartir, y viralizar la noticia, con el pedido de Martu. Tiene tan solo 4 a\u00f1itos y un coraje como pocos. La vida, muchas veces inentendiblemente injusta, le puso una prueba que afronta <a class=\"mh-excerpt-more\" href=\"https:\/\/larevistadigital.com.ar\/blog\/video-martu-tiene-4-anitos-padece-leucemia-y-nos-pide-que-la-ayudemos-compartiendo-un-pedido-para-todos-los-chicos-en-tratamiento\/\" title=\"[VIDEO] MARTU TIENE 4 A\u00d1ITOS, PADECE LEUCEMIA, Y NOS PIDE QUE LA AYUDEMOS COMPARTIENDO UN PEDIDO PARA TODOS LOS CHICOS EN TRATAMIENTO\">[Leer M\u00e1s]<\/a><\/p>\n<\/div>","protected":false},"author":3,"featured_media":12496,"comment_status":"open","ping_status":"open","sticky":false,"template":"","format":"standard","meta":{"_jetpack_memberships_contains_paid_content":false,"footnotes":"","jetpack_publicize_message":"","jetpack_publicize_feature_enabled":true,"jetpack_social_post_already_shared":true,"jetpack_social_options":{"image_generator_settings":{"template":"highway","default_image_id":0,"font":"","enabled":false},"version":2}},"categories":[41],"tags":[],"class_list":{"0":"post-12491","1":"post","2":"type-post","3":"status-publish","4":"format-standard","5":"has-post-thumbnail","7":"category-destacadas"},"jetpack_publicize_connections":[],"jetpack_featured_media_url":"https:\/\/i0.wp.com\/larevistadigital.com.ar\/blog\/wp-content\/uploads\/MARTU.jpg?fit=600%2C452&ssl=1","jetpack_sharing_enabled":true,"jetpack_shortlink":"https:\/\/wp.me\/p8qtrQ-3ft","jetpack-related-posts":[{"id":11179,"url":"https:\/\/larevistadigital.com.ar\/blog\/brandsen-fallecio-ricardo-el-joven-que-luchaba-contra-la-leucemia-y-habia-movilizado-a-toda-la-ciudad\/","url_meta":{"origin":12491,"position":0},"title":"BRANDSEN: FALLECI\u00d3 RICARDO, EL JOVEN QUE LUCHABA CONTRA LA LEUCEMIA, Y HAB\u00cdA MOVILIZADO A TODA LA CIUDAD","author":"Alejandro Sosa Ruda","date":"10 julio, 2019","format":false,"excerpt":"Pele\u00f3 todo lo que pudo, \u00e9l y su familia. La leucemia se llev\u00f3 la vida del joven Brandse\u00f1o, Ricardo Ojeda, de tan solo 19 a\u00f1os. Su caso se hizo p\u00fablico a mediados del a\u00f1o pasado y hab\u00eda movilizado a toda la ciudad tras un pedido de donaci\u00f3n de sangre y\u2026","rel":"","context":"En \u00abREGIONALES\u00bb","block_context":{"text":"REGIONALES","link":"https:\/\/larevistadigital.com.ar\/blog\/category\/regionales\/"},"img":{"alt_text":"","src":"https:\/\/i0.wp.com\/larevistadigital.com.ar\/blog\/wp-content\/uploads\/FB_IMG_1562697083478.jpg?fit=529%2C351&ssl=1&resize=350%2C200","width":350,"height":200,"srcset":"https:\/\/i0.wp.com\/larevistadigital.com.ar\/blog\/wp-content\/uploads\/FB_IMG_1562697083478.jpg?fit=529%2C351&ssl=1&resize=350%2C200 1x, https:\/\/i0.wp.com\/larevistadigital.com.ar\/blog\/wp-content\/uploads\/FB_IMG_1562697083478.jpg?fit=529%2C351&ssl=1&resize=525%2C300 1.5x"},"classes":[]},{"id":18150,"url":"https:\/\/larevistadigital.com.ar\/blog\/profundo-pesar-en-chascomus-por-el-fallecimiento-de-una-nena-de-4-anos\/","url_meta":{"origin":12491,"position":1},"title":"PROFUNDO PESAR EN CHASCOM\u00daS POR EL FALLECIMIENTO DE UNA NENA DE 4 A\u00d1OS","author":"Alejandro Sosa Ruda","date":"15 diciembre, 2020","format":false,"excerpt":"La noticia, es muy triste, y en estos casos, uno no llega a comprender c\u00f3mo pueden ocurrir estas cosas. Lamentablemente, y como consecuencia de una dolencia que la ten\u00eda internada en La Plata, falleci\u00f3 Eloisa Palacios, de tan solo 4 a\u00f1itos de edad. Desde La Revista Digital, queremos llevar nuestro\u2026","rel":"","context":"En \u00abCHASCOM\u00daS\u00bb","block_context":{"text":"CHASCOM\u00daS","link":"https:\/\/larevistadigital.com.ar\/blog\/category\/chascomus\/"},"img":{"alt_text":"","src":"https:\/\/i0.wp.com\/larevistadigital.com.ar\/blog\/wp-content\/uploads\/2017\/10\/CRESP%C3%93N-NEGRO.jpg?fit=900%2C900&ssl=1&resize=350%2C200","width":350,"height":200,"srcset":"https:\/\/i0.wp.com\/larevistadigital.com.ar\/blog\/wp-content\/uploads\/2017\/10\/CRESP%C3%93N-NEGRO.jpg?fit=900%2C900&ssl=1&resize=350%2C200 1x, https:\/\/i0.wp.com\/larevistadigital.com.ar\/blog\/wp-content\/uploads\/2017\/10\/CRESP%C3%93N-NEGRO.jpg?fit=900%2C900&ssl=1&resize=525%2C300 1.5x, https:\/\/i0.wp.com\/larevistadigital.com.ar\/blog\/wp-content\/uploads\/2017\/10\/CRESP%C3%93N-NEGRO.jpg?fit=900%2C900&ssl=1&resize=700%2C400 2x"},"classes":[]},{"id":9384,"url":"https:\/\/larevistadigital.com.ar\/blog\/chascomus-la-solidaridad-de-la-gente-hizo-lo-que-no-hicieron-las-autoridades-y-sofia-recibio-su-medicacion\/","url_meta":{"origin":12491,"position":2},"title":"CHASCOM\u00daS: LA SOLIDARIDAD DE LA GENTE HIZO LO QUE NO HICIERON LAS AUTORIDADES, Y SOF\u00cdA RECIBI\u00d3 SU MEDICACI\u00d3N","author":"Alejandro Sosa Ruda","date":"26 marzo, 2019","format":false,"excerpt":"Antes de ayer, publicamos una nota referida a una triste y complicada situaci\u00f3n que est\u00e1 viviendo una nena de 8 a\u00f1itos de edad, vecina de Chascom\u00fas, y que su mam\u00e1 hizo p\u00fablica desde su perfil de la red social Facebook. All\u00ed, la se\u00f1ora llamada M\u00f3nica, cont\u00f3 que la criatura padece\u2026","rel":"","context":"En \u00abDESTACADAS\u00bb","block_context":{"text":"DESTACADAS","link":"https:\/\/larevistadigital.com.ar\/blog\/category\/destacadas\/"},"img":{"alt_text":"","src":"https:\/\/i0.wp.com\/larevistadigital.com.ar\/blog\/wp-content\/uploads\/2019\/03\/10425160_10204550095378469_7421364511969916628_n.jpg?fit=960%2C640&ssl=1&resize=350%2C200","width":350,"height":200,"srcset":"https:\/\/i0.wp.com\/larevistadigital.com.ar\/blog\/wp-content\/uploads\/2019\/03\/10425160_10204550095378469_7421364511969916628_n.jpg?fit=960%2C640&ssl=1&resize=350%2C200 1x, https:\/\/i0.wp.com\/larevistadigital.com.ar\/blog\/wp-content\/uploads\/2019\/03\/10425160_10204550095378469_7421364511969916628_n.jpg?fit=960%2C640&ssl=1&resize=525%2C300 1.5x, https:\/\/i0.wp.com\/larevistadigital.com.ar\/blog\/wp-content\/uploads\/2019\/03\/10425160_10204550095378469_7421364511969916628_n.jpg?fit=960%2C640&ssl=1&resize=700%2C400 2x"},"classes":[]},{"id":3223,"url":"https:\/\/larevistadigital.com.ar\/blog\/chascomus-una-leyenda-con-cuerda-para-rato-fernando-rampazzo-se-corono-subcampeon-sudamericano-de-tae-kwon-do\/","url_meta":{"origin":12491,"position":3},"title":"CHASCOM\u00daS: \u201cUNA LEYENDA CON CUERDA PARA RATO\u201d FERNANDO RAMPAZZO SE CORON\u00d3 SUBCAMPEON SUDAMERICANO DE TAE KWON DO","author":"Alejandro Sosa Ruda","date":"4 septiembre, 2017","format":false,"excerpt":"Joven. Exitoso profesional de la abogac\u00eda, de solo 38 a\u00f1os de edad, Fernando Rampazzo parece conseguir cada cosa que se propone, y es un verdadero ejemplo de constancia y sacrificio en pos de lograr una meta. Recibido en 2009, Rampazzo logr\u00f3 un impresionante ascenso en su profesi\u00f3n, especializ\u00e1ndose en el\u2026","rel":"","context":"En \u00abCHASCOM\u00daS\u00bb","block_context":{"text":"CHASCOM\u00daS","link":"https:\/\/larevistadigital.com.ar\/blog\/category\/chascomus\/"},"img":{"alt_text":"","src":"https:\/\/i0.wp.com\/larevistadigital.com.ar\/blog\/wp-content\/uploads\/2017\/09\/rampazzo-e1504535016712.jpg?fit=621%2C458&ssl=1&resize=350%2C200","width":350,"height":200,"srcset":"https:\/\/i0.wp.com\/larevistadigital.com.ar\/blog\/wp-content\/uploads\/2017\/09\/rampazzo-e1504535016712.jpg?fit=621%2C458&ssl=1&resize=350%2C200 1x, https:\/\/i0.wp.com\/larevistadigital.com.ar\/blog\/wp-content\/uploads\/2017\/09\/rampazzo-e1504535016712.jpg?fit=621%2C458&ssl=1&resize=525%2C300 1.5x"},"classes":[]},{"id":9328,"url":"https:\/\/larevistadigital.com.ar\/blog\/chascomus-mama-pide-ayuda-desesperada-para-su-hijita-de-8-anos-y-hasta-ahora-las-autoridades-miran-hacia-otro-lado\/","url_meta":{"origin":12491,"position":4},"title":"CHASCOM\u00daS: MAM\u00c1 PIDE AYUDA DESESPERADA PARA SU HIJITA DE 8 A\u00d1OS Y HASTA AHORA LAS AUTORIDADES MIRAN HACIA OTRO LADO","author":"Alejandro Sosa Ruda","date":"25 marzo, 2019","format":false,"excerpt":"La madre de Sof\u00eda, una nena de 8 a\u00f1os, hizo p\u00fablico a trav\u00e9s de su perfil de facebook un pedido urgente y desesperado de ayuda en raz\u00f3n de la triste situaci\u00f3n que le toca enfrentar a su hijita por la\u00a0 enfermedad que padece. La criatura, est\u00e1 bajo tratamiento por \"pubertad\u2026","rel":"","context":"En \u00abDESTACADAS\u00bb","block_context":{"text":"DESTACADAS","link":"https:\/\/larevistadigital.com.ar\/blog\/category\/destacadas\/"},"img":{"alt_text":"","src":"https:\/\/i0.wp.com\/larevistadigital.com.ar\/blog\/wp-content\/uploads\/2019\/03\/SOF%C3%8DA-G..jpg?fit=515%2C326&ssl=1&resize=350%2C200","width":350,"height":200},"classes":[]},{"id":38483,"url":"https:\/\/larevistadigital.com.ar\/blog\/excelente-gesto-franco-colapinto-ayudo-a-un-nene-con-leucemia\/","url_meta":{"origin":12491,"position":5},"title":"Excelente gesto: Franco Colapinto ayud\u00f3 a un nene con leucemia","author":"Alejandro Sosa Ruda","date":"20 enero, 2025","format":false,"excerpt":"Franco Colapinto, oriundo de Pilar, se sum\u00f3 a la causa de Nicanor, un ni\u00f1o que necesita viajar desde Santa Cruz al Hospital Garrahan en Buenos Aires para recibir tratamiento contra la leucemia. A trav\u00e9s de sus redes sociales, el piloto colabor\u00f3 para recaudar los fondos necesarios. 20 de Enero de\u2026","rel":"","context":"En \u00abINTERES GENERAL\u00bb","block_context":{"text":"INTERES GENERAL","link":"https:\/\/larevistadigital.com.ar\/blog\/category\/interes-general\/"},"img":{"alt_text":"","src":"https:\/\/i0.wp.com\/larevistadigital.com.ar\/blog\/wp-content\/uploads\/20250120154508_nicanor-colapinto.jpg?fit=880%2C512&ssl=1&resize=350%2C200","width":350,"height":200,"srcset":"https:\/\/i0.wp.com\/larevistadigital.com.ar\/blog\/wp-content\/uploads\/20250120154508_nicanor-colapinto.jpg?fit=880%2C512&ssl=1&resize=350%2C200 1x, https:\/\/i0.wp.com\/larevistadigital.com.ar\/blog\/wp-content\/uploads\/20250120154508_nicanor-colapinto.jpg?fit=880%2C512&ssl=1&resize=525%2C300 1.5x, https:\/\/i0.wp.com\/larevistadigital.com.ar\/blog\/wp-content\/uploads\/20250120154508_nicanor-colapinto.jpg?fit=880%2C512&ssl=1&resize=700%2C400 2x"},"classes":[]}],"_links":{"self":[{"href":"https:\/\/larevistadigital.com.ar\/blog\/wp-json\/wp\/v2\/posts\/12491","targetHints":{"allow":["GET"]}}],"collection":[{"href":"https:\/\/larevistadigital.com.ar\/blog\/wp-json\/wp\/v2\/posts"}],"about":[{"href":"https:\/\/larevistadigital.com.ar\/blog\/wp-json\/wp\/v2\/types\/post"}],"author":[{"embeddable":true,"href":"https:\/\/larevistadigital.com.ar\/blog\/wp-json\/wp\/v2\/users\/3"}],"replies":[{"embeddable":true,"href":"https:\/\/larevistadigital.com.ar\/blog\/wp-json\/wp\/v2\/comments?post=12491"}],"version-history":[{"count":3,"href":"https:\/\/larevistadigital.com.ar\/blog\/wp-json\/wp\/v2\/posts\/12491\/revisions"}],"predecessor-version":[{"id":12497,"href":"https:\/\/larevistadigital.com.ar\/blog\/wp-json\/wp\/v2\/posts\/12491\/revisions\/12497"}],"wp:featuredmedia":[{"embeddable":true,"href":"https:\/\/larevistadigital.com.ar\/blog\/wp-json\/wp\/v2\/media\/12496"}],"wp:attachment":[{"href":"https:\/\/larevistadigital.com.ar\/blog\/wp-json\/wp\/v2\/media?parent=12491"}],"wp:term":[{"taxonomy":"category","embeddable":true,"href":"https:\/\/larevistadigital.com.ar\/blog\/wp-json\/wp\/v2\/categories?post=12491"},{"taxonomy":"post_tag","embeddable":true,"href":"https:\/\/larevistadigital.com.ar\/blog\/wp-json\/wp\/v2\/tags?post=12491"}],"curies":[{"name":"wp","href":"https:\/\/api.w.org\/{rel}","templated":true}]}}