{"id":12509,"date":"2019-10-08T02:09:58","date_gmt":"2019-10-08T02:09:58","guid":{"rendered":"https:\/\/larevistadigital.com.ar\/blog\/?p=12509"},"modified":"2019-10-08T02:09:58","modified_gmt":"2019-10-08T02:09:58","slug":"la-autopsia-confirmo-que-el-hombre-muerto-hallado-en-la-ruta-88-fue-atropellado","status":"publish","type":"post","link":"https:\/\/larevistadigital.com.ar\/blog\/la-autopsia-confirmo-que-el-hombre-muerto-hallado-en-la-ruta-88-fue-atropellado\/","title":{"rendered":"LA AUTOPSIA CONFIRM\u00d3 QUE EL HOMBRE MUERTO HALLADO EN LA RUTA 88 FUE ATROPELLADO"},"content":{"rendered":"<h2><em>La v\u00edctima se hallaba en situaci\u00f3n de calle y sol\u00eda pernoctar varios de estos establecimientos. El conductor del auto a\u00fan no fue identificado.<\/em><\/h2>\n<p>La autopsia realizada al cad\u00e1ver hallado el s\u00e1bado por la noche en la ruta 88 confirm\u00f3 que el hombre fallecido fue atropellado por un veh\u00edculo,\u00a0<strong>cuyo conductor a\u00fan no fue identificado.<\/strong><\/p>\n<p>Fuentes judiciales confirmaron\u00a0que los m\u00e9dicos que realizaron la operaci\u00f3n constataron lesiones fatales en el cuerpo, compatibles con las que puede causar en el cuerpo humano el impacto de un rodado.<\/p>\n<blockquote>\n<h3>Los mismos informantes confirmaron que, despu\u00e9s de recabar datos en distintos hogares municipales, los investigadores lograron identificar a la v\u00edctima.\u00a0<strong>Se trata de un hombre que se hallaba en situaci\u00f3n de calle y sol\u00eda pernoctar varios de estos establecimientos.<\/strong><\/h3>\n<\/blockquote>\n<p>Ahora, los esfuerzos de los pesquisas est\u00e1n puestos en determinar qui\u00e9n es el conductor que atropell\u00f3 a la v\u00edctima, caus\u00e1ndole la muerte, y que luego escap\u00f3 del lugar.<\/p>\n<p>El hecho se suscit\u00f3 cerca de la medianoche del s\u00e1bado cuando el cad\u00e1ver de la v\u00edctima fue hallado al costado del camino, pocos kil\u00f3metros despu\u00e9s de Bat\u00e1n. El testigo que encontr\u00f3 el cuerpo dio r\u00e1pido aviso al personal de la comisar\u00eda octava, y entonces se inici\u00f3 un operativo para esclarecer los detalles del caso.<\/p>\n<blockquote>\n<h3>Como los uniformados reconocieron al hombre fallecido, debido a que se trataba de un vecino de la zona que sol\u00eda caminar al costado de la ruta, sospecharon desde un comienzo que podr\u00eda haber sido atropellado por alg\u00fan rodado.<\/h3>\n<\/blockquote>\n<p>En esa l\u00ednea, desde el Destacamento Vial dieron aviso de lo ocurrido al fiscal de Delitos Culposos, Pablo Cistoldi, quien inici\u00f3 la investigaci\u00f3n judicial.<\/p>\n<p>Seg\u00fan fuentes del caso que consult\u00f3\u00a0<strong>LA CAPITAL<\/strong>, un testigo habr\u00eda indicado que el veh\u00edculo que atropell\u00f3 a la v\u00edctima es de color negro.<\/p>\n","protected":false},"excerpt":{"rendered":"<div class=\"mh-excerpt\"><p>La v\u00edctima se hallaba en situaci\u00f3n de calle y sol\u00eda pernoctar varios de estos establecimientos. El conductor del auto a\u00fan no fue identificado. La autopsia realizada al cad\u00e1ver hallado el s\u00e1bado por la noche en <a class=\"mh-excerpt-more\" href=\"https:\/\/larevistadigital.com.ar\/blog\/la-autopsia-confirmo-que-el-hombre-muerto-hallado-en-la-ruta-88-fue-atropellado\/\" title=\"LA AUTOPSIA CONFIRM\u00d3 QUE EL HOMBRE MUERTO HALLADO EN LA RUTA 88 FUE ATROPELLADO\">[Leer M\u00e1s]<\/a><\/p>\n<\/div>","protected":false},"author":3,"featured_media":12510,"comment_status":"open","ping_status":"open","sticky":false,"template":"","format":"standard","meta":{"_jetpack_memberships_contains_paid_content":false,"footnotes":"","jetpack_publicize_message":"","jetpack_publicize_feature_enabled":true,"jetpack_social_post_already_shared":true,"jetpack_social_options":{"image_generator_settings":{"template":"highway","default_image_id":0,"font":"","enabled":false},"version":2}},"categories":[51],"tags":[],"class_list":{"0":"post-12509","1":"post","2":"type-post","3":"status-publish","4":"format-standard","5":"has-post-thumbnail","7":"category-regionales"},"jetpack_publicize_connections":[],"jetpack_featured_media_url":"https:\/\/i0.wp.com\/larevistadigital.com.ar\/blog\/wp-content\/uploads\/capturagoogle.jpg?fit=754%2C431&ssl=1","jetpack_sharing_enabled":true,"jetpack_shortlink":"https:\/\/wp.me\/p8qtrQ-3fL","jetpack-related-posts":[{"id":25521,"url":"https:\/\/larevistadigital.com.ar\/blog\/mar-del-plata-fue-identificado-el-cuerpo-hallado-en-el-arroyo-la-tapera\/","url_meta":{"origin":12509,"position":0},"title":"MAR DEL PLATA: FUE IDENTIFICADO EL CUERPO HALLADO EN EL ARROYO LA TAPERA","author":"Alejandro Sosa Ruda","date":"1 junio, 2022","format":false,"excerpt":"Se trata de un hombre oriundo de Esquel que estaba bajo tratamiento psiqui\u00e1trico. Cu\u00e1l fue el resultado de la autopsia. En las \u00faltimas horas\u00a0fue identificado el cuerpo encontrado\u00a0ayer en el arroyo La Tapera de Mar del Plata. Seg\u00fan se inform\u00f3 se trata de\u00a0Ricardo Roberto Milliacan (41), un hombre que padec\u00eda\u2026","rel":"","context":"En \u00abPOLICIALES\u00bb","block_context":{"text":"POLICIALES","link":"https:\/\/larevistadigital.com.ar\/blog\/category\/policiales\/"},"img":{"alt_text":"","src":"https:\/\/i0.wp.com\/larevistadigital.com.ar\/blog\/wp-content\/uploads\/4a87d2fdba8d3bbd0761fa02254cf92844b6945a.jpg?fit=1140%2C645&ssl=1&resize=350%2C200","width":350,"height":200,"srcset":"https:\/\/i0.wp.com\/larevistadigital.com.ar\/blog\/wp-content\/uploads\/4a87d2fdba8d3bbd0761fa02254cf92844b6945a.jpg?fit=1140%2C645&ssl=1&resize=350%2C200 1x, https:\/\/i0.wp.com\/larevistadigital.com.ar\/blog\/wp-content\/uploads\/4a87d2fdba8d3bbd0761fa02254cf92844b6945a.jpg?fit=1140%2C645&ssl=1&resize=525%2C300 1.5x, https:\/\/i0.wp.com\/larevistadigital.com.ar\/blog\/wp-content\/uploads\/4a87d2fdba8d3bbd0761fa02254cf92844b6945a.jpg?fit=1140%2C645&ssl=1&resize=700%2C400 2x, https:\/\/i0.wp.com\/larevistadigital.com.ar\/blog\/wp-content\/uploads\/4a87d2fdba8d3bbd0761fa02254cf92844b6945a.jpg?fit=1140%2C645&ssl=1&resize=1050%2C600 3x"},"classes":[]},{"id":27214,"url":"https:\/\/larevistadigital.com.ar\/blog\/encuentran-un-hombre-muerto-que-cayo-por-un-acantilado\/","url_meta":{"origin":12509,"position":1},"title":"ENCUENTRAN UN HOMBRE MUERTO QUE CAY\u00d3 POR UN ACANTILADO","author":"Alejandro Sosa Ruda","date":"22 agosto, 2022","format":false,"excerpt":"Fue encontrado este mediod\u00eda en la Ruta 11 y la calle 511. La v\u00edctima a\u00fan no fue identificado. Se necesit\u00f3 un grupo de la divisi\u00f3n de rescate de Riesgos Especiales para poder retirar el cuerpo del lugar. MAR DEL PLATA -\u00a0 Un\u00a0hombre sin vida\u00a0fue hallado este mediod\u00eda en la zona\u2026","rel":"","context":"En \u00abPOLICIALES\u00bb","block_context":{"text":"POLICIALES","link":"https:\/\/larevistadigital.com.ar\/blog\/category\/policiales\/"},"img":{"alt_text":"","src":"https:\/\/i0.wp.com\/larevistadigital.com.ar\/blog\/wp-content\/uploads\/Captura-de-pantalla-2022-08-22-181233.png?fit=807%2C452&ssl=1&resize=350%2C200","width":350,"height":200,"srcset":"https:\/\/i0.wp.com\/larevistadigital.com.ar\/blog\/wp-content\/uploads\/Captura-de-pantalla-2022-08-22-181233.png?fit=807%2C452&ssl=1&resize=350%2C200 1x, https:\/\/i0.wp.com\/larevistadigital.com.ar\/blog\/wp-content\/uploads\/Captura-de-pantalla-2022-08-22-181233.png?fit=807%2C452&ssl=1&resize=525%2C300 1.5x, https:\/\/i0.wp.com\/larevistadigital.com.ar\/blog\/wp-content\/uploads\/Captura-de-pantalla-2022-08-22-181233.png?fit=807%2C452&ssl=1&resize=700%2C400 2x"},"classes":[]},{"id":44433,"url":"https:\/\/larevistadigital.com.ar\/blog\/confirmaron-que-el-cuerpo-hallado-en-costa-del-este-es-del-vecino-desaparecido-alejandro-stankevicius\/","url_meta":{"origin":12509,"position":2},"title":"Confirmaron que el cuerpo hallado en Costa del Este es del vecino desaparecido Alejandro Stankevicius","author":"Alejandro Sosa Ruda","date":"10 marzo, 2026","format":false,"excerpt":"La autopsia determin\u00f3 que el hombre de 78 a\u00f1os muri\u00f3 por causas card\u00edacas. Estaba desaparecido desde el 25 de febrero y padec\u00eda Parkinson y problemas del coraz\u00f3n. 10 de Marzo de 2026 COSTA DEL ESTE -\u00a0 \u00a0La autopsia realizada en las \u00faltimas horas confirm\u00f3 que el cuerpo hallado el lunes\u2026","rel":"","context":"En \u00abPOLICIALES\u00bb","block_context":{"text":"POLICIALES","link":"https:\/\/larevistadigital.com.ar\/blog\/category\/policiales\/"},"img":{"alt_text":"","src":"https:\/\/i0.wp.com\/larevistadigital.com.ar\/blog\/wp-content\/uploads\/b8a252a40b5cb1132baefd968e59094f9e433e17.jpg?fit=1140%2C719&ssl=1&resize=350%2C200","width":350,"height":200,"srcset":"https:\/\/i0.wp.com\/larevistadigital.com.ar\/blog\/wp-content\/uploads\/b8a252a40b5cb1132baefd968e59094f9e433e17.jpg?fit=1140%2C719&ssl=1&resize=350%2C200 1x, https:\/\/i0.wp.com\/larevistadigital.com.ar\/blog\/wp-content\/uploads\/b8a252a40b5cb1132baefd968e59094f9e433e17.jpg?fit=1140%2C719&ssl=1&resize=525%2C300 1.5x, https:\/\/i0.wp.com\/larevistadigital.com.ar\/blog\/wp-content\/uploads\/b8a252a40b5cb1132baefd968e59094f9e433e17.jpg?fit=1140%2C719&ssl=1&resize=700%2C400 2x, https:\/\/i0.wp.com\/larevistadigital.com.ar\/blog\/wp-content\/uploads\/b8a252a40b5cb1132baefd968e59094f9e433e17.jpg?fit=1140%2C719&ssl=1&resize=1050%2C600 3x"},"classes":[]},{"id":36965,"url":"https:\/\/larevistadigital.com.ar\/blog\/ruta-2-tragedia-un-hombre-fue-atropellado-y-murio-en-el-acto\/","url_meta":{"origin":12509,"position":3},"title":"RUTA 2: TRAGEDIA. UN HOMBRE FUE ATROPELLADO Y MURI\u00d3 EN EL ACTO","author":"Alejandro Sosa Ruda","date":"11 agosto, 2024","format":false,"excerpt":"El accidente se produjo en la Ruta 2, a la altura del kil\u00f3metro 43, en El Peligro, cuando un auto atropell\u00f3 a un joven de unos 25, que perdi\u00f3 la vida al instante. 11 de Agosto de 2024 BUENOS AIRES -\u00a0 Un tr\u00e1gico accidente tuvo lugar en la Ruta 2,\u2026","rel":"","context":"En \u00abPOLICIALES\u00bb","block_context":{"text":"POLICIALES","link":"https:\/\/larevistadigital.com.ar\/blog\/category\/policiales\/"},"img":{"alt_text":"","src":"https:\/\/i0.wp.com\/larevistadigital.com.ar\/blog\/wp-content\/uploads\/Captura-de-pantalla-2024-08-11-221854.png?fit=814%2C492&ssl=1&resize=350%2C200","width":350,"height":200,"srcset":"https:\/\/i0.wp.com\/larevistadigital.com.ar\/blog\/wp-content\/uploads\/Captura-de-pantalla-2024-08-11-221854.png?fit=814%2C492&ssl=1&resize=350%2C200 1x, https:\/\/i0.wp.com\/larevistadigital.com.ar\/blog\/wp-content\/uploads\/Captura-de-pantalla-2024-08-11-221854.png?fit=814%2C492&ssl=1&resize=525%2C300 1.5x, https:\/\/i0.wp.com\/larevistadigital.com.ar\/blog\/wp-content\/uploads\/Captura-de-pantalla-2024-08-11-221854.png?fit=814%2C492&ssl=1&resize=700%2C400 2x"},"classes":[]},{"id":41083,"url":"https:\/\/larevistadigital.com.ar\/blog\/hallan-sin-vida-a-un-hombre-con-domicilio-en-chascomus\/","url_meta":{"origin":12509,"position":4},"title":"Hallan sin vida a un hombre con domicilio en Chascom\u00fas","author":"Alejandro Sosa Ruda","date":"24 agosto, 2025","format":false,"excerpt":"El cuerpo fue encontrado por pescadores en una alcantarilla de la Ruta 11. La v\u00edctima fue identificada y se investigan las causas del fallecimiento. 24 de Agosto de 2025 El cuerpo de un hombre fue hallado sin vida este mediod\u00eda en una alcantarilla ubicada en el kil\u00f3metro 168 de la\u2026","rel":"","context":"En \u00abPOLICIALES\u00bb","block_context":{"text":"POLICIALES","link":"https:\/\/larevistadigital.com.ar\/blog\/category\/policiales\/"},"img":{"alt_text":"","src":"https:\/\/i0.wp.com\/larevistadigital.com.ar\/blog\/wp-content\/uploads\/537018704_18418801939097634_8946694436335278546_n.jpg?fit=650%2C666&ssl=1&resize=350%2C200","width":350,"height":200,"srcset":"https:\/\/i0.wp.com\/larevistadigital.com.ar\/blog\/wp-content\/uploads\/537018704_18418801939097634_8946694436335278546_n.jpg?fit=650%2C666&ssl=1&resize=350%2C200 1x, https:\/\/i0.wp.com\/larevistadigital.com.ar\/blog\/wp-content\/uploads\/537018704_18418801939097634_8946694436335278546_n.jpg?fit=650%2C666&ssl=1&resize=525%2C300 1.5x"},"classes":[]},{"id":29031,"url":"https:\/\/larevistadigital.com.ar\/blog\/ruta-2-bajo-de-su-auto-y-murio-atropellado\/","url_meta":{"origin":12509,"position":5},"title":"RUTA 2: BAJ\u00d3 DE SU AUTO Y MURI\u00d3 ATROPELLADO","author":"Alejandro Sosa Ruda","date":"24 noviembre, 2022","format":false,"excerpt":"El automovilista se hab\u00eda bajado de su camioneta porque hab\u00eda sufrido un desperfecto mec\u00e1nico en la Autov\u00eda 2, a la altura de Coronel Vidal. 23 de noviembre de 2022 CORONEL VIDAL -\u00a0\u00a0Un lamentable accidente ocurri\u00f3 cuando una persona detuvo su camioneta utilitaria en la ruta 2, debido a un desperfecto\u2026","rel":"","context":"En \u00abPOLICIALES\u00bb","block_context":{"text":"POLICIALES","link":"https:\/\/larevistadigital.com.ar\/blog\/category\/policiales\/"},"img":{"alt_text":"","src":"https:\/\/i0.wp.com\/larevistadigital.com.ar\/blog\/wp-content\/uploads\/9ac309c6f4d19b747d8c237c4d8f50cb7c061836.jpg?fit=1140%2C717&ssl=1&resize=350%2C200","width":350,"height":200,"srcset":"https:\/\/i0.wp.com\/larevistadigital.com.ar\/blog\/wp-content\/uploads\/9ac309c6f4d19b747d8c237c4d8f50cb7c061836.jpg?fit=1140%2C717&ssl=1&resize=350%2C200 1x, https:\/\/i0.wp.com\/larevistadigital.com.ar\/blog\/wp-content\/uploads\/9ac309c6f4d19b747d8c237c4d8f50cb7c061836.jpg?fit=1140%2C717&ssl=1&resize=525%2C300 1.5x, https:\/\/i0.wp.com\/larevistadigital.com.ar\/blog\/wp-content\/uploads\/9ac309c6f4d19b747d8c237c4d8f50cb7c061836.jpg?fit=1140%2C717&ssl=1&resize=700%2C400 2x, https:\/\/i0.wp.com\/larevistadigital.com.ar\/blog\/wp-content\/uploads\/9ac309c6f4d19b747d8c237c4d8f50cb7c061836.jpg?fit=1140%2C717&ssl=1&resize=1050%2C600 3x"},"classes":[]}],"_links":{"self":[{"href":"https:\/\/larevistadigital.com.ar\/blog\/wp-json\/wp\/v2\/posts\/12509","targetHints":{"allow":["GET"]}}],"collection":[{"href":"https:\/\/larevistadigital.com.ar\/blog\/wp-json\/wp\/v2\/posts"}],"about":[{"href":"https:\/\/larevistadigital.com.ar\/blog\/wp-json\/wp\/v2\/types\/post"}],"author":[{"embeddable":true,"href":"https:\/\/larevistadigital.com.ar\/blog\/wp-json\/wp\/v2\/users\/3"}],"replies":[{"embeddable":true,"href":"https:\/\/larevistadigital.com.ar\/blog\/wp-json\/wp\/v2\/comments?post=12509"}],"version-history":[{"count":1,"href":"https:\/\/larevistadigital.com.ar\/blog\/wp-json\/wp\/v2\/posts\/12509\/revisions"}],"predecessor-version":[{"id":12511,"href":"https:\/\/larevistadigital.com.ar\/blog\/wp-json\/wp\/v2\/posts\/12509\/revisions\/12511"}],"wp:featuredmedia":[{"embeddable":true,"href":"https:\/\/larevistadigital.com.ar\/blog\/wp-json\/wp\/v2\/media\/12510"}],"wp:attachment":[{"href":"https:\/\/larevistadigital.com.ar\/blog\/wp-json\/wp\/v2\/media?parent=12509"}],"wp:term":[{"taxonomy":"category","embeddable":true,"href":"https:\/\/larevistadigital.com.ar\/blog\/wp-json\/wp\/v2\/categories?post=12509"},{"taxonomy":"post_tag","embeddable":true,"href":"https:\/\/larevistadigital.com.ar\/blog\/wp-json\/wp\/v2\/tags?post=12509"}],"curies":[{"name":"wp","href":"https:\/\/api.w.org\/{rel}","templated":true}]}}