{"id":12525,"date":"2019-10-09T02:54:12","date_gmt":"2019-10-09T02:54:12","guid":{"rendered":"https:\/\/larevistadigital.com.ar\/blog\/?p=12525"},"modified":"2019-10-09T02:54:12","modified_gmt":"2019-10-09T02:54:12","slug":"vidal-planea-viajar-a-chascomus-a-visitar-las-obras-que-se-financiaron-desde-provincia","status":"publish","type":"post","link":"https:\/\/larevistadigital.com.ar\/blog\/vidal-planea-viajar-a-chascomus-a-visitar-las-obras-que-se-financiaron-desde-provincia\/","title":{"rendered":"\u00bfVIDAL PLANEA VIAJAR A CHASCOM\u00daS A VISITAR LAS OBRAS QUE SE FINANCIARON DESDE PROVINCIA?"},"content":{"rendered":"<p>De acuerdo a informaci\u00f3n que nos hacen llegar desde provincia, la Gobernadora <strong>Mar\u00eda Eugenia Vidal<\/strong> estar\u00eda por visitar la ciudad de Chascom\u00fas, donde no solo realizar\u00eda algunas actividades de campa\u00f1a, sino que adem\u00e1s tendr\u00eda la idea de visitar las distintas obras que se han realizado en la ciudad con fondos de la provincia.<\/p>\n<blockquote>\n<h3>Seg\u00fan nos han comentado en \u00aboff the r\u00e9cord\u00bb, algunos vecinos habr\u00edan hecho llegar sus quejas respecto de algunas obras, que aseguran se ejecutaron mal (por ejemplo el caso de la\u00a0 Macromalla en algunos sectores donde se ha roto en m\u00e1s de una oportunidad) por lo que <strong>Vidal<\/strong> tendr\u00eda planeado inclusive hacer alg\u00fan tipo de auditor\u00eda del uso de fondos, y de la efectividad de lo ejecutado por la gesti\u00f3n local.<\/h3>\n<\/blockquote>\n<p>Al parecer la gobernadora tendr\u00eda pensado acentuar el apoyo al candidato local de Juntos Por El Cambio, <strong>Santiago Dos Santos<\/strong>, pero adem\u00e1s verificar el destino de los fondos que hizo llegar a <strong>Javier Gast\u00f3n<\/strong>.<\/p>\n","protected":false},"excerpt":{"rendered":"<div class=\"mh-excerpt\"><p>De acuerdo a informaci\u00f3n que nos hacen llegar desde provincia, la Gobernadora Mar\u00eda Eugenia Vidal estar\u00eda por visitar la ciudad de Chascom\u00fas, donde no solo realizar\u00eda algunas actividades de campa\u00f1a, sino que adem\u00e1s tendr\u00eda la <a class=\"mh-excerpt-more\" href=\"https:\/\/larevistadigital.com.ar\/blog\/vidal-planea-viajar-a-chascomus-a-visitar-las-obras-que-se-financiaron-desde-provincia\/\" title=\"\u00bfVIDAL PLANEA VIAJAR A CHASCOM\u00daS A VISITAR LAS OBRAS QUE SE FINANCIARON DESDE PROVINCIA?\">[Leer M\u00e1s]<\/a><\/p>\n<\/div>","protected":false},"author":3,"featured_media":12526,"comment_status":"open","ping_status":"open","sticky":false,"template":"","format":"standard","meta":{"_jetpack_memberships_contains_paid_content":false,"footnotes":"","jetpack_publicize_message":"","jetpack_publicize_feature_enabled":true,"jetpack_social_post_already_shared":true,"jetpack_social_options":{"image_generator_settings":{"template":"highway","default_image_id":0,"font":"","enabled":false},"version":2}},"categories":[41,12],"tags":[],"class_list":{"0":"post-12525","1":"post","2":"type-post","3":"status-publish","4":"format-standard","5":"has-post-thumbnail","7":"category-destacadas","8":"category-politica"},"jetpack_publicize_connections":[],"jetpack_featured_media_url":"https:\/\/i0.wp.com\/larevistadigital.com.ar\/blog\/wp-content\/uploads\/vidal-eval%C3%BAa-medidas-para-acompa%C3%B1ar-los-anuncios-de-naci%C3%B3n.jpg?fit=1393%2C1207&ssl=1","jetpack_sharing_enabled":true,"jetpack_shortlink":"https:\/\/wp.me\/p8qtrQ-3g1","jetpack-related-posts":[{"id":13050,"url":"https:\/\/larevistadigital.com.ar\/blog\/barrera-denuncio-que-villa-gesell-fue-discriminada-por-vidal\/","url_meta":{"origin":12525,"position":0},"title":"BARRERA DENUNCI\u00d3 QUE VILLA GESELL FUE DISCRIMINADA POR VIDAL","author":"Alejandro Sosa Ruda","date":"5 noviembre, 2019","format":false,"excerpt":"El Intendente peronista hizo le\u00f1a del \u00e1rbol ca\u00eddo y carg\u00f3 munici\u00f3n gruesa contra la Gobernadora saliente, Mar\u00eda Eugenia Vidal.\u00a0\"Nosotros tenemos municipios cercanos vecinos, como Pinamar, que recibieron $500 millones en obras, mientras que a Villa Gesell no se le ha entregado ni un solo peso\", asegur\u00f3.\u00a0 Luego de ganar la\u2026","rel":"","context":"En \u00abPOLITICA\u00bb","block_context":{"text":"POLITICA","link":"https:\/\/larevistadigital.com.ar\/blog\/category\/politica\/"},"img":{"alt_text":"","src":"https:\/\/i0.wp.com\/larevistadigital.com.ar\/blog\/wp-content\/uploads\/barrera_1.jpg?fit=600%2C375&ssl=1&resize=350%2C200","width":350,"height":200,"srcset":"https:\/\/i0.wp.com\/larevistadigital.com.ar\/blog\/wp-content\/uploads\/barrera_1.jpg?fit=600%2C375&ssl=1&resize=350%2C200 1x, https:\/\/i0.wp.com\/larevistadigital.com.ar\/blog\/wp-content\/uploads\/barrera_1.jpg?fit=600%2C375&ssl=1&resize=525%2C300 1.5x"},"classes":[]},{"id":478,"url":"https:\/\/larevistadigital.com.ar\/blog\/jorge-silvestre-estamos-poniendo-la-provincia-pie\/","url_meta":{"origin":12525,"position":1},"title":"Jorge Silvestre: \u00abEstamos poniendo la provincia en pi\u00e9\u00bb","author":"Alejandro Sosa Ruda","date":"2 marzo, 2017","format":false,"excerpt":"\u00a0 El presidente del bloque de diputados de Cambiemos, Jorge Silvestre, destac\u00f3 los anuncios realizados por la gobernadora Mar\u00eda Eugenia Vidal en el discurso ante la Asamblea Legislativa. Para el legislador, Vidal brind\u00f3 un discurso\u00a0\u201cclaro y sincero, dando cuenta de c\u00f3mo est\u00e1 la Provincia, en qu\u00e9 se ha avanzado y\u2026","rel":"","context":"En \u00abPOLITICA\u00bb","block_context":{"text":"POLITICA","link":"https:\/\/larevistadigital.com.ar\/blog\/category\/politica\/"},"img":{"alt_text":"","src":"","width":0,"height":0},"classes":[]},{"id":6980,"url":"https:\/\/larevistadigital.com.ar\/blog\/chascomus-la-provincia-pagara-la-reforma-del-centro-comercial-pero-igualmente-el-gobierno-local-pretende-que-los-comerciantes-pongan-dinero\/","url_meta":{"origin":12525,"position":2},"title":"CHASCOM\u00daS: LA PROVINCIA PAGAR\u00c1 LA REFORMA DEL CENTRO COMERCIAL, PERO IGUALMENTE EL GOBIERNO LOCAL PRETENDE QUE LOS COMERCIANTES PONGAN DINERO","author":"Alejandro Sosa Ruda","date":"30 octubre, 2018","format":false,"excerpt":"Finalmente, el gobierno de la provincia de Buenos Aires, a cargo de Mar\u00eda Eugenia Vidal, ten\u00eda asignada la plata para la obra de remodelaci\u00f3n del centro de la ciudad, con un monto de DIECIOCHO MILLONES, TRESCIENTOS OCHENTA Y TRES MIL CUATROCIENTOS SETENTA Y CUATRO PESOS ($18.383.474.-). Esto nos llega a\u2026","rel":"","context":"En \u00abCHASCOM\u00daS\u00bb","block_context":{"text":"CHASCOM\u00daS","link":"https:\/\/larevistadigital.com.ar\/blog\/category\/chascomus\/"},"img":{"alt_text":"","src":"https:\/\/i0.wp.com\/larevistadigital.com.ar\/blog\/wp-content\/uploads\/2018\/10\/Screenshot_1-2.jpg?fit=1139%2C829&ssl=1&resize=350%2C200","width":350,"height":200,"srcset":"https:\/\/i0.wp.com\/larevistadigital.com.ar\/blog\/wp-content\/uploads\/2018\/10\/Screenshot_1-2.jpg?fit=1139%2C829&ssl=1&resize=350%2C200 1x, https:\/\/i0.wp.com\/larevistadigital.com.ar\/blog\/wp-content\/uploads\/2018\/10\/Screenshot_1-2.jpg?fit=1139%2C829&ssl=1&resize=525%2C300 1.5x, https:\/\/i0.wp.com\/larevistadigital.com.ar\/blog\/wp-content\/uploads\/2018\/10\/Screenshot_1-2.jpg?fit=1139%2C829&ssl=1&resize=700%2C400 2x, https:\/\/i0.wp.com\/larevistadigital.com.ar\/blog\/wp-content\/uploads\/2018\/10\/Screenshot_1-2.jpg?fit=1139%2C829&ssl=1&resize=1050%2C600 3x"},"classes":[]},{"id":11263,"url":"https:\/\/larevistadigital.com.ar\/blog\/la-gobernadora-maria-eugenia-vidal-hizo-un-video-saludando-al-pediatra-chascomunense-jorge-ortale\/","url_meta":{"origin":12525,"position":3},"title":"LA GOBERNADORA MAR\u00cdA EUGENIA VIDAL HIZO UN VIDEO SALUDANDO AL PEDIATRA CHASCOMUNENSE JORGE ORTALE","author":"Alejandro Sosa Ruda","date":"13 julio, 2019","format":false,"excerpt":"Luego de que el \u00faltimo jueves 11 de julio en la Sesi\u00f3n del Concejo Deliberante se homenajeara al m\u00e9dico pediatra Jorge Ortale, declar\u00e1ndolo \"Personalidad Destacada de Chascom\u00fas\", han llegado muestras de cari\u00f1o y afecto al querido profesional, de todos los \u00e1mbitos posibles. Ese d\u00eda, los concejales\u00a0 consensuaron modificar el Orden\u2026","rel":"","context":"En \u00abCHASCOM\u00daS\u00bb","block_context":{"text":"CHASCOM\u00daS","link":"https:\/\/larevistadigital.com.ar\/blog\/category\/chascomus\/"},"img":{"alt_text":"","src":"https:\/\/i0.wp.com\/larevistadigital.com.ar\/blog\/wp-content\/uploads\/Screenshot_1-28.jpg?fit=600%2C985&ssl=1&resize=350%2C200","width":350,"height":200,"srcset":"https:\/\/i0.wp.com\/larevistadigital.com.ar\/blog\/wp-content\/uploads\/Screenshot_1-28.jpg?fit=600%2C985&ssl=1&resize=350%2C200 1x, https:\/\/i0.wp.com\/larevistadigital.com.ar\/blog\/wp-content\/uploads\/Screenshot_1-28.jpg?fit=600%2C985&ssl=1&resize=525%2C300 1.5x"},"classes":[]},{"id":2600,"url":"https:\/\/larevistadigital.com.ar\/blog\/chascomus-dijo-ramiro-ferrante-que-no-sera-facil-enfrentar-al-aparato-del-radicalismo-tradicional\/","url_meta":{"origin":12525,"position":4},"title":"CHASCOM\u00daS: DIJO RAMIRO FERRANTE QUE NO SER\u00c1 F\u00c1CIL ENFRENTAR AL APARATO DEL RADICALISMO TRADICIONAL","author":"Alejandro Sosa Ruda","date":"3 julio, 2017","format":false,"excerpt":"Mientras realizaba una actividad de timbreo en los barrios Los Sauces, el pre candidato de Cambiemos Ramiro Ferrante, mantuvo una charla con Alejandro \u201cEl Tano\u201d Sosa y Juan Mafud, conductores del programa de la FM 101.5 \u201cAtaque de Radio\u201d en donde coment\u00f3 que fue muy bien recibido por los vecinos\u2026","rel":"","context":"En \u00abCHASCOM\u00daS\u00bb","block_context":{"text":"CHASCOM\u00daS","link":"https:\/\/larevistadigital.com.ar\/blog\/category\/chascomus\/"},"img":{"alt_text":"","src":"https:\/\/i0.wp.com\/larevistadigital.com.ar\/blog\/wp-content\/uploads\/2017\/07\/19601446_662576887281141_7509883815933547646_n.jpg?fit=960%2C594&ssl=1&resize=350%2C200","width":350,"height":200,"srcset":"https:\/\/i0.wp.com\/larevistadigital.com.ar\/blog\/wp-content\/uploads\/2017\/07\/19601446_662576887281141_7509883815933547646_n.jpg?fit=960%2C594&ssl=1&resize=350%2C200 1x, https:\/\/i0.wp.com\/larevistadigital.com.ar\/blog\/wp-content\/uploads\/2017\/07\/19601446_662576887281141_7509883815933547646_n.jpg?fit=960%2C594&ssl=1&resize=525%2C300 1.5x, https:\/\/i0.wp.com\/larevistadigital.com.ar\/blog\/wp-content\/uploads\/2017\/07\/19601446_662576887281141_7509883815933547646_n.jpg?fit=960%2C594&ssl=1&resize=700%2C400 2x"},"classes":[]},{"id":484,"url":"https:\/\/larevistadigital.com.ar\/blog\/vidal-trabaja-una-provincia-mas-igualitaria\/","url_meta":{"origin":12525,"position":5},"title":"\u00abVidal trabaja para tener una provincia m\u00e1s igualitaria\u00bb","author":"Alejandro Sosa Ruda","date":"2 marzo, 2017","format":false,"excerpt":"Desde el bloque de diputados bonaerenses de Cambiemos destacaron el discurso de la gobernadora Mar\u00eda Eugenia Vidal durante la Asamblea Legislativa que dio apertura a las sesiones ordinarias. La diputada\u00a0Mar\u00eda Laura Ricchini\u00a0expres\u00f3 \u201cfue un discurso que muestra a las claras c\u00f3mo est\u00e1 la Provincia y c\u00f3mo Vidal conoce su realidad\u2026","rel":"","context":"En \u00abPOLITICA\u00bb","block_context":{"text":"POLITICA","link":"https:\/\/larevistadigital.com.ar\/blog\/category\/politica\/"},"img":{"alt_text":"","src":"https:\/\/i0.wp.com\/larevistadigital.com.ar\/blog\/wp-content\/uploads\/2017\/03\/vidal-0103.jpg?fit=1200%2C839&ssl=1&resize=350%2C200","width":350,"height":200,"srcset":"https:\/\/i0.wp.com\/larevistadigital.com.ar\/blog\/wp-content\/uploads\/2017\/03\/vidal-0103.jpg?fit=1200%2C839&ssl=1&resize=350%2C200 1x, https:\/\/i0.wp.com\/larevistadigital.com.ar\/blog\/wp-content\/uploads\/2017\/03\/vidal-0103.jpg?fit=1200%2C839&ssl=1&resize=525%2C300 1.5x, https:\/\/i0.wp.com\/larevistadigital.com.ar\/blog\/wp-content\/uploads\/2017\/03\/vidal-0103.jpg?fit=1200%2C839&ssl=1&resize=700%2C400 2x, https:\/\/i0.wp.com\/larevistadigital.com.ar\/blog\/wp-content\/uploads\/2017\/03\/vidal-0103.jpg?fit=1200%2C839&ssl=1&resize=1050%2C600 3x"},"classes":[]}],"_links":{"self":[{"href":"https:\/\/larevistadigital.com.ar\/blog\/wp-json\/wp\/v2\/posts\/12525","targetHints":{"allow":["GET"]}}],"collection":[{"href":"https:\/\/larevistadigital.com.ar\/blog\/wp-json\/wp\/v2\/posts"}],"about":[{"href":"https:\/\/larevistadigital.com.ar\/blog\/wp-json\/wp\/v2\/types\/post"}],"author":[{"embeddable":true,"href":"https:\/\/larevistadigital.com.ar\/blog\/wp-json\/wp\/v2\/users\/3"}],"replies":[{"embeddable":true,"href":"https:\/\/larevistadigital.com.ar\/blog\/wp-json\/wp\/v2\/comments?post=12525"}],"version-history":[{"count":1,"href":"https:\/\/larevistadigital.com.ar\/blog\/wp-json\/wp\/v2\/posts\/12525\/revisions"}],"predecessor-version":[{"id":12527,"href":"https:\/\/larevistadigital.com.ar\/blog\/wp-json\/wp\/v2\/posts\/12525\/revisions\/12527"}],"wp:featuredmedia":[{"embeddable":true,"href":"https:\/\/larevistadigital.com.ar\/blog\/wp-json\/wp\/v2\/media\/12526"}],"wp:attachment":[{"href":"https:\/\/larevistadigital.com.ar\/blog\/wp-json\/wp\/v2\/media?parent=12525"}],"wp:term":[{"taxonomy":"category","embeddable":true,"href":"https:\/\/larevistadigital.com.ar\/blog\/wp-json\/wp\/v2\/categories?post=12525"},{"taxonomy":"post_tag","embeddable":true,"href":"https:\/\/larevistadigital.com.ar\/blog\/wp-json\/wp\/v2\/tags?post=12525"}],"curies":[{"name":"wp","href":"https:\/\/api.w.org\/{rel}","templated":true}]}}