{"id":12541,"date":"2019-10-09T03:51:27","date_gmt":"2019-10-09T03:51:27","guid":{"rendered":"https:\/\/larevistadigital.com.ar\/blog\/?p=12541"},"modified":"2019-10-09T03:51:53","modified_gmt":"2019-10-09T03:51:53","slug":"el-intendente-mauricio-gomez-aseguro-que-la-planta-que-buquebus-tiene-en-domselaar-es-una-bomba-de-tiempo","status":"publish","type":"post","link":"https:\/\/larevistadigital.com.ar\/blog\/el-intendente-mauricio-gomez-aseguro-que-la-planta-que-buquebus-tiene-en-domselaar-es-una-bomba-de-tiempo\/","title":{"rendered":"EL INTENDENTE MAURICIO G\u00d3MEZ ASEGUR\u00d3 QUE LA PLANTA QUE BUQUEB\u00daS TIENE EN DOMSELAAR ES UNA BOMBA DE TIEMPO"},"content":{"rendered":"<h2><em><strong>La planta que pone en peligro a toda la comunidad le da trabajo s\u00f3lo a 3 sanvicentinos. El intendente responsabiliz\u00f3 a la gesti\u00f3n anterior por permitir la construcci\u00f3n de \u00abuna bomba de tiempo que no trae ning\u00fan beneficio para el vecino\u00bb.<\/strong><\/em><\/h2>\n<p>Meses atr\u00e1s, un incendio en la\u00a0<strong>planta de generaci\u00f3n de gas natural licuado\u00a0<\/strong>que tiene la empresa Buqueb\u00fas sobre ruta 210 entre ruta 6 y Domselaar, gener\u00f3 una alerta m\u00e1xima entre las autoridades y los vecinos de este distrito por temor a que puedan explotar los inmensos tanques de combustibles que se ubican en el predio: \u00ab<strong>si esto ocurriera podr\u00eda ocasionar un desastre incalculable<\/strong>\u00bb hab\u00edan afirmado funcionarios municipales.<\/p>\n<blockquote>\n<h3>En las \u00faltimas horas, en el marco de la presentaci\u00f3n de la nueva parada del tren en Domselaar,\u00a0<strong>Mauricio G\u00f3mez habl\u00f3 sobre dicha construcci\u00f3n aprobada en la gesti\u00f3n anterior<\/strong>\u00a0y el miedo a que en cualquier momento pueda ocasionar una tragedia.<\/h3>\n<\/blockquote>\n<p><strong><em>\u00abLa planta de Buqueb\u00fas se habilit\u00f3 en menos de 24 horas, y me pregunto a qui\u00e9n se le ocurre traer una bomba de tiempo a un lugar donde hay viviendas, solamente a\u00a0Di Sabatinno, su equipo y a qui\u00e9nes quieren volver\u00bb<\/em><\/strong> acus\u00f3\u00a0<strong>Gomez<\/strong>.<\/p>\n<p><strong><em>\u00abEs inadmisible pensar que hoy nos tenemos que fumar esa bomba de tiempo que no produce gas, no se confundan, porque fue inaugurada por mi antecesor diciendo que esa planta daba soluciones a los vecinos, es mentira, de ah\u00ed no sale una sola garrafa, lo que sale ah\u00ed es riesgo constante con camiones que van y vienen con gas para alimentar el funcionamiento de un barco de esa empresa\u00bb<\/em><\/strong> sigui\u00f3 el jefe comunal<\/p>\n<p>\u00ab<strong><em>Me alcanzan los dedos de una mano para decir a cuantas personas le dan trabajo. Nunca se me hubiera ocurrido a m\u00ed hipotecar el futuro y poner en riesgo a la poblaci\u00f3n, y eso lo hicieron los anteriores que quieren volver. Hoy estoy con todas las pilas para trabajar para que eso se revea, y voy a ir a fondo, se van a tener que hacer responsable los que realmente tienen que dar respuestas\u00bb<\/em><\/strong>, finaliz\u00f3 el intendente.<\/p>\n<p>PUBLICADO EN DLN<\/p>\n","protected":false},"excerpt":{"rendered":"<div class=\"mh-excerpt\"><p>La planta que pone en peligro a toda la comunidad le da trabajo s\u00f3lo a 3 sanvicentinos. El intendente responsabiliz\u00f3 a la gesti\u00f3n anterior por permitir la construcci\u00f3n de \u00abuna bomba de tiempo que no <a class=\"mh-excerpt-more\" href=\"https:\/\/larevistadigital.com.ar\/blog\/el-intendente-mauricio-gomez-aseguro-que-la-planta-que-buquebus-tiene-en-domselaar-es-una-bomba-de-tiempo\/\" title=\"EL INTENDENTE MAURICIO G\u00d3MEZ ASEGUR\u00d3 QUE LA PLANTA QUE BUQUEB\u00daS TIENE EN DOMSELAAR ES UNA BOMBA DE TIEMPO\">[Leer M\u00e1s]<\/a><\/p>\n<\/div>","protected":false},"author":3,"featured_media":12542,"comment_status":"open","ping_status":"open","sticky":false,"template":"","format":"standard","meta":{"_jetpack_memberships_contains_paid_content":false,"footnotes":"","jetpack_publicize_message":"","jetpack_publicize_feature_enabled":true,"jetpack_social_post_already_shared":true,"jetpack_social_options":{"image_generator_settings":{"template":"highway","default_image_id":0,"font":"","enabled":false},"version":2}},"categories":[51],"tags":[],"class_list":{"0":"post-12541","1":"post","2":"type-post","3":"status-publish","4":"format-standard","5":"has-post-thumbnail","7":"category-regionales"},"jetpack_publicize_connections":[],"jetpack_featured_media_url":"https:\/\/i0.wp.com\/larevistadigital.com.ar\/blog\/wp-content\/uploads\/1570565274977.jpg?fit=1600%2C899&ssl=1","jetpack_sharing_enabled":true,"jetpack_shortlink":"https:\/\/wp.me\/p8qtrQ-3gh","jetpack-related-posts":[{"id":12323,"url":"https:\/\/larevistadigital.com.ar\/blog\/san-vicente-compactan-vehiculos-acumulados-en-el-deposito-judicial\/","url_meta":{"origin":12541,"position":0},"title":"SAN VICENTE: COMPACTAN VEH\u00cdCULOS ACUMULADOS EN EL DEP\u00d3SITO JUDICIAL","author":"Alejandro Sosa Ruda","date":"26 septiembre, 2019","format":false,"excerpt":"A partir de la firma de un convenio entre el intendente Mauricio Gomez y el Ministerio de Justicia y Derechos Humanos, es que se pudo comenzar con las tareas para compactar y remover veh\u00edculos acumulados en dep\u00f3sito judicial en predios de\u00a0 San Vicente, Alejandro Korn y Domselaar. La limpieza de\u2026","rel":"","context":"En \u00abREGIONALES\u00bb","block_context":{"text":"REGIONALES","link":"https:\/\/larevistadigital.com.ar\/blog\/category\/regionales\/"},"img":{"alt_text":"","src":"https:\/\/i0.wp.com\/larevistadigital.com.ar\/blog\/wp-content\/uploads\/71135700_2345914385737461_143477170684035072_n.jpg?fit=960%2C720&ssl=1&resize=350%2C200","width":350,"height":200,"srcset":"https:\/\/i0.wp.com\/larevistadigital.com.ar\/blog\/wp-content\/uploads\/71135700_2345914385737461_143477170684035072_n.jpg?fit=960%2C720&ssl=1&resize=350%2C200 1x, https:\/\/i0.wp.com\/larevistadigital.com.ar\/blog\/wp-content\/uploads\/71135700_2345914385737461_143477170684035072_n.jpg?fit=960%2C720&ssl=1&resize=525%2C300 1.5x, https:\/\/i0.wp.com\/larevistadigital.com.ar\/blog\/wp-content\/uploads\/71135700_2345914385737461_143477170684035072_n.jpg?fit=960%2C720&ssl=1&resize=700%2C400 2x"},"classes":[]},{"id":19231,"url":"https:\/\/larevistadigital.com.ar\/blog\/apedrearon-dos-micros-de-la-linea-51-donde-viajaban-vecinos-de-san-vicente-y-brandsen\/","url_meta":{"origin":12541,"position":1},"title":"APEDREARON DOS MICROS DE LA L\u00cdNEA 51, DONDE VIAJABAN VECINOS DE SAN VICENTE Y BRANDSEN","author":"Alejandro Sosa Ruda","date":"15 marzo, 2021","format":false,"excerpt":"Los hechos ocurrieron entre las 4 y las 6 de la ma\u00f1ana de este sabado 13 de marzo en Domselaar y provoc\u00f3 que los cristales estallen. No hubo heridos. La empresa estar\u00eda analizando dejar de ingresar a esa localidad por los reiterados hechos de vandalismo contra las unidades. DOMSELAR -\u2026","rel":"","context":"En \u00abPOLICIALES\u00bb","block_context":{"text":"POLICIALES","link":"https:\/\/larevistadigital.com.ar\/blog\/category\/policiales\/"},"img":{"alt_text":"","src":"https:\/\/i0.wp.com\/larevistadigital.com.ar\/blog\/wp-content\/uploads\/Captura-de-pantalla-2021-03-15-121814.png?fit=1200%2C595&ssl=1&resize=350%2C200","width":350,"height":200,"srcset":"https:\/\/i0.wp.com\/larevistadigital.com.ar\/blog\/wp-content\/uploads\/Captura-de-pantalla-2021-03-15-121814.png?fit=1200%2C595&ssl=1&resize=350%2C200 1x, https:\/\/i0.wp.com\/larevistadigital.com.ar\/blog\/wp-content\/uploads\/Captura-de-pantalla-2021-03-15-121814.png?fit=1200%2C595&ssl=1&resize=525%2C300 1.5x, https:\/\/i0.wp.com\/larevistadigital.com.ar\/blog\/wp-content\/uploads\/Captura-de-pantalla-2021-03-15-121814.png?fit=1200%2C595&ssl=1&resize=700%2C400 2x, https:\/\/i0.wp.com\/larevistadigital.com.ar\/blog\/wp-content\/uploads\/Captura-de-pantalla-2021-03-15-121814.png?fit=1200%2C595&ssl=1&resize=1050%2C600 3x"},"classes":[]},{"id":10334,"url":"https:\/\/larevistadigital.com.ar\/blog\/10334-2\/","url_meta":{"origin":12541,"position":2},"title":"FUERTE CHOQUE EN LA RUTA 29","author":"Alejandro Sosa Ruda","date":"29 mayo, 2019","format":false,"excerpt":"En la ma\u00f1ana de ayer, se produjo un fuerte choque entre un auto y una camioneta en ruta 29 a la altura del kil\u00f3metro 3. Seg\u00fan supo DLN, el conductor de la camioneta Ford Ranger que circulaba en sentido Brandsen- Jeppener, se cruz\u00f3 de carril para doblar hacia el Feedlot,\u2026","rel":"","context":"En \u00abPOLICIALES\u00bb","block_context":{"text":"POLICIALES","link":"https:\/\/larevistadigital.com.ar\/blog\/category\/policiales\/"},"img":{"alt_text":"","src":"https:\/\/i0.wp.com\/larevistadigital.com.ar\/blog\/wp-content\/uploads\/2019\/05\/Screenshot_2-9.jpg?fit=857%2C559&ssl=1&resize=350%2C200","width":350,"height":200,"srcset":"https:\/\/i0.wp.com\/larevistadigital.com.ar\/blog\/wp-content\/uploads\/2019\/05\/Screenshot_2-9.jpg?fit=857%2C559&ssl=1&resize=350%2C200 1x, https:\/\/i0.wp.com\/larevistadigital.com.ar\/blog\/wp-content\/uploads\/2019\/05\/Screenshot_2-9.jpg?fit=857%2C559&ssl=1&resize=525%2C300 1.5x, https:\/\/i0.wp.com\/larevistadigital.com.ar\/blog\/wp-content\/uploads\/2019\/05\/Screenshot_2-9.jpg?fit=857%2C559&ssl=1&resize=700%2C400 2x"},"classes":[]},{"id":11072,"url":"https:\/\/larevistadigital.com.ar\/blog\/san-vicente-autorizan-el-cultivo-de-cannabis-con-fines-medicinales\/","url_meta":{"origin":12541,"position":3},"title":"SAN VICENTE: AUTORIZAN EL CULTIVO DE CANNABIS CON FINES MEDICINALES","author":"Alejandro Sosa Ruda","date":"5 julio, 2019","format":false,"excerpt":"La ordenanza, permitir\u00e1 desarrollar un \u00e1rea de cultivo comunitario, llevar un registro de pacientes y crear un Consejo Consultivo. San Vicente se convertir\u00e1 en uno de los municipios pioneros en relaci\u00f3n a la promoci\u00f3n del uso medicinal del cannabis, despu\u00e9s de que el intendente Mauricio G\u00f3mez\u00a0promulgara la ordenanza que permitir\u00e1\u2026","rel":"","context":"En \u00abREGIONALES\u00bb","block_context":{"text":"REGIONALES","link":"https:\/\/larevistadigital.com.ar\/blog\/category\/regionales\/"},"img":{"alt_text":"","src":"https:\/\/i0.wp.com\/larevistadigital.com.ar\/blog\/wp-content\/uploads\/Screenshot_3-6.jpg?fit=940%2C559&ssl=1&resize=350%2C200","width":350,"height":200,"srcset":"https:\/\/i0.wp.com\/larevistadigital.com.ar\/blog\/wp-content\/uploads\/Screenshot_3-6.jpg?fit=940%2C559&ssl=1&resize=350%2C200 1x, https:\/\/i0.wp.com\/larevistadigital.com.ar\/blog\/wp-content\/uploads\/Screenshot_3-6.jpg?fit=940%2C559&ssl=1&resize=525%2C300 1.5x, https:\/\/i0.wp.com\/larevistadigital.com.ar\/blog\/wp-content\/uploads\/Screenshot_3-6.jpg?fit=940%2C559&ssl=1&resize=700%2C400 2x"},"classes":[]},{"id":29194,"url":"https:\/\/larevistadigital.com.ar\/blog\/por-pedido-de-la-afip-la-justicia-inhibe-a-buquebus-por-mas-de-123-millones\/","url_meta":{"origin":12541,"position":4},"title":"POR PEDIDO DE LA AFIP: LA JUSTICIA INHIBE A BUQUEBUS POR M\u00c1S DE $123 MILLONES.","author":"Alejandro Sosa Ruda","date":"30 noviembre, 2022","format":false,"excerpt":"Es en concepto de importes que la empresa hab\u00eda recibido para cumplir con el pago del Salario Complementario en el marco del Programa de Asistencia de Emergencia al Trabajo y la Producci\u00f3n (ATP). 30 de noviembre de 2022 La Justicia orden\u00f3 la inhibici\u00f3n general de bienes de la empresa Buquebus\u2026","rel":"","context":"En \u00abECONOMIA\u00bb","block_context":{"text":"ECONOMIA","link":"https:\/\/larevistadigital.com.ar\/blog\/category\/economia\/"},"img":{"alt_text":"","src":"https:\/\/i0.wp.com\/larevistadigital.com.ar\/blog\/wp-content\/uploads\/20221129182554_el-empresario-dueno-buquebus-juan-carlos-lopez-mena-intentara-dialogar-la-presidenta-cristina-fernandez-solicitar-que-se-eliminen-impuestos-y-restricciones-afianzar-vinculos-relacio.jpg?fit=880%2C512&ssl=1&resize=350%2C200","width":350,"height":200,"srcset":"https:\/\/i0.wp.com\/larevistadigital.com.ar\/blog\/wp-content\/uploads\/20221129182554_el-empresario-dueno-buquebus-juan-carlos-lopez-mena-intentara-dialogar-la-presidenta-cristina-fernandez-solicitar-que-se-eliminen-impuestos-y-restricciones-afianzar-vinculos-relacio.jpg?fit=880%2C512&ssl=1&resize=350%2C200 1x, https:\/\/i0.wp.com\/larevistadigital.com.ar\/blog\/wp-content\/uploads\/20221129182554_el-empresario-dueno-buquebus-juan-carlos-lopez-mena-intentara-dialogar-la-presidenta-cristina-fernandez-solicitar-que-se-eliminen-impuestos-y-restricciones-afianzar-vinculos-relacio.jpg?fit=880%2C512&ssl=1&resize=525%2C300 1.5x, https:\/\/i0.wp.com\/larevistadigital.com.ar\/blog\/wp-content\/uploads\/20221129182554_el-empresario-dueno-buquebus-juan-carlos-lopez-mena-intentara-dialogar-la-presidenta-cristina-fernandez-solicitar-que-se-eliminen-impuestos-y-restricciones-afianzar-vinculos-relacio.jpg?fit=880%2C512&ssl=1&resize=700%2C400 2x"},"classes":[]},{"id":13716,"url":"https:\/\/larevistadigital.com.ar\/blog\/san-vicente-el-municipio-intimo-a-edesur-a-acortar-los-plazos-de-la-obra-de-la-subestacion-electrica\/","url_meta":{"origin":12541,"position":5},"title":"SAN VICENTE: EL MUNICIPIO INTIM\u00d3 A EDESUR A ACORTAR LOS PLAZOS DE LA OBRA DE LA SUBESTACI\u00d3N EL\u00c9CTRICA","author":"Alejandro Sosa Ruda","date":"19 diciembre, 2019","format":false,"excerpt":"El Intendente Municipal, Nicol\u00e1s Mantegazza, recibi\u00f3 en su despacho a los representantes de la empresa distribuidora de energ\u00eda el\u00e9ctrica, EDESUR, para tratar diversos temas de inter\u00e9s para el distrito, como los son la Subestaci\u00f3n El\u00e9ctrica y los cortes reiterados en el suministro que sufren todos los vecinos. En este contexto\u2026","rel":"","context":"En \u00abREGIONALES\u00bb","block_context":{"text":"REGIONALES","link":"https:\/\/larevistadigital.com.ar\/blog\/category\/regionales\/"},"img":{"alt_text":"","src":"https:\/\/i0.wp.com\/larevistadigital.com.ar\/blog\/wp-content\/uploads\/FB_IMG_1576772064636.jpg?fit=1080%2C835&ssl=1&resize=350%2C200","width":350,"height":200,"srcset":"https:\/\/i0.wp.com\/larevistadigital.com.ar\/blog\/wp-content\/uploads\/FB_IMG_1576772064636.jpg?fit=1080%2C835&ssl=1&resize=350%2C200 1x, https:\/\/i0.wp.com\/larevistadigital.com.ar\/blog\/wp-content\/uploads\/FB_IMG_1576772064636.jpg?fit=1080%2C835&ssl=1&resize=525%2C300 1.5x, https:\/\/i0.wp.com\/larevistadigital.com.ar\/blog\/wp-content\/uploads\/FB_IMG_1576772064636.jpg?fit=1080%2C835&ssl=1&resize=700%2C400 2x, https:\/\/i0.wp.com\/larevistadigital.com.ar\/blog\/wp-content\/uploads\/FB_IMG_1576772064636.jpg?fit=1080%2C835&ssl=1&resize=1050%2C600 3x"},"classes":[]}],"_links":{"self":[{"href":"https:\/\/larevistadigital.com.ar\/blog\/wp-json\/wp\/v2\/posts\/12541","targetHints":{"allow":["GET"]}}],"collection":[{"href":"https:\/\/larevistadigital.com.ar\/blog\/wp-json\/wp\/v2\/posts"}],"about":[{"href":"https:\/\/larevistadigital.com.ar\/blog\/wp-json\/wp\/v2\/types\/post"}],"author":[{"embeddable":true,"href":"https:\/\/larevistadigital.com.ar\/blog\/wp-json\/wp\/v2\/users\/3"}],"replies":[{"embeddable":true,"href":"https:\/\/larevistadigital.com.ar\/blog\/wp-json\/wp\/v2\/comments?post=12541"}],"version-history":[{"count":2,"href":"https:\/\/larevistadigital.com.ar\/blog\/wp-json\/wp\/v2\/posts\/12541\/revisions"}],"predecessor-version":[{"id":12544,"href":"https:\/\/larevistadigital.com.ar\/blog\/wp-json\/wp\/v2\/posts\/12541\/revisions\/12544"}],"wp:featuredmedia":[{"embeddable":true,"href":"https:\/\/larevistadigital.com.ar\/blog\/wp-json\/wp\/v2\/media\/12542"}],"wp:attachment":[{"href":"https:\/\/larevistadigital.com.ar\/blog\/wp-json\/wp\/v2\/media?parent=12541"}],"wp:term":[{"taxonomy":"category","embeddable":true,"href":"https:\/\/larevistadigital.com.ar\/blog\/wp-json\/wp\/v2\/categories?post=12541"},{"taxonomy":"post_tag","embeddable":true,"href":"https:\/\/larevistadigital.com.ar\/blog\/wp-json\/wp\/v2\/tags?post=12541"}],"curies":[{"name":"wp","href":"https:\/\/api.w.org\/{rel}","templated":true}]}}