{"id":12558,"date":"2019-10-09T14:54:59","date_gmt":"2019-10-09T14:54:59","guid":{"rendered":"https:\/\/larevistadigital.com.ar\/blog\/?p=12558"},"modified":"2019-10-09T14:55:29","modified_gmt":"2019-10-09T14:55:29","slug":"comenzo-la-repavimentacion-de-calle-garay","status":"publish","type":"post","link":"https:\/\/larevistadigital.com.ar\/blog\/comenzo-la-repavimentacion-de-calle-garay\/","title":{"rendered":"EXCELENTE NOTICIA: COMENZ\u00d3 LA REPAVIMENTACI\u00d3N DE CALLE GARAY"},"content":{"rendered":"<p>En el marco del Plan Integral de Pavimentaci\u00f3n impulsado por la Municipalidad, ayer comenzaron los trabajos previos para la repavimentaci\u00f3n de la calle Garay.<\/p>\n<p>En tal sentido, se hace saber a la comunidad que permanecer\u00e1n cortadas al tr\u00e1nsito las calles circundantes. Entre ellas, ser\u00e1 una cuadra de Garay entre Fragata H\u00e9rcules y Gral. Paz, con desv\u00edo de tr\u00e1nsito pesado (camiones) por Italia y Gral. Paz hacia Av. Pte. Alfons\u00edn.<\/p>\n<p>Por otro lado, en cuanto a veh\u00edculos en general el desv\u00edo ser\u00e1 por Fragata H\u00e9rcules hacia Sol\u00eds, por Sol\u00eds hasta Gral. Paz y desde ah\u00ed hacia Garay o Av. Pte. Alfons\u00edn; mientras que para el norte se desv\u00eda en Garay y Gral. Paz hacia calle Per\u00fa.<\/p>\n<p>Cabe destacar, que esta primera etapa del bacheo en calle Garay representa una obra de gran importancia ya que se trata de una arteria fundamental para los habitantes de Chascom\u00fas, que atraviesa de oeste a este pr\u00e1cticamente toda la ciudad y conecta dos de los barrios con mayor densidad de poblaci\u00f3n, Ipor\u00e1 y El Hueco.<\/p>\n<p>De esta manera, adem\u00e1s de potenciar la actividad comercial en la zona, se podr\u00e1 circular de forma m\u00e1s segura.<\/p>\n<p>PUBLICADO POR ELFUERTE<\/p>\n","protected":false},"excerpt":{"rendered":"<div class=\"mh-excerpt\"><p>En el marco del Plan Integral de Pavimentaci\u00f3n impulsado por la Municipalidad, ayer comenzaron los trabajos previos para la repavimentaci\u00f3n de la calle Garay. En tal sentido, se hace saber a la comunidad que permanecer\u00e1n <a class=\"mh-excerpt-more\" href=\"https:\/\/larevistadigital.com.ar\/blog\/comenzo-la-repavimentacion-de-calle-garay\/\" title=\"EXCELENTE NOTICIA: COMENZ\u00d3 LA REPAVIMENTACI\u00d3N DE CALLE GARAY\">[Leer M\u00e1s]<\/a><\/p>\n<\/div>","protected":false},"author":3,"featured_media":12559,"comment_status":"open","ping_status":"open","sticky":false,"template":"","format":"standard","meta":{"_jetpack_memberships_contains_paid_content":false,"footnotes":"","jetpack_publicize_message":"","jetpack_publicize_feature_enabled":true,"jetpack_social_post_already_shared":true,"jetpack_social_options":{"image_generator_settings":{"template":"highway","default_image_id":0,"font":"","enabled":false},"version":2}},"categories":[6],"tags":[],"class_list":{"0":"post-12558","1":"post","2":"type-post","3":"status-publish","4":"format-standard","5":"has-post-thumbnail","7":"category-chascomus"},"jetpack_publicize_connections":[],"jetpack_featured_media_url":"https:\/\/i0.wp.com\/larevistadigital.com.ar\/blog\/wp-content\/uploads\/garay_08deoctubrede2019_elfuerte.jpg?fit=737%2C415&ssl=1","jetpack_sharing_enabled":true,"jetpack_shortlink":"https:\/\/wp.me\/p8qtrQ-3gy","jetpack-related-posts":[{"id":2909,"url":"https:\/\/larevistadigital.com.ar\/blog\/accidente-en-avenida-garay\/","url_meta":{"origin":12558,"position":0},"title":"Accidente en Avenida Garay","author":"admin","date":"4 agosto, 2017","format":false,"excerpt":"El siguiente es el parte de prensa enviado con fecha 02-08-2017: \u201cPor la presente, me dirijo a ustedes, a los fines de informar que en la fecha, siendo las 00:50 horas, se tom\u00f3 conocimiento de un accidente automovil\u00edstico en Calle Avenida Garay entre Villafa\u00f1e Casal y Calle 50 de este\u2026","rel":"","context":"En \u00abRANCHOS\u00bb","block_context":{"text":"RANCHOS","link":"https:\/\/larevistadigital.com.ar\/blog\/category\/ranchos\/"},"img":{"alt_text":"","src":"https:\/\/i0.wp.com\/larevistadigital.com.ar\/blog\/wp-content\/uploads\/2017\/08\/Comisario-SOSA.jpg?fit=1200%2C900&ssl=1&resize=350%2C200","width":350,"height":200,"srcset":"https:\/\/i0.wp.com\/larevistadigital.com.ar\/blog\/wp-content\/uploads\/2017\/08\/Comisario-SOSA.jpg?fit=1200%2C900&ssl=1&resize=350%2C200 1x, https:\/\/i0.wp.com\/larevistadigital.com.ar\/blog\/wp-content\/uploads\/2017\/08\/Comisario-SOSA.jpg?fit=1200%2C900&ssl=1&resize=525%2C300 1.5x, https:\/\/i0.wp.com\/larevistadigital.com.ar\/blog\/wp-content\/uploads\/2017\/08\/Comisario-SOSA.jpg?fit=1200%2C900&ssl=1&resize=700%2C400 2x, https:\/\/i0.wp.com\/larevistadigital.com.ar\/blog\/wp-content\/uploads\/2017\/08\/Comisario-SOSA.jpg?fit=1200%2C900&ssl=1&resize=1050%2C600 3x"},"classes":[]},{"id":34503,"url":"https:\/\/larevistadigital.com.ar\/blog\/chascomus-allanamiento-en-calle-garay\/","url_meta":{"origin":12558,"position":1},"title":"CHASCOM\u00daS: ALLANAMIENTO EN CALLE GARAY","author":"Alejandro Sosa Ruda","date":"10 noviembre, 2023","format":false,"excerpt":"10 de Noviembre de 2023 CHASCOM\u00daS -\u00a0 En horas de la tarde de ayer 9 de Noviembre, la Polic\u00eda Comunal realizo un allanamiento en calle Garay con motivo de una investigaci\u00f3n iniciada en Comisar\u00eda de la Mujer y la Familia de Chascomus seguida por el delito de AMENAZAS AGRAVADAS POR\u2026","rel":"","context":"En \u00abSin categor\u00eda\u00bb","block_context":{"text":"Sin categor\u00eda","link":"https:\/\/larevistadigital.com.ar\/blog\/category\/sin-categoria\/"},"img":{"alt_text":"","src":"https:\/\/i0.wp.com\/larevistadigital.com.ar\/blog\/wp-content\/uploads\/2017\/03\/policia-nino-mata.jpg?fit=745%2C574&ssl=1&resize=350%2C200","width":350,"height":200,"srcset":"https:\/\/i0.wp.com\/larevistadigital.com.ar\/blog\/wp-content\/uploads\/2017\/03\/policia-nino-mata.jpg?fit=745%2C574&ssl=1&resize=350%2C200 1x, https:\/\/i0.wp.com\/larevistadigital.com.ar\/blog\/wp-content\/uploads\/2017\/03\/policia-nino-mata.jpg?fit=745%2C574&ssl=1&resize=525%2C300 1.5x, https:\/\/i0.wp.com\/larevistadigital.com.ar\/blog\/wp-content\/uploads\/2017\/03\/policia-nino-mata.jpg?fit=745%2C574&ssl=1&resize=700%2C400 2x"},"classes":[]},{"id":44302,"url":"https:\/\/larevistadigital.com.ar\/blog\/allanamiento-por-drogas-en-calle-garay-una-mujer-detenida\/","url_meta":{"origin":12558,"position":2},"title":"Allanamiento por drogas en calle Garay: una mujer detenida","author":"Alejandro Sosa Ruda","date":"5 marzo, 2026","format":false,"excerpt":"El procedimiento se realiz\u00f3 en una vivienda ubicada en calle Garay. Interviene la Fiscal\u00eda de Estupefacientes a cargo del Dr. Jorge Larrarte. Un allanamiento por presunta comercializaci\u00f3n de estupefacientes se llev\u00f3 a cabo en las \u00faltimas horas en un domicilio de la calle Garay al 200, donde el personal policial\u2026","rel":"","context":"En \u00abDESTACADAS\u00bb","block_context":{"text":"DESTACADAS","link":"https:\/\/larevistadigital.com.ar\/blog\/category\/destacadas\/"},"img":{"alt_text":"","src":"https:\/\/i0.wp.com\/larevistadigital.com.ar\/blog\/wp-content\/uploads\/allanamiento-Garay.jpg?fit=1200%2C510&ssl=1&resize=350%2C200","width":350,"height":200,"srcset":"https:\/\/i0.wp.com\/larevistadigital.com.ar\/blog\/wp-content\/uploads\/allanamiento-Garay.jpg?fit=1200%2C510&ssl=1&resize=350%2C200 1x, https:\/\/i0.wp.com\/larevistadigital.com.ar\/blog\/wp-content\/uploads\/allanamiento-Garay.jpg?fit=1200%2C510&ssl=1&resize=525%2C300 1.5x, https:\/\/i0.wp.com\/larevistadigital.com.ar\/blog\/wp-content\/uploads\/allanamiento-Garay.jpg?fit=1200%2C510&ssl=1&resize=700%2C400 2x, https:\/\/i0.wp.com\/larevistadigital.com.ar\/blog\/wp-content\/uploads\/allanamiento-Garay.jpg?fit=1200%2C510&ssl=1&resize=1050%2C600 3x"},"classes":[]},{"id":30512,"url":"https:\/\/larevistadigital.com.ar\/blog\/chascomus-operativo-y-detencion-de-dos-sujetos\/","url_meta":{"origin":12558,"position":3},"title":"CHASCOM\u00daS: OPERATIVO Y DETENCI\u00d3N DE DOS SUJETOS","author":"Alejandro Sosa Ruda","date":"10 marzo, 2023","format":false,"excerpt":"Pese a realizar sendos allanamientos que no arrojaron resultados, al haber una orden de detenci\u00f3n, la polic\u00eda logr\u00f3 ubicarlos y detenerlos. 9 de marzo de 2023 CHASCOM\u00daS -\u00a0 A ra\u00edz de las investigaciones respecto de un hecho que fue caratulado como \"Robo Agravado por ser en poblado y en banda,\u2026","rel":"","context":"En \u00abDESTACADAS\u00bb","block_context":{"text":"DESTACADAS","link":"https:\/\/larevistadigital.com.ar\/blog\/category\/destacadas\/"},"img":{"alt_text":"","src":"https:\/\/i0.wp.com\/larevistadigital.com.ar\/blog\/wp-content\/uploads\/1620734311775.jpg?fit=1200%2C777&ssl=1&resize=350%2C200","width":350,"height":200,"srcset":"https:\/\/i0.wp.com\/larevistadigital.com.ar\/blog\/wp-content\/uploads\/1620734311775.jpg?fit=1200%2C777&ssl=1&resize=350%2C200 1x, https:\/\/i0.wp.com\/larevistadigital.com.ar\/blog\/wp-content\/uploads\/1620734311775.jpg?fit=1200%2C777&ssl=1&resize=525%2C300 1.5x, https:\/\/i0.wp.com\/larevistadigital.com.ar\/blog\/wp-content\/uploads\/1620734311775.jpg?fit=1200%2C777&ssl=1&resize=700%2C400 2x, https:\/\/i0.wp.com\/larevistadigital.com.ar\/blog\/wp-content\/uploads\/1620734311775.jpg?fit=1200%2C777&ssl=1&resize=1050%2C600 3x"},"classes":[]},{"id":10286,"url":"https:\/\/larevistadigital.com.ar\/blog\/chascomus-la-policia-comunal-recupero-una-moto-robada\/","url_meta":{"origin":12558,"position":4},"title":"CHASCOM\u00daS: LA POLIC\u00cdA COMUNAL RECUPER\u00d3 UNA MOTO ROBADA","author":"Alejandro Sosa Ruda","date":"23 mayo, 2019","format":false,"excerpt":"En el d\u00eda de ayer, en horas de la tarde personal del GTO de la EPC Chascom\u00fas en calle Rico entre Garay y Belbetze intercept\u00f3 una motocicleta marca Yamaha XTZ 125 cc color negro dominio 822CVQ que era conducida por un masculino de 24 a\u00f1os de edad domiciliado en esta\u2026","rel":"","context":"En \u00abPOLICIALES\u00bb","block_context":{"text":"POLICIALES","link":"https:\/\/larevistadigital.com.ar\/blog\/category\/policiales\/"},"img":{"alt_text":"","src":"https:\/\/i0.wp.com\/larevistadigital.com.ar\/blog\/wp-content\/uploads\/2019\/05\/WhatsApp-Image-2019-05-22-at-22.32.47.jpeg?fit=1032%2C774&ssl=1&resize=350%2C200","width":350,"height":200,"srcset":"https:\/\/i0.wp.com\/larevistadigital.com.ar\/blog\/wp-content\/uploads\/2019\/05\/WhatsApp-Image-2019-05-22-at-22.32.47.jpeg?fit=1032%2C774&ssl=1&resize=350%2C200 1x, https:\/\/i0.wp.com\/larevistadigital.com.ar\/blog\/wp-content\/uploads\/2019\/05\/WhatsApp-Image-2019-05-22-at-22.32.47.jpeg?fit=1032%2C774&ssl=1&resize=525%2C300 1.5x, https:\/\/i0.wp.com\/larevistadigital.com.ar\/blog\/wp-content\/uploads\/2019\/05\/WhatsApp-Image-2019-05-22-at-22.32.47.jpeg?fit=1032%2C774&ssl=1&resize=700%2C400 2x"},"classes":[]},{"id":1352,"url":"https:\/\/larevistadigital.com.ar\/blog\/continuan-las-tareas-de-mejoramiento-urbano\/","url_meta":{"origin":12558,"position":5},"title":"Contin\u00faan las tareas de mejoramiento urbano","author":"editor","date":"15 marzo, 2017","format":false,"excerpt":"En el marco del programa de mejoramiento urbano implementado por el Gobierno de la Municipalidad deGeneral Paz, actualmente se rapara el pavimento de hormig\u00f3n en la calle Carlos Pablo Bona entreAvda. Garay y SaenzPe\u00f1a de la ciudad deRanchos. Las tareas se llevan a cabo en ambas esquinas, por lo que\u2026","rel":"","context":"En \u00abRANCHOS\u00bb","block_context":{"text":"RANCHOS","link":"https:\/\/larevistadigital.com.ar\/blog\/category\/ranchos\/"},"img":{"alt_text":"","src":"https:\/\/i0.wp.com\/larevistadigital.com.ar\/blog\/wp-content\/uploads\/2017\/03\/ASFALTO-RANCHOS-2.jpg?fit=847%2C549&ssl=1&resize=350%2C200","width":350,"height":200,"srcset":"https:\/\/i0.wp.com\/larevistadigital.com.ar\/blog\/wp-content\/uploads\/2017\/03\/ASFALTO-RANCHOS-2.jpg?fit=847%2C549&ssl=1&resize=350%2C200 1x, https:\/\/i0.wp.com\/larevistadigital.com.ar\/blog\/wp-content\/uploads\/2017\/03\/ASFALTO-RANCHOS-2.jpg?fit=847%2C549&ssl=1&resize=525%2C300 1.5x, https:\/\/i0.wp.com\/larevistadigital.com.ar\/blog\/wp-content\/uploads\/2017\/03\/ASFALTO-RANCHOS-2.jpg?fit=847%2C549&ssl=1&resize=700%2C400 2x"},"classes":[]}],"_links":{"self":[{"href":"https:\/\/larevistadigital.com.ar\/blog\/wp-json\/wp\/v2\/posts\/12558","targetHints":{"allow":["GET"]}}],"collection":[{"href":"https:\/\/larevistadigital.com.ar\/blog\/wp-json\/wp\/v2\/posts"}],"about":[{"href":"https:\/\/larevistadigital.com.ar\/blog\/wp-json\/wp\/v2\/types\/post"}],"author":[{"embeddable":true,"href":"https:\/\/larevistadigital.com.ar\/blog\/wp-json\/wp\/v2\/users\/3"}],"replies":[{"embeddable":true,"href":"https:\/\/larevistadigital.com.ar\/blog\/wp-json\/wp\/v2\/comments?post=12558"}],"version-history":[{"count":2,"href":"https:\/\/larevistadigital.com.ar\/blog\/wp-json\/wp\/v2\/posts\/12558\/revisions"}],"predecessor-version":[{"id":12561,"href":"https:\/\/larevistadigital.com.ar\/blog\/wp-json\/wp\/v2\/posts\/12558\/revisions\/12561"}],"wp:featuredmedia":[{"embeddable":true,"href":"https:\/\/larevistadigital.com.ar\/blog\/wp-json\/wp\/v2\/media\/12559"}],"wp:attachment":[{"href":"https:\/\/larevistadigital.com.ar\/blog\/wp-json\/wp\/v2\/media?parent=12558"}],"wp:term":[{"taxonomy":"category","embeddable":true,"href":"https:\/\/larevistadigital.com.ar\/blog\/wp-json\/wp\/v2\/categories?post=12558"},{"taxonomy":"post_tag","embeddable":true,"href":"https:\/\/larevistadigital.com.ar\/blog\/wp-json\/wp\/v2\/tags?post=12558"}],"curies":[{"name":"wp","href":"https:\/\/api.w.org\/{rel}","templated":true}]}}