{"id":12586,"date":"2019-10-10T22:35:50","date_gmt":"2019-10-10T22:35:50","guid":{"rendered":"https:\/\/larevistadigital.com.ar\/blog\/?p=12586"},"modified":"2019-10-10T22:36:49","modified_gmt":"2019-10-10T22:36:49","slug":"los-partidos-de-river-y-boca-por-la-superliga-previos-al-superclasico-cambiaran-de-fecha","status":"publish","type":"post","link":"https:\/\/larevistadigital.com.ar\/blog\/los-partidos-de-river-y-boca-por-la-superliga-previos-al-superclasico-cambiaran-de-fecha\/","title":{"rendered":"LOS PARTIDOS DE RIVER Y BOCA POR LA SUPERLIGA, PREVIOS AL SUPERCL\u00c1SICO, CAMBIAR\u00c1N DE FECHA"},"content":{"rendered":"<h2><em>El cambio se dar\u00eda por cuestiones de seguridad: el s\u00e1bado 19, cuando estaban pautados los encuentros, en Capital se desarrollar\u00e1 una de las marchas en apoyo al presidente Mauricio Macri.<\/em><\/h2>\n<div class=\"row pb-content-type-text\">\n<div class=\"col-xs-12 col-print-12\">\n<p class=\"element element-paragraph\"><b>La \u00faltima prueba de Boca y de River previa a la segunda semifinal de la Copa Libertadores cambiar\u00eda de d\u00eda por cuestiones de seguridad<\/b>. En las pr\u00f3ximas horas, la Superliga anunciar\u00eda cambios en la agenda de la fecha 10 del certamen de Primera Divisi\u00f3n, y tanto el Xeneize como el Millonario, que el martes 22 se cruzar\u00e1n en la Bombonera desde las 21:30, pasar\u00edan a jugar sus compromisos locales del s\u00e1bado 19 al viernes 18.<\/p>\n<\/div>\n<\/div>\n<div class=\"row pb-content-type-text\">\n<div class=\"col-xs-12 col-print-12\">\n<blockquote>\n<h3 class=\"element element-paragraph\">El motivo de la modificaci\u00f3n es que el s\u00e1bado se desarrollar\u00e1 en la Capital Federal la marcha en apoyo al presidente Mauricio Macri en el Obelisco. La seguridad estar\u00e1 abocada a ese evento, y no podr\u00e1 cubrir todas las demandas. El partido entre Boca-Racing est\u00e1 pautado para el 19 de octubre a las 17:45 en su estadio. En tanto, River ten\u00eda previsto visitar a Arsenal en Sarand\u00ed el mismo d\u00eda, a las 20. Para que ninguno obtenga un beneficio de los cambios, los dos jugar\u00edan el viernes.<\/h3>\n<\/blockquote>\n<\/div>\n<\/div>\n<div class=\"row pb-content-type-text\">\n<div class=\"col-xs-12 col-print-12\">\n<p class=\"element element-paragraph\">Las conversaciones entre el ente que rige el f\u00fatbol de \u00e9lite en Argentina y el Ministerio de Seguridad de la Ciudad continuar\u00e1n este viernes, cuando se tomar\u00e1 la resoluci\u00f3n. En el caso de que Boca y River muevan sus partidos, habr\u00e1 una reprogramaci\u00f3n mayor, que incluir\u00eda el corrimiento de Independiente-Argentinos (hoy aparece en el almanaque el lunes a las 21:10) y de Col\u00f3n-Godoy Cruz (s\u00e1bado a las 15:30).<\/p>\n<p><b>Tanto Boca como River, de todas maneras, ten\u00edan previsto apelar a un mix en sus formaciones ante la Academia y el Arse, respectivamente<\/b>, en pos de cuidar a sus figuras m\u00e1s importantes para el duelo que definir\u00e1 a uno de los finalistas del certamen continental m\u00e1s importante (la otra serie la protagonizan Flamengo y Gremio, que igualaron 1-1 en la ida).<\/p>\n<\/div>\n<\/div>\n","protected":false},"excerpt":{"rendered":"<div class=\"mh-excerpt\"><p>El cambio se dar\u00eda por cuestiones de seguridad: el s\u00e1bado 19, cuando estaban pautados los encuentros, en Capital se desarrollar\u00e1 una de las marchas en apoyo al presidente Mauricio Macri. La \u00faltima prueba de Boca <a class=\"mh-excerpt-more\" href=\"https:\/\/larevistadigital.com.ar\/blog\/los-partidos-de-river-y-boca-por-la-superliga-previos-al-superclasico-cambiaran-de-fecha\/\" title=\"LOS PARTIDOS DE RIVER Y BOCA POR LA SUPERLIGA, PREVIOS AL SUPERCL\u00c1SICO, CAMBIAR\u00c1N DE FECHA\">[Leer M\u00e1s]<\/a><\/p>\n<\/div>","protected":false},"author":3,"featured_media":12588,"comment_status":"open","ping_status":"open","sticky":false,"template":"","format":"standard","meta":{"_jetpack_memberships_contains_paid_content":false,"footnotes":"","jetpack_publicize_message":"","jetpack_publicize_feature_enabled":true,"jetpack_social_post_already_shared":true,"jetpack_social_options":{"image_generator_settings":{"template":"highway","default_image_id":0,"font":"","enabled":false},"version":2}},"categories":[8,50],"tags":[],"class_list":{"0":"post-12586","1":"post","2":"type-post","3":"status-publish","4":"format-standard","5":"has-post-thumbnail","7":"category-deportes","8":"category-interes-general"},"jetpack_publicize_connections":[],"jetpack_featured_media_url":"https:\/\/i0.wp.com\/larevistadigital.com.ar\/blog\/wp-content\/uploads\/Screenshot_3-18.jpg?fit=931%2C610&ssl=1","jetpack_sharing_enabled":true,"jetpack_shortlink":"https:\/\/wp.me\/p8qtrQ-3h0","jetpack-related-posts":[{"id":1763,"url":"https:\/\/larevistadigital.com.ar\/blog\/comenzo-la-marcha-del-1a-en-apoyo-al-gobierno-de-mauricio-macri\/","url_meta":{"origin":12586,"position":0},"title":"COMENZ\u00d3 LA MARCHA DEL #1A EN APOYO AL GOBIERNO DE MAURICIO MACRI","author":"Alejandro Sosa Ruda","date":"1 abril, 2017","format":false,"excerpt":"Los manifestantes se concentraron en el Obelisco y se dirigieron a Plaza de Mayo. Con la consigna \"#1A Por la Democracia\" hoy se organizaba la marcha \"autoconvocada\" en redes sociales a favor del Gobierno de Mauricio Macri. Sin apoyo ni organizaci\u00f3n del macrismo, manifestantes llegaban al Obelisco pasadas las 17\u2026","rel":"","context":"En \u00abDESTACADAS\u00bb","block_context":{"text":"DESTACADAS","link":"https:\/\/larevistadigital.com.ar\/blog\/category\/destacadas\/"},"img":{"alt_text":"","src":"https:\/\/i0.wp.com\/larevistadigital.com.ar\/blog\/wp-content\/uploads\/2017\/04\/SkoX_5Tnl_930x525.jpg?fit=930%2C525&ssl=1&resize=350%2C200","width":350,"height":200,"srcset":"https:\/\/i0.wp.com\/larevistadigital.com.ar\/blog\/wp-content\/uploads\/2017\/04\/SkoX_5Tnl_930x525.jpg?fit=930%2C525&ssl=1&resize=350%2C200 1x, https:\/\/i0.wp.com\/larevistadigital.com.ar\/blog\/wp-content\/uploads\/2017\/04\/SkoX_5Tnl_930x525.jpg?fit=930%2C525&ssl=1&resize=525%2C300 1.5x, https:\/\/i0.wp.com\/larevistadigital.com.ar\/blog\/wp-content\/uploads\/2017\/04\/SkoX_5Tnl_930x525.jpg?fit=930%2C525&ssl=1&resize=700%2C400 2x"},"classes":[]},{"id":27391,"url":"https:\/\/larevistadigital.com.ar\/blog\/almuerzo-del-pro-con-discusion-que-termino-con-una-tregua-que-parece-bastante-fragil\/","url_meta":{"origin":12586,"position":1},"title":"ALMUERZO DEL PRO CON DISCUSI\u00d3N QUE TERMIN\u00d3 CON UNA TREGUA QUE PARECE BASTANTE FR\u00c1GIL","author":"Alejandro Sosa Ruda","date":"30 agosto, 2022","format":false,"excerpt":"Se acord\u00f3 bajar el tono de las declaraciones respecto del accionar del gobierno porte\u00f1o en Recoleta, aunque Patricia Bullrich dej\u00f3 en claro que no se privar\u00e1 de \"opinar\". Larreta por su parte dijo que estas cr\u00edticas perjudican a la unidad. 30 de agosto de 2022 En un almuerzo que se\u2026","rel":"","context":"En \u00abINTERES GENERAL\u00bb","block_context":{"text":"INTERES GENERAL","link":"https:\/\/larevistadigital.com.ar\/blog\/category\/interes-general\/"},"img":{"alt_text":"","src":"https:\/\/i0.wp.com\/larevistadigital.com.ar\/blog\/wp-content\/uploads\/almuerzo-pro.png?fit=706%2C363&ssl=1&resize=350%2C200","width":350,"height":200,"srcset":"https:\/\/i0.wp.com\/larevistadigital.com.ar\/blog\/wp-content\/uploads\/almuerzo-pro.png?fit=706%2C363&ssl=1&resize=350%2C200 1x, https:\/\/i0.wp.com\/larevistadigital.com.ar\/blog\/wp-content\/uploads\/almuerzo-pro.png?fit=706%2C363&ssl=1&resize=525%2C300 1.5x, https:\/\/i0.wp.com\/larevistadigital.com.ar\/blog\/wp-content\/uploads\/almuerzo-pro.png?fit=706%2C363&ssl=1&resize=700%2C400 2x"},"classes":[]},{"id":2956,"url":"https:\/\/larevistadigital.com.ar\/blog\/el-presidente-de-la-nacion-mauricio-macri-recordo-al-momo-venegas-en-su-discurso-inaugural-en-la-exposicion-rural\/","url_meta":{"origin":12586,"position":2},"title":"El presidente de la Naci\u00f3n, Mauricio Macri record\u00f3 al \u00abMomo Venegas\u00bb en su discurso inaugural en la Exposici\u00f3n Rural","author":"admin","date":"1 agosto, 2017","format":false,"excerpt":"Al pronunciar su discurso inaugural en la 131\u00ba Exposici\u00f3n Rural de Palermo, el presidente de la Naci\u00f3n, Mauricio Macri, rindi\u00f3 homenaje al recientemente fallecido l\u00edder de los trabajadores rurales, Ger\u00f3nimo Venegas. \"Ger\u00f3nimo Venegas un luchador, un gran dirigente, un defensor de la libertad.\u00a0 Mis condolencias a sus hijas ac\u00e1 presentes\".\u2026","rel":"","context":"En \u00abGREMIALES\u00bb","block_context":{"text":"GREMIALES","link":"https:\/\/larevistadigital.com.ar\/blog\/category\/gremiales\/"},"img":{"alt_text":"","src":"https:\/\/i0.wp.com\/larevistadigital.com.ar\/blog\/wp-content\/uploads\/2017\/08\/6504.jpg?fit=396%2C230&ssl=1&resize=350%2C200","width":350,"height":200},"classes":[]},{"id":1778,"url":"https:\/\/larevistadigital.com.ar\/blog\/una-multitud-se-concentro-en-distintos-puntos-del-pais-en-apoyo-al-gobierno-de-mauricio-macri\/","url_meta":{"origin":12586,"position":3},"title":"UNA MULTITUD SE CONCENTR\u00d3 EN DISTINTOS PUNTOS DEL PA\u00cdS EN APOYO AL GOBIERNO DE MAURICIO MACRI","author":"Alejandro Sosa Ruda","date":"2 abril, 2017","format":false,"excerpt":"Los manifestantes se concentraron en el Obelisco y se dirigieron a Plaza de Mayo, conformando una verdadera multitud Con la consigna\u00a0\"#1A Por la Democracia\"\u00a0se est\u00e1 desarrollando \u00a0la marcha \"autoconvocada\" en redes sociales a favor del Gobierno de Mauricio Macri. Sin apoyo ni organizaci\u00f3n del macrismo, manifestantes llegaban al Obelisco pasadas\u2026","rel":"","context":"En \u00abDESTACADAS\u00bb","block_context":{"text":"DESTACADAS","link":"https:\/\/larevistadigital.com.ar\/blog\/category\/destacadas\/"},"img":{"alt_text":"","src":"https:\/\/i0.wp.com\/larevistadigital.com.ar\/blog\/wp-content\/uploads\/2017\/04\/marcha-por-la-democracia-1920-111.jpg?fit=1200%2C674&ssl=1&resize=350%2C200","width":350,"height":200,"srcset":"https:\/\/i0.wp.com\/larevistadigital.com.ar\/blog\/wp-content\/uploads\/2017\/04\/marcha-por-la-democracia-1920-111.jpg?fit=1200%2C674&ssl=1&resize=350%2C200 1x, https:\/\/i0.wp.com\/larevistadigital.com.ar\/blog\/wp-content\/uploads\/2017\/04\/marcha-por-la-democracia-1920-111.jpg?fit=1200%2C674&ssl=1&resize=525%2C300 1.5x, https:\/\/i0.wp.com\/larevistadigital.com.ar\/blog\/wp-content\/uploads\/2017\/04\/marcha-por-la-democracia-1920-111.jpg?fit=1200%2C674&ssl=1&resize=700%2C400 2x, https:\/\/i0.wp.com\/larevistadigital.com.ar\/blog\/wp-content\/uploads\/2017\/04\/marcha-por-la-democracia-1920-111.jpg?fit=1200%2C674&ssl=1&resize=1050%2C600 3x"},"classes":[]},{"id":5889,"url":"https:\/\/larevistadigital.com.ar\/blog\/mauricio-macri-cuestiono-a-los-gremialistas-por-el-paro-nacional-no-contribuyen-en-nada\/","url_meta":{"origin":12586,"position":4},"title":"Mauricio Macri cuestion\u00f3 a los gremialistas por el paro nacional: \u00abNo contribuyen en nada\u00bb","author":"admin","date":"25 junio, 2018","format":false,"excerpt":"El Presidente habl\u00f3 en Tandil sobre la medida de fuerza impulsada por la CGT El presidente\u00a0Mauricio Macri\u00a0cuestion\u00f3 a los gremialistas por el\u00a0paro general\u00a0que se desarrolla durante la jornada de hoy: \"No contribuyen en nada\", se\u00f1al\u00f3 el Jefe de Estado\u00a0en el marco de\u00a0una entrevista en Tandil, acompa\u00f1ado por la gobernadora bonaerense,\u00a0Mar\u00eda\u2026","rel":"","context":"En \u00abPOLITICA\u00bb","block_context":{"text":"POLITICA","link":"https:\/\/larevistadigital.com.ar\/blog\/category\/politica\/"},"img":{"alt_text":"","src":"https:\/\/i0.wp.com\/larevistadigital.com.ar\/blog\/wp-content\/uploads\/2018\/06\/Macri-conferencia.jpg?fit=850%2C560&ssl=1&resize=350%2C200","width":350,"height":200,"srcset":"https:\/\/i0.wp.com\/larevistadigital.com.ar\/blog\/wp-content\/uploads\/2018\/06\/Macri-conferencia.jpg?fit=850%2C560&ssl=1&resize=350%2C200 1x, https:\/\/i0.wp.com\/larevistadigital.com.ar\/blog\/wp-content\/uploads\/2018\/06\/Macri-conferencia.jpg?fit=850%2C560&ssl=1&resize=525%2C300 1.5x, https:\/\/i0.wp.com\/larevistadigital.com.ar\/blog\/wp-content\/uploads\/2018\/06\/Macri-conferencia.jpg?fit=850%2C560&ssl=1&resize=700%2C400 2x"},"classes":[]},{"id":3098,"url":"https:\/\/larevistadigital.com.ar\/blog\/macri-gano-en-cordoba-y-cambiemos-se-impone-en-casi-todo-el-pais\/","url_meta":{"origin":12586,"position":5},"title":"MACRI GAN\u00d3 EN CORDOBA, Y CAMBIEMOS SE IMPONE EN CASI TODO EL PA\u00cdS","author":"Alejandro Sosa Ruda","date":"13 agosto, 2017","format":false,"excerpt":"Los primeros datos que llegan, una vez cerrada la votaci\u00f3n, dan como claro ganador en el pa\u00eds al frente Cambiemos, liderado por el presidente Mauricio Macri. Pese a los distintos boca de urna, que en muchos casos son contradictorios, el frente oficialista estar\u00eda ganando en gran parte del pa\u00eds, como\u2026","rel":"","context":"En \u00abDESTACADAS\u00bb","block_context":{"text":"DESTACADAS","link":"https:\/\/larevistadigital.com.ar\/blog\/category\/destacadas\/"},"img":{"alt_text":"","src":"https:\/\/i0.wp.com\/larevistadigital.com.ar\/blog\/wp-content\/uploads\/2017\/08\/HkRXn6C7e_930x525.jpg?fit=930%2C525&ssl=1&resize=350%2C200","width":350,"height":200,"srcset":"https:\/\/i0.wp.com\/larevistadigital.com.ar\/blog\/wp-content\/uploads\/2017\/08\/HkRXn6C7e_930x525.jpg?fit=930%2C525&ssl=1&resize=350%2C200 1x, https:\/\/i0.wp.com\/larevistadigital.com.ar\/blog\/wp-content\/uploads\/2017\/08\/HkRXn6C7e_930x525.jpg?fit=930%2C525&ssl=1&resize=525%2C300 1.5x, https:\/\/i0.wp.com\/larevistadigital.com.ar\/blog\/wp-content\/uploads\/2017\/08\/HkRXn6C7e_930x525.jpg?fit=930%2C525&ssl=1&resize=700%2C400 2x"},"classes":[]}],"_links":{"self":[{"href":"https:\/\/larevistadigital.com.ar\/blog\/wp-json\/wp\/v2\/posts\/12586","targetHints":{"allow":["GET"]}}],"collection":[{"href":"https:\/\/larevistadigital.com.ar\/blog\/wp-json\/wp\/v2\/posts"}],"about":[{"href":"https:\/\/larevistadigital.com.ar\/blog\/wp-json\/wp\/v2\/types\/post"}],"author":[{"embeddable":true,"href":"https:\/\/larevistadigital.com.ar\/blog\/wp-json\/wp\/v2\/users\/3"}],"replies":[{"embeddable":true,"href":"https:\/\/larevistadigital.com.ar\/blog\/wp-json\/wp\/v2\/comments?post=12586"}],"version-history":[{"count":1,"href":"https:\/\/larevistadigital.com.ar\/blog\/wp-json\/wp\/v2\/posts\/12586\/revisions"}],"predecessor-version":[{"id":12587,"href":"https:\/\/larevistadigital.com.ar\/blog\/wp-json\/wp\/v2\/posts\/12586\/revisions\/12587"}],"wp:featuredmedia":[{"embeddable":true,"href":"https:\/\/larevistadigital.com.ar\/blog\/wp-json\/wp\/v2\/media\/12588"}],"wp:attachment":[{"href":"https:\/\/larevistadigital.com.ar\/blog\/wp-json\/wp\/v2\/media?parent=12586"}],"wp:term":[{"taxonomy":"category","embeddable":true,"href":"https:\/\/larevistadigital.com.ar\/blog\/wp-json\/wp\/v2\/categories?post=12586"},{"taxonomy":"post_tag","embeddable":true,"href":"https:\/\/larevistadigital.com.ar\/blog\/wp-json\/wp\/v2\/tags?post=12586"}],"curies":[{"name":"wp","href":"https:\/\/api.w.org\/{rel}","templated":true}]}}