{"id":12664,"date":"2019-10-16T16:36:43","date_gmt":"2019-10-16T16:36:43","guid":{"rendered":"https:\/\/larevistadigital.com.ar\/blog\/?p=12664"},"modified":"2019-10-16T16:36:43","modified_gmt":"2019-10-16T16:36:43","slug":"si-aimar-es-el-idolo-de-messi-tambien-tiene-que-ser-el-mio","status":"publish","type":"post","link":"https:\/\/larevistadigital.com.ar\/blog\/si-aimar-es-el-idolo-de-messi-tambien-tiene-que-ser-el-mio\/","title":{"rendered":"\u00abSI AIMAR ES EL \u00cdDOLO DE MESSI, TAMBI\u00c9N TIENE QUE SER EL M\u00cdO\u00bb"},"content":{"rendered":"<p>Cuando<strong>\u00a0David Luiz<\/strong>\u00a0pas\u00f3 de Vittoria de Brasil a Benfica en el a\u00f1o 2007, su llegada pudo ser m\u00e1s placentera gracias a la c\u00e1lida bienvenida que le dio\u00a0<strong>Pablo Aimar<\/strong>. El ex mediocampista fue muy importante para que el brasile\u00f1o logre adaptarse al nuevo grupo de compa\u00f1eros, adem\u00e1s de ense\u00f1arle todo lo que \u00e9l sabe.\u00a0Y esa actitud del Payasito\u00a0no la olvidar\u00e1 jam\u00e1s.<\/p>\n<blockquote>\n<h3>As\u00ed lo dijo el propio zaguero, quien record\u00f3 momentos vividos con el \u00eddolo de River:\u00a0<strong><em>\u00abEmpez\u00f3 a ense\u00f1arme c\u00f3mo pasar de una pelota en defensa a una en ataque, c\u00f3mo crear espacios, c\u00f3mo esconder un pase para tratar de encontrarlo entre l\u00edneas, una clase de consejos que nunca hab\u00eda tenido\u00bb<\/em><\/strong>, explic\u00f3.<\/h3>\n<\/blockquote>\n<p>Y a\u00f1adi\u00f3:\u00a0<em><strong>\u00abFue alguien que me permiti\u00f3 mejorar mucho mi juego&#8230;\u00a0es un jugador top, para m\u00ed, el mejor con el que jugu\u00e9\u00bb<\/strong><\/em>. Adem\u00e1s, record\u00f3 que Aimar es uno de los \u00eddolos que tiene\u00a0<strong>Lionel Messi<\/strong>, y al respecto, concluy\u00f3 diciendo:<strong><em>\u00a0\u00abSi es el \u00eddolo de Messi tambi\u00e9n tiene que ser el m\u00edo\u00bb<\/em><\/strong>, cerr\u00f3.<\/p>\n","protected":false},"excerpt":{"rendered":"<div class=\"mh-excerpt\"><p>Cuando\u00a0David Luiz\u00a0pas\u00f3 de Vittoria de Brasil a Benfica en el a\u00f1o 2007, su llegada pudo ser m\u00e1s placentera gracias a la c\u00e1lida bienvenida que le dio\u00a0Pablo Aimar. El ex mediocampista fue muy importante para que <a class=\"mh-excerpt-more\" href=\"https:\/\/larevistadigital.com.ar\/blog\/si-aimar-es-el-idolo-de-messi-tambien-tiene-que-ser-el-mio\/\" title=\"\u00abSI AIMAR ES EL \u00cdDOLO DE MESSI, TAMBI\u00c9N TIENE QUE SER EL M\u00cdO\u00bb\">[Leer M\u00e1s]<\/a><\/p>\n<\/div>","protected":false},"author":3,"featured_media":12665,"comment_status":"open","ping_status":"open","sticky":false,"template":"","format":"standard","meta":{"_jetpack_memberships_contains_paid_content":false,"footnotes":"","jetpack_publicize_message":"","jetpack_publicize_feature_enabled":true,"jetpack_social_post_already_shared":true,"jetpack_social_options":{"image_generator_settings":{"template":"highway","default_image_id":0,"font":"","enabled":false},"version":2}},"categories":[8,50],"tags":[],"class_list":{"0":"post-12664","1":"post","2":"type-post","3":"status-publish","4":"format-standard","5":"has-post-thumbnail","7":"category-deportes","8":"category-interes-general"},"jetpack_publicize_connections":[],"jetpack_featured_media_url":"https:\/\/i0.wp.com\/larevistadigital.com.ar\/blog\/wp-content\/uploads\/aimar_0.jpg?fit=1008%2C566&ssl=1","jetpack_sharing_enabled":true,"jetpack_shortlink":"https:\/\/wp.me\/p8qtrQ-3ig","jetpack-related-posts":[{"id":54,"url":"https:\/\/larevistadigital.com.ar\/blog\/idolo-historico-de-boca-critico-duramente-a-fernando-gago\/","url_meta":{"origin":12664,"position":0},"title":"\u00cddolo hist\u00f3rico de Boca critic\u00f3 duramente a Fernando Gago","author":"editor","date":"30 enero, 2017","format":false,"excerpt":"En una nota concedida a Radio La Red, Vicente Pern\u00eda fue lapidario con algunas actitudes del mediocampista xeneise que molestan a propios y extra\u00f1os. Luego de la derrota frente a River Plate en el partido veraniego jugado en la ciudad de Mar del Plata, el \u00eddolo boquense Vicente Pern\u00eda critic\u00f3\u2026","rel":"","context":"En \u00abDEPORTES\u00bb","block_context":{"text":"DEPORTES","link":"https:\/\/larevistadigital.com.ar\/blog\/category\/deportes\/"},"img":{"alt_text":"","src":"https:\/\/i0.wp.com\/larevistadigital.com.ar\/blog\/wp-content\/uploads\/2017\/01\/incidentes_290117.jpg?fit=462%2C347&ssl=1&resize=350%2C200","width":350,"height":200},"classes":[]},{"id":11022,"url":"https:\/\/larevistadigital.com.ar\/blog\/pila-el-padre-adolfo-anastasio-ya-descansa-en-su-parroquia\/","url_meta":{"origin":12664,"position":1},"title":"PILA: EL PADRE ADOLFO ANASTASIO YA DESCANSA EN SU PARROQUIA","author":"Alejandro Sosa Ruda","date":"2 julio, 2019","format":false,"excerpt":"El d\u00eda viernes 28 de junio, se llev\u00f3 a cabo la celebraci\u00f3n de las Fiestas Patronales del partido de Pila\u00a0frente a la Parroquia Sagrado Coraz\u00f3n de Jes\u00fas. Con motivo de haberse cumplido 20 a\u00f1os del fallecimiento del Padre Adolfo Anastasio, se record\u00f3 parte su vida y su obra en la\u2026","rel":"","context":"En \u00abPILA\u00bb","block_context":{"text":"PILA","link":"https:\/\/larevistadigital.com.ar\/blog\/category\/pila\/"},"img":{"alt_text":"","src":"https:\/\/i0.wp.com\/larevistadigital.com.ar\/blog\/wp-content\/uploads\/SEPULTURA-DE-ANASTASIO.jpg?fit=960%2C640&ssl=1&resize=350%2C200","width":350,"height":200,"srcset":"https:\/\/i0.wp.com\/larevistadigital.com.ar\/blog\/wp-content\/uploads\/SEPULTURA-DE-ANASTASIO.jpg?fit=960%2C640&ssl=1&resize=350%2C200 1x, https:\/\/i0.wp.com\/larevistadigital.com.ar\/blog\/wp-content\/uploads\/SEPULTURA-DE-ANASTASIO.jpg?fit=960%2C640&ssl=1&resize=525%2C300 1.5x, https:\/\/i0.wp.com\/larevistadigital.com.ar\/blog\/wp-content\/uploads\/SEPULTURA-DE-ANASTASIO.jpg?fit=960%2C640&ssl=1&resize=700%2C400 2x"},"classes":[]},{"id":29008,"url":"https:\/\/larevistadigital.com.ar\/blog\/qatar-2022-argentina-se-entrena-con-probables-cambios-para-enfrentar-a-mexico-el-sabado\/","url_meta":{"origin":12664,"position":2},"title":"QATAR 2022: ARGENTINA SE ENTRENA CON PROBABLES CAMBIOS PARA ENFRENTAR A MEXICO EL SABADO.","author":"Alejandro Sosa Ruda","date":"23 noviembre, 2022","format":false,"excerpt":"El seleccionado argentino volvi\u00f3 hoy a los entrenamientos. Fue luego de la dura derrota en el debut contra Arabia Saudita (2-1), en el debut en el Mundial de Qatar 2022. El entrenador analiza los cambios que realizar\u00e1 para enfrentar el s\u00e1bado a M\u00e9xico, por la segunda fecha del Grupo C.\u00a0El\u2026","rel":"","context":"En \u00abDEPORTES\u00bb","block_context":{"text":"DEPORTES","link":"https:\/\/larevistadigital.com.ar\/blog\/category\/deportes\/"},"img":{"alt_text":"","src":"https:\/\/i0.wp.com\/larevistadigital.com.ar\/blog\/wp-content\/uploads\/16687081304451.jpg?fit=660%2C371&ssl=1&resize=350%2C200","width":350,"height":200,"srcset":"https:\/\/i0.wp.com\/larevistadigital.com.ar\/blog\/wp-content\/uploads\/16687081304451.jpg?fit=660%2C371&ssl=1&resize=350%2C200 1x, https:\/\/i0.wp.com\/larevistadigital.com.ar\/blog\/wp-content\/uploads\/16687081304451.jpg?fit=660%2C371&ssl=1&resize=525%2C300 1.5x"},"classes":[]},{"id":32833,"url":"https:\/\/larevistadigital.com.ar\/blog\/ramiro-ferrante-mientras-ustedes-escuchen-que-a-ramiro-ferrante-lo-critica-el-circulo-rojo-de-la-politica-bienvenido-sea-es-que-hago-lo-que-debo-hacer-de-cara-a-la-gente\/","url_meta":{"origin":12664,"position":3},"title":"RAMIRO FERRANTE: \u00abMIENTRAS USTEDES ESCUCHEN QUE A RAMIRO FERRANTE LO CRITICA EL C\u00cdRCULO ROJO DE LA POL\u00cdTICA, BIENVENIDO SEA. ES QUE HAGO LO QUE DEBO HACER DE CARA A LA GENTE\u00bb","author":"Alejandro Sosa Ruda","date":"11 agosto, 2023","format":false,"excerpt":"El precandidato habl\u00f3 de todo. Una nota donde sin hablar de proyectos, se habl\u00f3 del coraz\u00f3n de la pol\u00edtica, y c\u00f3mo se debe practicar. 10 de agosto de 2023 \"Yo eleg\u00ed hacer pol\u00edtica de otra manera, y no como se hac\u00eda hist\u00f3ricamente. Creo que como sociedad necesitamos cada vez menos\u2026","rel":"","context":"En \u00abINTERES GENERAL\u00bb","block_context":{"text":"INTERES GENERAL","link":"https:\/\/larevistadigital.com.ar\/blog\/category\/interes-general\/"},"img":{"alt_text":"","src":"","width":0,"height":0},"classes":[]},{"id":13313,"url":"https:\/\/larevistadigital.com.ar\/blog\/segun-el-portal-442-riquelme-habria-pedido-una-importante-suma-para-sumarse-a-la-lista-oficial\/","url_meta":{"origin":12664,"position":4},"title":"SEG\u00daN EL PORTAL 442,  RIQUELME HABR\u00cdA PEDIDO UNA IMPORTANTE SUMA PARA SUMARSE A LA LISTA OFICIAL","author":"Alejandro Sosa Ruda","date":"20 noviembre, 2019","format":false,"excerpt":"El mundo Boca estaba en vilo a la espera de la decisi\u00f3n de Juan Rom\u00e1n Riquelme\u00a0sobre su papel en las\u00a0elecciones\u00a0del pr\u00f3ximo 8 de diciembre y este mi\u00e9rcoles tras el anuncio del \u00eddolo de su candidatura como vicepresidente segundo en la lista de Jorge Amor Ameal,\u00a0desde\u00a0fuentes cercanas al oficialismo\u00a0se instal\u00f3 la\u2026","rel":"","context":"En \u00abDEPORTES\u00bb","block_context":{"text":"DEPORTES","link":"https:\/\/larevistadigital.com.ar\/blog\/category\/deportes\/"},"img":{"alt_text":"","src":"https:\/\/i0.wp.com\/larevistadigital.com.ar\/blog\/wp-content\/uploads\/Homenaje_a_Riquelme_cropped.jpg?fit=1200%2C1109&ssl=1&resize=350%2C200","width":350,"height":200,"srcset":"https:\/\/i0.wp.com\/larevistadigital.com.ar\/blog\/wp-content\/uploads\/Homenaje_a_Riquelme_cropped.jpg?fit=1200%2C1109&ssl=1&resize=350%2C200 1x, https:\/\/i0.wp.com\/larevistadigital.com.ar\/blog\/wp-content\/uploads\/Homenaje_a_Riquelme_cropped.jpg?fit=1200%2C1109&ssl=1&resize=525%2C300 1.5x, https:\/\/i0.wp.com\/larevistadigital.com.ar\/blog\/wp-content\/uploads\/Homenaje_a_Riquelme_cropped.jpg?fit=1200%2C1109&ssl=1&resize=700%2C400 2x, https:\/\/i0.wp.com\/larevistadigital.com.ar\/blog\/wp-content\/uploads\/Homenaje_a_Riquelme_cropped.jpg?fit=1200%2C1109&ssl=1&resize=1050%2C600 3x"},"classes":[]},{"id":13484,"url":"https:\/\/larevistadigital.com.ar\/blog\/ricardo-alfonsin-recordo-a-los-radicales-que-no-somos-el-pro\/","url_meta":{"origin":12664,"position":5},"title":"RICARDO ALFONS\u00cdN RECORD\u00d3 A LOS RADICALES QUE \u00abNO SOMOS EL PRO\u00bb","author":"Alejandro Sosa Ruda","date":"5 diciembre, 2019","format":false,"excerpt":"El dirigente radical chascomunense Ricardo Alfons\u00edn consider\u00f3 como \u00abun gran error\u00bb de su partido haber acompa\u00f1ado las pol\u00edticas implementadas por el Gobierno y llam\u00f3 a \u00abdefender las ideas de la UCR y no las del PRO\u00bb. \u00abLas elecciones se perdieron porque los resultados en materia econ\u00f3mica y social fueron muy\u2026","rel":"","context":"En \u00abDESTACADAS\u00bb","block_context":{"text":"DESTACADAS","link":"https:\/\/larevistadigital.com.ar\/blog\/category\/destacadas\/"},"img":{"alt_text":"","src":"https:\/\/i0.wp.com\/larevistadigital.com.ar\/blog\/wp-content\/uploads\/0005467800.jpg?fit=1140%2C796&ssl=1&resize=350%2C200","width":350,"height":200,"srcset":"https:\/\/i0.wp.com\/larevistadigital.com.ar\/blog\/wp-content\/uploads\/0005467800.jpg?fit=1140%2C796&ssl=1&resize=350%2C200 1x, https:\/\/i0.wp.com\/larevistadigital.com.ar\/blog\/wp-content\/uploads\/0005467800.jpg?fit=1140%2C796&ssl=1&resize=525%2C300 1.5x, https:\/\/i0.wp.com\/larevistadigital.com.ar\/blog\/wp-content\/uploads\/0005467800.jpg?fit=1140%2C796&ssl=1&resize=700%2C400 2x, https:\/\/i0.wp.com\/larevistadigital.com.ar\/blog\/wp-content\/uploads\/0005467800.jpg?fit=1140%2C796&ssl=1&resize=1050%2C600 3x"},"classes":[]}],"_links":{"self":[{"href":"https:\/\/larevistadigital.com.ar\/blog\/wp-json\/wp\/v2\/posts\/12664","targetHints":{"allow":["GET"]}}],"collection":[{"href":"https:\/\/larevistadigital.com.ar\/blog\/wp-json\/wp\/v2\/posts"}],"about":[{"href":"https:\/\/larevistadigital.com.ar\/blog\/wp-json\/wp\/v2\/types\/post"}],"author":[{"embeddable":true,"href":"https:\/\/larevistadigital.com.ar\/blog\/wp-json\/wp\/v2\/users\/3"}],"replies":[{"embeddable":true,"href":"https:\/\/larevistadigital.com.ar\/blog\/wp-json\/wp\/v2\/comments?post=12664"}],"version-history":[{"count":1,"href":"https:\/\/larevistadigital.com.ar\/blog\/wp-json\/wp\/v2\/posts\/12664\/revisions"}],"predecessor-version":[{"id":12666,"href":"https:\/\/larevistadigital.com.ar\/blog\/wp-json\/wp\/v2\/posts\/12664\/revisions\/12666"}],"wp:featuredmedia":[{"embeddable":true,"href":"https:\/\/larevistadigital.com.ar\/blog\/wp-json\/wp\/v2\/media\/12665"}],"wp:attachment":[{"href":"https:\/\/larevistadigital.com.ar\/blog\/wp-json\/wp\/v2\/media?parent=12664"}],"wp:term":[{"taxonomy":"category","embeddable":true,"href":"https:\/\/larevistadigital.com.ar\/blog\/wp-json\/wp\/v2\/categories?post=12664"},{"taxonomy":"post_tag","embeddable":true,"href":"https:\/\/larevistadigital.com.ar\/blog\/wp-json\/wp\/v2\/tags?post=12664"}],"curies":[{"name":"wp","href":"https:\/\/api.w.org\/{rel}","templated":true}]}}