{"id":12676,"date":"2019-10-17T12:05:44","date_gmt":"2019-10-17T12:05:44","guid":{"rendered":"https:\/\/larevistadigital.com.ar\/blog\/?p=12676"},"modified":"2019-10-17T12:05:44","modified_gmt":"2019-10-17T12:05:44","slug":"degollaron-a-anciana-para-robarle","status":"publish","type":"post","link":"https:\/\/larevistadigital.com.ar\/blog\/degollaron-a-anciana-para-robarle\/","title":{"rendered":"DEGOLLARON A ANCIANA PARA ROBARLE"},"content":{"rendered":"<h2><em>Berta Hauche ten\u00eda 72 a\u00f1os y muri\u00f3 en el hospital. Hay un menor de 15 a\u00f1os detenido. \u201cDegollaron a mi madre por un kilo de pan\u201d, dijo Reynaldo, hijo de la v\u00edctima.<\/em><\/h2>\n<p>Una jubilada de 72 a\u00f1os fue asesinada a pu\u00f1aladas por uno de los dos delincuentes que la asaltaron cuando regresaba de hacer compras a metros de su casa de Alejandro Korn, y por el homicidio hay un sospechoso de tan s\u00f3lo 15 a\u00f1os detenido y al menos un pr\u00f3fugo.<\/p>\n<blockquote>\n<h3>El hecho ocurri\u00f3 alrededor de las 20.30 de este martes en la calle Florida y San Salvador de esa localidad de San Vicente, a 40 metros del domicilio de la v\u00edctima, identificada como <strong>Berta Hauche<\/strong>.<\/h3>\n<\/blockquote>\n<p>Seg\u00fan las fuentes, la mujer hab\u00eda ido a hacer compras a un comercio cercano y cuando regresaba a su casa fue atacada por al menos dos ladrones. <strong><em>\u00abLa abordaron desde atr\u00e1s y sin motivo la apu\u00f1alaron en la cabeza\u00bb<\/em><\/strong>, dijo a T\u00e9lam uno de los investigadores.<\/p>\n<p>Los asaltantes robaron el tel\u00e9fono celular de <strong>Hauche<\/strong> y otras pertenencias y escaparon del lugar.<\/p>\n<blockquote>\n<h3>La mujer qued\u00f3 tendida boca abajo en la vereda en medio de un gran charco de sangre por la hemorragia originada por las pu\u00f1aladas y fue asistida por vecinos que de inmediato llamaron a la polic\u00eda y una ambulancia.<\/h3>\n<\/blockquote>\n<p>La anciana fue trasladada a un centro m\u00e9dico de la zona pero falleci\u00f3 por la gravedad de las heridas que presentaba.<\/p>\n<p>El caso comenz\u00f3 a ser investigado por la fiscal <strong>Karina Guyot<\/strong>, de la Unidad Funcional de Instrucci\u00f3n (UFI) descentralizada de San Vicente, del departamento judicial La Plata, y por efectivos de la comisar\u00eda local y de la Jefatura Departamental San Vicente.<\/p>\n<p>Tras una serie de tareas investigativas y el an\u00e1lisis de unos videos de c\u00e1maras de seguridad, los investigadores identificaron a dos sospechosos y realizaron una serie de allanamientos de urgencia.<\/p>\n<blockquote>\n<h3>Un adolescente de 15 a\u00f1os -por su edad es inimputable-, fue aprehendido como uno de los presuntos autores del hecho, mientras que la fiscal y los detectives que trabajan en el caso tienen en la mira a otro sospechoso de 23 a\u00f1os, que a\u00fan no pudo ser localizado.<\/h3>\n<\/blockquote>\n<p><strong>\u00abDegollaron a mi madre por un kilo de pan\u00bb<\/strong>, dijo <strong>Reynaldo<\/strong>, uno de los hijos de Berta, en declaraciones a TN.<\/p>\n<p>El hombre denunci\u00f3 que, seg\u00fan los pocos testimonios de los vecinos, \u00abla ambulancia tard\u00f3 media hora\u00bb en llegar al lugar. Tambi\u00e9n asegur\u00f3 que en el sitio deb\u00eda haber una cuadrilla policial, pero que al momento del crimen no se encontraba presente.<\/p>\n","protected":false},"excerpt":{"rendered":"<div class=\"mh-excerpt\"><p>Berta Hauche ten\u00eda 72 a\u00f1os y muri\u00f3 en el hospital. Hay un menor de 15 a\u00f1os detenido. \u201cDegollaron a mi madre por un kilo de pan\u201d, dijo Reynaldo, hijo de la v\u00edctima. Una jubilada de <a class=\"mh-excerpt-more\" href=\"https:\/\/larevistadigital.com.ar\/blog\/degollaron-a-anciana-para-robarle\/\" title=\"DEGOLLARON A ANCIANA PARA ROBARLE\">[Leer M\u00e1s]<\/a><\/p>\n<\/div>","protected":false},"author":3,"featured_media":12677,"comment_status":"open","ping_status":"open","sticky":false,"template":"","format":"standard","meta":{"_jetpack_memberships_contains_paid_content":false,"footnotes":"","jetpack_publicize_message":"","jetpack_publicize_feature_enabled":true,"jetpack_social_post_already_shared":true,"jetpack_social_options":{"image_generator_settings":{"template":"highway","default_image_id":0,"font":"","enabled":false},"version":2}},"categories":[44,51],"tags":[],"class_list":{"0":"post-12676","1":"post","2":"type-post","3":"status-publish","4":"format-standard","5":"has-post-thumbnail","7":"category-policiales","8":"category-regionales"},"jetpack_publicize_connections":[],"jetpack_featured_media_url":"https:\/\/i0.wp.com\/larevistadigital.com.ar\/blog\/wp-content\/uploads\/20191016_150256.jpg?fit=1080%2C701&ssl=1","jetpack_sharing_enabled":true,"jetpack_shortlink":"https:\/\/wp.me\/p8qtrQ-3is","jetpack-related-posts":[{"id":41238,"url":"https:\/\/larevistadigital.com.ar\/blog\/femicidio-en-tandil-conmocion-por-el-asesinato-de-una-joven-de-18-anos-a-la-salida-de-un-boliche\/","url_meta":{"origin":12676,"position":0},"title":"Femicidio en Tandil: conmoci\u00f3n por el asesinato de una joven de 18 a\u00f1os a la salida de un boliche","author":"Alejandro Sosa Ruda","date":"1 septiembre, 2025","format":false,"excerpt":"Una madrugada tr\u00e1gica golpe\u00f3 a la ciudad serrana cuando una adolescente fue asesinada de una pu\u00f1alada en el cuello en plena v\u00eda p\u00fablica. El agresor, un joven de 23 a\u00f1os, fue detenido y qued\u00f3 a disposici\u00f3n de la Justicia. 01 de agosto de 2025 TANDIL -\u00a0 \u00a0El hecho ocurri\u00f3 el\u2026","rel":"","context":"En \u00abPOLICIALES\u00bb","block_context":{"text":"POLICIALES","link":"https:\/\/larevistadigital.com.ar\/blog\/category\/policiales\/"},"img":{"alt_text":"","src":"https:\/\/i0.wp.com\/larevistadigital.com.ar\/blog\/wp-content\/uploads\/Captura-de-pantalla-2025-09-01-213003.jpg?fit=709%2C505&ssl=1&resize=350%2C200","width":350,"height":200,"srcset":"https:\/\/i0.wp.com\/larevistadigital.com.ar\/blog\/wp-content\/uploads\/Captura-de-pantalla-2025-09-01-213003.jpg?fit=709%2C505&ssl=1&resize=350%2C200 1x, https:\/\/i0.wp.com\/larevistadigital.com.ar\/blog\/wp-content\/uploads\/Captura-de-pantalla-2025-09-01-213003.jpg?fit=709%2C505&ssl=1&resize=525%2C300 1.5x, https:\/\/i0.wp.com\/larevistadigital.com.ar\/blog\/wp-content\/uploads\/Captura-de-pantalla-2025-09-01-213003.jpg?fit=709%2C505&ssl=1&resize=700%2C400 2x"},"classes":[]},{"id":30487,"url":"https:\/\/larevistadigital.com.ar\/blog\/lo-condenaron-a-13-anos-de-prision-por-violar-a-su-hijastra-y-quedo-detenido-luego-de-la-lectura-de-la-sentencia\/","url_meta":{"origin":12676,"position":1},"title":"LO CONDENARON A 13 A\u00d1OS DE PRISI\u00d3N POR VIOLAR A SU HIJASTRA, Y QUED\u00d3 DETENIDO LUEGO DE LA LECTURA DE LA SENTENCIA","author":"Alejandro Sosa Ruda","date":"8 marzo, 2023","format":false,"excerpt":"Sucedi\u00f3 este mi\u00e9rcoles en el Tribunal Oral en lo Criminal N\u00b03. El imputado cometi\u00f3 los hechos entre 2008 y 2016 en la casa que compart\u00edan, en descampados y en un hotel. MAR DEL PLATA -\u00a0 Viol\u00f3 a su hijastra durante 8 a\u00f1os, cuando esta era adolescente. Los hechos ocurrieron en\u2026","rel":"","context":"En \u00abPOLICIALES\u00bb","block_context":{"text":"POLICIALES","link":"https:\/\/larevistadigital.com.ar\/blog\/category\/policiales\/"},"img":{"alt_text":"","src":"https:\/\/i0.wp.com\/larevistadigital.com.ar\/blog\/wp-content\/uploads\/VIOLADOR-1.png?fit=801%2C423&ssl=1&resize=350%2C200","width":350,"height":200,"srcset":"https:\/\/i0.wp.com\/larevistadigital.com.ar\/blog\/wp-content\/uploads\/VIOLADOR-1.png?fit=801%2C423&ssl=1&resize=350%2C200 1x, https:\/\/i0.wp.com\/larevistadigital.com.ar\/blog\/wp-content\/uploads\/VIOLADOR-1.png?fit=801%2C423&ssl=1&resize=525%2C300 1.5x, https:\/\/i0.wp.com\/larevistadigital.com.ar\/blog\/wp-content\/uploads\/VIOLADOR-1.png?fit=801%2C423&ssl=1&resize=700%2C400 2x"},"classes":[]},{"id":8414,"url":"https:\/\/larevistadigital.com.ar\/blog\/adolescentes-rescatan-a-nene-de-ocho-anos-mientras-era-violado-por-su-padrastro\/","url_meta":{"origin":12676,"position":2},"title":"ADOLESCENTES RESCATAN A NENE DE OCHO A\u00d1OS MIENTRAS ERA VIOLADO POR SU PADRASTRO","author":"Alejandro Sosa Ruda","date":"13 febrero, 2019","format":false,"excerpt":"Marcos y Uriel vieron el abuso sexual cuando caminaban por un descampado en Ezeiza. El hombre, de 32 a\u00f1os, fue detenido. Dos adolescentes rescataron a un nene de ocho cuando\u00a0era violado en un descampado\u00a0de la localidad bonaerense de Trist\u00e1n Su\u00e1rez, partido de Ezeiza. Apenas vieron la situaci\u00f3n no lo dudaron\u2026","rel":"","context":"En \u00abDESTACADAS\u00bb","block_context":{"text":"DESTACADAS","link":"https:\/\/larevistadigital.com.ar\/blog\/category\/destacadas\/"},"img":{"alt_text":"","src":"https:\/\/i0.wp.com\/larevistadigital.com.ar\/blog\/wp-content\/uploads\/2019\/02\/e9MKWKCUw_1256x620__1.jpg?fit=1200%2C592&ssl=1&resize=350%2C200","width":350,"height":200,"srcset":"https:\/\/i0.wp.com\/larevistadigital.com.ar\/blog\/wp-content\/uploads\/2019\/02\/e9MKWKCUw_1256x620__1.jpg?fit=1200%2C592&ssl=1&resize=350%2C200 1x, https:\/\/i0.wp.com\/larevistadigital.com.ar\/blog\/wp-content\/uploads\/2019\/02\/e9MKWKCUw_1256x620__1.jpg?fit=1200%2C592&ssl=1&resize=525%2C300 1.5x, https:\/\/i0.wp.com\/larevistadigital.com.ar\/blog\/wp-content\/uploads\/2019\/02\/e9MKWKCUw_1256x620__1.jpg?fit=1200%2C592&ssl=1&resize=700%2C400 2x, https:\/\/i0.wp.com\/larevistadigital.com.ar\/blog\/wp-content\/uploads\/2019\/02\/e9MKWKCUw_1256x620__1.jpg?fit=1200%2C592&ssl=1&resize=1050%2C600 3x"},"classes":[]},{"id":17336,"url":"https:\/\/larevistadigital.com.ar\/blog\/balean-a-joven-vinculado-a-varios-delitos-y-dijo-que-lo-quisieron-asaltar\/","url_meta":{"origin":12676,"position":3},"title":"BALEAN A JOVEN VINCULADO A VARIOS DELITOS Y DIJO QUE LO QUISIERON ASALTAR","author":"Alejandro Sosa Ruda","date":"30 octubre, 2020","format":false,"excerpt":"MAR DEL PLATA - Un joven de 24 a\u00f1os fue baleado ayer a la noche en el barrio Santa Rita y al ir al Hospital Interzonal, le dijo a la polic\u00eda que el ataque lo hab\u00eda sufrido el intento de robo de su moto, sin embargo la mentira se descubri\u00f3\u2026","rel":"","context":"En \u00abPOLICIALES\u00bb","block_context":{"text":"POLICIALES","link":"https:\/\/larevistadigital.com.ar\/blog\/category\/policiales\/"},"img":{"alt_text":"","src":"https:\/\/i0.wp.com\/larevistadigital.com.ar\/blog\/wp-content\/uploads\/Guardia-Higa-0311.jpg?fit=790%2C444&ssl=1&resize=350%2C200","width":350,"height":200,"srcset":"https:\/\/i0.wp.com\/larevistadigital.com.ar\/blog\/wp-content\/uploads\/Guardia-Higa-0311.jpg?fit=790%2C444&ssl=1&resize=350%2C200 1x, https:\/\/i0.wp.com\/larevistadigital.com.ar\/blog\/wp-content\/uploads\/Guardia-Higa-0311.jpg?fit=790%2C444&ssl=1&resize=525%2C300 1.5x, https:\/\/i0.wp.com\/larevistadigital.com.ar\/blog\/wp-content\/uploads\/Guardia-Higa-0311.jpg?fit=790%2C444&ssl=1&resize=700%2C400 2x"},"classes":[]},{"id":10448,"url":"https:\/\/larevistadigital.com.ar\/blog\/crueldad-sin-limites-un-hombre-mantuvo-cautiva-y-encadenada-a-su-mujer-durante-20-anos\/","url_meta":{"origin":12676,"position":4},"title":"CRUELDAD SIN L\u00cdMITES: UN HOMBRE MANTUVO CAUTIVA Y ENCADENADA A SU MUJER DURANTE 20 A\u00d1OS","author":"Alejandro Sosa Ruda","date":"5 junio, 2019","format":false,"excerpt":"El hecho se conoci\u00f3 luego de que la v\u00edctima lograra escaparse de la vivienda. Un hombre de 57 a\u00f1os fue detenido en Rosario\u00a0en las \u00faltimas horas, despu\u00e9s de que su esposa lo denunciara por haberla mantenido cautiva durante 20\u00a0a\u00f1os en su propia casa.\u00a0Seg\u00fan cont\u00f3 la v\u00edctima, sufri\u00f3 de violencia de\u2026","rel":"","context":"En \u00abPOLICIALES\u00bb","block_context":{"text":"POLICIALES","link":"https:\/\/larevistadigital.com.ar\/blog\/category\/policiales\/"},"img":{"alt_text":"","src":"https:\/\/i0.wp.com\/larevistadigital.com.ar\/blog\/wp-content\/uploads\/casa.jpg?fit=1090%2C741&ssl=1&resize=350%2C200","width":350,"height":200,"srcset":"https:\/\/i0.wp.com\/larevistadigital.com.ar\/blog\/wp-content\/uploads\/casa.jpg?fit=1090%2C741&ssl=1&resize=350%2C200 1x, https:\/\/i0.wp.com\/larevistadigital.com.ar\/blog\/wp-content\/uploads\/casa.jpg?fit=1090%2C741&ssl=1&resize=525%2C300 1.5x, https:\/\/i0.wp.com\/larevistadigital.com.ar\/blog\/wp-content\/uploads\/casa.jpg?fit=1090%2C741&ssl=1&resize=700%2C400 2x, https:\/\/i0.wp.com\/larevistadigital.com.ar\/blog\/wp-content\/uploads\/casa.jpg?fit=1090%2C741&ssl=1&resize=1050%2C600 3x"},"classes":[]},{"id":41626,"url":"https:\/\/larevistadigital.com.ar\/blog\/dolores-detienen-a-un-hombre-acusado-de-agredir-y-amenazar-a-una-mujer\/","url_meta":{"origin":12676,"position":5},"title":"Dolores: detienen a un hombre acusado de agredir y amenazar a una mujer","author":"Alejandro Sosa Ruda","date":"24 septiembre, 2025","format":false,"excerpt":"La Polic\u00eda allan\u00f3 su vivienda y secuestr\u00f3 elementos vinculados al hecho. La v\u00edctima ya hab\u00eda denunciado episodios similares y contaba con bot\u00f3n antip\u00e1nico. 23 de septiembre de 2025 DOLORES -\u00a0 Un hombre de 41 a\u00f1os fue detenido en Dolores, tras un allanamiento en su vivienda ordenado por el Juzgado de\u2026","rel":"","context":"En \u00abDOLORES\u00bb","block_context":{"text":"DOLORES","link":"https:\/\/larevistadigital.com.ar\/blog\/category\/dolores\/"},"img":{"alt_text":"","src":"https:\/\/i0.wp.com\/larevistadigital.com.ar\/blog\/wp-content\/uploads\/3926b5058574142b31a38fcbcaad2895b4fdbbb1.jpg?fit=1140%2C716&ssl=1&resize=350%2C200","width":350,"height":200,"srcset":"https:\/\/i0.wp.com\/larevistadigital.com.ar\/blog\/wp-content\/uploads\/3926b5058574142b31a38fcbcaad2895b4fdbbb1.jpg?fit=1140%2C716&ssl=1&resize=350%2C200 1x, https:\/\/i0.wp.com\/larevistadigital.com.ar\/blog\/wp-content\/uploads\/3926b5058574142b31a38fcbcaad2895b4fdbbb1.jpg?fit=1140%2C716&ssl=1&resize=525%2C300 1.5x, https:\/\/i0.wp.com\/larevistadigital.com.ar\/blog\/wp-content\/uploads\/3926b5058574142b31a38fcbcaad2895b4fdbbb1.jpg?fit=1140%2C716&ssl=1&resize=700%2C400 2x, https:\/\/i0.wp.com\/larevistadigital.com.ar\/blog\/wp-content\/uploads\/3926b5058574142b31a38fcbcaad2895b4fdbbb1.jpg?fit=1140%2C716&ssl=1&resize=1050%2C600 3x"},"classes":[]}],"_links":{"self":[{"href":"https:\/\/larevistadigital.com.ar\/blog\/wp-json\/wp\/v2\/posts\/12676","targetHints":{"allow":["GET"]}}],"collection":[{"href":"https:\/\/larevistadigital.com.ar\/blog\/wp-json\/wp\/v2\/posts"}],"about":[{"href":"https:\/\/larevistadigital.com.ar\/blog\/wp-json\/wp\/v2\/types\/post"}],"author":[{"embeddable":true,"href":"https:\/\/larevistadigital.com.ar\/blog\/wp-json\/wp\/v2\/users\/3"}],"replies":[{"embeddable":true,"href":"https:\/\/larevistadigital.com.ar\/blog\/wp-json\/wp\/v2\/comments?post=12676"}],"version-history":[{"count":1,"href":"https:\/\/larevistadigital.com.ar\/blog\/wp-json\/wp\/v2\/posts\/12676\/revisions"}],"predecessor-version":[{"id":12678,"href":"https:\/\/larevistadigital.com.ar\/blog\/wp-json\/wp\/v2\/posts\/12676\/revisions\/12678"}],"wp:featuredmedia":[{"embeddable":true,"href":"https:\/\/larevistadigital.com.ar\/blog\/wp-json\/wp\/v2\/media\/12677"}],"wp:attachment":[{"href":"https:\/\/larevistadigital.com.ar\/blog\/wp-json\/wp\/v2\/media?parent=12676"}],"wp:term":[{"taxonomy":"category","embeddable":true,"href":"https:\/\/larevistadigital.com.ar\/blog\/wp-json\/wp\/v2\/categories?post=12676"},{"taxonomy":"post_tag","embeddable":true,"href":"https:\/\/larevistadigital.com.ar\/blog\/wp-json\/wp\/v2\/tags?post=12676"}],"curies":[{"name":"wp","href":"https:\/\/api.w.org\/{rel}","templated":true}]}}