{"id":12679,"date":"2019-10-17T12:13:59","date_gmt":"2019-10-17T12:13:59","guid":{"rendered":"https:\/\/larevistadigital.com.ar\/blog\/?p=12679"},"modified":"2019-10-17T12:13:59","modified_gmt":"2019-10-17T12:13:59","slug":"la-plata-sin-santout-se-desarrollo-el-debate-entre-los-candidatos-a-intendente","status":"publish","type":"post","link":"https:\/\/larevistadigital.com.ar\/blog\/la-plata-sin-santout-se-desarrollo-el-debate-entre-los-candidatos-a-intendente\/","title":{"rendered":"LA PLATA: SIN SANTOUT SE DESARROLL\u00d3 EL DEBATE ENTRE LOS CANDIDATOS A INTENDENTE"},"content":{"rendered":"<h2><em>El Jefe Municipal\u00a0Julio Garro (Juntos por el Cambio), Gabriel Crespi (Consenso Federal), Luana Simioni (FIT) y Marcelo Pe\u00f1a (NOS) debatieron este mi\u00e9rcoles en el Colegio de Abogados de la capital bonaerense, de cara a las elecciones Generales del 27 de octubre. No particip\u00f3 la candidata del Frente de Todos, Florencia Saintout<\/em><\/h2>\n<p>A 11 d\u00edas de los comicios,<strong>\u00a0los postulantes a la Intendencia de La Plata debatieron ideas y propuestas.\u00a0<\/strong>En este sentido,<strong>\u00a0Garro, Crespi, simioni y Pe\u00f1a expusieron sus proyectos<\/strong>\u00a0para la ciudad sobre desarrollo econ\u00f3mico, desarrollo social y gobierno y transparencia institucional.<\/p>\n<p>Hube\u00a0<strong>cruces picantes y cuestionamientos varios.<\/strong><\/p>\n<blockquote>\n<h3>Como era de esperar, el Intendente\u00a0<strong>Garro hizo una defensa de su gesti\u00f3n<\/strong>. \u00abPrometer promete cualquiera, los importante es ver como se hacen las cosas\u00bb, destac\u00f3.<\/h3>\n<\/blockquote>\n<p>Por su parte,\u00a0<strong>Simioni\u00a0<\/strong>sentenci\u00f3:\u00a0\u00ab<strong>Miles de vecinos viven sin derecho a la cloaca o el asfalto<\/strong>\u00ab, quien a su vez\u00a0<strong>hizo hincapi\u00e9 en los reclamos de los movimientos feministas.<\/strong>\u00a0En contrapartida,\u00a0<strong>Pe\u00f1a\u00a0defendi\u00f3 el derecho del \u00abni\u00f1o por nacer<\/strong>\u00ab, y sostuvo: <strong><em>\u00abVamos a sostenernos en estos valores: Viva la vida, viva la familia y viva la patria\u00bb<\/em><\/strong>.<\/p>\n<p><strong>Crespi<\/strong>, en tanto, c<strong>uestion\u00f3 las pol\u00edticas de seguridad de Garro y critic\u00f3 la subejecuci\u00f3n del presupuesto de Desarrollo Social de la Municipalidad.<\/strong>\u00a0<strong><em>\u00abNuestra gesti\u00f3n va a tomar como bandera el Ni una menos, va a crear la Secretaria de la Mujer y seguir\u00e1 impulsando el plan para clubes de barrio para que puedan dar m\u00e1s contenci\u00f3n a los ni\u00f1os\u00bb<\/em><\/strong>, indic\u00f3.<\/p>\n<blockquote>\n<h3>La\u00a0<strong>gran ausente de la jornada fue Florencia Saintout,<\/strong>\u00a0candidata del Frente de Todos. Al finalizar el debate,\u00a0<strong>el alcalde dispar\u00f3 contra la postulante: Se\u00f1al\u00f3 el atril vac\u00edo, le reclam\u00f3 conocer sus propuestas\u00a0<\/strong>para la ciudad e invit\u00f3 a los vecinos a que indaguen sobre su gesti\u00f3n en la facultad de Periodismo.\u00bbNo nos quiere contar sus ideas, porque tiene poco inter\u00e9s en que conozcamos qu\u00e9 propuestas tienen para la ciudad\u00bb, destac\u00f3 el Jefe Municipal contra su principal contrincante.<\/h3>\n<\/blockquote>\n<p>Desde el\u00a0<strong>Frente de Todos explicaron que la Diputada bonaerense no particip\u00f3 del debate porque\u00a0privilegi\u00f3 su agenda\u00a0<\/strong>de campa\u00f1a con una reuni\u00f3n con comerciantes de la localidad de Los Hornos. En su entorno\u00a0<strong>justificaron su ausencia en el tono \u00abagresivo\u00bb del Intendente Garro.<\/strong><\/p>\n","protected":false},"excerpt":{"rendered":"<div class=\"mh-excerpt\"><p>El Jefe Municipal\u00a0Julio Garro (Juntos por el Cambio), Gabriel Crespi (Consenso Federal), Luana Simioni (FIT) y Marcelo Pe\u00f1a (NOS) debatieron este mi\u00e9rcoles en el Colegio de Abogados de la capital bonaerense, de cara a las <a class=\"mh-excerpt-more\" href=\"https:\/\/larevistadigital.com.ar\/blog\/la-plata-sin-santout-se-desarrollo-el-debate-entre-los-candidatos-a-intendente\/\" title=\"LA PLATA: SIN SANTOUT SE DESARROLL\u00d3 EL DEBATE ENTRE LOS CANDIDATOS A INTENDENTE\">[Leer M\u00e1s]<\/a><\/p>\n<\/div>","protected":false},"author":3,"featured_media":12680,"comment_status":"open","ping_status":"open","sticky":false,"template":"","format":"standard","meta":{"_jetpack_memberships_contains_paid_content":false,"footnotes":"","jetpack_publicize_message":"","jetpack_publicize_feature_enabled":true,"jetpack_social_post_already_shared":true,"jetpack_social_options":{"image_generator_settings":{"template":"highway","default_image_id":0,"font":"","enabled":false},"version":2}},"categories":[12,51],"tags":[],"class_list":{"0":"post-12679","1":"post","2":"type-post","3":"status-publish","4":"format-standard","5":"has-post-thumbnail","7":"category-politica","8":"category-regionales"},"jetpack_publicize_connections":[],"jetpack_featured_media_url":"https:\/\/i0.wp.com\/larevistadigital.com.ar\/blog\/wp-content\/uploads\/1571271014743.jpeg?fit=1280%2C850&ssl=1","jetpack_sharing_enabled":true,"jetpack_shortlink":"https:\/\/wp.me\/p8qtrQ-3iv","jetpack-related-posts":[{"id":12711,"url":"https:\/\/larevistadigital.com.ar\/blog\/la-plata-partido-justicialista-denuncio-a-garro-aqui-los-detalles\/","url_meta":{"origin":12679,"position":0},"title":"LA PLATA: PARTIDO JUSTICIALISTA DENUNCI\u00d3 A GARRO. AQU\u00cd LOS DETALLES","author":"Alejandro Sosa Ruda","date":"18 octubre, 2019","format":false,"excerpt":"La aparici\u00f3n de afiches promoviendo el corte de boleta contra la candidata del Frente de Todos, Florencia Saintout, y a favor del actual mandatario, Julio Garro, llevaron al PJ local a denunciar este hecho ante la justicia electoral. Dentro del Justicialismo hay sectores que apoyan la candidatura del jefe comunal\u2026","rel":"","context":"En \u00abPOLITICA PROVINCIAL\u00bb","block_context":{"text":"POLITICA PROVINCIAL","link":"https:\/\/larevistadigital.com.ar\/blog\/category\/politica\/politica-provincial\/"},"img":{"alt_text":"","src":"https:\/\/i0.wp.com\/larevistadigital.com.ar\/blog\/wp-content\/uploads\/EHAlKr3WwAASEvv.jpg?fit=900%2C506&ssl=1&resize=350%2C200","width":350,"height":200,"srcset":"https:\/\/i0.wp.com\/larevistadigital.com.ar\/blog\/wp-content\/uploads\/EHAlKr3WwAASEvv.jpg?fit=900%2C506&ssl=1&resize=350%2C200 1x, https:\/\/i0.wp.com\/larevistadigital.com.ar\/blog\/wp-content\/uploads\/EHAlKr3WwAASEvv.jpg?fit=900%2C506&ssl=1&resize=525%2C300 1.5x, https:\/\/i0.wp.com\/larevistadigital.com.ar\/blog\/wp-content\/uploads\/EHAlKr3WwAASEvv.jpg?fit=900%2C506&ssl=1&resize=700%2C400 2x"},"classes":[]},{"id":21801,"url":"https:\/\/larevistadigital.com.ar\/blog\/la-plata-garro-furioso-por-el-robo-de-luces-led-estoy-caliente-y-con-bronca\/","url_meta":{"origin":12679,"position":1},"title":"LA PLATA: GARRO FURIOSO POR EL ROBO DE LUCES LED&#8230;\u00bbESTOY CALIENTE Y CON BRONCA\u00bb","author":"Alejandro Sosa Ruda","date":"30 agosto, 2021","format":false,"excerpt":"El intendente de La Plata manifest\u00f3 su indignaci\u00f3n en redes y comparti\u00f3 el video donde se ve c\u00f3mo roban las luces LED de la ciudad. LA PLATA - El intendente de La Plata, Julio Garro, expres\u00f3 toda su indignaci\u00f3n en su cuenta de Twitter y se manifest\u00f3 tras el robo\u2026","rel":"","context":"En \u00abINTERES GENERAL\u00bb","block_context":{"text":"INTERES GENERAL","link":"https:\/\/larevistadigital.com.ar\/blog\/category\/interes-general\/"},"img":{"alt_text":"","src":"https:\/\/i0.wp.com\/larevistadigital.com.ar\/blog\/wp-content\/uploads\/e1f41fba5b88b8b3d29fc073adccfeb5.jpg?fit=1200%2C696&ssl=1&resize=350%2C200","width":350,"height":200,"srcset":"https:\/\/i0.wp.com\/larevistadigital.com.ar\/blog\/wp-content\/uploads\/e1f41fba5b88b8b3d29fc073adccfeb5.jpg?fit=1200%2C696&ssl=1&resize=350%2C200 1x, https:\/\/i0.wp.com\/larevistadigital.com.ar\/blog\/wp-content\/uploads\/e1f41fba5b88b8b3d29fc073adccfeb5.jpg?fit=1200%2C696&ssl=1&resize=525%2C300 1.5x, https:\/\/i0.wp.com\/larevistadigital.com.ar\/blog\/wp-content\/uploads\/e1f41fba5b88b8b3d29fc073adccfeb5.jpg?fit=1200%2C696&ssl=1&resize=700%2C400 2x, https:\/\/i0.wp.com\/larevistadigital.com.ar\/blog\/wp-content\/uploads\/e1f41fba5b88b8b3d29fc073adccfeb5.jpg?fit=1200%2C696&ssl=1&resize=1050%2C600 3x"},"classes":[]},{"id":35561,"url":"https:\/\/larevistadigital.com.ar\/blog\/la-plata-el-ex-intendente-garro-se-suma-al-gobierno-de-milei-como-secretario-de-deportes\/","url_meta":{"origin":12679,"position":2},"title":"LA PLATA: EL EX INTENDENTE GARRO SE SUMA AL GOBIERNO DE MILEI COMO SECRETARIO DE DEPORTES","author":"Alejandro Sosa Ruda","date":"15 marzo, 2024","format":false,"excerpt":"Con el apoyo de Mauricio Macri, el exintendente de La Plata es el nuevo subsecretario de Deportes de la Naci\u00f3n. 15 de Marzo de 2024 LA PLATA -\u00a0 El exintendente de La Plata, Julio Garro,\u00a0 se sum\u00f3 al gobierno nacional de La Libertad Avanza\u00a0(LLA)\u00a0y estar\u00e1 al frente de la Subsecretar\u00eda\u2026","rel":"","context":"En \u00abINTERES GENERAL\u00bb","block_context":{"text":"INTERES GENERAL","link":"https:\/\/larevistadigital.com.ar\/blog\/category\/interes-general\/"},"img":{"alt_text":"","src":"https:\/\/i0.wp.com\/larevistadigital.com.ar\/blog\/wp-content\/uploads\/Captura-de-pantalla-2024-03-15-092557.png?fit=845%2C493&ssl=1&resize=350%2C200","width":350,"height":200,"srcset":"https:\/\/i0.wp.com\/larevistadigital.com.ar\/blog\/wp-content\/uploads\/Captura-de-pantalla-2024-03-15-092557.png?fit=845%2C493&ssl=1&resize=350%2C200 1x, https:\/\/i0.wp.com\/larevistadigital.com.ar\/blog\/wp-content\/uploads\/Captura-de-pantalla-2024-03-15-092557.png?fit=845%2C493&ssl=1&resize=525%2C300 1.5x, https:\/\/i0.wp.com\/larevistadigital.com.ar\/blog\/wp-content\/uploads\/Captura-de-pantalla-2024-03-15-092557.png?fit=845%2C493&ssl=1&resize=700%2C400 2x"},"classes":[]},{"id":34390,"url":"https:\/\/larevistadigital.com.ar\/blog\/primer-acto-de-alak-como-intendente-electo-hay-que-empezar-a-trabajar-en-lo-mucho-que-se-dejo-de-hacer\/","url_meta":{"origin":12679,"position":3},"title":"PRIMER ACTO DE ALAK COMO INTENDENTE ELECTO: \u00abHAY QUE EMPEZAR A TRABAJAR EN LO MUCHO QUE SE DEJ\u00d3 DE HACER\u00bb","author":"Alejandro Sosa Ruda","date":"6 noviembre, 2023","format":false,"excerpt":"Dijo que habl\u00f3 con Garro y que comienza la transici\u00f3n. 6 de Noviembre de 2023 LA PLATA -\u00a0 El intendente electo de La Plata, Julio Alak, comparti\u00f3 su primer acto pol\u00edtico despu\u00e9s del reconocimiento de su tri\u00fanfo por parte de Julio Garro. \u00a0Consultado por el portal Lanoticia1.com, sobre si tuvo\u2026","rel":"","context":"En \u00abPOLITICA PROVINCIAL\u00bb","block_context":{"text":"POLITICA PROVINCIAL","link":"https:\/\/larevistadigital.com.ar\/blog\/category\/politica\/politica-provincial\/"},"img":{"alt_text":"","src":"https:\/\/i0.wp.com\/larevistadigital.com.ar\/blog\/wp-content\/uploads\/6549743ff2831_1200-1.jpg?fit=1200%2C675&ssl=1&resize=350%2C200","width":350,"height":200,"srcset":"https:\/\/i0.wp.com\/larevistadigital.com.ar\/blog\/wp-content\/uploads\/6549743ff2831_1200-1.jpg?fit=1200%2C675&ssl=1&resize=350%2C200 1x, https:\/\/i0.wp.com\/larevistadigital.com.ar\/blog\/wp-content\/uploads\/6549743ff2831_1200-1.jpg?fit=1200%2C675&ssl=1&resize=525%2C300 1.5x, https:\/\/i0.wp.com\/larevistadigital.com.ar\/blog\/wp-content\/uploads\/6549743ff2831_1200-1.jpg?fit=1200%2C675&ssl=1&resize=700%2C400 2x, https:\/\/i0.wp.com\/larevistadigital.com.ar\/blog\/wp-content\/uploads\/6549743ff2831_1200-1.jpg?fit=1200%2C675&ssl=1&resize=1050%2C600 3x"},"classes":[]},{"id":16504,"url":"https:\/\/larevistadigital.com.ar\/blog\/la-plata-garro-confirmo-que-los-bares-y-restaurantes-pueden-atender-en-las-veredas\/","url_meta":{"origin":12679,"position":4},"title":"LA PLATA: GARRO CONFIRM\u00d3 QUE LOS BARES Y RESTAURANTES PUEDEN ATENDER EN LAS VEREDAS","author":"Alejandro Sosa Ruda","date":"25 septiembre, 2020","format":false,"excerpt":"El Intendente se refiri\u00f3 a la situaci\u00f3n del rubro gastron\u00f3mico y sostuvo que iniciaron la prueba piloto en los locales de la ciudad. Julio Garro sostuvo que est\u00e1 habilitado el sistema \"take away plus\" en los locales gastron\u00f3micos de La Plata.\u00a0Lo confirm\u00f3 en di\u00e1logo con\u00a0221Radio, donde hizo principal hincapi\u00e9 en\u2026","rel":"","context":"En \u00abPOLITICA PROVINCIAL\u00bb","block_context":{"text":"POLITICA PROVINCIAL","link":"https:\/\/larevistadigital.com.ar\/blog\/category\/politica\/politica-provincial\/"},"img":{"alt_text":"","src":"https:\/\/i0.wp.com\/larevistadigital.com.ar\/blog\/wp-content\/uploads\/1598883939489.jpeg?fit=1200%2C834&ssl=1&resize=350%2C200","width":350,"height":200,"srcset":"https:\/\/i0.wp.com\/larevistadigital.com.ar\/blog\/wp-content\/uploads\/1598883939489.jpeg?fit=1200%2C834&ssl=1&resize=350%2C200 1x, https:\/\/i0.wp.com\/larevistadigital.com.ar\/blog\/wp-content\/uploads\/1598883939489.jpeg?fit=1200%2C834&ssl=1&resize=525%2C300 1.5x, https:\/\/i0.wp.com\/larevistadigital.com.ar\/blog\/wp-content\/uploads\/1598883939489.jpeg?fit=1200%2C834&ssl=1&resize=700%2C400 2x, https:\/\/i0.wp.com\/larevistadigital.com.ar\/blog\/wp-content\/uploads\/1598883939489.jpeg?fit=1200%2C834&ssl=1&resize=1050%2C600 3x"},"classes":[]},{"id":15152,"url":"https:\/\/larevistadigital.com.ar\/blog\/la-plata-12-industrias-pueden-abrir-pero-los-comercios-deben-permanecer-cerrados\/","url_meta":{"origin":12679,"position":5},"title":"LA PLATA: 12 INDUSTRIAS PUEDEN ABRIR, PERO LOS COMERCIOS DEBEN PERMANECER CERRADOS","author":"Alejandro Sosa Ruda","date":"11 mayo, 2020","format":false,"excerpt":"El intendente de La Plata, Julio Garro, inform\u00f3 hoy que el Gobernador Axel Kicillof, autoriz\u00f3 la posibilidad de que 12 industrias en la ciudad puedan reabrir sus plantas, con estrictos protocolos sanitarios. Se siguen evaluando el resto de las propuestas, por ahora comercios deben permanecer cerrados. La autorizaci\u00f3n fue dada\u2026","rel":"","context":"En \u00abREGIONALES\u00bb","block_context":{"text":"REGIONALES","link":"https:\/\/larevistadigital.com.ar\/blog\/category\/regionales\/"},"img":{"alt_text":"","src":"https:\/\/i0.wp.com\/larevistadigital.com.ar\/blog\/wp-content\/uploads\/20200510204657_6da3d1a3_d24f_4f51_a976_c2168ec63a6e.jpg?fit=880%2C586&ssl=1&resize=350%2C200","width":350,"height":200,"srcset":"https:\/\/i0.wp.com\/larevistadigital.com.ar\/blog\/wp-content\/uploads\/20200510204657_6da3d1a3_d24f_4f51_a976_c2168ec63a6e.jpg?fit=880%2C586&ssl=1&resize=350%2C200 1x, https:\/\/i0.wp.com\/larevistadigital.com.ar\/blog\/wp-content\/uploads\/20200510204657_6da3d1a3_d24f_4f51_a976_c2168ec63a6e.jpg?fit=880%2C586&ssl=1&resize=525%2C300 1.5x, https:\/\/i0.wp.com\/larevistadigital.com.ar\/blog\/wp-content\/uploads\/20200510204657_6da3d1a3_d24f_4f51_a976_c2168ec63a6e.jpg?fit=880%2C586&ssl=1&resize=700%2C400 2x"},"classes":[]}],"_links":{"self":[{"href":"https:\/\/larevistadigital.com.ar\/blog\/wp-json\/wp\/v2\/posts\/12679","targetHints":{"allow":["GET"]}}],"collection":[{"href":"https:\/\/larevistadigital.com.ar\/blog\/wp-json\/wp\/v2\/posts"}],"about":[{"href":"https:\/\/larevistadigital.com.ar\/blog\/wp-json\/wp\/v2\/types\/post"}],"author":[{"embeddable":true,"href":"https:\/\/larevistadigital.com.ar\/blog\/wp-json\/wp\/v2\/users\/3"}],"replies":[{"embeddable":true,"href":"https:\/\/larevistadigital.com.ar\/blog\/wp-json\/wp\/v2\/comments?post=12679"}],"version-history":[{"count":1,"href":"https:\/\/larevistadigital.com.ar\/blog\/wp-json\/wp\/v2\/posts\/12679\/revisions"}],"predecessor-version":[{"id":12681,"href":"https:\/\/larevistadigital.com.ar\/blog\/wp-json\/wp\/v2\/posts\/12679\/revisions\/12681"}],"wp:featuredmedia":[{"embeddable":true,"href":"https:\/\/larevistadigital.com.ar\/blog\/wp-json\/wp\/v2\/media\/12680"}],"wp:attachment":[{"href":"https:\/\/larevistadigital.com.ar\/blog\/wp-json\/wp\/v2\/media?parent=12679"}],"wp:term":[{"taxonomy":"category","embeddable":true,"href":"https:\/\/larevistadigital.com.ar\/blog\/wp-json\/wp\/v2\/categories?post=12679"},{"taxonomy":"post_tag","embeddable":true,"href":"https:\/\/larevistadigital.com.ar\/blog\/wp-json\/wp\/v2\/tags?post=12679"}],"curies":[{"name":"wp","href":"https:\/\/api.w.org\/{rel}","templated":true}]}}