{"id":12699,"date":"2019-10-18T13:46:38","date_gmt":"2019-10-18T13:46:38","guid":{"rendered":"https:\/\/larevistadigital.com.ar\/blog\/?p=12699"},"modified":"2019-10-18T13:46:38","modified_gmt":"2019-10-18T13:46:38","slug":"ofrecio-mas-de-2-000-dolares-y-150-000-para-que-lo-dejen-ir-de-un-control-policial","status":"publish","type":"post","link":"https:\/\/larevistadigital.com.ar\/blog\/ofrecio-mas-de-2-000-dolares-y-150-000-para-que-lo-dejen-ir-de-un-control-policial\/","title":{"rendered":"OFRECI\u00d3 M\u00c1S DE 2.000 D\u00d3LARES Y $150.000.- PARA QUE LO DEJEN IR DE UN CONTROL POLICIAL"},"content":{"rendered":"<h2><em>Lo interceptaron en el barrio Las Am\u00e9ricas. Se le form\u00f3 una causa por cohecho y qued\u00f3 alojado en la alcald\u00eda\u00a0penitenciaria de Bat\u00e1n.<\/em><\/h2>\n<p>Un conductor de<strong>\u00a026 a\u00f1os<\/strong>\u00a0al que interceptaron durante un control de rutina en el barrio\u00a0<strong>Las Am\u00e9ricas<\/strong>\u00a0durante los primeros minutos del viernes fue aprehendido luego de ofrecerle dinero a los efectivos policiales para que no le secuestraran el rodado. En el marco de una causa penal por cochecho,\u00a0<strong>qued\u00f3 alojado en la Unidad Penal 44 de Bat\u00e1n<\/strong>.<\/p>\n<p>Minutos antes de la una de la madrugada del viernes, efectivos del Comando de Patrullas Sur interceptaron en inmediaciones de la avenida\u00a0<strong>Juan B. Justo y Finochietto<\/strong>\u00a0un autom\u00f3vil\u00a0<strong>Peugeot 508<\/strong>. Tras confirmarle que ante la falta de documentaci\u00f3n el rodado iba a ser secuestrado, el hombre\u00a0<strong>exhibi\u00f3 2600 d\u00f3lares y 150 mil pesos y les dijo que ten\u00eda dinero para darles para que no llamaran a Tr\u00e1nsito y lo dejaran irse.<\/strong><\/p>\n<p><img data-recalc-dims=\"1\" loading=\"lazy\" decoding=\"async\" class=\"size-full wp-image-12700 aligncenter\" src=\"https:\/\/i0.wp.com\/larevistadigital.com.ar\/blog\/wp-content\/uploads\/1571403215310.jpeg?resize=774%2C1032&#038;ssl=1\" alt=\"\" width=\"774\" height=\"1032\" srcset=\"https:\/\/i0.wp.com\/larevistadigital.com.ar\/blog\/wp-content\/uploads\/1571403215310.jpeg?w=774&amp;ssl=1 774w, https:\/\/i0.wp.com\/larevistadigital.com.ar\/blog\/wp-content\/uploads\/1571403215310.jpeg?resize=225%2C300&amp;ssl=1 225w, https:\/\/i0.wp.com\/larevistadigital.com.ar\/blog\/wp-content\/uploads\/1571403215310.jpeg?resize=768%2C1024&amp;ssl=1 768w\" sizes=\"auto, (max-width: 774px) 100vw, 774px\" \/><\/p>\n<div class=\"teads-adCall\"><\/div>\n<p>Ante el arribo de un m\u00f3vil con sistema de c\u00e1maras 360, el conductor \u2013cuyos datos personales no trascendieron- reiter\u00f3 su ofrecimiento, por lo que obtenido el registro f\u00edlmico correspondiente se le dio intervenci\u00f3n a la fiscal\u00eda de Delitos Econ\u00f3micos.<\/p>\n<p>Una vez labradas las actuaciones correspondientes el fiscal\u00a0<strong>David Bruna<\/strong> dispuso la formaci\u00f3n de una causa por cohecho y el traslado del sujeto a la alcald\u00eda penitenciaria de Bat\u00e1n.<\/p>\n","protected":false},"excerpt":{"rendered":"<div class=\"mh-excerpt\"><p>Lo interceptaron en el barrio Las Am\u00e9ricas. Se le form\u00f3 una causa por cohecho y qued\u00f3 alojado en la alcald\u00eda\u00a0penitenciaria de Bat\u00e1n. Un conductor de\u00a026 a\u00f1os\u00a0al que interceptaron durante un control de rutina en el <a class=\"mh-excerpt-more\" href=\"https:\/\/larevistadigital.com.ar\/blog\/ofrecio-mas-de-2-000-dolares-y-150-000-para-que-lo-dejen-ir-de-un-control-policial\/\" title=\"OFRECI\u00d3 M\u00c1S DE 2.000 D\u00d3LARES Y $150.000.- PARA QUE LO DEJEN IR DE UN CONTROL POLICIAL\">[Leer M\u00e1s]<\/a><\/p>\n<\/div>","protected":false},"author":3,"featured_media":12701,"comment_status":"open","ping_status":"open","sticky":false,"template":"","format":"standard","meta":{"_jetpack_memberships_contains_paid_content":false,"footnotes":"","jetpack_publicize_message":"","jetpack_publicize_feature_enabled":true,"jetpack_social_post_already_shared":true,"jetpack_social_options":{"image_generator_settings":{"template":"highway","default_image_id":0,"font":"","enabled":false},"version":2}},"categories":[44,51],"tags":[],"class_list":{"0":"post-12699","1":"post","2":"type-post","3":"status-publish","4":"format-standard","5":"has-post-thumbnail","7":"category-policiales","8":"category-regionales"},"jetpack_publicize_connections":[],"jetpack_featured_media_url":"https:\/\/i0.wp.com\/larevistadigital.com.ar\/blog\/wp-content\/uploads\/1571403217511.jpeg?fit=790%2C445&ssl=1","jetpack_sharing_enabled":true,"jetpack_shortlink":"https:\/\/wp.me\/p8qtrQ-3iP","jetpack-related-posts":[{"id":8273,"url":"https:\/\/larevistadigital.com.ar\/blog\/mar-del-plata-detienen-acusado-de-cometer-varias-entraderas\/","url_meta":{"origin":12699,"position":0},"title":"MAR DEL PLATA. DETIENEN ACUSADO DE COMETER VARIAS \u00abENTRADERAS\u00bb","author":"Alejandro Sosa Ruda","date":"10 febrero, 2019","format":false,"excerpt":"Lo atraparon en el barrio Fray Luis Beltr\u00e1n. El sujeto de 27 a\u00f1os fue notificado de la causa en su contra y qued\u00f3 alojado en la alcaid\u00eda penitenciaria de Bat\u00e1n. El avance de una pesquisa a cargo del personal del servicio de calle de la comisar\u00eda duod\u00e9cima permiti\u00f3 aprehender el\u2026","rel":"","context":"En \u00abPOLICIALES\u00bb","block_context":{"text":"POLICIALES","link":"https:\/\/larevistadigital.com.ar\/blog\/category\/policiales\/"},"img":{"alt_text":"","src":"","width":0,"height":0},"classes":[]},{"id":20265,"url":"https:\/\/larevistadigital.com.ar\/blog\/idiotez-total-dano-el-equipo-de-aire-acondicionado-del-hospital-para-robar-el-bronce\/","url_meta":{"origin":12699,"position":1},"title":"IDIOTEZ TOTAL: DA\u00d1\u00d3 EL EQUIPO DE AIRE ACONDICIONADO DEL HOSPITAL PARA ROBAR EL BRONCE","author":"Alejandro Sosa Ruda","date":"14 mayo, 2021","format":false,"excerpt":"Ocurri\u00f3 esta madrugada. Personal del destacamento policial del Higa lo aprehendi\u00f3 en el lugar. Qued\u00f3 alojado en la Unidad Penal 44 de Bat\u00e1n. MAR DEL PLATA - Un hombre de 30 a\u00f1os que da\u00f1\u00f3 el equipo de aire acondicionado que refrigera la sala de tomograf\u00eda del Hospital Interzonal General de\u2026","rel":"","context":"En \u00abPOLICIALES\u00bb","block_context":{"text":"POLICIALES","link":"https:\/\/larevistadigital.com.ar\/blog\/category\/policiales\/"},"img":{"alt_text":"","src":"https:\/\/i0.wp.com\/larevistadigital.com.ar\/blog\/wp-content\/uploads\/LADRON-HOSPITAL.png?fit=993%2C561&ssl=1&resize=350%2C200","width":350,"height":200,"srcset":"https:\/\/i0.wp.com\/larevistadigital.com.ar\/blog\/wp-content\/uploads\/LADRON-HOSPITAL.png?fit=993%2C561&ssl=1&resize=350%2C200 1x, https:\/\/i0.wp.com\/larevistadigital.com.ar\/blog\/wp-content\/uploads\/LADRON-HOSPITAL.png?fit=993%2C561&ssl=1&resize=525%2C300 1.5x, https:\/\/i0.wp.com\/larevistadigital.com.ar\/blog\/wp-content\/uploads\/LADRON-HOSPITAL.png?fit=993%2C561&ssl=1&resize=700%2C400 2x"},"classes":[]},{"id":25735,"url":"https:\/\/larevistadigital.com.ar\/blog\/mar-del-plata-robo-un-iphone-huyo-en-moto-y-arrastro-a-un-policia-que-lo-perseguia\/","url_meta":{"origin":12699,"position":2},"title":"MAR DEL PLATA: ROB\u00d3 UN IPHONE, HUY\u00d3 EN MOTO Y ARRASTR\u00d3 A UN POLIC\u00cdA QUE LO PERSEGU\u00cdA","author":"Alejandro Sosa Ruda","date":"9 junio, 2022","format":false,"excerpt":"El rodado hab\u00eda sido robado poco antes. El autor tiene 25 a\u00f1os y qued\u00f3 alojado en la Unidad Penal 44 de Bat\u00e1n. MAR DEL PLATA -\u00a0 Un hombre de 25 a\u00f1os que le rob\u00f3 el iPhone a un adolescente y durante la hu\u00edda le provoc\u00f3 lesiones a un polic\u00eda al\u2026","rel":"","context":"En \u00abPOLICIALES\u00bb","block_context":{"text":"POLICIALES","link":"https:\/\/larevistadigital.com.ar\/blog\/category\/policiales\/"},"img":{"alt_text":"","src":"https:\/\/i0.wp.com\/larevistadigital.com.ar\/blog\/wp-content\/uploads\/ROBO-IPHONE.png?fit=824%2C458&ssl=1&resize=350%2C200","width":350,"height":200,"srcset":"https:\/\/i0.wp.com\/larevistadigital.com.ar\/blog\/wp-content\/uploads\/ROBO-IPHONE.png?fit=824%2C458&ssl=1&resize=350%2C200 1x, https:\/\/i0.wp.com\/larevistadigital.com.ar\/blog\/wp-content\/uploads\/ROBO-IPHONE.png?fit=824%2C458&ssl=1&resize=525%2C300 1.5x, https:\/\/i0.wp.com\/larevistadigital.com.ar\/blog\/wp-content\/uploads\/ROBO-IPHONE.png?fit=824%2C458&ssl=1&resize=700%2C400 2x"},"classes":[]},{"id":19533,"url":"https:\/\/larevistadigital.com.ar\/blog\/detienen-acusado-de-tentativa-de-homicidio-mientras-miraba-vidrieras\/","url_meta":{"origin":12699,"position":3},"title":"DETIENEN ACUSADO DE TENTATIVA DE HOMICIDIO MIENTRAS MIRABA VIDRIERAS","author":"Alejandro Sosa Ruda","date":"29 marzo, 2021","format":false,"excerpt":"Tiene 20 a\u00f1os. Lo identificaron durante un control de rutina. Qued\u00f3 alojado en la Unidad Penal 44 de Bat\u00e1n. MAR DEL PLATA - Un\u00a0joven de 20 a\u00f1os\u00a0sobre quien pesaba un pedido captura en una causa por homicidio en grado de tentativa fue detenido en las \u00faltimas horas por personal policial\u2026","rel":"","context":"En \u00abPOLICIALES\u00bb","block_context":{"text":"POLICIALES","link":"https:\/\/larevistadigital.com.ar\/blog\/category\/policiales\/"},"img":{"alt_text":"","src":"https:\/\/i0.wp.com\/larevistadigital.com.ar\/blog\/wp-content\/uploads\/Captura-de-pantalla-2021-03-29-104148.png?fit=1003%2C562&ssl=1&resize=350%2C200","width":350,"height":200,"srcset":"https:\/\/i0.wp.com\/larevistadigital.com.ar\/blog\/wp-content\/uploads\/Captura-de-pantalla-2021-03-29-104148.png?fit=1003%2C562&ssl=1&resize=350%2C200 1x, https:\/\/i0.wp.com\/larevistadigital.com.ar\/blog\/wp-content\/uploads\/Captura-de-pantalla-2021-03-29-104148.png?fit=1003%2C562&ssl=1&resize=525%2C300 1.5x, https:\/\/i0.wp.com\/larevistadigital.com.ar\/blog\/wp-content\/uploads\/Captura-de-pantalla-2021-03-29-104148.png?fit=1003%2C562&ssl=1&resize=700%2C400 2x"},"classes":[]},{"id":21138,"url":"https:\/\/larevistadigital.com.ar\/blog\/mar-del-plata-atropello-a-un-motociclista-porque-lo-confundio-con-un-ladron\/","url_meta":{"origin":12699,"position":4},"title":"MAR DEL PLATA: ATROPELL\u00d3 A UN MOTOCICLISTA PORQUE LO CONFUNDI\u00d3 CON UN LADR\u00d3N","author":"Alejandro Sosa Ruda","date":"16 julio, 2021","format":false,"excerpt":"Sucedi\u00f3 esta madrugada en Faro Norte. Al conductor del rodado le formaron una causa por da\u00f1os y lesiones. Qued\u00f3 alojado en la Unidad Penal 44 de Bat\u00e1n. MAR DEL PLATA\u00a0 - Una persecuci\u00f3n de pel\u00edcula de un auto a una moto ante la sospecha que era el autor de un\u2026","rel":"","context":"En \u00abPOLICIALES\u00bb","block_context":{"text":"POLICIALES","link":"https:\/\/larevistadigital.com.ar\/blog\/category\/policiales\/"},"img":{"alt_text":"","src":"https:\/\/i0.wp.com\/larevistadigital.com.ar\/blog\/wp-content\/uploads\/ATROPELLO-A-MOTOQUERO.png?fit=1001%2C600&ssl=1&resize=350%2C200","width":350,"height":200,"srcset":"https:\/\/i0.wp.com\/larevistadigital.com.ar\/blog\/wp-content\/uploads\/ATROPELLO-A-MOTOQUERO.png?fit=1001%2C600&ssl=1&resize=350%2C200 1x, https:\/\/i0.wp.com\/larevistadigital.com.ar\/blog\/wp-content\/uploads\/ATROPELLO-A-MOTOQUERO.png?fit=1001%2C600&ssl=1&resize=525%2C300 1.5x, https:\/\/i0.wp.com\/larevistadigital.com.ar\/blog\/wp-content\/uploads\/ATROPELLO-A-MOTOQUERO.png?fit=1001%2C600&ssl=1&resize=700%2C400 2x"},"classes":[]},{"id":45196,"url":"https:\/\/larevistadigital.com.ar\/blog\/estaba-haciendo-willy-casi-atropella-a-una-familia-y-fue-aprehendido-y-alojado-en-batan\/","url_meta":{"origin":12699,"position":5},"title":"Estaba haciendo \u00abwilly\u00bb, casi atropella a una familia, y fue aprehendido y alojado en Bat\u00e1n","author":"Alejandro Sosa Ruda","date":"18 abril, 2026","format":false,"excerpt":"El joven de 29 a\u00f1os huy\u00f3 de la polic\u00eda, subi\u00f3 a la vereda y termin\u00f3 escondi\u00e9ndose en una vivienda. Qued\u00f3 detenido en Bat\u00e1n. 18 de abril de 2026 MAR DEL PLATA -\u00a0 \u00a0Un motociclista de 29 a\u00f1os fue detenido tras protagonizar una peligrosa persecuci\u00f3n en el barrio Libertad, donde realiz\u00f3\u2026","rel":"","context":"En \u00abPOLICIALES\u00bb","block_context":{"text":"POLICIALES","link":"https:\/\/larevistadigital.com.ar\/blog\/category\/policiales\/"},"img":{"alt_text":"","src":"https:\/\/i0.wp.com\/larevistadigital.com.ar\/blog\/wp-content\/uploads\/Captura-de-pantalla-2026-04-18-210909.jpg?fit=725%2C520&ssl=1&resize=350%2C200","width":350,"height":200,"srcset":"https:\/\/i0.wp.com\/larevistadigital.com.ar\/blog\/wp-content\/uploads\/Captura-de-pantalla-2026-04-18-210909.jpg?fit=725%2C520&ssl=1&resize=350%2C200 1x, https:\/\/i0.wp.com\/larevistadigital.com.ar\/blog\/wp-content\/uploads\/Captura-de-pantalla-2026-04-18-210909.jpg?fit=725%2C520&ssl=1&resize=525%2C300 1.5x, https:\/\/i0.wp.com\/larevistadigital.com.ar\/blog\/wp-content\/uploads\/Captura-de-pantalla-2026-04-18-210909.jpg?fit=725%2C520&ssl=1&resize=700%2C400 2x"},"classes":[]}],"_links":{"self":[{"href":"https:\/\/larevistadigital.com.ar\/blog\/wp-json\/wp\/v2\/posts\/12699","targetHints":{"allow":["GET"]}}],"collection":[{"href":"https:\/\/larevistadigital.com.ar\/blog\/wp-json\/wp\/v2\/posts"}],"about":[{"href":"https:\/\/larevistadigital.com.ar\/blog\/wp-json\/wp\/v2\/types\/post"}],"author":[{"embeddable":true,"href":"https:\/\/larevistadigital.com.ar\/blog\/wp-json\/wp\/v2\/users\/3"}],"replies":[{"embeddable":true,"href":"https:\/\/larevistadigital.com.ar\/blog\/wp-json\/wp\/v2\/comments?post=12699"}],"version-history":[{"count":1,"href":"https:\/\/larevistadigital.com.ar\/blog\/wp-json\/wp\/v2\/posts\/12699\/revisions"}],"predecessor-version":[{"id":12702,"href":"https:\/\/larevistadigital.com.ar\/blog\/wp-json\/wp\/v2\/posts\/12699\/revisions\/12702"}],"wp:featuredmedia":[{"embeddable":true,"href":"https:\/\/larevistadigital.com.ar\/blog\/wp-json\/wp\/v2\/media\/12701"}],"wp:attachment":[{"href":"https:\/\/larevistadigital.com.ar\/blog\/wp-json\/wp\/v2\/media?parent=12699"}],"wp:term":[{"taxonomy":"category","embeddable":true,"href":"https:\/\/larevistadigital.com.ar\/blog\/wp-json\/wp\/v2\/categories?post=12699"},{"taxonomy":"post_tag","embeddable":true,"href":"https:\/\/larevistadigital.com.ar\/blog\/wp-json\/wp\/v2\/tags?post=12699"}],"curies":[{"name":"wp","href":"https:\/\/api.w.org\/{rel}","templated":true}]}}