{"id":12720,"date":"2019-10-21T13:48:26","date_gmt":"2019-10-21T13:48:26","guid":{"rendered":"https:\/\/larevistadigital.com.ar\/blog\/?p=12720"},"modified":"2019-10-21T14:00:44","modified_gmt":"2019-10-21T14:00:44","slug":"el-motivo-oculto-de-la-visita-de-sergio-massa-a-chascomus","status":"publish","type":"post","link":"https:\/\/larevistadigital.com.ar\/blog\/el-motivo-oculto-de-la-visita-de-sergio-massa-a-chascomus\/","title":{"rendered":"EL MOTIVO OCULTO DE LA VISITA DE SERGIO MASSA A CHASCOM\u00daS"},"content":{"rendered":"<p>Finalmente lleg\u00f3 el d\u00eda y el candidato a primer diputado Nacional por el Frente de Todos, <strong>Sergio Massa<\/strong> visit\u00f3 la ciudad de Chascom\u00fas entre otras, y se encontr\u00f3 con el intendente local y aliado pol\u00edtico <strong>Javier Gast\u00f3n<\/strong>.<\/p>\n<p>Pero el verdadero motivo del viaje y visita del ex intendente de Tigre, no fue simplemente para recorrer la secci\u00f3n, ni para hacer proselitismo. Seg\u00fan nos conf\u00edan fuentes cercanas a<strong> Massa<\/strong>, el motivo real de la visita fue para \u00abdisciplinar a la tropa\u00bb de Chascom\u00fas, encabezada por <strong>Gast\u00f3n<\/strong>, y hacerles entender que el gobierno que ejerce Unidad por Chascom\u00fas no se puede manejar a su antojo, ya que en esta historia hay acuerdos que deben ser honrados y cumplidos.<\/p>\n<blockquote>\n<h3>Las cosas no estar\u00edan nada bien en el \u00abFrente de Todos\u00bb, que para el vecinalismo pareciera ser el \u00abFrente de Algunos\u00bb, ya que en las charlas que mantuvieron con los representantes y dirigentes peronistas y camporistas, el partido verde se habr\u00eda negado sistem\u00e1ticamente a abrir el juego, y repartir los cargos como hubiera correspondido a un frente que justamente lidera el referente del peronismo<strong> kirchner\u00edsta Alberto Fernandez<\/strong> y en provincia <strong>Axel Kicillof.<\/strong><\/h3>\n<\/blockquote>\n<p>A las presiones de \u00abarriba\u00bb, para que se hagan las cosas como corresponde y se cumplan con los acuerdos, se comenta que uno de los secretarios de Gast\u00f3n, habr\u00eda amenazado con <em><strong>\u00abrenunciar, antes que ceder puestos de nuestra gente en beneficio de La Campora y los peronistas\u00bb.<\/strong><\/em><\/p>\n<p>Los rumores y trascendidos est\u00e1n a la orden del d\u00eda, mencionando que ser\u00edan varias las Secretar\u00edas que corresponder\u00edan a la Campora, al igual que unas cu\u00e1ntas direcciones en distintos sectores del municipio.<\/p>\n<blockquote>\n<h3>La negativa de <strong>Javier Gast\u00f3n<\/strong> y su gente a ceder espacios de poder, habr\u00eda sido el principal motivo del viaje de <strong>Massa<\/strong> a Chascom\u00fas, para poner las cosas en su debido lugar.<\/h3>\n<\/blockquote>\n<p>Desde el municipio se pretendi\u00f3 mantener oculto el viaje de Massa, pero luego de que se public\u00f3 en este medio la primicia, la visita debi\u00f3 ser aceptada en los medios por el Intendente.<\/p>\n<blockquote>\n<h3>Ahora queda la duda si Gast\u00f3n cumplir\u00e1 con el compromiso acordado con el peronismo, que entre otras cosas provoc\u00f3 la \u00abbajada\u00bb de la candidatura de Gabriel Macchi, allan\u00e1ndole el camino, o continuar\u00e1n con la obstinada decisi\u00f3n de dejar afuera a todo aquel que no sea vecinalista.<\/h3>\n<\/blockquote>\n<p>En ambos casos, esperan tiempos pol\u00edticamente dif\u00edciles en caso de que el oficialismo gane la elecci\u00f3n. Si cede los espacios, deber\u00e1n convivir cuatro a\u00f1os con una compulsa de poder interno, en el seno mismo del gobierno, y con el descontento de parte de la sociedad que no quiere ver a La Campora en lugares de relevancia.<\/p>\n<p>Y si no cumplen, seguramente tendr\u00e1n que lidiar con peligrosos enemigos, como un gobernador y presidente que se sentir\u00e1n traicionados y probablemente le hagan pagar esa traici\u00f3n en donde m\u00e1s les duela: los recursos que el distrito necesitar\u00e1.<\/p>\n<p>&nbsp;<\/p>\n","protected":false},"excerpt":{"rendered":"<div class=\"mh-excerpt\"><p>Finalmente lleg\u00f3 el d\u00eda y el candidato a primer diputado Nacional por el Frente de Todos, Sergio Massa visit\u00f3 la ciudad de Chascom\u00fas entre otras, y se encontr\u00f3 con el intendente local y aliado pol\u00edtico <a class=\"mh-excerpt-more\" href=\"https:\/\/larevistadigital.com.ar\/blog\/el-motivo-oculto-de-la-visita-de-sergio-massa-a-chascomus\/\" title=\"EL MOTIVO OCULTO DE LA VISITA DE SERGIO MASSA A CHASCOM\u00daS\">[Leer M\u00e1s]<\/a><\/p>\n<\/div>","protected":false},"author":3,"featured_media":12744,"comment_status":"open","ping_status":"open","sticky":false,"template":"","format":"standard","meta":{"_jetpack_memberships_contains_paid_content":false,"footnotes":"","jetpack_publicize_message":"","jetpack_publicize_feature_enabled":true,"jetpack_social_post_already_shared":true,"jetpack_social_options":{"image_generator_settings":{"template":"highway","default_image_id":0,"font":"","enabled":false},"version":2}},"categories":[41,12,23],"tags":[59],"class_list":{"0":"post-12720","1":"post","2":"type-post","3":"status-publish","4":"format-standard","5":"has-post-thumbnail","7":"category-destacadas","8":"category-politica","9":"category-politica-local","10":"tag-massa-gaston-visita"},"jetpack_publicize_connections":[],"jetpack_featured_media_url":"https:\/\/i0.wp.com\/larevistadigital.com.ar\/blog\/wp-content\/uploads\/Massa-y-Gaston.jpg?fit=720%2C722&ssl=1","jetpack_sharing_enabled":true,"jetpack_shortlink":"https:\/\/wp.me\/p8qtrQ-3ja","jetpack-related-posts":[{"id":12688,"url":"https:\/\/larevistadigital.com.ar\/blog\/malestar-en-el-massismo-porque-unidad-por-chascomus-esconde-visita-de-massa-el-sabado-a-chascomus\/","url_meta":{"origin":12720,"position":0},"title":"MALESTAR EN EL MASSISMO PORQUE UNIDAD POR CHASCOM\u00daS ESCONDE VISITA DE MASSA EL S\u00c1BADO A CHASCOM\u00daS","author":"Alejandro Sosa Ruda","date":"18 octubre, 2019","format":false,"excerpt":"Fuentes del equipo del primer candidato a diputado nacional por el Frente de Todos, Sergio Massa\u00a0 nos comentaron su \"malestar\" porque desde el oficialismo chascomunense que encabeza Javier Gast\u00f3n, han mantenido deliberadamente \"oculto\" que el l\u00edder del Frente Renovador visitar\u00e1 la ciudad de Chascom\u00fas el pr\u00f3ximo s\u00e1bado. No se inform\u00f3\u2026","rel":"","context":"En \u00abDESTACADAS\u00bb","block_context":{"text":"DESTACADAS","link":"https:\/\/larevistadigital.com.ar\/blog\/category\/destacadas\/"},"img":{"alt_text":"","src":"https:\/\/i0.wp.com\/larevistadigital.com.ar\/blog\/wp-content\/uploads\/boca-cerrada.jpg?fit=700%2C524&ssl=1&resize=350%2C200","width":350,"height":200,"srcset":"https:\/\/i0.wp.com\/larevistadigital.com.ar\/blog\/wp-content\/uploads\/boca-cerrada.jpg?fit=700%2C524&ssl=1&resize=350%2C200 1x, https:\/\/i0.wp.com\/larevistadigital.com.ar\/blog\/wp-content\/uploads\/boca-cerrada.jpg?fit=700%2C524&ssl=1&resize=525%2C300 1.5x, https:\/\/i0.wp.com\/larevistadigital.com.ar\/blog\/wp-content\/uploads\/boca-cerrada.jpg?fit=700%2C524&ssl=1&resize=700%2C400 2x"},"classes":[]},{"id":9789,"url":"https:\/\/larevistadigital.com.ar\/blog\/chascomus-una-interna-no-pensada-gabriel-macchi-aseguro-que-con-massa-unido-al-peronismo-se-debera-hacer-una-interna-con-el-intendente-javier-gaston\/","url_meta":{"origin":12720,"position":1},"title":"CHASCOM\u00daS: \u00bfUNA INTERNA NO PENSADA? GABRIEL MACCHI ASEGUR\u00d3 QUE CON MASSA UNIDO AL PERONISMO, SE DEBER\u00c1 HACER UNA INTERNA CON EL INTENDENTE JAVIER GAST\u00d3N","author":"Alejandro Sosa Ruda","date":"22 abril, 2019","format":false,"excerpt":"Esta es una de las importantes definiciones del concejal, y presidente del peronismo local, Gabriel Macchi, durante una entrevista radial con el programa radial \"Tiempo de Radio\", que conduce el periodista Rub\u00e9n Martinez. En la nota, y luego de contar lo vivido en el encuentro que mantuvo el peronismo en\u2026","rel":"","context":"En \u00abDESTACADAS\u00bb","block_context":{"text":"DESTACADAS","link":"https:\/\/larevistadigital.com.ar\/blog\/category\/destacadas\/"},"img":{"alt_text":"","src":"https:\/\/i0.wp.com\/larevistadigital.com.ar\/blog\/wp-content\/uploads\/2019\/04\/INTERNA-MACCHI-GASTON.jpg?fit=970%2C546&ssl=1&resize=350%2C200","width":350,"height":200,"srcset":"https:\/\/i0.wp.com\/larevistadigital.com.ar\/blog\/wp-content\/uploads\/2019\/04\/INTERNA-MACCHI-GASTON.jpg?fit=970%2C546&ssl=1&resize=350%2C200 1x, https:\/\/i0.wp.com\/larevistadigital.com.ar\/blog\/wp-content\/uploads\/2019\/04\/INTERNA-MACCHI-GASTON.jpg?fit=970%2C546&ssl=1&resize=525%2C300 1.5x, https:\/\/i0.wp.com\/larevistadigital.com.ar\/blog\/wp-content\/uploads\/2019\/04\/INTERNA-MACCHI-GASTON.jpg?fit=970%2C546&ssl=1&resize=700%2C400 2x"},"classes":[]},{"id":39772,"url":"https:\/\/larevistadigital.com.ar\/blog\/chascomus-fue-entregado-equipamiento-para-caps-barriales\/","url_meta":{"origin":12720,"position":2},"title":"Chascom\u00fas: Fue entregado equipamiento para CAPS barriales","author":"Alejandro Sosa Ruda","date":"16 mayo, 2025","format":false,"excerpt":"El intendente Javier Gast\u00f3n visit\u00f3 este jueves los Centros de Atenci\u00f3n Primaria de la Salud (CAPS) de Ipor\u00e1 y La Noria. 16 de Mayo de 2025 CHASCOM\u00daS-\u00a0 \u00a0Durante su visita, en la que estuvo acompa\u00f1ado por la secretaria de Salud P\u00fablica, Marcela Arias, Gast\u00f3n hizo entrega de balanzas pedi\u00e1tricas para\u2026","rel":"","context":"En \u00abCHASCOM\u00daS\u00bb","block_context":{"text":"CHASCOM\u00daS","link":"https:\/\/larevistadigital.com.ar\/blog\/category\/chascomus\/"},"img":{"alt_text":"","src":"https:\/\/i0.wp.com\/larevistadigital.com.ar\/blog\/wp-content\/uploads\/6826287578bfb.png?fit=668%2C445&ssl=1&resize=350%2C200","width":350,"height":200,"srcset":"https:\/\/i0.wp.com\/larevistadigital.com.ar\/blog\/wp-content\/uploads\/6826287578bfb.png?fit=668%2C445&ssl=1&resize=350%2C200 1x, https:\/\/i0.wp.com\/larevistadigital.com.ar\/blog\/wp-content\/uploads\/6826287578bfb.png?fit=668%2C445&ssl=1&resize=525%2C300 1.5x"},"classes":[]},{"id":12881,"url":"https:\/\/larevistadigital.com.ar\/blog\/javier-gaston-fue-reelecto-como-intendente-de-chascomus\/","url_meta":{"origin":12720,"position":3},"title":"JAVIER GAST\u00d3N FUE REELECTO COMO INTENDENTE DE CHASCOM\u00daS","author":"Alejandro Sosa Ruda","date":"28 octubre, 2019","format":false,"excerpt":"El Intendente de Chascom\u00fas, y candidato por el Frente de Todos, Javier Gast\u00f3n, gan\u00f3 la elecci\u00f3n por amplio margen como hab\u00eda ocurrido en las PASO de agosto pasado, y gobernar\u00e1 la ciudad por cuatro a\u00f1os m\u00e1s a partir de diciembre. Con un gran porcentaje de adhesi\u00f3n de los vecinos, el\u2026","rel":"","context":"En \u00abCHASCOM\u00daS\u00bb","block_context":{"text":"CHASCOM\u00daS","link":"https:\/\/larevistadigital.com.ar\/blog\/category\/chascomus\/"},"img":{"alt_text":"","src":"https:\/\/i0.wp.com\/larevistadigital.com.ar\/blog\/wp-content\/uploads\/Screenshot_1-55.jpg?fit=712%2C597&ssl=1&resize=350%2C200","width":350,"height":200,"srcset":"https:\/\/i0.wp.com\/larevistadigital.com.ar\/blog\/wp-content\/uploads\/Screenshot_1-55.jpg?fit=712%2C597&ssl=1&resize=350%2C200 1x, https:\/\/i0.wp.com\/larevistadigital.com.ar\/blog\/wp-content\/uploads\/Screenshot_1-55.jpg?fit=712%2C597&ssl=1&resize=525%2C300 1.5x, https:\/\/i0.wp.com\/larevistadigital.com.ar\/blog\/wp-content\/uploads\/Screenshot_1-55.jpg?fit=712%2C597&ssl=1&resize=700%2C400 2x"},"classes":[]},{"id":10441,"url":"https:\/\/larevistadigital.com.ar\/blog\/chascomus-unidad-por-chascomus-entre-estar-con-cualquiera-o-con-nadie\/","url_meta":{"origin":12720,"position":4},"title":"CHASCOM\u00daS: UNIDAD POR CHASCOM\u00daS ENTRE ESTAR CON CUALQUIERA, O CON NADIE&#8230;","author":"Alejandro Sosa Ruda","date":"5 junio, 2019","format":false,"excerpt":"El Secretario de Gobierno de Chascom\u00fas, Cipriano P\u00e9rez del Cerro, volvi\u00f3 a hablar, en el t\u00e9rmino de quince d\u00edas de la posibilidad de que Unidad Por Chascom\u00fas, vaya a la pr\u00f3xima elecci\u00f3n con \u201cboleta corta\u201d, como lo hizo hist\u00f3ricamente hasta su arreglo con el Frente Renovador y Sergio Massa, que\u2026","rel":"","context":"En \u00abDESTACADAS\u00bb","block_context":{"text":"DESTACADAS","link":"https:\/\/larevistadigital.com.ar\/blog\/category\/destacadas\/"},"img":{"alt_text":"","src":"https:\/\/i0.wp.com\/larevistadigital.com.ar\/blog\/wp-content\/uploads\/Chapa-indeciso.jpg?fit=1200%2C799&ssl=1&resize=350%2C200","width":350,"height":200,"srcset":"https:\/\/i0.wp.com\/larevistadigital.com.ar\/blog\/wp-content\/uploads\/Chapa-indeciso.jpg?fit=1200%2C799&ssl=1&resize=350%2C200 1x, https:\/\/i0.wp.com\/larevistadigital.com.ar\/blog\/wp-content\/uploads\/Chapa-indeciso.jpg?fit=1200%2C799&ssl=1&resize=525%2C300 1.5x, https:\/\/i0.wp.com\/larevistadigital.com.ar\/blog\/wp-content\/uploads\/Chapa-indeciso.jpg?fit=1200%2C799&ssl=1&resize=700%2C400 2x, https:\/\/i0.wp.com\/larevistadigital.com.ar\/blog\/wp-content\/uploads\/Chapa-indeciso.jpg?fit=1200%2C799&ssl=1&resize=1050%2C600 3x"},"classes":[]},{"id":10759,"url":"https:\/\/larevistadigital.com.ar\/blog\/chascomus-publicaron-en-facebook-la-lista-de-la-coalicion-entre-gaston-y-la-campora\/","url_meta":{"origin":12720,"position":5},"title":"CHASCOM\u00daS: PUBLICARON EN FACEBOOK LA LISTA DE LA COALICI\u00d3N ENTRE GAST\u00d3N Y LA C\u00c1MPORA","author":"Alejandro Sosa Ruda","date":"24 junio, 2019","format":false,"excerpt":"Finalmente, el oficialismo local public\u00f3 en las redes sociales la lista que acompa\u00f1ar\u00e1 la candidatura de Javier Gast\u00f3n en el Frente de Todos, para los comicios de este a\u00f1o. Luego de una pelea en la que el vecinalismo logr\u00f3 intercediendo ante Sergio Massa que convenci\u00f3 a M\u00e1ximo Kirchner a bajar\u2026","rel":"","context":"En \u00abPOLITICA\u00bb","block_context":{"text":"POLITICA","link":"https:\/\/larevistadigital.com.ar\/blog\/category\/politica\/"},"img":{"alt_text":"","src":"https:\/\/i0.wp.com\/larevistadigital.com.ar\/blog\/wp-content\/uploads\/0023187914.jpg?fit=1046%2C590&ssl=1&resize=350%2C200","width":350,"height":200,"srcset":"https:\/\/i0.wp.com\/larevistadigital.com.ar\/blog\/wp-content\/uploads\/0023187914.jpg?fit=1046%2C590&ssl=1&resize=350%2C200 1x, https:\/\/i0.wp.com\/larevistadigital.com.ar\/blog\/wp-content\/uploads\/0023187914.jpg?fit=1046%2C590&ssl=1&resize=525%2C300 1.5x, https:\/\/i0.wp.com\/larevistadigital.com.ar\/blog\/wp-content\/uploads\/0023187914.jpg?fit=1046%2C590&ssl=1&resize=700%2C400 2x"},"classes":[]}],"_links":{"self":[{"href":"https:\/\/larevistadigital.com.ar\/blog\/wp-json\/wp\/v2\/posts\/12720","targetHints":{"allow":["GET"]}}],"collection":[{"href":"https:\/\/larevistadigital.com.ar\/blog\/wp-json\/wp\/v2\/posts"}],"about":[{"href":"https:\/\/larevistadigital.com.ar\/blog\/wp-json\/wp\/v2\/types\/post"}],"author":[{"embeddable":true,"href":"https:\/\/larevistadigital.com.ar\/blog\/wp-json\/wp\/v2\/users\/3"}],"replies":[{"embeddable":true,"href":"https:\/\/larevistadigital.com.ar\/blog\/wp-json\/wp\/v2\/comments?post=12720"}],"version-history":[{"count":2,"href":"https:\/\/larevistadigital.com.ar\/blog\/wp-json\/wp\/v2\/posts\/12720\/revisions"}],"predecessor-version":[{"id":12745,"href":"https:\/\/larevistadigital.com.ar\/blog\/wp-json\/wp\/v2\/posts\/12720\/revisions\/12745"}],"wp:featuredmedia":[{"embeddable":true,"href":"https:\/\/larevistadigital.com.ar\/blog\/wp-json\/wp\/v2\/media\/12744"}],"wp:attachment":[{"href":"https:\/\/larevistadigital.com.ar\/blog\/wp-json\/wp\/v2\/media?parent=12720"}],"wp:term":[{"taxonomy":"category","embeddable":true,"href":"https:\/\/larevistadigital.com.ar\/blog\/wp-json\/wp\/v2\/categories?post=12720"},{"taxonomy":"post_tag","embeddable":true,"href":"https:\/\/larevistadigital.com.ar\/blog\/wp-json\/wp\/v2\/tags?post=12720"}],"curies":[{"name":"wp","href":"https:\/\/api.w.org\/{rel}","templated":true}]}}