{"id":128,"date":"2017-02-12T01:07:16","date_gmt":"2017-02-12T01:07:16","guid":{"rendered":"https:\/\/larevistadigital.com.ar\/blog\/?p=128"},"modified":"2017-02-12T01:07:16","modified_gmt":"2017-02-12T01:07:16","slug":"la-mitad-las-ventas-argentina-promociones","status":"publish","type":"post","link":"https:\/\/larevistadigital.com.ar\/blog\/la-mitad-las-ventas-argentina-promociones\/","title":{"rendered":"La mitad de las ventas en Argentina son con promociones"},"content":{"rendered":"<h2>Como resultado del enfriamiento de la econom\u00eda y el aumento del costo de vida, el 50% de las ventas minoristas ya se realizan bajo alg\u00fan sistema de descuento<\/h2>\n<div>El enfriamiento de la <a class=\"agrupador\" href=\"http:\/\/www.infobae.com\/economia-a517\" rel=\"517\">econom\u00eda<\/a> no puede contra el furor de las promociones. Al contrario, la recesi\u00f3n retroalimenta la necesidad de aplicar descuentos cada vez m\u00e1s agresivos. En nuestro pa\u00eds, la mitad de las ventas minoristas ya se realizan bajo alg\u00fan sistema de promoci\u00f3n. Los principales son las tarjetas de cr\u00e9ditos de los distintos bancos y las de clubes de beneficios.<\/div>\n<div><\/div>\n<div>Bain &amp; Company, consultora especializada en consumo y <i>retail<\/i>, estimaba en el a\u00f1o 2014 que las promociones abarcaban al 40% de las ventas el pa\u00eds. De acuerdo al an\u00e1lisis actualizado del equipo t\u00e9cnico de Mundo Descuento, empresa proveedora de una aplicaci\u00f3n gratuita para smartphones que agrupa las promociones ofrecidas en el mercado organizadas seg\u00fan el perfil del consumidor-, la intensidad en el uso de los descuentos sigui\u00f3 creciendo y llegar\u00edan al 56% del total de las ventas en 2017. Gast\u00f3n Maluendez, co-fundador de Mundo Descuento y ex Groupon, revela que los representantes de bancos y shoppings advierten: \u00bbCreamos un monstruo que nunca vamos a poder detener\u00bb.<\/div>\n<div><\/div>\n<div>En una econom\u00eda con alta inflaci\u00f3n durante a\u00f1os y acelerada en los \u00faltimos meses, tener referencias de precios es muy dif\u00edcil. Las promociones aclararan el panorama a los consumidores y, cuando pueden capitalizarlas con medios de pago exclusivos, perciben una oportunidad real de ahorro.<\/div>\n<div><\/div>\n<div>El ahorro mensual de una familia tipo (una pareja con dos hijos) con un ingreso total de $17.000 por mes es de $1.400, en promedio, seg\u00fan la base de datos de Mundo Descuento. La compa\u00f1\u00eda, fundada en septiembre de 2014, ya cuenta con la informaci\u00f3n del comportamiento comercial de casi 100.000 usuarios activos en todo el pa\u00eds.<\/div>\n<div><b>\u00a0<\/b><\/div>\n<div><b>Los comercios tambi\u00e9n dependen cada vez m\u00e1s de las promos.<\/b> Con inestabilidad de precios y ca\u00edda en las ventas, fijar precios que permitan maximizar el ingreso es muy complicado y los beneficios ofrecidos al cliente facilitan esa tarea. Se combina el atractivo de una promoci\u00f3n con la posibilidad de establecer precios de salida al mercado que no necesariamente sean los que efectivamente vayan a realizarse. Este esquema comercial permite que los empresarios tengan mayor margen para ajustar precios en caso que no se alcance su expectativa de ventas. Y, dado el arraigo del sistema de ventas por promoci\u00f3n, lo habitual tiende a ser que inflen los valores para despu\u00e9s poder asumir el costo de los descuentos. Ante el \u00e9xito de las promos, los bancos y las tarjetas de clubes de beneficios, fueron reduciendo su aporte en la distribuci\u00f3n del costo del descuento y hoy s\u00f3lo garantizan la difusi\u00f3n de la promo, activo cada vez m\u00e1s valioso.<\/div>\n<div><a href=\"https:\/\/i0.wp.com\/larevistadigital.com.ar\/blog\/wp-content\/uploads\/2017\/02\/1-imagen.jpg?ssl=1\"><img data-recalc-dims=\"1\" loading=\"lazy\" decoding=\"async\" class=\"alignnone size-medium wp-image-129\" src=\"https:\/\/i0.wp.com\/larevistadigital.com.ar\/blog\/wp-content\/uploads\/2017\/02\/1-imagen.jpg?resize=300%2C200&#038;ssl=1\" alt=\"\" width=\"300\" height=\"200\" srcset=\"https:\/\/i0.wp.com\/larevistadigital.com.ar\/blog\/wp-content\/uploads\/2017\/02\/1-imagen.jpg?resize=300%2C200&amp;ssl=1 300w, https:\/\/i0.wp.com\/larevistadigital.com.ar\/blog\/wp-content\/uploads\/2017\/02\/1-imagen.jpg?w=620&amp;ssl=1 620w\" sizes=\"auto, (max-width: 300px) 100vw, 300px\" \/><\/a><\/div>\n<div>Por: Mariano Kestelboim<\/div>\n","protected":false},"excerpt":{"rendered":"<div class=\"mh-excerpt\"><p>Como resultado del enfriamiento de la econom\u00eda y el aumento del costo de vida, el 50% de las ventas minoristas ya se realizan bajo alg\u00fan sistema de descuento El enfriamiento de la econom\u00eda no puede <a class=\"mh-excerpt-more\" href=\"https:\/\/larevistadigital.com.ar\/blog\/la-mitad-las-ventas-argentina-promociones\/\" title=\"La mitad de las ventas en Argentina son con promociones\">[Leer M\u00e1s]<\/a><\/p>\n<\/div>","protected":false},"author":2,"featured_media":129,"comment_status":"open","ping_status":"open","sticky":false,"template":"","format":"standard","meta":{"_jetpack_memberships_contains_paid_content":false,"footnotes":"","jetpack_publicize_message":"","jetpack_publicize_feature_enabled":true,"jetpack_social_post_already_shared":false,"jetpack_social_options":{"image_generator_settings":{"template":"highway","default_image_id":0,"font":"","enabled":false},"version":2}},"categories":[9],"tags":[],"class_list":{"0":"post-128","1":"post","2":"type-post","3":"status-publish","4":"format-standard","5":"has-post-thumbnail","7":"category-economia"},"jetpack_publicize_connections":[],"jetpack_featured_media_url":"https:\/\/i0.wp.com\/larevistadigital.com.ar\/blog\/wp-content\/uploads\/2017\/02\/1-imagen.jpg?fit=620%2C414&ssl=1","jetpack_sharing_enabled":true,"jetpack_shortlink":"https:\/\/wp.me\/p8qtrQ-24","jetpack-related-posts":[{"id":35843,"url":"https:\/\/larevistadigital.com.ar\/blog\/la-caida-en-las-ventas-minoristas-afecta-a-la-economia-local\/","url_meta":{"origin":128,"position":0},"title":"LA CA\u00cdDA EN LAS VENTAS MINORISTAS AFECTA A LA ECONOM\u00cdA LOCAL","author":"Alejandro Sosa Ruda","date":"16 abril, 2024","format":false,"excerpt":"La Confederaci\u00f3n Argentina de la Mediana Empresa (CAME) inform\u00f3 una fuerte disminuci\u00f3n en las operaciones de los comercios minoristas durante el mes de marzo,que impacta negativamente en la din\u00e1mica econ\u00f3mica de la ciudad. 16 de abril de 2024 CHASCOM\u00daS -\u00a0 En su informe mensual correspondiente a marzo, la Confederaci\u00f3n Argentina\u2026","rel":"","context":"En \u00abCHASCOM\u00daS\u00bb","block_context":{"text":"CHASCOM\u00daS","link":"https:\/\/larevistadigital.com.ar\/blog\/category\/chascomus\/"},"img":{"alt_text":"","src":"https:\/\/i0.wp.com\/larevistadigital.com.ar\/blog\/wp-content\/uploads\/bbx_467407452_1_20171221_092044.jpg?fit=800%2C579&ssl=1&resize=350%2C200","width":350,"height":200,"srcset":"https:\/\/i0.wp.com\/larevistadigital.com.ar\/blog\/wp-content\/uploads\/bbx_467407452_1_20171221_092044.jpg?fit=800%2C579&ssl=1&resize=350%2C200 1x, https:\/\/i0.wp.com\/larevistadigital.com.ar\/blog\/wp-content\/uploads\/bbx_467407452_1_20171221_092044.jpg?fit=800%2C579&ssl=1&resize=525%2C300 1.5x, https:\/\/i0.wp.com\/larevistadigital.com.ar\/blog\/wp-content\/uploads\/bbx_467407452_1_20171221_092044.jpg?fit=800%2C579&ssl=1&resize=700%2C400 2x"},"classes":[]},{"id":36933,"url":"https:\/\/larevistadigital.com.ar\/blog\/chascomus-continua-la-baja-en-la-actividad-comercial-minorista-que-afecta-a-la-economia-local\/","url_meta":{"origin":128,"position":1},"title":"CHASCOM\u00daS: CONTIN\u00daA LA BAJA EN LA ACTIVIDAD COMERCIAL MINORISTA QUE AFECTA A LA ECONOM\u00cdA LOCAL","author":"Alejandro Sosa Ruda","date":"11 agosto, 2024","format":false,"excerpt":"Los \u00faltimos relevamientos indican que las pymes enfrentan una ca\u00edda del 15,7% en julio. Mientras que en Chascom\u00fas hubo un leve repunte durante las vacaciones de invierno, el panorama general contin\u00faa siendo preocupante. 11 de Agosto de 2024 CHASCOM\u00daS -\u00a0 Las ventas minoristas de las pymes tuvieron una nueva baja\u2026","rel":"","context":"En \u00abCHASCOM\u00daS\u00bb","block_context":{"text":"CHASCOM\u00daS","link":"https:\/\/larevistadigital.com.ar\/blog\/category\/chascomus\/"},"img":{"alt_text":"","src":"https:\/\/i0.wp.com\/larevistadigital.com.ar\/blog\/wp-content\/uploads\/66b765275385e.png?fit=668%2C445&ssl=1&resize=350%2C200","width":350,"height":200,"srcset":"https:\/\/i0.wp.com\/larevistadigital.com.ar\/blog\/wp-content\/uploads\/66b765275385e.png?fit=668%2C445&ssl=1&resize=350%2C200 1x, https:\/\/i0.wp.com\/larevistadigital.com.ar\/blog\/wp-content\/uploads\/66b765275385e.png?fit=668%2C445&ssl=1&resize=525%2C300 1.5x"},"classes":[]},{"id":40384,"url":"https:\/\/larevistadigital.com.ar\/blog\/mar-del-plata-empresarios-advierten-caida-en-las-ventas-y-reclaman-medidas-que-reactiven-el-consumo\/","url_meta":{"origin":128,"position":2},"title":"Mar del Plata: Empresarios advierten ca\u00edda en las ventas y reclaman medidas que reactiven el consumo","author":"Alejandro Sosa Ruda","date":"8 julio, 2025","format":false,"excerpt":"La Uni\u00f3n del Comercio, la Industria y la Producci\u00f3n de Mar del Plata (UCIP) present\u00f3 un nuevo informe elaborado por su Departamento de Estudios Sociales y Econ\u00f3micos (DESE), en el que se registra una baja del 9,8 % en las ventas f\u00edsicas durante junio de 2025 en\u00a0 comparaci\u00f3n con el\u2026","rel":"","context":"En \u00abPOLITICA\u00bb","block_context":{"text":"POLITICA","link":"https:\/\/larevistadigital.com.ar\/blog\/category\/politica\/"},"img":{"alt_text":"","src":"https:\/\/i0.wp.com\/larevistadigital.com.ar\/blog\/wp-content\/uploads\/20250708202036_caida-de-las-ventas.jpg?fit=880%2C512&ssl=1&resize=350%2C200","width":350,"height":200,"srcset":"https:\/\/i0.wp.com\/larevistadigital.com.ar\/blog\/wp-content\/uploads\/20250708202036_caida-de-las-ventas.jpg?fit=880%2C512&ssl=1&resize=350%2C200 1x, https:\/\/i0.wp.com\/larevistadigital.com.ar\/blog\/wp-content\/uploads\/20250708202036_caida-de-las-ventas.jpg?fit=880%2C512&ssl=1&resize=525%2C300 1.5x, https:\/\/i0.wp.com\/larevistadigital.com.ar\/blog\/wp-content\/uploads\/20250708202036_caida-de-las-ventas.jpg?fit=880%2C512&ssl=1&resize=700%2C400 2x"},"classes":[]},{"id":41884,"url":"https:\/\/larevistadigital.com.ar\/blog\/banco-provincia-lanza-descuentos-y-hasta-18-cuotas-sin-interes-en-provincia-compras\/","url_meta":{"origin":128,"position":3},"title":"Banco Provincia lanza descuentos y hasta 18 cuotas sin inter\u00e9s en Provincia Compras","author":"Alejandro Sosa Ruda","date":"9 octubre, 2025","format":false,"excerpt":"Durante octubre, Banco Provincia celebra el Mes de las Madres con una amplia variedad de beneficios para sus clientes. Habr\u00e1 descuentos en gastronom\u00eda con Cuenta DNI, promociones en indumentaria, librer\u00edas y perfumer\u00edas, adem\u00e1s de una acci\u00f3n especial en Provincia Compras con tarjetas de cr\u00e9dito hasta 18 cuotas sin inter\u00e9s. 09\u2026","rel":"","context":"En \u00abINTERES GENERAL\u00bb","block_context":{"text":"INTERES GENERAL","link":"https:\/\/larevistadigital.com.ar\/blog\/category\/interes-general\/"},"img":{"alt_text":"","src":"https:\/\/i0.wp.com\/larevistadigital.com.ar\/blog\/wp-content\/uploads\/20251009170146_dia-de-la-madre-descuentos-provincia-compras.jpg?fit=880%2C512&ssl=1&resize=350%2C200","width":350,"height":200,"srcset":"https:\/\/i0.wp.com\/larevistadigital.com.ar\/blog\/wp-content\/uploads\/20251009170146_dia-de-la-madre-descuentos-provincia-compras.jpg?fit=880%2C512&ssl=1&resize=350%2C200 1x, https:\/\/i0.wp.com\/larevistadigital.com.ar\/blog\/wp-content\/uploads\/20251009170146_dia-de-la-madre-descuentos-provincia-compras.jpg?fit=880%2C512&ssl=1&resize=525%2C300 1.5x, https:\/\/i0.wp.com\/larevistadigital.com.ar\/blog\/wp-content\/uploads\/20251009170146_dia-de-la-madre-descuentos-provincia-compras.jpg?fit=880%2C512&ssl=1&resize=700%2C400 2x"},"classes":[]},{"id":44144,"url":"https:\/\/larevistadigital.com.ar\/blog\/el-festival-soijar-dejo-impacto-real-en-el-comercio-local-mas-ventas-y-mayor-circulacion\/","url_meta":{"origin":128,"position":4},"title":"El Festival SOIJAr dej\u00f3 impacto real en el comercio local: m\u00e1s ventas y mayor circulaci\u00f3n","author":"Alejandro Sosa Ruda","date":"23 febrero, 2026","format":false,"excerpt":"Un relevamiento de la C\u00e1mara de Comercio, Industria, Producci\u00f3n y Servicios de Chascom\u00fas revel\u00f3 que m\u00e1s del 70% de los comerciantes not\u00f3 mayor afluencia de p\u00fablico y que, en muchos casos, las ventas crecieron hasta un 50%. 23 De febrero de 2026. CHASCOM\u00daS\u00a0 -\u00a0 \u00a0Del 29 al 31 de enero,\u2026","rel":"","context":"En \u00abINTERES GENERAL\u00bb","block_context":{"text":"INTERES GENERAL","link":"https:\/\/larevistadigital.com.ar\/blog\/category\/interes-general\/"},"img":{"alt_text":"","src":"https:\/\/i0.wp.com\/larevistadigital.com.ar\/blog\/wp-content\/uploads\/Captura-de-pantalla-2026-02-23-221133.jpg?fit=861%2C471&ssl=1&resize=350%2C200","width":350,"height":200,"srcset":"https:\/\/i0.wp.com\/larevistadigital.com.ar\/blog\/wp-content\/uploads\/Captura-de-pantalla-2026-02-23-221133.jpg?fit=861%2C471&ssl=1&resize=350%2C200 1x, https:\/\/i0.wp.com\/larevistadigital.com.ar\/blog\/wp-content\/uploads\/Captura-de-pantalla-2026-02-23-221133.jpg?fit=861%2C471&ssl=1&resize=525%2C300 1.5x, https:\/\/i0.wp.com\/larevistadigital.com.ar\/blog\/wp-content\/uploads\/Captura-de-pantalla-2026-02-23-221133.jpg?fit=861%2C471&ssl=1&resize=700%2C400 2x"},"classes":[]},{"id":35269,"url":"https:\/\/larevistadigital.com.ar\/blog\/banco-provincia-promociones-y-descuentos-para-la-vuelta-a-clases\/","url_meta":{"origin":128,"position":5},"title":"BANCO PROVINCIA: PROMOCIONES Y DESCUENTOS PARA LA VUELTA A CLASES","author":"Alejandro Sosa Ruda","date":"16 febrero, 2024","format":false,"excerpt":"Hay beneficios para compras con tarjetas y tambi\u00e9n a trav\u00e9s de Cuenta DNI. Todos los detalles. 16 de febrero de 2024 BUENOS AIRES -\u00a0 \u00a0A pocos d\u00edas del inicio del ciclo lectivo 2024, el Banco Provincia\u00a0lanz\u00f3 una serie de promociones para realizar las compras escolares. Se trata de descuentos en\u00a0librer\u00edas,\u2026","rel":"","context":"En \u00abDESTACADAS\u00bb","block_context":{"text":"DESTACADAS","link":"https:\/\/larevistadigital.com.ar\/blog\/category\/destacadas\/"},"img":{"alt_text":"","src":"https:\/\/i0.wp.com\/larevistadigital.com.ar\/blog\/wp-content\/uploads\/Cuenta-DNI.jpg?fit=1140%2C761&ssl=1&resize=350%2C200","width":350,"height":200,"srcset":"https:\/\/i0.wp.com\/larevistadigital.com.ar\/blog\/wp-content\/uploads\/Cuenta-DNI.jpg?fit=1140%2C761&ssl=1&resize=350%2C200 1x, https:\/\/i0.wp.com\/larevistadigital.com.ar\/blog\/wp-content\/uploads\/Cuenta-DNI.jpg?fit=1140%2C761&ssl=1&resize=525%2C300 1.5x, https:\/\/i0.wp.com\/larevistadigital.com.ar\/blog\/wp-content\/uploads\/Cuenta-DNI.jpg?fit=1140%2C761&ssl=1&resize=700%2C400 2x, https:\/\/i0.wp.com\/larevistadigital.com.ar\/blog\/wp-content\/uploads\/Cuenta-DNI.jpg?fit=1140%2C761&ssl=1&resize=1050%2C600 3x"},"classes":[]}],"_links":{"self":[{"href":"https:\/\/larevistadigital.com.ar\/blog\/wp-json\/wp\/v2\/posts\/128","targetHints":{"allow":["GET"]}}],"collection":[{"href":"https:\/\/larevistadigital.com.ar\/blog\/wp-json\/wp\/v2\/posts"}],"about":[{"href":"https:\/\/larevistadigital.com.ar\/blog\/wp-json\/wp\/v2\/types\/post"}],"author":[{"embeddable":true,"href":"https:\/\/larevistadigital.com.ar\/blog\/wp-json\/wp\/v2\/users\/2"}],"replies":[{"embeddable":true,"href":"https:\/\/larevistadigital.com.ar\/blog\/wp-json\/wp\/v2\/comments?post=128"}],"version-history":[{"count":1,"href":"https:\/\/larevistadigital.com.ar\/blog\/wp-json\/wp\/v2\/posts\/128\/revisions"}],"predecessor-version":[{"id":130,"href":"https:\/\/larevistadigital.com.ar\/blog\/wp-json\/wp\/v2\/posts\/128\/revisions\/130"}],"wp:featuredmedia":[{"embeddable":true,"href":"https:\/\/larevistadigital.com.ar\/blog\/wp-json\/wp\/v2\/media\/129"}],"wp:attachment":[{"href":"https:\/\/larevistadigital.com.ar\/blog\/wp-json\/wp\/v2\/media?parent=128"}],"wp:term":[{"taxonomy":"category","embeddable":true,"href":"https:\/\/larevistadigital.com.ar\/blog\/wp-json\/wp\/v2\/categories?post=128"},{"taxonomy":"post_tag","embeddable":true,"href":"https:\/\/larevistadigital.com.ar\/blog\/wp-json\/wp\/v2\/tags?post=128"}],"curies":[{"name":"wp","href":"https:\/\/api.w.org\/{rel}","templated":true}]}}