{"id":1299,"date":"2017-03-19T12:58:54","date_gmt":"2017-03-19T12:58:54","guid":{"rendered":"https:\/\/larevistadigital.com.ar\/blog\/?p=1299"},"modified":"2017-03-19T12:58:54","modified_gmt":"2017-03-19T12:58:54","slug":"tarifa-diferencial-de-peaje-a-vecinos-de-chascomus-hay-que-reempadronarse","status":"publish","type":"post","link":"https:\/\/larevistadigital.com.ar\/blog\/tarifa-diferencial-de-peaje-a-vecinos-de-chascomus-hay-que-reempadronarse\/","title":{"rendered":"TARIFA DIFERENCIAL DE PEAJE A VECINOS DE CHASCOMUS: HAY QUE REEMPADRONARSE"},"content":{"rendered":"<p>De acuerdo a lo informado por AUBASA, los vecinos que est\u00e9n beneficiados con una tarifa diferencial por ser residentes en Chascom\u00fas, deber\u00e1n \u201creempadronarse\u201d en un plazo que llega al 15 de mayo de este a\u00f1o.<\/p>\n<p>Por lo tanto, quienes residen en la ciudad, o viajan de manera asidua por trabajo, tendr\u00e1n que gestionar este tr\u00e1mite en la estaci\u00f3n de peaje de\u00a0 Samboromb\u00f3n, de lunes a viernes en el horario de 6 a 22 y los d\u00edas s\u00e1bados de 6 a10.<\/p>\n<blockquote><p><strong>Para el tr\u00e1mite, deber\u00e1n concurrir con DNI, licencia de conducir con domicilio en Chascom\u00fas, y de ser necesario, certificado de trabajo.<\/strong><\/p><\/blockquote>\n<p>Quienes no realicen el tr\u00e1mite en tiempo y forma, deber\u00e1n abonar la tarifa completa, de acuerdo a la categor\u00eda detectada.<\/p>\n<p><strong>Para m\u00e1s informaci\u00f3n contactarse con el 0800-666-8353 de lunes a viernes de 9 a 17; o enwww.aubasa.com.ar<\/strong><\/p>\n","protected":false},"excerpt":{"rendered":"<div class=\"mh-excerpt\"><p>De acuerdo a lo informado por AUBASA, los vecinos que est\u00e9n beneficiados con una tarifa diferencial por ser residentes en Chascom\u00fas, deber\u00e1n \u201creempadronarse\u201d en un plazo que llega al 15 de mayo de este a\u00f1o. <a class=\"mh-excerpt-more\" href=\"https:\/\/larevistadigital.com.ar\/blog\/tarifa-diferencial-de-peaje-a-vecinos-de-chascomus-hay-que-reempadronarse\/\" title=\"TARIFA DIFERENCIAL DE PEAJE A VECINOS DE CHASCOMUS: HAY QUE REEMPADRONARSE\">[Leer M\u00e1s]<\/a><\/p>\n<\/div>","protected":false},"author":3,"featured_media":1301,"comment_status":"open","ping_status":"open","sticky":false,"template":"","format":"standard","meta":{"_jetpack_memberships_contains_paid_content":false,"footnotes":"","jetpack_publicize_message":"","jetpack_publicize_feature_enabled":true,"jetpack_social_post_already_shared":true,"jetpack_social_options":{"image_generator_settings":{"template":"highway","default_image_id":0,"font":"","enabled":false},"version":2}},"categories":[6],"tags":[],"class_list":{"0":"post-1299","1":"post","2":"type-post","3":"status-publish","4":"format-standard","5":"has-post-thumbnail","7":"category-chascomus"},"jetpack_publicize_connections":[],"jetpack_featured_media_url":"https:\/\/i0.wp.com\/larevistadigital.com.ar\/blog\/wp-content\/uploads\/2017\/03\/nota-1298254-aumentaron-peajes-autovia-ruta-634317.jpg?fit=1500%2C1500&ssl=1","jetpack_sharing_enabled":true,"jetpack_shortlink":"https:\/\/wp.me\/p8qtrQ-kX","jetpack-related-posts":[{"id":36309,"url":"https:\/\/larevistadigital.com.ar\/blog\/quita-de-subsidios-a-los-servicios-publicos\/","url_meta":{"origin":1299,"position":0},"title":"QUITA DE SUBSIDIOS A LOS SERVICIOS P\u00daBLICOS","author":"Alejandro Sosa Ruda","date":"13 junio, 2024","format":false,"excerpt":"En sesenta d\u00edas vence el plazo para la inscripci\u00f3n en el registro de segmentaci\u00f3n energ\u00e9tica. 13 de Junio de 2024 CHASCOM\u00daS -\u00a0 Desde la oficina de OMIC informan que la Secretar\u00eda de Energ\u00eda de la Naci\u00f3n modific\u00f3 el Sistema de Subsidios a la energ\u00eda y el valor de consumo. Deber\u00e1n\u2026","rel":"","context":"En \u00abINTERES GENERAL\u00bb","block_context":{"text":"INTERES GENERAL","link":"https:\/\/larevistadigital.com.ar\/blog\/category\/interes-general\/"},"img":{"alt_text":"","src":"https:\/\/i0.wp.com\/larevistadigital.com.ar\/blog\/wp-content\/uploads\/2024_06_12_01_38_22_5964752.jpg?fit=600%2C400&ssl=1&resize=350%2C200","width":350,"height":200,"srcset":"https:\/\/i0.wp.com\/larevistadigital.com.ar\/blog\/wp-content\/uploads\/2024_06_12_01_38_22_5964752.jpg?fit=600%2C400&ssl=1&resize=350%2C200 1x, https:\/\/i0.wp.com\/larevistadigital.com.ar\/blog\/wp-content\/uploads\/2024_06_12_01_38_22_5964752.jpg?fit=600%2C400&ssl=1&resize=525%2C300 1.5x"},"classes":[]},{"id":40800,"url":"https:\/\/larevistadigital.com.ar\/blog\/chascomus-se-abre-la-segunda-convocatoria-para-las-becas-progresar\/","url_meta":{"origin":1299,"position":1},"title":"Chascom\u00fas: Se abre la segunda convocatoria para las becas Progresar","author":"Alejandro Sosa Ruda","date":"6 agosto, 2025","format":false,"excerpt":"Para el tr\u00e1mite los interesados deben validar identidad digital de la aplicaci\u00f3n Mi Argentina. 06 de Agosto de 2025 CHASCOM\u00daS -\u00a0 \u00a0La pr\u00f3xima semana se abrir\u00e1 la inscripci\u00f3n a las becas Progresar. La misma tendr\u00e1 lugar en el CIC 30 de Mayo (Serantes y Carmona) de manera escalonada de acuerdo\u2026","rel":"","context":"En \u00abCHASCOM\u00daS\u00bb","block_context":{"text":"CHASCOM\u00daS","link":"https:\/\/larevistadigital.com.ar\/blog\/category\/chascomus\/"},"img":{"alt_text":"","src":"https:\/\/i0.wp.com\/larevistadigital.com.ar\/blog\/wp-content\/uploads\/6893848d150ea.png?fit=668%2C445&ssl=1&resize=350%2C200","width":350,"height":200,"srcset":"https:\/\/i0.wp.com\/larevistadigital.com.ar\/blog\/wp-content\/uploads\/6893848d150ea.png?fit=668%2C445&ssl=1&resize=350%2C200 1x, https:\/\/i0.wp.com\/larevistadigital.com.ar\/blog\/wp-content\/uploads\/6893848d150ea.png?fit=668%2C445&ssl=1&resize=525%2C300 1.5x"},"classes":[]},{"id":47,"url":"https:\/\/larevistadigital.com.ar\/blog\/vtv-en-chascomus-hasta-el-dia-17-de-febrero\/","url_meta":{"origin":1299,"position":2},"title":"VTV En Chascom\u00fas hasta el d\u00eda 17 de febrero","author":"editor","date":"30 enero, 2017","format":false,"excerpt":"El servicio ser\u00e1 brindado en el predio de la empresa local Cer\u00e1mica Chascom\u00fas, ubicado en la Porte\u00f1a y Estados Unidos, en el horario de 8:00 a 17:00 horas de lunes a viernes. En una charla mantenida con el encargado del operativo, nos record\u00f3 que la VTV es un tr\u00e1mite obligatorio\u2026","rel":"","context":"En \u00abCHASCOM\u00daS\u00bb","block_context":{"text":"CHASCOM\u00daS","link":"https:\/\/larevistadigital.com.ar\/blog\/category\/chascomus\/"},"img":{"alt_text":"","src":"https:\/\/i0.wp.com\/larevistadigital.com.ar\/blog\/wp-content\/uploads\/2017\/01\/301804-1.jpg?fit=630%2C356&ssl=1&resize=350%2C200","width":350,"height":200,"srcset":"https:\/\/i0.wp.com\/larevistadigital.com.ar\/blog\/wp-content\/uploads\/2017\/01\/301804-1.jpg?fit=630%2C356&ssl=1&resize=350%2C200 1x, https:\/\/i0.wp.com\/larevistadigital.com.ar\/blog\/wp-content\/uploads\/2017\/01\/301804-1.jpg?fit=630%2C356&ssl=1&resize=525%2C300 1.5x"},"classes":[]},{"id":42474,"url":"https:\/\/larevistadigital.com.ar\/blog\/chascomus-este-lunes-y-martes-se-realizara-un-nuevo-operativo-gratuito-de-renovacion-de-dni\/","url_meta":{"origin":1299,"position":3},"title":"Chascom\u00fas: Este lunes y martes se realizar\u00e1 un nuevo operativo gratuito de renovaci\u00f3n de DNI","author":"Alejandro Sosa Ruda","date":"14 noviembre, 2025","format":false,"excerpt":"Ser\u00e1 en la Plaza Independencia, frente a la Municipalidad, y se sumar\u00e1n iglesias, clubes locales y entidades sociales. 14 de Noviembre de 2025 CHASCOM\u00daS -\u00a0 \u00a0El pr\u00f3ximo lunes 17 y el martes 18 de noviembre, se llevar\u00e1 a cabo un nuevo operativo especial dedicado a la renovaci\u00f3n del Documento Nacional\u2026","rel":"","context":"En \u00abCHASCOM\u00daS\u00bb","block_context":{"text":"CHASCOM\u00daS","link":"https:\/\/larevistadigital.com.ar\/blog\/category\/chascomus\/"},"img":{"alt_text":"","src":"https:\/\/i0.wp.com\/larevistadigital.com.ar\/blog\/wp-content\/uploads\/69176d86ada62.png?fit=668%2C445&ssl=1&resize=350%2C200","width":350,"height":200,"srcset":"https:\/\/i0.wp.com\/larevistadigital.com.ar\/blog\/wp-content\/uploads\/69176d86ada62.png?fit=668%2C445&ssl=1&resize=350%2C200 1x, https:\/\/i0.wp.com\/larevistadigital.com.ar\/blog\/wp-content\/uploads\/69176d86ada62.png?fit=668%2C445&ssl=1&resize=525%2C300 1.5x"},"classes":[]},{"id":3022,"url":"https:\/\/larevistadigital.com.ar\/blog\/chascomus-ramiro-ferrante-escribio-una-carta-abierta-a-los-vecinos-de-la-ciudad\/","url_meta":{"origin":1299,"position":4},"title":"CHASCOM\u00daS: RAMIRO FERRANTE ESCRIBI\u00d3 UNA CARTA ABIERTA A LOS VECINOS DE LA CIUDAD","author":"Alejandro Sosa Ruda","date":"6 agosto, 2017","format":false,"excerpt":"El precandidato a concejal de Cambiemos, Ramiro Ferrante, hizo llegar a los medios una carta abierta a la sociedad de Chascom\u00fas en la que explica entre otras cosas los motivos que lo han llevado a incursionar en pol\u00edtica, adem\u00e1s de agradecer el cari\u00f1o y apoyo de sus seres queridos. CARTA\u2026","rel":"","context":"En \u00abCHASCOM\u00daS\u00bb","block_context":{"text":"CHASCOM\u00daS","link":"https:\/\/larevistadigital.com.ar\/blog\/category\/chascomus\/"},"img":{"alt_text":"","src":"https:\/\/i0.wp.com\/larevistadigital.com.ar\/blog\/wp-content\/uploads\/2017\/08\/DSC_0452-1.jpg?fit=1200%2C795&ssl=1&resize=350%2C200","width":350,"height":200,"srcset":"https:\/\/i0.wp.com\/larevistadigital.com.ar\/blog\/wp-content\/uploads\/2017\/08\/DSC_0452-1.jpg?fit=1200%2C795&ssl=1&resize=350%2C200 1x, https:\/\/i0.wp.com\/larevistadigital.com.ar\/blog\/wp-content\/uploads\/2017\/08\/DSC_0452-1.jpg?fit=1200%2C795&ssl=1&resize=525%2C300 1.5x, https:\/\/i0.wp.com\/larevistadigital.com.ar\/blog\/wp-content\/uploads\/2017\/08\/DSC_0452-1.jpg?fit=1200%2C795&ssl=1&resize=700%2C400 2x, https:\/\/i0.wp.com\/larevistadigital.com.ar\/blog\/wp-content\/uploads\/2017\/08\/DSC_0452-1.jpg?fit=1200%2C795&ssl=1&resize=1050%2C600 3x"},"classes":[]},{"id":42369,"url":"https:\/\/larevistadigital.com.ar\/blog\/chascomus-135-vecinos-firmaron-escrituras-para-acceder-a-su-titulo-de-propiedad-y-cumplir-el-sueno-de-la-casa-propia\/","url_meta":{"origin":1299,"position":5},"title":"Chascom\u00fas: 135 vecinos firmaron escrituras para acceder a su t\u00edtulo de propiedad y cumplir el sue\u00f1o de la \u201ccasa propia\u201d","author":"Alejandro Sosa Ruda","date":"5 noviembre, 2025","format":false,"excerpt":"Quienes deseen realizar este tr\u00e1mite pueden acercarse al \u00e1rea de H\u00e1bitat de la Municipalidad de Chascom\u00fas. 05 de Noviembre de 2025 CHASCOM\u00daS -\u00a0 \u00a0Este martes, en el Teatro Municipal Brazzola, se llev\u00f3 a cabo un acto de firma de escrituras organizado por la Escriban\u00eda General de Gobierno de la Provincia\u2026","rel":"","context":"En \u00abCHASCOM\u00daS\u00bb","block_context":{"text":"CHASCOM\u00daS","link":"https:\/\/larevistadigital.com.ar\/blog\/category\/chascomus\/"},"img":{"alt_text":"","src":"https:\/\/i0.wp.com\/larevistadigital.com.ar\/blog\/wp-content\/uploads\/690a3af07d3a3.png?fit=668%2C445&ssl=1&resize=350%2C200","width":350,"height":200,"srcset":"https:\/\/i0.wp.com\/larevistadigital.com.ar\/blog\/wp-content\/uploads\/690a3af07d3a3.png?fit=668%2C445&ssl=1&resize=350%2C200 1x, https:\/\/i0.wp.com\/larevistadigital.com.ar\/blog\/wp-content\/uploads\/690a3af07d3a3.png?fit=668%2C445&ssl=1&resize=525%2C300 1.5x"},"classes":[]}],"_links":{"self":[{"href":"https:\/\/larevistadigital.com.ar\/blog\/wp-json\/wp\/v2\/posts\/1299","targetHints":{"allow":["GET"]}}],"collection":[{"href":"https:\/\/larevistadigital.com.ar\/blog\/wp-json\/wp\/v2\/posts"}],"about":[{"href":"https:\/\/larevistadigital.com.ar\/blog\/wp-json\/wp\/v2\/types\/post"}],"author":[{"embeddable":true,"href":"https:\/\/larevistadigital.com.ar\/blog\/wp-json\/wp\/v2\/users\/3"}],"replies":[{"embeddable":true,"href":"https:\/\/larevistadigital.com.ar\/blog\/wp-json\/wp\/v2\/comments?post=1299"}],"version-history":[{"count":1,"href":"https:\/\/larevistadigital.com.ar\/blog\/wp-json\/wp\/v2\/posts\/1299\/revisions"}],"predecessor-version":[{"id":1300,"href":"https:\/\/larevistadigital.com.ar\/blog\/wp-json\/wp\/v2\/posts\/1299\/revisions\/1300"}],"wp:featuredmedia":[{"embeddable":true,"href":"https:\/\/larevistadigital.com.ar\/blog\/wp-json\/wp\/v2\/media\/1301"}],"wp:attachment":[{"href":"https:\/\/larevistadigital.com.ar\/blog\/wp-json\/wp\/v2\/media?parent=1299"}],"wp:term":[{"taxonomy":"category","embeddable":true,"href":"https:\/\/larevistadigital.com.ar\/blog\/wp-json\/wp\/v2\/categories?post=1299"},{"taxonomy":"post_tag","embeddable":true,"href":"https:\/\/larevistadigital.com.ar\/blog\/wp-json\/wp\/v2\/tags?post=1299"}],"curies":[{"name":"wp","href":"https:\/\/api.w.org\/{rel}","templated":true}]}}