{"id":1302,"date":"2017-03-19T13:36:01","date_gmt":"2017-03-19T13:36:01","guid":{"rendered":"https:\/\/larevistadigital.com.ar\/blog\/?p=1302"},"modified":"2017-03-19T13:36:01","modified_gmt":"2017-03-19T13:36:01","slug":"policiales-hallan-cuerpo-semi-enterrado-en-el-acceso-a-sierra-de-los-padres","status":"publish","type":"post","link":"https:\/\/larevistadigital.com.ar\/blog\/policiales-hallan-cuerpo-semi-enterrado-en-el-acceso-a-sierra-de-los-padres\/","title":{"rendered":"POLICIALES: HALLAN CUERPO SEMI ENTERRADO EN EL ACCESO A SIERRA DE LOS PADRES"},"content":{"rendered":"<p>Durante la tarde de ayer, fue encontrado un cuerpo de un hombre en un descampado en la zona del \u201cArroyo de los padres\u201d.<\/p>\n<p>El hallazgo se produjo m\u00e1s concretamente\u00a0 en un camino vecinal ubicado en la entrada a Sierra de los Padres, y quien se encontr\u00f3 con la desagradable sorpresa fue una mujer que transitaba por el camino los Ort\u00edz, cercano al \u00a0arroyo, y divis\u00f3 el cuerpo a la vera del camino. Lo que sorprende del hallazgo, es que ese lugar es muy concurrido y transitado con gente que practica tracking, corre, o hace ciclismo y otros deportes o paseos al aire libre.<\/p>\n<blockquote><p><strong>Trascendi\u00f3 que el cuerpo se encontraba semi-enterrado, cubierto por algunas hojas y ramas, y envuelto en una frazada. Solo se observaban sus pies. A su lado se encontr\u00f3 un autom\u00f3vil. <\/strong><\/p><\/blockquote>\n<p>Luego de las averiguaciones de rigor, se confirm\u00f3 que se trata de un reconocido m\u00e9dico cardi\u00f3logo marplatense llamado Rodolfo Tortorella de unos 70 a\u00f1os de edad, por el que se hab\u00eda radicado una denuncia ya que se encontraba desaparecido desde el d\u00eda jueves.<\/p>\n<p><a href=\"https:\/\/i0.wp.com\/larevistadigital.com.ar\/blog\/wp-content\/uploads\/2017\/03\/Tortorella-1024x768.jpg?ssl=1\"><img data-recalc-dims=\"1\" loading=\"lazy\" decoding=\"async\" class=\"size-full wp-image-1306 aligncenter\" src=\"https:\/\/i0.wp.com\/larevistadigital.com.ar\/blog\/wp-content\/uploads\/2017\/03\/Tortorella-1024x768.jpg?resize=1024%2C768&#038;ssl=1\" alt=\"\" width=\"1024\" height=\"768\" srcset=\"https:\/\/i0.wp.com\/larevistadigital.com.ar\/blog\/wp-content\/uploads\/2017\/03\/Tortorella-1024x768.jpg?resize=1024%2C768&amp;ssl=1 1024w, https:\/\/i0.wp.com\/larevistadigital.com.ar\/blog\/wp-content\/uploads\/2017\/03\/Tortorella-1024x768.jpg?resize=300%2C225&amp;ssl=1 300w, https:\/\/i0.wp.com\/larevistadigital.com.ar\/blog\/wp-content\/uploads\/2017\/03\/Tortorella-1024x768.jpg?resize=768%2C576&amp;ssl=1 768w, https:\/\/i0.wp.com\/larevistadigital.com.ar\/blog\/wp-content\/uploads\/2017\/03\/Tortorella-1024x768.jpg?resize=678%2C509&amp;ssl=1 678w, https:\/\/i0.wp.com\/larevistadigital.com.ar\/blog\/wp-content\/uploads\/2017\/03\/Tortorella-1024x768.jpg?resize=326%2C245&amp;ssl=1 326w, https:\/\/i0.wp.com\/larevistadigital.com.ar\/blog\/wp-content\/uploads\/2017\/03\/Tortorella-1024x768.jpg?resize=80%2C60&amp;ssl=1 80w\" sizes=\"auto, (max-width: 1000px) 100vw, 1000px\" \/><\/a><\/p>\n<p>&nbsp;<\/p>\n<p>Por el momento, no hay hip\u00f3tesis de lo sucedido, y la investigaci\u00f3n est\u00e1 en marcha.<\/p>\n<p>&nbsp;<\/p>\n<p>&nbsp;<\/p>\n<p>&nbsp;<\/p>\n","protected":false},"excerpt":{"rendered":"<div class=\"mh-excerpt\"><p>Durante la tarde de ayer, fue encontrado un cuerpo de un hombre en un descampado en la zona del \u201cArroyo de los padres\u201d. El hallazgo se produjo m\u00e1s concretamente\u00a0 en un camino vecinal ubicado en <a class=\"mh-excerpt-more\" href=\"https:\/\/larevistadigital.com.ar\/blog\/policiales-hallan-cuerpo-semi-enterrado-en-el-acceso-a-sierra-de-los-padres\/\" title=\"POLICIALES: HALLAN CUERPO SEMI ENTERRADO EN EL ACCESO A SIERRA DE LOS PADRES\">[Leer M\u00e1s]<\/a><\/p>\n<\/div>","protected":false},"author":3,"featured_media":1305,"comment_status":"open","ping_status":"open","sticky":false,"template":"","format":"standard","meta":{"_jetpack_memberships_contains_paid_content":false,"footnotes":"","jetpack_publicize_message":"","jetpack_publicize_feature_enabled":true,"jetpack_social_post_already_shared":true,"jetpack_social_options":{"image_generator_settings":{"template":"highway","default_image_id":0,"font":"","enabled":false},"version":2}},"categories":[41,29],"tags":[],"class_list":{"0":"post-1302","1":"post","2":"type-post","3":"status-publish","4":"format-standard","5":"has-post-thumbnail","7":"category-destacadas","8":"category-sociedad"},"jetpack_publicize_connections":[],"jetpack_featured_media_url":"https:\/\/i0.wp.com\/larevistadigital.com.ar\/blog\/wp-content\/uploads\/2017\/03\/fototo-1024x576.jpg?fit=1024%2C576&ssl=1","jetpack_sharing_enabled":true,"jetpack_shortlink":"https:\/\/wp.me\/p8qtrQ-l0","jetpack-related-posts":[{"id":28848,"url":"https:\/\/larevistadigital.com.ar\/blog\/hallaron-a-susana-caceres-fue-asesinada-y-su-cuerpo-estaba-calcinado\/","url_meta":{"origin":1302,"position":0},"title":"HALLARON A SUSANA C\u00c1CERES: FUE ASESINADA Y SU CUERPO ESTABA CALCINADO","author":"Alejandro Sosa Ruda","date":"18 noviembre, 2022","format":false,"excerpt":"Susana C\u00e1ceres hab\u00eda sido vista por \u00faltima vez hace diez d\u00edas en Moreno. Su cuerpo fue encontrado en un arroyo durante los rastrillajes para dar con ella. Un tatuaje fue determinante para confirmar la identidad. 18 de noviembre de 2022 BUENOS AIRES -\u00a0 El cuerpo de Susana C\u00e1ceres fue encontrado\u2026","rel":"","context":"En \u00abDESTACADAS\u00bb","block_context":{"text":"DESTACADAS","link":"https:\/\/larevistadigital.com.ar\/blog\/category\/destacadas\/"},"img":{"alt_text":"","src":"https:\/\/i0.wp.com\/larevistadigital.com.ar\/blog\/wp-content\/uploads\/susana-caceres.jpg?fit=595%2C441&ssl=1&resize=350%2C200","width":350,"height":200,"srcset":"https:\/\/i0.wp.com\/larevistadigital.com.ar\/blog\/wp-content\/uploads\/susana-caceres.jpg?fit=595%2C441&ssl=1&resize=350%2C200 1x, https:\/\/i0.wp.com\/larevistadigital.com.ar\/blog\/wp-content\/uploads\/susana-caceres.jpg?fit=595%2C441&ssl=1&resize=525%2C300 1.5x"},"classes":[]},{"id":8045,"url":"https:\/\/larevistadigital.com.ar\/blog\/la-familia-confirmo-que-el-cuerpo-encontrado-en-villa-elisa-es-el-de-la-odontologa-buscada\/","url_meta":{"origin":1302,"position":1},"title":"LA FAMILIA CONFIRM\u00d3 QUE EL CUERPO ENCONTRADO EN VILLA ELISA ES EL DE LA ODONT\u00d3LOGA BUSCADA","author":"Alejandro Sosa Ruda","date":"29 enero, 2019","format":false,"excerpt":"Fue encontrado por personal de la Polic\u00eda Bonaerense, enterrado y envuelto en s\u00e1banas que hab\u00edan sido identificadas como propiedad de la odont\u00f3loga Confirmaron que el cuerpo encontrado enterrado en Punta Lara es el de Gissella Sol\u00eds Calle, la odontologa\u00a0que desapareci\u00f3 hace 14 d\u00edas en La Plata.\u00a0La mujer desaparecida\u00a0fue encontrada en\u2026","rel":"","context":"En \u00abDESTACADAS\u00bb","block_context":{"text":"DESTACADAS","link":"https:\/\/larevistadigital.com.ar\/blog\/category\/destacadas\/"},"img":{"alt_text":"","src":"https:\/\/i0.wp.com\/larevistadigital.com.ar\/blog\/wp-content\/uploads\/2019\/01\/0036042380.jpg?fit=1140%2C640&ssl=1&resize=350%2C200","width":350,"height":200,"srcset":"https:\/\/i0.wp.com\/larevistadigital.com.ar\/blog\/wp-content\/uploads\/2019\/01\/0036042380.jpg?fit=1140%2C640&ssl=1&resize=350%2C200 1x, https:\/\/i0.wp.com\/larevistadigital.com.ar\/blog\/wp-content\/uploads\/2019\/01\/0036042380.jpg?fit=1140%2C640&ssl=1&resize=525%2C300 1.5x, https:\/\/i0.wp.com\/larevistadigital.com.ar\/blog\/wp-content\/uploads\/2019\/01\/0036042380.jpg?fit=1140%2C640&ssl=1&resize=700%2C400 2x, https:\/\/i0.wp.com\/larevistadigital.com.ar\/blog\/wp-content\/uploads\/2019\/01\/0036042380.jpg?fit=1140%2C640&ssl=1&resize=1050%2C600 3x"},"classes":[]},{"id":28302,"url":"https:\/\/larevistadigital.com.ar\/blog\/tandil-encuentran-muerto-a-un-joven-de-16-anos-que-era-buscado\/","url_meta":{"origin":1302,"position":2},"title":"TANDIL: ENCUENTRAN MUERTO A UN JOVEN DE 16 A\u00d1OS QUE ERA BUSCADO","author":"Alejandro Sosa Ruda","date":"4 octubre, 2022","format":false,"excerpt":"Se trata de Santiago Gonz\u00e1lez, de solo 16 a\u00f1os, a quien su familia buscaba desde ayer (lunes), dado que no sab\u00edan nada de \u00e9l. 04 de Octubre de 2022 TANDIL -\u00a0 El cuerpo sin vida del adolescente fue hallado este martes por la ma\u00f1ana, en calle Falkner, a pocos metros\u2026","rel":"","context":"En \u00abINTERES GENERAL\u00bb","block_context":{"text":"INTERES GENERAL","link":"https:\/\/larevistadigital.com.ar\/blog\/category\/interes-general\/"},"img":{"alt_text":"","src":"https:\/\/i0.wp.com\/larevistadigital.com.ar\/blog\/wp-content\/uploads\/1664898483muertecerro1jpg.jpeg?fit=848%2C477&ssl=1&resize=350%2C200","width":350,"height":200,"srcset":"https:\/\/i0.wp.com\/larevistadigital.com.ar\/blog\/wp-content\/uploads\/1664898483muertecerro1jpg.jpeg?fit=848%2C477&ssl=1&resize=350%2C200 1x, https:\/\/i0.wp.com\/larevistadigital.com.ar\/blog\/wp-content\/uploads\/1664898483muertecerro1jpg.jpeg?fit=848%2C477&ssl=1&resize=525%2C300 1.5x, https:\/\/i0.wp.com\/larevistadigital.com.ar\/blog\/wp-content\/uploads\/1664898483muertecerro1jpg.jpeg?fit=848%2C477&ssl=1&resize=700%2C400 2x"},"classes":[]},{"id":9415,"url":"https:\/\/larevistadigital.com.ar\/blog\/identificaron-el-cadaver-de-un-hombre-encontrado-en-un-camino-rural\/","url_meta":{"origin":1302,"position":3},"title":"IDENTIFICARON EL CAD\u00c1VER DE UN HOMBRE ENCONTRADO EN UN CAMINO RURAL","author":"Alejandro Sosa Ruda","date":"26 marzo, 2019","format":false,"excerpt":"Ten\u00eda 30 a\u00f1os y recibi\u00f3 cuatro disparos de al menos tres armas diferentes. Se cree que en la noche del domingo lo capturaron y lo llevaron hacia el Camino Viejo a Miramar donde lo asesinaron. El hombre que en la noche del lunes apareci\u00f3 asesinado en un camino semi urbano\u2026","rel":"","context":"En \u00abPOLICIALES\u00bb","block_context":{"text":"POLICIALES","link":"https:\/\/larevistadigital.com.ar\/blog\/category\/policiales\/"},"img":{"alt_text":"","src":"https:\/\/i0.wp.com\/larevistadigital.com.ar\/blog\/wp-content\/uploads\/2019\/03\/Screenshot_3-6.jpg?fit=1007%2C667&ssl=1&resize=350%2C200","width":350,"height":200,"srcset":"https:\/\/i0.wp.com\/larevistadigital.com.ar\/blog\/wp-content\/uploads\/2019\/03\/Screenshot_3-6.jpg?fit=1007%2C667&ssl=1&resize=350%2C200 1x, https:\/\/i0.wp.com\/larevistadigital.com.ar\/blog\/wp-content\/uploads\/2019\/03\/Screenshot_3-6.jpg?fit=1007%2C667&ssl=1&resize=525%2C300 1.5x, https:\/\/i0.wp.com\/larevistadigital.com.ar\/blog\/wp-content\/uploads\/2019\/03\/Screenshot_3-6.jpg?fit=1007%2C667&ssl=1&resize=700%2C400 2x"},"classes":[]},{"id":27360,"url":"https:\/\/larevistadigital.com.ar\/blog\/villa-ventana-conocido-empresario-fue-hallado-muerto-en-un-arroyo\/","url_meta":{"origin":1302,"position":4},"title":"VILLA VENTANA: CONOCIDO EMPRESARIO FUE HALLADO MUERTO EN UN ARROYO","author":"Alejandro Sosa Ruda","date":"29 agosto, 2022","format":false,"excerpt":"Estaba acusado de un abuso sexual y ya se iniciaron las investigaciones para esclarecer las circunstancias. La polic\u00eda encontr\u00f3 su cuerpo sin vida flotando en el cauce de un arroyo sobre la Ruta 76 a 2 kil\u00f3metros de la rotonda con Ruta 72. VILLA VENTANA -\u00a0 Un conocido empresario de\u2026","rel":"","context":"En \u00abPOLICIALES\u00bb","block_context":{"text":"POLICIALES","link":"https:\/\/larevistadigital.com.ar\/blog\/category\/policiales\/"},"img":{"alt_text":"","src":"https:\/\/i0.wp.com\/larevistadigital.com.ar\/blog\/wp-content\/uploads\/20220827112134_cartel-de-bienvenida.jpg?fit=880%2C512&ssl=1&resize=350%2C200","width":350,"height":200,"srcset":"https:\/\/i0.wp.com\/larevistadigital.com.ar\/blog\/wp-content\/uploads\/20220827112134_cartel-de-bienvenida.jpg?fit=880%2C512&ssl=1&resize=350%2C200 1x, https:\/\/i0.wp.com\/larevistadigital.com.ar\/blog\/wp-content\/uploads\/20220827112134_cartel-de-bienvenida.jpg?fit=880%2C512&ssl=1&resize=525%2C300 1.5x, https:\/\/i0.wp.com\/larevistadigital.com.ar\/blog\/wp-content\/uploads\/20220827112134_cartel-de-bienvenida.jpg?fit=880%2C512&ssl=1&resize=700%2C400 2x"},"classes":[]},{"id":24556,"url":"https:\/\/larevistadigital.com.ar\/blog\/sana-y-odio-las-macabras-revelaciones-del-crimen-del-jubilado-en-la-ruta-2\/","url_meta":{"origin":1302,"position":5},"title":"\u00abSA\u00d1A Y ODIO\u00bb&#8230; LAS MAC\u00c1BRAS REVELACIONES DEL CRIMEN DEL JUBILADO EN LA RUTA 2","author":"Alejandro Sosa Ruda","date":"13 marzo, 2022","format":false,"excerpt":"La autopsia realizada sobre el cad\u00e1ver aport\u00f3 algunos detalles que de todos modos no terminan de resolver los misterios en torno al brutal homicidio. LA PLATA -\u00a0 Sigue el misterio en torno al crimen del hombre de 92 a\u00f1os cuyo cad\u00e1ver apareci\u00f3 en La Plata, a la vera de la\u2026","rel":"","context":"En \u00abDESTACADAS\u00bb","block_context":{"text":"DESTACADAS","link":"https:\/\/larevistadigital.com.ar\/blog\/category\/destacadas\/"},"img":{"alt_text":"","src":"https:\/\/i0.wp.com\/larevistadigital.com.ar\/blog\/wp-content\/uploads\/1647134821176.jpg?fit=1200%2C594&ssl=1&resize=350%2C200","width":350,"height":200,"srcset":"https:\/\/i0.wp.com\/larevistadigital.com.ar\/blog\/wp-content\/uploads\/1647134821176.jpg?fit=1200%2C594&ssl=1&resize=350%2C200 1x, https:\/\/i0.wp.com\/larevistadigital.com.ar\/blog\/wp-content\/uploads\/1647134821176.jpg?fit=1200%2C594&ssl=1&resize=525%2C300 1.5x, https:\/\/i0.wp.com\/larevistadigital.com.ar\/blog\/wp-content\/uploads\/1647134821176.jpg?fit=1200%2C594&ssl=1&resize=700%2C400 2x, https:\/\/i0.wp.com\/larevistadigital.com.ar\/blog\/wp-content\/uploads\/1647134821176.jpg?fit=1200%2C594&ssl=1&resize=1050%2C600 3x"},"classes":[]}],"_links":{"self":[{"href":"https:\/\/larevistadigital.com.ar\/blog\/wp-json\/wp\/v2\/posts\/1302","targetHints":{"allow":["GET"]}}],"collection":[{"href":"https:\/\/larevistadigital.com.ar\/blog\/wp-json\/wp\/v2\/posts"}],"about":[{"href":"https:\/\/larevistadigital.com.ar\/blog\/wp-json\/wp\/v2\/types\/post"}],"author":[{"embeddable":true,"href":"https:\/\/larevistadigital.com.ar\/blog\/wp-json\/wp\/v2\/users\/3"}],"replies":[{"embeddable":true,"href":"https:\/\/larevistadigital.com.ar\/blog\/wp-json\/wp\/v2\/comments?post=1302"}],"version-history":[{"count":1,"href":"https:\/\/larevistadigital.com.ar\/blog\/wp-json\/wp\/v2\/posts\/1302\/revisions"}],"predecessor-version":[{"id":1307,"href":"https:\/\/larevistadigital.com.ar\/blog\/wp-json\/wp\/v2\/posts\/1302\/revisions\/1307"}],"wp:featuredmedia":[{"embeddable":true,"href":"https:\/\/larevistadigital.com.ar\/blog\/wp-json\/wp\/v2\/media\/1305"}],"wp:attachment":[{"href":"https:\/\/larevistadigital.com.ar\/blog\/wp-json\/wp\/v2\/media?parent=1302"}],"wp:term":[{"taxonomy":"category","embeddable":true,"href":"https:\/\/larevistadigital.com.ar\/blog\/wp-json\/wp\/v2\/categories?post=1302"},{"taxonomy":"post_tag","embeddable":true,"href":"https:\/\/larevistadigital.com.ar\/blog\/wp-json\/wp\/v2\/tags?post=1302"}],"curies":[{"name":"wp","href":"https:\/\/api.w.org\/{rel}","templated":true}]}}