{"id":131,"date":"2017-02-12T01:10:56","date_gmt":"2017-02-12T01:10:56","guid":{"rendered":"https:\/\/larevistadigital.com.ar\/blog\/?p=131"},"modified":"2017-02-12T01:10:56","modified_gmt":"2017-02-12T01:10:56","slug":"cristiano-rattazzi-no-se-puede-dejar-atrasar-dolar","status":"publish","type":"post","link":"https:\/\/larevistadigital.com.ar\/blog\/cristiano-rattazzi-no-se-puede-dejar-atrasar-dolar\/","title":{"rendered":"Cristiano Rattazzi: \u00abNo se puede dejar atrasar el d\u00f3lar\u00bb"},"content":{"rendered":"<h2>El presidente de Fiat Chrysler Autom\u00f3viles (FCA) destac\u00f3 que no se puede mantener mucho tiempo altas tasas de inter\u00e9s y tipo de cambio en baja<\/h2>\n<p>En un encuentro con varios medios, entre los que se encontraban El Cronista, La Naci\u00f3n e <strong>Infobae<\/strong>, <b>Cristiano Rattazzi<\/b>, luego de la presentaci\u00f3n de la nueva pick-up Fiat Toro, la primera de la marca; el empresario dijo que \u00ablo principal que debe hacer este Gobierno es bajar r\u00e1pidamente la inflaci\u00f3n\u00bb. De ah\u00ed que resalt\u00f3: <strong>\u00abMe gusta mucho lo que est\u00e1 haciendo Federico Sturzenegger<\/strong> en el Banco Central para empezar a bajar la inflaci\u00f3n controlando los agregados monetarios al bajar la emisi\u00f3n, porque no se podr\u00e1 mantener por mucho tiempo este mecanismo de tasas de inter\u00e9s altas al 35% anual y d\u00f3lar que baja a $14, cuando en febrero estaba en 16 pesos\u00bb.<\/p>\n<p>En una cena que se extendi\u00f3 hasta la madrugada, en El Calafate, mientras disfrutaba un primer plato de mix de cordero patag\u00f3nico y cerdo y un postre de chocolate y frutilla al final, Rattazzi habl\u00f3 de varios temas, en particular de la situaci\u00f3n econ\u00f3mica: \u00abTener un 30% o 40% de inflaci\u00f3n es muy complicado y es un problema que este Gobierno debe solucionar lo m\u00e1s r\u00e1pido posible porque es la mayor f\u00e1brica de pobres de la Argentina; tambi\u00e9n <strong>hace falta una reforma fiscal amplia, para eliminar impuestos distorsivos como al cheque e Ingresos Brutos,<\/strong> en provincias y municipios\u00bb.<\/p>\n<p>Rattazzi justific\u00f3 su recomendaci\u00f3n de que \u00abno se puede volver a dejar retrasar al tipo de cambio de pesos por d\u00f3lares, como sucedi\u00f3 el a\u00f1o pasado, porque necesitamos ser un pa\u00eds competitivo que exporte muchos m\u00e1s productos con valor agregado de los que importa\u00bb.<\/p>\n<p>Cristiano Ratazzi: \u00abTener un 30% o 40% de inflaci\u00f3n es muy complicado y es un problema que este Gobierno debe solucionar lo m\u00e1s r\u00e1pido posible\u00bb.<\/p>\n<p>El presidente de Fiat Autom\u00f3viles Argentina destac\u00f3 que las inversiones van a llegar luego de que la econom\u00eda se estabilice. \u00abEn la f\u00e1brica de Ferreyra, en C\u00f3rdoba, se est\u00e1n ejecutando obras e incorporaci\u00f3n de moderna tecnolog\u00eda por unos USD 500 millones para producir un nuevo modelo de la marca que ser\u00e1 fabricado s\u00f3lo en el pa\u00eds, y que podr\u00eda ser exportado a cualquier mercado del mundo con un tipo de cambio competitivo\u00bb.<\/p>\n<div id=\"2243783-Grande-1353518223_wrap\" class=\"embed_cont type_imagen\">\n<div id=\"2243783-Grande-1353518223_content\" class=\"embed_content\"><img data-recalc-dims=\"1\" decoding=\"async\" id=\"2243783-Grande-1353518223_embed\" src=\"https:\/\/i0.wp.com\/cdn01.ib.infobae.com\/adjuntos\/162\/imagenes\/014\/855\/0014855624.jpg\" alt=\"\" \/><\/div>\n<div id=\"2243783-Grande-1353518223_epigrafe\" class=\"embed_epigrafe\">Cristiano Rattazzi present\u00f3 la nueva pick-up Fiat Toro, se produce en la planta brasile\u00f1a de Pernambuco, (FCA)<\/div>\n<div id=\"2243783-Grande-1353518223_copyright\" class=\"embed_copyright\"><\/div>\n<\/div>\n<h3 id=\"titleCMSsnkkptl7xshrhcxq35v78pvi\" class=\"tdCmsTitle1\"><\/h3>\n<h3 id=\"titleCMSsnkkptl7xshrhcxq35v78pvi\" class=\"tdCmsTitle1\">Desajustes en el Mercosur<\/h3>\n<p>Ratazzi tambi\u00e9n habl\u00f3 de la problem\u00e1tica del sector automotriz y realiz\u00f3 un diagn\u00f3stico que at\u00f3 a la situaci\u00f3n de Brasil: \u00abNosotros necesitamos recuperar competitividad, negociar y cerrar acuerdos con otros pa\u00edses y regiones, pero tenemos que escapar a la dif\u00edcil situaci\u00f3n pol\u00edtico-econ\u00f3mica de Brasil, la cual llevar\u00e1 por lo menos dos a\u00f1os resolverla, por eso hay que flexibilizar el Mercosur\u00bb.<\/p>\n<p><strong>El industrial se quej\u00f3 por el nivel actual nivel del flex<\/strong> \u2013la relaci\u00f3n de compensaci\u00f3n entre importaciones y exportaciones\u2013 en el marco del acuerdo automotor con Brasil, que vence el pr\u00f3ximo 30 de junio. \u00abA m\u00ed el flex, como mecanismo, me parece una enorme tonter\u00eda, <strong>lo que tenemos que buscar es mayor integraci\u00f3n con el mundo.<\/strong> Estimo que se tendr\u00eda que llevar a una relaci\u00f3n de USD 1,9 frente al valor actual de USD 1,5. Seguir en ese valor como est\u00e1 ahora, en el caso nuestro, puede significar no fabricar m\u00e1s autos en Ferreyra para el mercado local, porque da\u00f1a la posibilidad de que la industria local pueda exportar a Brasil\u00bb, se\u00f1al\u00f3 el empresario fabril.<\/p>\n<p>\u00abEso implica que por cada d\u00f3lar en autos y autopartes que la Argentina exporta a Brasil, puede importar 1,5 y el excedente se convierte en multas para las terminales\u00bb, dada la alta dependencia de la industria de componentes for\u00e1neos para el total de la producci\u00f3n.<\/p>\n<p><span id=\"saysCMSEmphasis9dkpz2ksdxc6ca7xct420rudi\" class=\"saysCMSEmphasis\">\u00abLAS INVERSIONES VAN A LLEGAR CUANDO LA ECONOM\u00cdA SE ESTABILICE\u00bb<\/span><\/p>\n<p>El industrial reconoci\u00f3 que el gobierno de Mauricio Macri ha hecho cosas muy r\u00e1pido que se pensaba que durar\u00edan m\u00e1s tiempo en realizarlas, como la eliminaci\u00f3n del cepo cambiario con el sinceramiento del valor del d\u00f3lar; la salida del default para mejorar la performance financiera y que las empresas puedan volver a acceder al cr\u00e9dito internacional; la baja de las retenciones al campo\u00bb, pero <strong>reclam\u00f3 avanzar hacia el \u00ablogro del equilibrio macroecon\u00f3mico, que incluya el campo, la infraestructura y todo lo que haga falta para favorecer que la Argentina recupere la competitividad y la capacidad de generar m\u00e1s trabajo<\/strong>\u00ab.<\/p>\n<div>\n<h3 id=\"titleCMSc1c1hf98zehdburv878vkj4i\" class=\"tdCmsTitle1\">Hacia un nuevo modelo de industria automotriz<\/h3>\n<\/div>\n<div><\/div>\n<div>\n<p>En el aspecto legislativo Cristiano Rattazzi sorprendi\u00f3 a los periodistas al mencionar un futuro proyecto de ley para la industria automotriz. <strong>\u00abEl proyecto de ley de desarrollo del autopartismo<\/strong> va a ser un est\u00edmulo para integrar m\u00e1s al sector y para que los productores autopartistas tambi\u00e9n se actualicen en t\u00e9rminos tecnol\u00f3gicos y de procesos\u00bb, manifest\u00f3.<\/p>\n<p>Con respecto al comportamiento de los empresarios <strong>Rattazzi apunt\u00f3 contra el Grupo Techint por el problema de impide a C\u00f3rdoba que importe los tubos sin costura desde China para construir un gasoducto<\/strong>. \u00abNo es l\u00f3gico querer evitar que se les compre productos a los chinos que son m\u00e1s baratos\u00bb, en claro respaldo al gobernador Juan Schiaretti.<\/p>\n<p>Al final y luego de los postres, Rattazzi se mostr\u00f3 muy confiado con la perspectiva que ofrece \u00abel nuevo modelo de pick up que se produce en la planta brasile\u00f1a de Pernambuco, es innovador en varios aspectos: se trata de un veh\u00edculo liviano, con capacidad de carga de una tonelada, que competir\u00e1 con las camionetas rurales cuando se comience a vender en los \u00faltimos d\u00edas de junio, m\u00e1s all\u00e1 de la dif\u00edcil situaci\u00f3n por la que pasa el sector automotriz<\/p>\n<p>Por: Carlos Arb\u00eda<\/p>\n<\/div>\n","protected":false},"excerpt":{"rendered":"<div class=\"mh-excerpt\"><p>El presidente de Fiat Chrysler Autom\u00f3viles (FCA) destac\u00f3 que no se puede mantener mucho tiempo altas tasas de inter\u00e9s y tipo de cambio en baja En un encuentro con varios medios, entre los que se <a class=\"mh-excerpt-more\" href=\"https:\/\/larevistadigital.com.ar\/blog\/cristiano-rattazzi-no-se-puede-dejar-atrasar-dolar\/\" title=\"Cristiano Rattazzi: \u00abNo se puede dejar atrasar el d\u00f3lar\u00bb\">[Leer M\u00e1s]<\/a><\/p>\n<\/div>","protected":false},"author":2,"featured_media":132,"comment_status":"open","ping_status":"open","sticky":false,"template":"","format":"standard","meta":{"_jetpack_memberships_contains_paid_content":false,"footnotes":"","jetpack_publicize_message":"","jetpack_publicize_feature_enabled":true,"jetpack_social_post_already_shared":false,"jetpack_social_options":{"image_generator_settings":{"template":"highway","default_image_id":0,"font":"","enabled":false},"version":2}},"categories":[9],"tags":[],"class_list":{"0":"post-131","1":"post","2":"type-post","3":"status-publish","4":"format-standard","5":"has-post-thumbnail","7":"category-economia"},"jetpack_publicize_connections":[],"jetpack_featured_media_url":"https:\/\/i0.wp.com\/larevistadigital.com.ar\/blog\/wp-content\/uploads\/2017\/02\/0014857902.jpg?fit=770%2C433&ssl=1","jetpack_sharing_enabled":true,"jetpack_shortlink":"https:\/\/wp.me\/p8qtrQ-27","jetpack-related-posts":[{"id":2304,"url":"https:\/\/larevistadigital.com.ar\/blog\/mientras-en-chascomus-estudian-aumentar-las-tazas-en-general-las-heras-reducen-las-tasas-de-seguridad-e-higiene-para-bajar-los-precios\/","url_meta":{"origin":131,"position":0},"title":"Mientras en Chascom\u00fas estudian aumentar las tazas en  General Las Heras reducen las tasas de seguridad e higiene para bajar los precios","author":"editor","date":"13 mayo, 2017","format":false,"excerpt":"Desde el municipio de Chascom\u00fas cuyo intendente tambi\u00e9n forma parte del FRENTE RENOVADOR, \u00a0que lidera Sergio Massa ahora con la compan\u00eda de Margarita Stolbizer, \u00a0buscan que le aprueben el aumento de las tazas existentes y la creaci\u00f3n de unas nuevas. Esto ir\u00eda en contramano de la ultima presentaci\u00f3n de los\u2026","rel":"","context":"En \u00abCHASCOM\u00daS\u00bb","block_context":{"text":"CHASCOM\u00daS","link":"https:\/\/larevistadigital.com.ar\/blog\/category\/chascomus\/"},"img":{"alt_text":"","src":"https:\/\/i0.wp.com\/larevistadigital.com.ar\/blog\/wp-content\/uploads\/2017\/05\/9eeb518b-3a36-43bd-86bb-183d6c7aaa25.jpg?fit=786%2C1200&ssl=1&resize=350%2C200","width":350,"height":200,"srcset":"https:\/\/i0.wp.com\/larevistadigital.com.ar\/blog\/wp-content\/uploads\/2017\/05\/9eeb518b-3a36-43bd-86bb-183d6c7aaa25.jpg?fit=786%2C1200&ssl=1&resize=350%2C200 1x, https:\/\/i0.wp.com\/larevistadigital.com.ar\/blog\/wp-content\/uploads\/2017\/05\/9eeb518b-3a36-43bd-86bb-183d6c7aaa25.jpg?fit=786%2C1200&ssl=1&resize=525%2C300 1.5x, https:\/\/i0.wp.com\/larevistadigital.com.ar\/blog\/wp-content\/uploads\/2017\/05\/9eeb518b-3a36-43bd-86bb-183d6c7aaa25.jpg?fit=786%2C1200&ssl=1&resize=700%2C400 2x"},"classes":[]},{"id":134,"url":"https:\/\/larevistadigital.com.ar\/blog\/standard-poors-la-inflacion-no-cede-calcula-llegara-40-este-ano\/","url_meta":{"origin":131,"position":1},"title":"Para Standard &#038; Poor&#8217;s la inflaci\u00f3n no cede: calcula que llegar\u00e1 a 40% este a\u00f1o","author":"editor","date":"12 febrero, 2017","format":false,"excerpt":"\u00a0la analista de la calificadora se\u00f1al\u00f3 que la suba de precios del a\u00f1o pr\u00f3ximo tambi\u00e9n ser\u00e1 elevada y la mantienen en 30%. Ser\u00e1 crucial la baja del d\u00e9ficit fiscal y la llegada de inversiones Mientras que el Gobierno sigue repitiendo que lo peor de la inflaci\u00f3n ya pas\u00f3, no todos\u2026","rel":"","context":"En \u00abECONOMIA\u00bb","block_context":{"text":"ECONOMIA","link":"https:\/\/larevistadigital.com.ar\/blog\/category\/economia\/"},"img":{"alt_text":"","src":"https:\/\/i0.wp.com\/larevistadigital.com.ar\/blog\/wp-content\/uploads\/2017\/02\/0010837997.jpg?fit=770%2C433&ssl=1&resize=350%2C200","width":350,"height":200,"srcset":"https:\/\/i0.wp.com\/larevistadigital.com.ar\/blog\/wp-content\/uploads\/2017\/02\/0010837997.jpg?fit=770%2C433&ssl=1&resize=350%2C200 1x, https:\/\/i0.wp.com\/larevistadigital.com.ar\/blog\/wp-content\/uploads\/2017\/02\/0010837997.jpg?fit=770%2C433&ssl=1&resize=525%2C300 1.5x, https:\/\/i0.wp.com\/larevistadigital.com.ar\/blog\/wp-content\/uploads\/2017\/02\/0010837997.jpg?fit=770%2C433&ssl=1&resize=700%2C400 2x"},"classes":[]},{"id":6566,"url":"https:\/\/larevistadigital.com.ar\/blog\/problemas-con-los-creditos-uva-una-casa-no-esta-compuesta-solo-en-dolares\/","url_meta":{"origin":131,"position":2},"title":"PROBLEMAS CON LOS CR\u00c9DITOS UVA: \u00abUNA CASA NO EST\u00c1 COMPUESTA SOLO EN DOLARES\u00bb","author":"Alejandro Sosa Ruda","date":"21 septiembre, 2018","format":false,"excerpt":"Entrevistado en Radio UNO Dino Stella se refiri\u00f3 al impacto de la subida del d\u00f3lar en el mercado inmobiliario local y las caracter\u00edsticas particulares del mercado chascomunense. La corrida cambiara que ha vivido en las \u00faltimas semanas el pa\u00eds gener\u00f3 un fuerte impacto en el mercado inmobiliario, particularmente en nuestra\u2026","rel":"","context":"En \u00abCHASCOM\u00daS\u00bb","block_context":{"text":"CHASCOM\u00daS","link":"https:\/\/larevistadigital.com.ar\/blog\/category\/chascomus\/"},"img":{"alt_text":"","src":"https:\/\/i0.wp.com\/larevistadigital.com.ar\/blog\/wp-content\/uploads\/2018\/09\/fff0d1ff9f670f6010ebb15c7d54ba09.jpg?fit=1200%2C766&ssl=1&resize=350%2C200","width":350,"height":200,"srcset":"https:\/\/i0.wp.com\/larevistadigital.com.ar\/blog\/wp-content\/uploads\/2018\/09\/fff0d1ff9f670f6010ebb15c7d54ba09.jpg?fit=1200%2C766&ssl=1&resize=350%2C200 1x, https:\/\/i0.wp.com\/larevistadigital.com.ar\/blog\/wp-content\/uploads\/2018\/09\/fff0d1ff9f670f6010ebb15c7d54ba09.jpg?fit=1200%2C766&ssl=1&resize=525%2C300 1.5x, https:\/\/i0.wp.com\/larevistadigital.com.ar\/blog\/wp-content\/uploads\/2018\/09\/fff0d1ff9f670f6010ebb15c7d54ba09.jpg?fit=1200%2C766&ssl=1&resize=700%2C400 2x, https:\/\/i0.wp.com\/larevistadigital.com.ar\/blog\/wp-content\/uploads\/2018\/09\/fff0d1ff9f670f6010ebb15c7d54ba09.jpg?fit=1200%2C766&ssl=1&resize=1050%2C600 3x"},"classes":[]},{"id":29329,"url":"https:\/\/larevistadigital.com.ar\/blog\/truco-japones-para-bajar-la-temperatura-del-auto\/","url_meta":{"origin":131,"position":3},"title":"TRUCO JAPONES PARA BAJAR LA TEMPERATURA DEL AUTO","author":"Alejandro Sosa Ruda","date":"8 diciembre, 2022","format":false,"excerpt":"8 de diciembre de 2022 Los meteor\u00f3logos\u00a0pronostican\u00a0una extenuante\u00a0ola de calor\u00a0para esta semana en buena parte de la Argentina, con la\u00a0excepci\u00f3n de la Patagonia.\u00a0Estiman que las temperaturas\u00a0oscilar\u00e1n\u00a0entre los 30 y los 42 grados. Los especialistas aseguran que una temperatura exterior de\u00a035 grados\u00a0provoca, en una hora de exposici\u00f3n al sol, una temperatura\u2026","rel":"","context":"En \u00abINTERES GENERAL\u00bb","block_context":{"text":"INTERES GENERAL","link":"https:\/\/larevistadigital.com.ar\/blog\/category\/interes-general\/"},"img":{"alt_text":"","src":"https:\/\/i0.wp.com\/larevistadigital.com.ar\/blog\/wp-content\/uploads\/Captura-de-pantalla-2022-12-08-204058.jpg?fit=677%2C380&ssl=1&resize=350%2C200","width":350,"height":200,"srcset":"https:\/\/i0.wp.com\/larevistadigital.com.ar\/blog\/wp-content\/uploads\/Captura-de-pantalla-2022-12-08-204058.jpg?fit=677%2C380&ssl=1&resize=350%2C200 1x, https:\/\/i0.wp.com\/larevistadigital.com.ar\/blog\/wp-content\/uploads\/Captura-de-pantalla-2022-12-08-204058.jpg?fit=677%2C380&ssl=1&resize=525%2C300 1.5x"},"classes":[]},{"id":12474,"url":"https:\/\/larevistadigital.com.ar\/blog\/federico-pinedo-visito-chascomus-y-mantuvo-un-encuentro-con-santiago-dos-santos\/","url_meta":{"origin":131,"position":4},"title":"FEDERICO PINEDO VISIT\u00d3 CHASCOM\u00daS Y MANTUVO UN ENCUENTRO CON SANTIAGO DOS SANTOS","author":"Alejandro Sosa Ruda","date":"6 octubre, 2019","format":false,"excerpt":"El pasado viernes visit\u00f3 Chascom\u00fas el Senador Nacional de Juntos por el Cambio Federico Pinedo, quien mantuvo un encuentro con el candidato a Intendente, Santiago Dos Santos, y con otros candidatos de la lista de concejales que encabeza Alejandro Bartoletti y de consejeros escolares que propone a Luc\u00eda Tejo en\u2026","rel":"","context":"En \u00abINTERES GENERAL\u00bb","block_context":{"text":"INTERES GENERAL","link":"https:\/\/larevistadigital.com.ar\/blog\/category\/interes-general\/"},"img":{"alt_text":"","src":"https:\/\/i0.wp.com\/larevistadigital.com.ar\/blog\/wp-content\/uploads\/dosanto_06deoctubrede2019_elfuerte.jpg?fit=737%2C415&ssl=1&resize=350%2C200","width":350,"height":200,"srcset":"https:\/\/i0.wp.com\/larevistadigital.com.ar\/blog\/wp-content\/uploads\/dosanto_06deoctubrede2019_elfuerte.jpg?fit=737%2C415&ssl=1&resize=350%2C200 1x, https:\/\/i0.wp.com\/larevistadigital.com.ar\/blog\/wp-content\/uploads\/dosanto_06deoctubrede2019_elfuerte.jpg?fit=737%2C415&ssl=1&resize=525%2C300 1.5x, https:\/\/i0.wp.com\/larevistadigital.com.ar\/blog\/wp-content\/uploads\/dosanto_06deoctubrede2019_elfuerte.jpg?fit=737%2C415&ssl=1&resize=700%2C400 2x"},"classes":[]},{"id":2203,"url":"https:\/\/larevistadigital.com.ar\/blog\/intendentes-de-massa-colaboraran-con-el-plan-bajemos-los-precios-reduciendo-las-tasas\/","url_meta":{"origin":131,"position":5},"title":"INTENDENTES DE MASSA \u201cCOLABORARAN\u201d CON EL PLAN BAJEMOS LOS PRECIOS, REDUCIENDO LAS TASAS","author":"Alejandro Sosa Ruda","date":"4 mayo, 2017","format":false,"excerpt":"Los intendentes encolumnados en el Frente Renovador, adherir\u00e1n al plan \u201cBajemos los Precios\u201d, y uno de esos es el jefe comunal de Chascom\u00fas, Javier \u201cEl Chapa\u201d Gast\u00f3n (aunque parad\u00f3jicamente en Chascom\u00fas reclama la aprobaci\u00f3n de la ordenanza fiscal impositiva con aumento de tasas y la creaci\u00f3n de cinco nuevas) Los\u2026","rel":"","context":"En \u00abCHASCOM\u00daS\u00bb","block_context":{"text":"CHASCOM\u00daS","link":"https:\/\/larevistadigital.com.ar\/blog\/category\/chascomus\/"},"img":{"alt_text":"","src":"https:\/\/i0.wp.com\/larevistadigital.com.ar\/blog\/wp-content\/uploads\/2017\/05\/chapa-.jpg?fit=792%2C704&ssl=1&resize=350%2C200","width":350,"height":200,"srcset":"https:\/\/i0.wp.com\/larevistadigital.com.ar\/blog\/wp-content\/uploads\/2017\/05\/chapa-.jpg?fit=792%2C704&ssl=1&resize=350%2C200 1x, https:\/\/i0.wp.com\/larevistadigital.com.ar\/blog\/wp-content\/uploads\/2017\/05\/chapa-.jpg?fit=792%2C704&ssl=1&resize=525%2C300 1.5x, https:\/\/i0.wp.com\/larevistadigital.com.ar\/blog\/wp-content\/uploads\/2017\/05\/chapa-.jpg?fit=792%2C704&ssl=1&resize=700%2C400 2x"},"classes":[]}],"_links":{"self":[{"href":"https:\/\/larevistadigital.com.ar\/blog\/wp-json\/wp\/v2\/posts\/131","targetHints":{"allow":["GET"]}}],"collection":[{"href":"https:\/\/larevistadigital.com.ar\/blog\/wp-json\/wp\/v2\/posts"}],"about":[{"href":"https:\/\/larevistadigital.com.ar\/blog\/wp-json\/wp\/v2\/types\/post"}],"author":[{"embeddable":true,"href":"https:\/\/larevistadigital.com.ar\/blog\/wp-json\/wp\/v2\/users\/2"}],"replies":[{"embeddable":true,"href":"https:\/\/larevistadigital.com.ar\/blog\/wp-json\/wp\/v2\/comments?post=131"}],"version-history":[{"count":1,"href":"https:\/\/larevistadigital.com.ar\/blog\/wp-json\/wp\/v2\/posts\/131\/revisions"}],"predecessor-version":[{"id":133,"href":"https:\/\/larevistadigital.com.ar\/blog\/wp-json\/wp\/v2\/posts\/131\/revisions\/133"}],"wp:featuredmedia":[{"embeddable":true,"href":"https:\/\/larevistadigital.com.ar\/blog\/wp-json\/wp\/v2\/media\/132"}],"wp:attachment":[{"href":"https:\/\/larevistadigital.com.ar\/blog\/wp-json\/wp\/v2\/media?parent=131"}],"wp:term":[{"taxonomy":"category","embeddable":true,"href":"https:\/\/larevistadigital.com.ar\/blog\/wp-json\/wp\/v2\/categories?post=131"},{"taxonomy":"post_tag","embeddable":true,"href":"https:\/\/larevistadigital.com.ar\/blog\/wp-json\/wp\/v2\/tags?post=131"}],"curies":[{"name":"wp","href":"https:\/\/api.w.org\/{rel}","templated":true}]}}