{"id":13129,"date":"2019-11-08T14:28:57","date_gmt":"2019-11-08T14:28:57","guid":{"rendered":"https:\/\/larevistadigital.com.ar\/blog\/?p=13129"},"modified":"2019-11-08T14:28:57","modified_gmt":"2019-11-08T14:28:57","slug":"ademas-del-barcelona-otro-gigante-europeo-tiene-a-marcelo-gallardo-en-la-mira","status":"publish","type":"post","link":"https:\/\/larevistadigital.com.ar\/blog\/ademas-del-barcelona-otro-gigante-europeo-tiene-a-marcelo-gallardo-en-la-mira\/","title":{"rendered":"ADEM\u00c1S DEL BARCELONA, OTRO GIGANTE EUROPEO TIENE A MARCELO GALLARDO EN LA MIRA"},"content":{"rendered":"<p>El gran trabajo de <strong>Marcelo \u00abEl Mu\u00f1eco\u00bb Gallardo<\/strong> en River, dio sus frutos y est\u00e1 muy bien visto en el mundo del f\u00fatbol. Tal es as\u00ed que su nombre son\u00f3 como posible reemplazante de\u00a0<strong>Ernesto Valverde<\/strong>\u00a0en el\u00a0<strong>Barcelona<\/strong>. En Europa saben de su calidad como entrenador y el\u00a0<strong>Bayern Munich<\/strong>\u00a0es otro de los clubes que est\u00e1n interesados en el\u00a0<em>Mu\u00f1eco<\/em>.<\/p>\n<blockquote>\n<h3>El poderoso club alem\u00e1n tiene en carpeta a <strong>Gallardo<\/strong> para encarar un nuevo proyecto futbol\u00edstico a partir de<strong>\u00a0junio de 2020<\/strong>\u00a0y, aunque no es el \u00fanico candidato para reemplazar a\u00a0<strong>Niko Kovac<\/strong>, ser\u00eda uno de los que pica en punta. Esto evidentemente porque adem\u00e1s River est\u00e1 visto a nivel mundial como uno de los tres clubes m\u00e1s importantes, adem\u00e1s de ser por lejos el m\u00e1s grande de toda am\u00e9rica.<\/h3>\n<\/blockquote>\n<p><strong>\u201cGallardo es parte de una terna de entrenadores j\u00f3venes que el club tiene en mente para liderar el nuevo proceso y solicitamos permiso para entablar un v\u00ednculo formal tanto con el protagonista como con River\u201d<\/strong>, le confirmaron dirigentes del Bayern Munich al entorno de <strong>Gallardo<\/strong>, seg\u00fan publica el sitio Doble amarilla.<\/p>\n<blockquote>\n<h3>En el caso de que la negociaci\u00f3n avance, <strong>Gallardo<\/strong> tendr\u00eda varias opciones para dejar River. Podr\u00eda irse del club en diciembre y esperar hasta junio para desembarcar en Alemania o bien terminar la Superliga y luego llegar a Munich.<\/h3>\n<\/blockquote>\n<p>Otro de los detalles que podr\u00eda acelerar la contrataci\u00f3n de<strong> Gallardo<\/strong> es que el ex River\u00a0<strong>Mart\u00edn Demichelis<\/strong>\u00a0es el actual entrenador de los Sub 19 del Bayern.<\/p>\n","protected":false},"excerpt":{"rendered":"<div class=\"mh-excerpt\"><p>El gran trabajo de Marcelo \u00abEl Mu\u00f1eco\u00bb Gallardo en River, dio sus frutos y est\u00e1 muy bien visto en el mundo del f\u00fatbol. Tal es as\u00ed que su nombre son\u00f3 como posible reemplazante de\u00a0Ernesto Valverde\u00a0en <a class=\"mh-excerpt-more\" href=\"https:\/\/larevistadigital.com.ar\/blog\/ademas-del-barcelona-otro-gigante-europeo-tiene-a-marcelo-gallardo-en-la-mira\/\" title=\"ADEM\u00c1S DEL BARCELONA, OTRO GIGANTE EUROPEO TIENE A MARCELO GALLARDO EN LA MIRA\">[Leer M\u00e1s]<\/a><\/p>\n<\/div>","protected":false},"author":3,"featured_media":13130,"comment_status":"open","ping_status":"open","sticky":false,"template":"","format":"standard","meta":{"_jetpack_memberships_contains_paid_content":false,"footnotes":"","jetpack_publicize_message":"","jetpack_publicize_feature_enabled":true,"jetpack_social_post_already_shared":true,"jetpack_social_options":{"image_generator_settings":{"template":"highway","default_image_id":0,"font":"","enabled":false},"version":2}},"categories":[8,50],"tags":[],"class_list":{"0":"post-13129","1":"post","2":"type-post","3":"status-publish","4":"format-standard","5":"has-post-thumbnail","7":"category-deportes","8":"category-interes-general"},"jetpack_publicize_connections":[],"jetpack_featured_media_url":"https:\/\/i0.wp.com\/larevistadigital.com.ar\/blog\/wp-content\/uploads\/0228_marcelo_gallardo_g_fb.jpg?fit=650%2C446&ssl=1","jetpack_sharing_enabled":true,"jetpack_shortlink":"https:\/\/wp.me\/p8qtrQ-3pL","jetpack-related-posts":[{"id":22909,"url":"https:\/\/larevistadigital.com.ar\/blog\/gallardo-anuncio-que-se-queda-en-river\/","url_meta":{"origin":13129,"position":0},"title":"GALLARDO ANUNCI\u00d3 QUE SE QUEDA EN RIVER","author":"Alejandro Sosa Ruda","date":"8 diciembre, 2021","format":false,"excerpt":"El director t\u00e9cnico convoc\u00f3 a una sorpresiva conferencia de prensa y dijo que contin\u00faa al mando del \"Millonario\" un a\u00f1o m\u00e1s. El t\u00e9cnico de River Plate, Marcelo Gallardo, confirm\u00f3 su continuidad como entrenador\u00a0en una sorpresiva conferencia de prensa en el River Camp, luego de tener en vilo a todos los\u2026","rel":"","context":"En \u00abDESTACADAS\u00bb","block_context":{"text":"DESTACADAS","link":"https:\/\/larevistadigital.com.ar\/blog\/category\/destacadas\/"},"img":{"alt_text":"","src":"https:\/\/i0.wp.com\/larevistadigital.com.ar\/blog\/wp-content\/uploads\/RCFCCAFTLRCXZGJTD23HEFPPTQ.jpg?fit=768%2C512&ssl=1&resize=350%2C200","width":350,"height":200,"srcset":"https:\/\/i0.wp.com\/larevistadigital.com.ar\/blog\/wp-content\/uploads\/RCFCCAFTLRCXZGJTD23HEFPPTQ.jpg?fit=768%2C512&ssl=1&resize=350%2C200 1x, https:\/\/i0.wp.com\/larevistadigital.com.ar\/blog\/wp-content\/uploads\/RCFCCAFTLRCXZGJTD23HEFPPTQ.jpg?fit=768%2C512&ssl=1&resize=525%2C300 1.5x, https:\/\/i0.wp.com\/larevistadigital.com.ar\/blog\/wp-content\/uploads\/RCFCCAFTLRCXZGJTD23HEFPPTQ.jpg?fit=768%2C512&ssl=1&resize=700%2C400 2x"},"classes":[]},{"id":42407,"url":"https:\/\/larevistadigital.com.ar\/blog\/river-renovo-el-contrato-a-marcelo-gallardo\/","url_meta":{"origin":13129,"position":1},"title":"River renov\u00f3 el contrato a Marcelo Gallardo","author":"Alejandro Sosa Ruda","date":"5 noviembre, 2025","format":false,"excerpt":"El t\u00e9cnico m\u00e1s ganador de la historia del club confirm\u00f3 su continuidad hasta diciembre de 2026, junto al presidente electo Stefano Di Carlo. \u201cDeseo revertir este momento, la crisis va a pasar\u201d, afirm\u00f3 el DT. 05 de Noviembre de 2025 Marcelo Gallardo confirm\u00f3 este jueves su continuidad como entrenador de\u2026","rel":"","context":"En \u00abDEPORTES\u00bb","block_context":{"text":"DEPORTES","link":"https:\/\/larevistadigital.com.ar\/blog\/category\/deportes\/"},"img":{"alt_text":"","src":"https:\/\/i0.wp.com\/larevistadigital.com.ar\/blog\/wp-content\/uploads\/Captura-de-pantalla-2025-11-05-230838.jpg?fit=606%2C334&ssl=1&resize=350%2C200","width":350,"height":200,"srcset":"https:\/\/i0.wp.com\/larevistadigital.com.ar\/blog\/wp-content\/uploads\/Captura-de-pantalla-2025-11-05-230838.jpg?fit=606%2C334&ssl=1&resize=350%2C200 1x, https:\/\/i0.wp.com\/larevistadigital.com.ar\/blog\/wp-content\/uploads\/Captura-de-pantalla-2025-11-05-230838.jpg?fit=606%2C334&ssl=1&resize=525%2C300 1.5x"},"classes":[]},{"id":28416,"url":"https:\/\/larevistadigital.com.ar\/blog\/ultimo-momento-marcelo-gallardo-anuncio-que-se-va-de-river\/","url_meta":{"origin":13129,"position":2},"title":"\u00daLTIMO MOMENTO: MARCELO GALLARDO ANUNCI\u00d3 QUE SE VA DE RIVER","author":"Alejandro Sosa Ruda","date":"13 octubre, 2022","format":false,"excerpt":"Lo anunci\u00f3 hace instantes en una conferencia de prensa. As\u00ed culmina el inmejorable per\u00edodo de ocho a\u00f1os y medio donde entre otras cosas conquist\u00f3 el t\u00edtulo m\u00e1s importante de la historia de River: ganar la final de la copa Libertadores con el eterno rival en Madrid. 13 de octubre de\u2026","rel":"","context":"En \u00abDEPORTES\u00bb","block_context":{"text":"DEPORTES","link":"https:\/\/larevistadigital.com.ar\/blog\/category\/deportes\/"},"img":{"alt_text":"","src":"https:\/\/i0.wp.com\/larevistadigital.com.ar\/blog\/wp-content\/uploads\/Captura-de-pantalla-2022-10-13-130639.jpg?fit=714%2C326&ssl=1&resize=350%2C200","width":350,"height":200,"srcset":"https:\/\/i0.wp.com\/larevistadigital.com.ar\/blog\/wp-content\/uploads\/Captura-de-pantalla-2022-10-13-130639.jpg?fit=714%2C326&ssl=1&resize=350%2C200 1x, https:\/\/i0.wp.com\/larevistadigital.com.ar\/blog\/wp-content\/uploads\/Captura-de-pantalla-2022-10-13-130639.jpg?fit=714%2C326&ssl=1&resize=525%2C300 1.5x, https:\/\/i0.wp.com\/larevistadigital.com.ar\/blog\/wp-content\/uploads\/Captura-de-pantalla-2022-10-13-130639.jpg?fit=714%2C326&ssl=1&resize=700%2C400 2x"},"classes":[]},{"id":18067,"url":"https:\/\/larevistadigital.com.ar\/blog\/river-dio-un-gran-paso-en-la-ida-ante-nacional\/","url_meta":{"origin":13129,"position":3},"title":"RIVER DIO UN GRAN PASO EN LA IDA ANTE NACIONAL","author":"Alejandro Sosa Ruda","date":"11 diciembre, 2020","format":false,"excerpt":"En la ida de los cuartos de final, el equipo de Gallardo derrot\u00f3 2-0 a los uruguayos en cancha de Independiente. River Plate\u00a0qued\u00f3 a un paso de las semifinales de la Copa Libertadores, tras vencer a\u00a0Nacional de Montevideo por 2 a 0,\u00a0en el partido de ida de los cuartos de\u2026","rel":"","context":"En \u00abDEPORTES\u00bb","block_context":{"text":"DEPORTES","link":"https:\/\/larevistadigital.com.ar\/blog\/category\/deportes\/"},"img":{"alt_text":"","src":"https:\/\/i0.wp.com\/larevistadigital.com.ar\/blog\/wp-content\/uploads\/Screenshot_2-120.jpg?fit=1002%2C559&ssl=1&resize=350%2C200","width":350,"height":200,"srcset":"https:\/\/i0.wp.com\/larevistadigital.com.ar\/blog\/wp-content\/uploads\/Screenshot_2-120.jpg?fit=1002%2C559&ssl=1&resize=350%2C200 1x, https:\/\/i0.wp.com\/larevistadigital.com.ar\/blog\/wp-content\/uploads\/Screenshot_2-120.jpg?fit=1002%2C559&ssl=1&resize=525%2C300 1.5x, https:\/\/i0.wp.com\/larevistadigital.com.ar\/blog\/wp-content\/uploads\/Screenshot_2-120.jpg?fit=1002%2C559&ssl=1&resize=700%2C400 2x"},"classes":[]},{"id":20361,"url":"https:\/\/larevistadigital.com.ar\/blog\/un-river-muy-diezmado-y-con-enzo-perez-al-arco-va-por-la-epica-ante-independiente-de-santa-fe\/","url_meta":{"origin":13129,"position":4},"title":"UN RIVER MUY DIEZMADO Y CON ENZO PEREZ AL ARCO, VA POR LA \u00c9PICA ANTE INDEPENDIENTE DE SANTA FE","author":"Alejandro Sosa Ruda","date":"19 mayo, 2021","format":false,"excerpt":"Desde las 21, el equipo de Marcelo Gallardo jugar\u00e1 un partido por la clasificaci\u00f3n con Enzo P\u00e9rez al arco, tras el aluvi\u00f3n de contagios que dinamit\u00f3 su plantel. River Plate, muy diezmado a causa de los 20 casos positivos de coronavirus que lo obligar\u00e1n a tener un jugador de campo\u2026","rel":"","context":"En \u00abDEPORTES\u00bb","block_context":{"text":"DEPORTES","link":"https:\/\/larevistadigital.com.ar\/blog\/category\/deportes\/"},"img":{"alt_text":"","src":"https:\/\/i0.wp.com\/larevistadigital.com.ar\/blog\/wp-content\/uploads\/Enzo-Perez-River-1.jpg?fit=1200%2C672&ssl=1&resize=350%2C200","width":350,"height":200,"srcset":"https:\/\/i0.wp.com\/larevistadigital.com.ar\/blog\/wp-content\/uploads\/Enzo-Perez-River-1.jpg?fit=1200%2C672&ssl=1&resize=350%2C200 1x, https:\/\/i0.wp.com\/larevistadigital.com.ar\/blog\/wp-content\/uploads\/Enzo-Perez-River-1.jpg?fit=1200%2C672&ssl=1&resize=525%2C300 1.5x, https:\/\/i0.wp.com\/larevistadigital.com.ar\/blog\/wp-content\/uploads\/Enzo-Perez-River-1.jpg?fit=1200%2C672&ssl=1&resize=700%2C400 2x, https:\/\/i0.wp.com\/larevistadigital.com.ar\/blog\/wp-content\/uploads\/Enzo-Perez-River-1.jpg?fit=1200%2C672&ssl=1&resize=1050%2C600 3x"},"classes":[]},{"id":32447,"url":"https:\/\/larevistadigital.com.ar\/blog\/river-plate-un-equipo-de-lujos-y-esfuerzo-se-corono-campeon-del-torneo-argentino-de-futbol\/","url_meta":{"origin":13129,"position":5},"title":"RIVER PLATE: UN EQUIPO DE LUJOS Y ESFUERZO SE CORON\u00d3 CAMPE\u00d3N DEL TORNEO ARGENTINO DE F\u00daTBOL","author":"Alejandro Sosa Ruda","date":"16 julio, 2023","format":false,"excerpt":"Le gan\u00f3 3-1 a Estudiantes y se asegur\u00f3 la Liga Profesional. El equipo de Mart\u00edn Demichelis finalmente cristaliz\u00f3 un campeonato que se ve\u00eda venir hace rato. Fue el mejor lejos y lo festej\u00f3 a lo grande. 15 de julio de 2023 River Plate es el nuevo campe\u00f3n del f\u00fatbol argentino.\u2026","rel":"","context":"En \u00abDEPORTES\u00bb","block_context":{"text":"DEPORTES","link":"https:\/\/larevistadigital.com.ar\/blog\/category\/deportes\/"},"img":{"alt_text":"","src":"https:\/\/i0.wp.com\/larevistadigital.com.ar\/blog\/wp-content\/uploads\/multimedia.normal.888946259b0432ad.72697665722063616d70656f6e2064652063616d70656f6e65735f6e6f726d616c2e6a7067.jpg?fit=1200%2C675&ssl=1&resize=350%2C200","width":350,"height":200,"srcset":"https:\/\/i0.wp.com\/larevistadigital.com.ar\/blog\/wp-content\/uploads\/multimedia.normal.888946259b0432ad.72697665722063616d70656f6e2064652063616d70656f6e65735f6e6f726d616c2e6a7067.jpg?fit=1200%2C675&ssl=1&resize=350%2C200 1x, https:\/\/i0.wp.com\/larevistadigital.com.ar\/blog\/wp-content\/uploads\/multimedia.normal.888946259b0432ad.72697665722063616d70656f6e2064652063616d70656f6e65735f6e6f726d616c2e6a7067.jpg?fit=1200%2C675&ssl=1&resize=525%2C300 1.5x, https:\/\/i0.wp.com\/larevistadigital.com.ar\/blog\/wp-content\/uploads\/multimedia.normal.888946259b0432ad.72697665722063616d70656f6e2064652063616d70656f6e65735f6e6f726d616c2e6a7067.jpg?fit=1200%2C675&ssl=1&resize=700%2C400 2x, https:\/\/i0.wp.com\/larevistadigital.com.ar\/blog\/wp-content\/uploads\/multimedia.normal.888946259b0432ad.72697665722063616d70656f6e2064652063616d70656f6e65735f6e6f726d616c2e6a7067.jpg?fit=1200%2C675&ssl=1&resize=1050%2C600 3x"},"classes":[]}],"_links":{"self":[{"href":"https:\/\/larevistadigital.com.ar\/blog\/wp-json\/wp\/v2\/posts\/13129","targetHints":{"allow":["GET"]}}],"collection":[{"href":"https:\/\/larevistadigital.com.ar\/blog\/wp-json\/wp\/v2\/posts"}],"about":[{"href":"https:\/\/larevistadigital.com.ar\/blog\/wp-json\/wp\/v2\/types\/post"}],"author":[{"embeddable":true,"href":"https:\/\/larevistadigital.com.ar\/blog\/wp-json\/wp\/v2\/users\/3"}],"replies":[{"embeddable":true,"href":"https:\/\/larevistadigital.com.ar\/blog\/wp-json\/wp\/v2\/comments?post=13129"}],"version-history":[{"count":1,"href":"https:\/\/larevistadigital.com.ar\/blog\/wp-json\/wp\/v2\/posts\/13129\/revisions"}],"predecessor-version":[{"id":13131,"href":"https:\/\/larevistadigital.com.ar\/blog\/wp-json\/wp\/v2\/posts\/13129\/revisions\/13131"}],"wp:featuredmedia":[{"embeddable":true,"href":"https:\/\/larevistadigital.com.ar\/blog\/wp-json\/wp\/v2\/media\/13130"}],"wp:attachment":[{"href":"https:\/\/larevistadigital.com.ar\/blog\/wp-json\/wp\/v2\/media?parent=13129"}],"wp:term":[{"taxonomy":"category","embeddable":true,"href":"https:\/\/larevistadigital.com.ar\/blog\/wp-json\/wp\/v2\/categories?post=13129"},{"taxonomy":"post_tag","embeddable":true,"href":"https:\/\/larevistadigital.com.ar\/blog\/wp-json\/wp\/v2\/tags?post=13129"}],"curies":[{"name":"wp","href":"https:\/\/api.w.org\/{rel}","templated":true}]}}