{"id":1328,"date":"2017-03-18T14:23:30","date_gmt":"2017-03-18T14:23:30","guid":{"rendered":"https:\/\/larevistadigital.com.ar\/blog\/?p=1328"},"modified":"2017-03-19T14:25:41","modified_gmt":"2017-03-19T14:25:41","slug":"lezama-importante-robo-se-produjo-en-pesquero-el-faro","status":"publish","type":"post","link":"https:\/\/larevistadigital.com.ar\/blog\/lezama-importante-robo-se-produjo-en-pesquero-el-faro\/","title":{"rendered":"LEZAMA: Importante robo se produjo en Pesquero \u201cEl Faro\u201d"},"content":{"rendered":"<p>Un importante robo se produjo en el Pesquero \u201cEl Faro\u201d ubicado a la altura del kil\u00f3metro<br \/>\n143,500 de la autov\u00eda 2 en jurisdicci\u00f3n del partido de Lezama.<br \/>\nLa se\u00f1ora Silvia Martiarena Mouriz, en su car\u00e1cter de inquilina del predio, denunci\u00f3 ante las<br \/>\nautoridades policiales del Comando dePatrullaRural de Lezama (CPR) que al ingresar el<br \/>\nempleado del lugar, identi\u00d7cado como Rodolfo OscarC\u00f3rdoba, observ\u00f3 que una de las puertas<br \/>\ndel quincho se hallaba abierta.<br \/>\nAl acceder al dep\u00f3sito del mismo advirti\u00f3 que autores ignorados hab\u00edan sustra\u00eddo un grupo<br \/>\nelectr\u00f3geno de color gris, marca Hiunday 7HP, una el\u00e9ctrica de arco de color negro. Tambi\u00e9n<br \/>\nobserv\u00f3 que una ventana de la proveedur\u00eda se hallaba rota y por ende noti\u00d7ca a la titular del<br \/>\npesquero y \u00e9sta al Comando dePatrullaRural de Lezama, con cuyos efectivos ingresaron al lugar<br \/>\ny constataron que faltaba mercader\u00eda, art\u00edculos de pesca, cuchillos con vaina de cuero, linternas<br \/>\nLed y la suma de$500.<br \/>\nDe una habitaci\u00f3n que se halla aleda\u00f1a a la proveedur\u00eda faltaba una amoladora marcaBlack<br \/>\nDeker de color naranja, un taladro de la misma marca y otro taladro m\u00e1s chico. Tambi\u00e9n los<br \/>\ndelincuentes ingresaron a la cocina de donde sustrajeron una el\u00e9ctrica inverter marca Salkor<br \/>\nPro.<br \/>\nSe estima que el monto total de lo robado supera los $40.000, hall\u00e1ndose el personal del CPR de<br \/>\nLezama desarrollando tareas investigativas a los efectos de esclarecer este il\u00edcito.<\/p>\n<p>&nbsp;<\/p>\n","protected":false},"excerpt":{"rendered":"<div class=\"mh-excerpt\"><p>Un importante robo se produjo en el Pesquero \u201cEl Faro\u201d ubicado a la altura del kil\u00f3metro 143,500 de la autov\u00eda 2 en jurisdicci\u00f3n del partido de Lezama. La se\u00f1ora Silvia Martiarena Mouriz, en su car\u00e1cter <a class=\"mh-excerpt-more\" href=\"https:\/\/larevistadigital.com.ar\/blog\/lezama-importante-robo-se-produjo-en-pesquero-el-faro\/\" title=\"LEZAMA: Importante robo se produjo en Pesquero \u201cEl Faro\u201d\">[Leer M\u00e1s]<\/a><\/p>\n<\/div>","protected":false},"author":2,"featured_media":1329,"comment_status":"open","ping_status":"open","sticky":false,"template":"","format":"standard","meta":{"_jetpack_memberships_contains_paid_content":false,"footnotes":"","jetpack_publicize_message":"LEZAMA: Importante robo se produjo en Pesquero \u201cEl Faro\u201d","jetpack_publicize_feature_enabled":true,"jetpack_social_post_already_shared":true,"jetpack_social_options":{"image_generator_settings":{"template":"highway","default_image_id":0,"font":"","enabled":false},"version":2}},"categories":[7],"tags":[],"class_list":{"0":"post-1328","1":"post","2":"type-post","3":"status-publish","4":"format-standard","5":"has-post-thumbnail","7":"category-lezama"},"jetpack_publicize_connections":[],"jetpack_featured_media_url":"https:\/\/i0.wp.com\/larevistadigital.com.ar\/blog\/wp-content\/uploads\/2017\/03\/cerrajeros-tarragona.jpg?fit=644%2C362&ssl=1","jetpack_sharing_enabled":true,"jetpack_shortlink":"https:\/\/wp.me\/p8qtrQ-lq","jetpack-related-posts":[{"id":17530,"url":"https:\/\/larevistadigital.com.ar\/blog\/lezama-habilito-la-pesca-para-no-residentes\/","url_meta":{"origin":1328,"position":0},"title":"LEZAMA HABILIT\u00d3 LA PESCA PARA \u00abNO RESIDENTES\u00bb","author":"Alejandro Sosa Ruda","date":"9 noviembre, 2020","format":false,"excerpt":"La municipalidad de Lezama, inform\u00f3 a trav\u00e9s de su cuenta de Facebook que se ha habilitado la pesca para \"no residentes en la ciudad\", informaci\u00f3n que a continuaci\u00f3n reproducimos: Ya podes visitar nuestros sitios tur\u00edsticos, te pedimos que respetes los protocolos y las indicaciones, as\u00ed #NosCuidamosEntreTodos. La Direcci\u00f3n de Turismo\u2026","rel":"","context":"En \u00abLEZAMA\u00bb","block_context":{"text":"LEZAMA","link":"https:\/\/larevistadigital.com.ar\/blog\/category\/lezama\/"},"img":{"alt_text":"","src":"https:\/\/i0.wp.com\/larevistadigital.com.ar\/blog\/wp-content\/uploads\/124160927_1914963412029684_8910430617910503277_o.jpg?fit=1200%2C800&ssl=1&resize=350%2C200","width":350,"height":200,"srcset":"https:\/\/i0.wp.com\/larevistadigital.com.ar\/blog\/wp-content\/uploads\/124160927_1914963412029684_8910430617910503277_o.jpg?fit=1200%2C800&ssl=1&resize=350%2C200 1x, https:\/\/i0.wp.com\/larevistadigital.com.ar\/blog\/wp-content\/uploads\/124160927_1914963412029684_8910430617910503277_o.jpg?fit=1200%2C800&ssl=1&resize=525%2C300 1.5x, https:\/\/i0.wp.com\/larevistadigital.com.ar\/blog\/wp-content\/uploads\/124160927_1914963412029684_8910430617910503277_o.jpg?fit=1200%2C800&ssl=1&resize=700%2C400 2x, https:\/\/i0.wp.com\/larevistadigital.com.ar\/blog\/wp-content\/uploads\/124160927_1914963412029684_8910430617910503277_o.jpg?fit=1200%2C800&ssl=1&resize=1050%2C600 3x"},"classes":[]},{"id":195,"url":"https:\/\/larevistadigital.com.ar\/blog\/vecino-lezama-fue-hospitalizado-tras-despiste-la-autovia-2\/","url_meta":{"origin":1328,"position":1},"title":"Vecino de Lezama fue hospitalizado tras despiste en la Autov\u00eda 2","author":"editor","date":"10 febrero, 2017","format":false,"excerpt":"Ayer cerca de las 9 de la ma\u00f1ana, se produjo el despiste de una camioneta en la Autov\u00eda, a la altura del cruce con Avenida Presidente Alfons\u00edn. Por causa que se tratan de establecer, el veh\u00edculo marca Chevrolet S10 que era conducido por un vecino de Lezama, pero que pertenec\u00eda\u2026","rel":"","context":"En \u00abLEZAMA\u00bb","block_context":{"text":"LEZAMA","link":"https:\/\/larevistadigital.com.ar\/blog\/category\/lezama\/"},"img":{"alt_text":"","src":"https:\/\/i0.wp.com\/larevistadigital.com.ar\/blog\/wp-content\/uploads\/2017\/02\/vuelco_10defebrerode2017_elfuerte.jpg?fit=703%2C572&ssl=1&resize=350%2C200","width":350,"height":200,"srcset":"https:\/\/i0.wp.com\/larevistadigital.com.ar\/blog\/wp-content\/uploads\/2017\/02\/vuelco_10defebrerode2017_elfuerte.jpg?fit=703%2C572&ssl=1&resize=350%2C200 1x, https:\/\/i0.wp.com\/larevistadigital.com.ar\/blog\/wp-content\/uploads\/2017\/02\/vuelco_10defebrerode2017_elfuerte.jpg?fit=703%2C572&ssl=1&resize=525%2C300 1.5x, https:\/\/i0.wp.com\/larevistadigital.com.ar\/blog\/wp-content\/uploads\/2017\/02\/vuelco_10defebrerode2017_elfuerte.jpg?fit=703%2C572&ssl=1&resize=700%2C400 2x"},"classes":[]},{"id":5961,"url":"https:\/\/larevistadigital.com.ar\/blog\/allanan-dos-viviendas-en-pila-por-robo-en-el-destino\/","url_meta":{"origin":1328,"position":2},"title":"Allanan dos viviendas en Pila por robo en El Destino","author":"admin","date":"5 julio, 2018","format":false,"excerpt":"El\u00a0 viernes 29 de Junio se llevaron a cabo dos ALLANAMIENTOS en la localidad vecina de Pila, las ordenes fueron dispuestas por el Juzgado de Garant\u00edas N\u00b005 del Depto. Judicial de Dolores, a solicitud del Fiscal a cargo de la UFI N\u00b010 de Chascomus mismo Depto. Judicial, en el marco\u2026","rel":"","context":"En \u00abLEZAMA\u00bb","block_context":{"text":"LEZAMA","link":"https:\/\/larevistadigital.com.ar\/blog\/category\/lezama\/"},"img":{"alt_text":"","src":"","width":0,"height":0},"classes":[]},{"id":18990,"url":"https:\/\/larevistadigital.com.ar\/blog\/lezama-importante-reunion-en-torno-a-la-regulacion-de-las-encadenadas\/","url_meta":{"origin":1328,"position":3},"title":"LEZAMA: IMPORTANTE REUNI\u00d3N EN TORNO A LA REGULACI\u00d3N DE LAS ENCADENADAS","author":"Alejandro Sosa Ruda","date":"23 febrero, 2021","format":false,"excerpt":"LEZAMA - El intendente interino Diego Mongay y el director de Turismo Bernardo Ampo mantuvieron una reuni\u00f3n en el palacio municipal con el Dr. Dar\u00edo Colautti, investigador del CONICET especializado en la ecolog\u00eda y el cultivo de peces de laguna, Manejo Sustentable de Recursos Naturales Renovables e integrante del equipo\u2026","rel":"","context":"En \u00abLEZAMA\u00bb","block_context":{"text":"LEZAMA","link":"https:\/\/larevistadigital.com.ar\/blog\/category\/lezama\/"},"img":{"alt_text":"","src":"https:\/\/i0.wp.com\/larevistadigital.com.ar\/blog\/wp-content\/uploads\/153486283_1999597706899587_78243222767642723_o.jpg?fit=1200%2C786&ssl=1&resize=350%2C200","width":350,"height":200,"srcset":"https:\/\/i0.wp.com\/larevistadigital.com.ar\/blog\/wp-content\/uploads\/153486283_1999597706899587_78243222767642723_o.jpg?fit=1200%2C786&ssl=1&resize=350%2C200 1x, https:\/\/i0.wp.com\/larevistadigital.com.ar\/blog\/wp-content\/uploads\/153486283_1999597706899587_78243222767642723_o.jpg?fit=1200%2C786&ssl=1&resize=525%2C300 1.5x, https:\/\/i0.wp.com\/larevistadigital.com.ar\/blog\/wp-content\/uploads\/153486283_1999597706899587_78243222767642723_o.jpg?fit=1200%2C786&ssl=1&resize=700%2C400 2x, https:\/\/i0.wp.com\/larevistadigital.com.ar\/blog\/wp-content\/uploads\/153486283_1999597706899587_78243222767642723_o.jpg?fit=1200%2C786&ssl=1&resize=1050%2C600 3x"},"classes":[]},{"id":12829,"url":"https:\/\/larevistadigital.com.ar\/blog\/personal-del-cpr-lezama-secuestro-redes\/","url_meta":{"origin":1328,"position":4},"title":"PERSONAL DEL CPR LEZAMA SECUESTR\u00d3 REDES","author":"Alejandro Sosa Ruda","date":"27 octubre, 2019","format":false,"excerpt":"Inform\u00f3 Personal del Comando de Prevenci\u00f3n Rural de Lezama a cargo del Oficial Principal Mandril, en recorrida de prevenci\u00f3n y disuasi\u00f3n de delitos, que procedieron al secuestro de 75 metros de red que se encontraba dividida en tres tramos en el R\u00edo Salado, jurisdicci\u00f3n del partido de Lezama. Fueron identificados\u2026","rel":"","context":"En \u00abLEZAMA\u00bb","block_context":{"text":"LEZAMA","link":"https:\/\/larevistadigital.com.ar\/blog\/category\/lezama\/"},"img":{"alt_text":"","src":"https:\/\/i0.wp.com\/larevistadigital.com.ar\/blog\/wp-content\/uploads\/secuestro-cpr-lezama-750x375.jpg?fit=750%2C375&ssl=1&resize=350%2C200","width":350,"height":200,"srcset":"https:\/\/i0.wp.com\/larevistadigital.com.ar\/blog\/wp-content\/uploads\/secuestro-cpr-lezama-750x375.jpg?fit=750%2C375&ssl=1&resize=350%2C200 1x, https:\/\/i0.wp.com\/larevistadigital.com.ar\/blog\/wp-content\/uploads\/secuestro-cpr-lezama-750x375.jpg?fit=750%2C375&ssl=1&resize=525%2C300 1.5x, https:\/\/i0.wp.com\/larevistadigital.com.ar\/blog\/wp-content\/uploads\/secuestro-cpr-lezama-750x375.jpg?fit=750%2C375&ssl=1&resize=700%2C400 2x"},"classes":[]},{"id":12025,"url":"https:\/\/larevistadigital.com.ar\/blog\/lezama-secuestran-un-arma-y-mariguana-en-un-operativo\/","url_meta":{"origin":1328,"position":5},"title":"LEZAMA: SECUESTRAN UN ARMA Y MARIHUANA EN UN OPERATIVO","author":"Alejandro Sosa Ruda","date":"13 septiembre, 2019","format":false,"excerpt":"En la tarde de ayer, personal policial del Destacamento Vial; Estaci\u00f3n Comunal y Comando de Prevenci\u00f3n Rural de Lezama\u00a0en conjunto con funcionarios de la Subsecretar\u00eda de Seguridad del citado Distrito bonaerense efectuaron varios procedimientos antidrogas en la Autov\u00eda 2 en el acceso Norte de la ciudad. En primer lugar se\u2026","rel":"","context":"En \u00abLEZAMA\u00bb","block_context":{"text":"LEZAMA","link":"https:\/\/larevistadigital.com.ar\/blog\/category\/lezama\/"},"img":{"alt_text":"","src":"https:\/\/i0.wp.com\/larevistadigital.com.ar\/blog\/wp-content\/uploads\/control-lezama-750x375.jpg?fit=750%2C375&ssl=1&resize=350%2C200","width":350,"height":200,"srcset":"https:\/\/i0.wp.com\/larevistadigital.com.ar\/blog\/wp-content\/uploads\/control-lezama-750x375.jpg?fit=750%2C375&ssl=1&resize=350%2C200 1x, https:\/\/i0.wp.com\/larevistadigital.com.ar\/blog\/wp-content\/uploads\/control-lezama-750x375.jpg?fit=750%2C375&ssl=1&resize=525%2C300 1.5x, https:\/\/i0.wp.com\/larevistadigital.com.ar\/blog\/wp-content\/uploads\/control-lezama-750x375.jpg?fit=750%2C375&ssl=1&resize=700%2C400 2x"},"classes":[]}],"_links":{"self":[{"href":"https:\/\/larevistadigital.com.ar\/blog\/wp-json\/wp\/v2\/posts\/1328","targetHints":{"allow":["GET"]}}],"collection":[{"href":"https:\/\/larevistadigital.com.ar\/blog\/wp-json\/wp\/v2\/posts"}],"about":[{"href":"https:\/\/larevistadigital.com.ar\/blog\/wp-json\/wp\/v2\/types\/post"}],"author":[{"embeddable":true,"href":"https:\/\/larevistadigital.com.ar\/blog\/wp-json\/wp\/v2\/users\/2"}],"replies":[{"embeddable":true,"href":"https:\/\/larevistadigital.com.ar\/blog\/wp-json\/wp\/v2\/comments?post=1328"}],"version-history":[{"count":1,"href":"https:\/\/larevistadigital.com.ar\/blog\/wp-json\/wp\/v2\/posts\/1328\/revisions"}],"predecessor-version":[{"id":1330,"href":"https:\/\/larevistadigital.com.ar\/blog\/wp-json\/wp\/v2\/posts\/1328\/revisions\/1330"}],"wp:featuredmedia":[{"embeddable":true,"href":"https:\/\/larevistadigital.com.ar\/blog\/wp-json\/wp\/v2\/media\/1329"}],"wp:attachment":[{"href":"https:\/\/larevistadigital.com.ar\/blog\/wp-json\/wp\/v2\/media?parent=1328"}],"wp:term":[{"taxonomy":"category","embeddable":true,"href":"https:\/\/larevistadigital.com.ar\/blog\/wp-json\/wp\/v2\/categories?post=1328"},{"taxonomy":"post_tag","embeddable":true,"href":"https:\/\/larevistadigital.com.ar\/blog\/wp-json\/wp\/v2\/tags?post=1328"}],"curies":[{"name":"wp","href":"https:\/\/api.w.org\/{rel}","templated":true}]}}