{"id":1331,"date":"2017-03-18T14:26:39","date_gmt":"2017-03-18T14:26:39","guid":{"rendered":"https:\/\/larevistadigital.com.ar\/blog\/?p=1331"},"modified":"2017-03-19T14:28:10","modified_gmt":"2017-03-19T14:28:10","slug":"comenzara-el-lunes-la-obra-de-pavimento-intertrabado-en-calle-alem","status":"publish","type":"post","link":"https:\/\/larevistadigital.com.ar\/blog\/comenzara-el-lunes-la-obra-de-pavimento-intertrabado-en-calle-alem\/","title":{"rendered":"Comenzar\u00e1 el lunes la obra de pavimento intertrabado en calle Alem"},"content":{"rendered":"<h2>El Intendente de Lezama, Arnaldo Harispe, visit\u00f3 a los frentistas de calleAlem entrePellegrini y Bouchard, para anunciarles que el pr\u00f3ximo lunes 20 comenzar\u00e1n los trabajos de la obra de pavimento.<\/h2>\n<p>Se realizar\u00e1 primero el desmonte para hacer suelo cemento, luego 4cm de arena y sobre ese material se colocar\u00e1n los bloques de hormig\u00f3n intertrabados. \u201cEsta versi\u00f3n de pavimento tiene la misma resistencia a la compresi\u00f3n que el hormig\u00f3n com\u00fan, pero con la ventaja de que se puede habilitar inmediatamente al tr\u00e1nsito\u201d, explic\u00f3Arnaldo Harispe a los vecinos que se mostraron muy conformes con la noticia. Esa va a ser la modalidad de trabajo en esta cuadra, para la que se prev\u00e9 una semana de ejecuci\u00f3n de obra.<\/p>\n","protected":false},"excerpt":{"rendered":"<div class=\"mh-excerpt\"><p>El Intendente de Lezama, Arnaldo Harispe, visit\u00f3 a los frentistas de calleAlem entrePellegrini y Bouchard, para anunciarles que el pr\u00f3ximo lunes 20 comenzar\u00e1n los trabajos de la obra de pavimento. Se realizar\u00e1 primero el desmonte <a class=\"mh-excerpt-more\" href=\"https:\/\/larevistadigital.com.ar\/blog\/comenzara-el-lunes-la-obra-de-pavimento-intertrabado-en-calle-alem\/\" title=\"Comenzar\u00e1 el lunes la obra de pavimento intertrabado en calle Alem\">[Leer M\u00e1s]<\/a><\/p>\n<\/div>","protected":false},"author":2,"featured_media":1332,"comment_status":"open","ping_status":"open","sticky":false,"template":"","format":"standard","meta":{"_jetpack_memberships_contains_paid_content":false,"footnotes":"","jetpack_publicize_message":"Comenzar\u00e1 el lunes la obra de pavimento intertrabado en calle Alem","jetpack_publicize_feature_enabled":true,"jetpack_social_post_already_shared":true,"jetpack_social_options":{"image_generator_settings":{"template":"highway","default_image_id":0,"font":"","enabled":false},"version":2}},"categories":[7],"tags":[],"class_list":{"0":"post-1331","1":"post","2":"type-post","3":"status-publish","4":"format-standard","5":"has-post-thumbnail","7":"category-lezama"},"jetpack_publicize_connections":[],"jetpack_featured_media_url":"https:\/\/i0.wp.com\/larevistadigital.com.ar\/blog\/wp-content\/uploads\/2017\/03\/INTERTRABADO.jpg?fit=900%2C525&ssl=1","jetpack_sharing_enabled":true,"jetpack_shortlink":"https:\/\/wp.me\/p8qtrQ-lt","jetpack-related-posts":[{"id":27463,"url":"https:\/\/larevistadigital.com.ar\/blog\/lezama-cada-vez-mas-cerca-la-terminal-de-omnibus\/","url_meta":{"origin":1331,"position":0},"title":"LEZAMA: CADA VEZ M\u00c1S CERCA LA TERMINAL DE OMNIB\u00daS","author":"Alejandro Sosa Ruda","date":"1 septiembre, 2022","format":false,"excerpt":"LEZAMA -\u00a0 El municipio est\u00e1 trabajando en el hormigonado de un nuevo tramo de pavimento que no es una cuadra m\u00e1s, ya que tiene un valor agregado muy importante: ser una de las obras complementarias para la habilitaci\u00f3n de la Terminal de \u00d3mnibus de Lezama. \u201cVenimos gestionando la puesta en\u2026","rel":"","context":"En \u00abLEZAMA\u00bb","block_context":{"text":"LEZAMA","link":"https:\/\/larevistadigital.com.ar\/blog\/category\/lezama\/"},"img":{"alt_text":"","src":"https:\/\/i0.wp.com\/larevistadigital.com.ar\/blog\/wp-content\/uploads\/302511251_384134490557443_1331599900681622814_n.jpg?fit=1200%2C802&ssl=1&resize=350%2C200","width":350,"height":200,"srcset":"https:\/\/i0.wp.com\/larevistadigital.com.ar\/blog\/wp-content\/uploads\/302511251_384134490557443_1331599900681622814_n.jpg?fit=1200%2C802&ssl=1&resize=350%2C200 1x, https:\/\/i0.wp.com\/larevistadigital.com.ar\/blog\/wp-content\/uploads\/302511251_384134490557443_1331599900681622814_n.jpg?fit=1200%2C802&ssl=1&resize=525%2C300 1.5x, https:\/\/i0.wp.com\/larevistadigital.com.ar\/blog\/wp-content\/uploads\/302511251_384134490557443_1331599900681622814_n.jpg?fit=1200%2C802&ssl=1&resize=700%2C400 2x, https:\/\/i0.wp.com\/larevistadigital.com.ar\/blog\/wp-content\/uploads\/302511251_384134490557443_1331599900681622814_n.jpg?fit=1200%2C802&ssl=1&resize=1050%2C600 3x"},"classes":[]},{"id":17424,"url":"https:\/\/larevistadigital.com.ar\/blog\/lezama-el-viernes-quedara-inaugurada-la-obra-de-pavimentacion-de-calle-rivadavia\/","url_meta":{"origin":1331,"position":1},"title":"LEZAMA: EL VIERNES QUEDAR\u00c1 INAUGURADA LA OBRA DE PAVIMENTACI\u00d3N DE CALLE RIVADAVIA","author":"Alejandro Sosa Ruda","date":"4 noviembre, 2020","format":false,"excerpt":"Se trata de la Cuadra N\u00ba 48 realizada por la gesti\u00f3n municipal en los \u00faltimos cuatro a\u00f1os. Mientras est\u00e1 en ejecuci\u00f3n el pavimento de la calle Pe\u00f1aloza, y se cumplen los plazos de obra en Hern\u00e1ndez y Clara Laborde, el intendente municipal\u00a0Lalo Harispe\u00a0dejar\u00e1 inaugurada este viernes 6 de noviembre la\u2026","rel":"","context":"En \u00abLEZAMA\u00bb","block_context":{"text":"LEZAMA","link":"https:\/\/larevistadigital.com.ar\/blog\/category\/lezama\/"},"img":{"alt_text":"","src":"https:\/\/i0.wp.com\/larevistadigital.com.ar\/blog\/wp-content\/uploads\/123309214_1911684432357582_4498986109427593921_o.jpg?fit=960%2C642&ssl=1&resize=350%2C200","width":350,"height":200,"srcset":"https:\/\/i0.wp.com\/larevistadigital.com.ar\/blog\/wp-content\/uploads\/123309214_1911684432357582_4498986109427593921_o.jpg?fit=960%2C642&ssl=1&resize=350%2C200 1x, https:\/\/i0.wp.com\/larevistadigital.com.ar\/blog\/wp-content\/uploads\/123309214_1911684432357582_4498986109427593921_o.jpg?fit=960%2C642&ssl=1&resize=525%2C300 1.5x, https:\/\/i0.wp.com\/larevistadigital.com.ar\/blog\/wp-content\/uploads\/123309214_1911684432357582_4498986109427593921_o.jpg?fit=960%2C642&ssl=1&resize=700%2C400 2x"},"classes":[]},{"id":17023,"url":"https:\/\/larevistadigital.com.ar\/blog\/lezama-se-inicio-el-hormigonado-en-calle-penaloza\/","url_meta":{"origin":1331,"position":2},"title":"LEZAMA: SE INICI\u00d3 EL HORMIGONADO EN CALLE PE\u00d1ALOZA","author":"Alejandro Sosa Ruda","date":"16 octubre, 2020","format":false,"excerpt":"Personal municipal ultim\u00f3 detalles en la preparaci\u00f3n del suelo y, durante la ma\u00f1ana de hoy, la empresa Majoba comenz\u00f3 a hormigonar la cuadra n\u00famero 49 del Plan de Pavimentaci\u00f3n: Pe\u00f1aloza entre Liniers y Roca, en la zona sur de la ciudad. Una semana despu\u00e9s de iniciado el desmonte ya se\u2026","rel":"","context":"En \u00abLEZAMA\u00bb","block_context":{"text":"LEZAMA","link":"https:\/\/larevistadigital.com.ar\/blog\/category\/lezama\/"},"img":{"alt_text":"","src":"https:\/\/i0.wp.com\/larevistadigital.com.ar\/blog\/wp-content\/uploads\/Screenshot_1-162.jpg?fit=759%2C634&ssl=1&resize=350%2C200","width":350,"height":200,"srcset":"https:\/\/i0.wp.com\/larevistadigital.com.ar\/blog\/wp-content\/uploads\/Screenshot_1-162.jpg?fit=759%2C634&ssl=1&resize=350%2C200 1x, https:\/\/i0.wp.com\/larevistadigital.com.ar\/blog\/wp-content\/uploads\/Screenshot_1-162.jpg?fit=759%2C634&ssl=1&resize=525%2C300 1.5x, https:\/\/i0.wp.com\/larevistadigital.com.ar\/blog\/wp-content\/uploads\/Screenshot_1-162.jpg?fit=759%2C634&ssl=1&resize=700%2C400 2x"},"classes":[]},{"id":8170,"url":"https:\/\/larevistadigital.com.ar\/blog\/lezama-se-comenzara-a-pavimentar-la-calle-roca\/","url_meta":{"origin":1331,"position":3},"title":"LEZAMA: SE COMENZAR\u00c1 A PAVIMENTAR LA CALLE ROCA","author":"Alejandro Sosa Ruda","date":"5 febrero, 2019","format":false,"excerpt":"El intendente Interino, Prof. Diego Mongay, recorri\u00f3 la arteria a pavimentar y dio aviso a los vecinos frentistas. Se espera que en el d\u00eda de ma\u00f1ana se d\u00e9 comienzo a los trabajos de movimiento de suelo para que luego se proceda a colocar el pavimento de hormig\u00f3n. De acuerdo al\u2026","rel":"","context":"En \u00abLEZAMA\u00bb","block_context":{"text":"LEZAMA","link":"https:\/\/larevistadigital.com.ar\/blog\/category\/lezama\/"},"img":{"alt_text":"","src":"https:\/\/i0.wp.com\/larevistadigital.com.ar\/blog\/wp-content\/uploads\/2019\/02\/51762297_1397889913737039_7130464611299491840_n.jpg?fit=709%2C470&ssl=1&resize=350%2C200","width":350,"height":200,"srcset":"https:\/\/i0.wp.com\/larevistadigital.com.ar\/blog\/wp-content\/uploads\/2019\/02\/51762297_1397889913737039_7130464611299491840_n.jpg?fit=709%2C470&ssl=1&resize=350%2C200 1x, https:\/\/i0.wp.com\/larevistadigital.com.ar\/blog\/wp-content\/uploads\/2019\/02\/51762297_1397889913737039_7130464611299491840_n.jpg?fit=709%2C470&ssl=1&resize=525%2C300 1.5x, https:\/\/i0.wp.com\/larevistadigital.com.ar\/blog\/wp-content\/uploads\/2019\/02\/51762297_1397889913737039_7130464611299491840_n.jpg?fit=709%2C470&ssl=1&resize=700%2C400 2x"},"classes":[]},{"id":7928,"url":"https:\/\/larevistadigital.com.ar\/blog\/lezama-30-cuadras-pavimentadas-en-24-meses\/","url_meta":{"origin":1331,"position":4},"title":"LEZAMA: \u00a130 CUADRAS PAVIMENTADAS EN 24 MESES!","author":"Alejandro Sosa Ruda","date":"24 enero, 2019","format":false,"excerpt":"El municipio de Lezama inform\u00f3 a trav\u00e9s de su cuenta de facebook, el desarrollo de tareas que tienen que ver con el asfalto en la ciudad. La 30\u00b0 cuadra de pavimento de hormig\u00f3n construida en Lezama en los \u00faltimos 24 meses qued\u00f3 terminada la pasada semana, cuando la empresa Majoba\u2026","rel":"","context":"En \u00abLEZAMA\u00bb","block_context":{"text":"LEZAMA","link":"https:\/\/larevistadigital.com.ar\/blog\/category\/lezama\/"},"img":{"alt_text":"","src":"https:\/\/i0.wp.com\/larevistadigital.com.ar\/blog\/wp-content\/uploads\/2019\/01\/49549290_1389531617906202_6528371227885568000_o.jpg?fit=1200%2C802&ssl=1&resize=350%2C200","width":350,"height":200,"srcset":"https:\/\/i0.wp.com\/larevistadigital.com.ar\/blog\/wp-content\/uploads\/2019\/01\/49549290_1389531617906202_6528371227885568000_o.jpg?fit=1200%2C802&ssl=1&resize=350%2C200 1x, https:\/\/i0.wp.com\/larevistadigital.com.ar\/blog\/wp-content\/uploads\/2019\/01\/49549290_1389531617906202_6528371227885568000_o.jpg?fit=1200%2C802&ssl=1&resize=525%2C300 1.5x, https:\/\/i0.wp.com\/larevistadigital.com.ar\/blog\/wp-content\/uploads\/2019\/01\/49549290_1389531617906202_6528371227885568000_o.jpg?fit=1200%2C802&ssl=1&resize=700%2C400 2x, https:\/\/i0.wp.com\/larevistadigital.com.ar\/blog\/wp-content\/uploads\/2019\/01\/49549290_1389531617906202_6528371227885568000_o.jpg?fit=1200%2C802&ssl=1&resize=1050%2C600 3x"},"classes":[]},{"id":9132,"url":"https:\/\/larevistadigital.com.ar\/blog\/lezama-harispe-participo-del-encuentro-de-intendentes-en-la-quinta-de-olivos\/","url_meta":{"origin":1331,"position":5},"title":"LEZAMA: HARISPE PARTICIP\u00d3 DEL ENCUENTRO DE INTENDENTES EN LA QUINTA DE OLIVOS","author":"Alejandro Sosa Ruda","date":"16 marzo, 2019","format":false,"excerpt":"En la ma\u00f1ana deL viernes el intendente municipal de Lezama, Agrim. Arnaldo Harispe, fue parte de la reuni\u00f3n de trabajo convocada por el presidente de la Naci\u00f3n Mauricio Macri, la gobernadora Mar\u00eda Eugenia Vidal, y el vicegobernador Daniel Salvador. El encuentro tuvo lugar en la residencia presidencial de Olivos, donde\u2026","rel":"","context":"En \u00abLEZAMA\u00bb","block_context":{"text":"LEZAMA","link":"https:\/\/larevistadigital.com.ar\/blog\/category\/lezama\/"},"img":{"alt_text":"","src":"https:\/\/i0.wp.com\/larevistadigital.com.ar\/blog\/wp-content\/uploads\/2019\/03\/54006210_1421700251356005_8604928438794452992_n.jpg?fit=960%2C605&ssl=1&resize=350%2C200","width":350,"height":200,"srcset":"https:\/\/i0.wp.com\/larevistadigital.com.ar\/blog\/wp-content\/uploads\/2019\/03\/54006210_1421700251356005_8604928438794452992_n.jpg?fit=960%2C605&ssl=1&resize=350%2C200 1x, https:\/\/i0.wp.com\/larevistadigital.com.ar\/blog\/wp-content\/uploads\/2019\/03\/54006210_1421700251356005_8604928438794452992_n.jpg?fit=960%2C605&ssl=1&resize=525%2C300 1.5x, https:\/\/i0.wp.com\/larevistadigital.com.ar\/blog\/wp-content\/uploads\/2019\/03\/54006210_1421700251356005_8604928438794452992_n.jpg?fit=960%2C605&ssl=1&resize=700%2C400 2x"},"classes":[]}],"_links":{"self":[{"href":"https:\/\/larevistadigital.com.ar\/blog\/wp-json\/wp\/v2\/posts\/1331","targetHints":{"allow":["GET"]}}],"collection":[{"href":"https:\/\/larevistadigital.com.ar\/blog\/wp-json\/wp\/v2\/posts"}],"about":[{"href":"https:\/\/larevistadigital.com.ar\/blog\/wp-json\/wp\/v2\/types\/post"}],"author":[{"embeddable":true,"href":"https:\/\/larevistadigital.com.ar\/blog\/wp-json\/wp\/v2\/users\/2"}],"replies":[{"embeddable":true,"href":"https:\/\/larevistadigital.com.ar\/blog\/wp-json\/wp\/v2\/comments?post=1331"}],"version-history":[{"count":1,"href":"https:\/\/larevistadigital.com.ar\/blog\/wp-json\/wp\/v2\/posts\/1331\/revisions"}],"predecessor-version":[{"id":1333,"href":"https:\/\/larevistadigital.com.ar\/blog\/wp-json\/wp\/v2\/posts\/1331\/revisions\/1333"}],"wp:featuredmedia":[{"embeddable":true,"href":"https:\/\/larevistadigital.com.ar\/blog\/wp-json\/wp\/v2\/media\/1332"}],"wp:attachment":[{"href":"https:\/\/larevistadigital.com.ar\/blog\/wp-json\/wp\/v2\/media?parent=1331"}],"wp:term":[{"taxonomy":"category","embeddable":true,"href":"https:\/\/larevistadigital.com.ar\/blog\/wp-json\/wp\/v2\/categories?post=1331"},{"taxonomy":"post_tag","embeddable":true,"href":"https:\/\/larevistadigital.com.ar\/blog\/wp-json\/wp\/v2\/tags?post=1331"}],"curies":[{"name":"wp","href":"https:\/\/api.w.org\/{rel}","templated":true}]}}