{"id":134,"date":"2017-02-12T01:13:46","date_gmt":"2017-02-12T01:13:46","guid":{"rendered":"https:\/\/larevistadigital.com.ar\/blog\/?p=134"},"modified":"2017-02-12T01:13:46","modified_gmt":"2017-02-12T01:13:46","slug":"standard-poors-la-inflacion-no-cede-calcula-llegara-40-este-ano","status":"publish","type":"post","link":"https:\/\/larevistadigital.com.ar\/blog\/standard-poors-la-inflacion-no-cede-calcula-llegara-40-este-ano\/","title":{"rendered":"Para Standard &#038; Poor&#8217;s la inflaci\u00f3n no cede: calcula que llegar\u00e1 a 40% este a\u00f1o"},"content":{"rendered":"<h2>\u00a0la analista de la calificadora se\u00f1al\u00f3 que la suba de precios del a\u00f1o pr\u00f3ximo tambi\u00e9n ser\u00e1 elevada y la mantienen en 30%. <b>Ser\u00e1 crucial la baja del d\u00e9ficit fiscal y la llegada de inversiones<\/b><\/h2>\n<p>Mientras que el Gobierno sigue repitiendo que lo peor de la inflaci\u00f3n ya pas\u00f3, no todos creen que sea as\u00ed. Es m\u00e1s, las dudas no provienen de opositores pol\u00edticos ni think tanks afines a la heterodoxia econ\u00f3mica. Entre los que creen que el flagelo de la inflaci\u00f3n llevar\u00e1 mucho tiempo en solucionarse est\u00e1 <strong>Standard and Poor&#8217;s<\/strong>, la agencia de calificaci\u00f3n internacional.<\/p>\n<p>La calificadora, que a principios de mayo subi\u00f3 la nota del pa\u00eds a B- desde \u00abDefault Selectivo\u00bb luego del arreglo con los holdouts, mantiene un escenario pesimista en relaci\u00f3n a la marcha de los precios. \u00abEs importante que el Gobierno reconozca que hay un problema ah\u00ed. Afectaron temas puntuales como la actualizaci\u00f3n de tarifas y la devaluaci\u00f3n. Pero no vemos factible el rango de 20%-25% que calculan para este a\u00f1o\u00bb, le dijo a <strong>Infobae<\/strong>, <strong>Delfina Cavanagh<\/strong>, directora y analista principal del equipo de calificaciones soberanas de S&amp;P Global Ratings.<\/p>\n<p><span id=\"saysCMSEmphasis9ocm3zfrnp41jc3xhwtwyu8fr\" class=\"saysCMSEmphasis\">SEG\u00daN C\u00c1LCULOS INTERNOS QUE MANEJAN EN LA CALIFICADORA, LA INFLACI\u00d3N DE ESTE A\u00d1O EN LA ARGENTINA LLEGAR\u00c1 AL 40%<\/span><\/p>\n<p>Seg\u00fan c\u00e1lculos internos que manejan en la calificadora, <strong>la inflaci\u00f3n de este a\u00f1o en la Argentina llegar\u00e1 al 40%<\/strong> a fines de diciembre. Esto es, lejos de los guarismos oficiales que siguen hablando de un aumento de precios por lo menos 10 puntos por debajo de ese n\u00famero, basado en que en el segundo semestre se notar\u00e1 una desaceleraci\u00f3n de la inflaci\u00f3n. \u00abTodav\u00eda nos falta ver que la inflaci\u00f3n vaya bajando en forma sostenida\u00bb, dice Cavanagh.<\/p>\n<p>Tambi\u00e9n lejos de las estimaciones oficiales est\u00e1n las proyecciones para el a\u00f1o pr\u00f3ximo. Mientras que el Gobierno dijo p\u00fablicamente que est\u00e1n trabajando en un escenario de 17% de inflaci\u00f3n para el 2017, <strong>en Standard and Poor&#8217;s mantienen un pron\u00f3stico de 30% para el a\u00f1o pr\u00f3ximo<\/strong>. \u00abHay margen para bajarla m\u00e1s pero tienen que contener el tema salarial y reducir el d\u00e9ficit fiscal\u00bb, acota Cavanagh.<\/p>\n<p>Con respecto a la <a class=\"agrupador\" href=\"http:\/\/www.infobae.com\/economia-a517\" rel=\"517\">econom\u00eda<\/a>, Standard and Poor&#8217;s es menos pesimista y calcula que el Producto Bruto Interno (PBI) caer\u00e1 s\u00f3lo 0,5% este a\u00f1o; y que en 2017 el pa\u00eds crecer\u00e1 2% si hay m\u00e1s inversiones.<\/p>\n<p>\u00ab<strong>La foto de este a\u00f1o no va a ser buena<\/strong>. Si bien est\u00e1n trabajando para normalizar las relaciones con el exterior y cambiar la imagen del pa\u00eds, a\u00fan no vemos inversiones\u00bb, resalta Cavanagh.<\/p>\n<p>Las definiciones m\u00e1s importantes que dej\u00f3 la directora de S&amp;P en di\u00e1logo con <strong>Infobae<\/strong> fueron las siguientes:<\/p>\n<p><span id=\"saysCMSEmphasisy8tcogxrble2y4xxj358f47vi\" class=\"saysCMSEmphasis\">1.<\/span><\/p>\n<p>-\u00ab<strong>El Gobierno hizo muy bien en curar el default de la deuda<\/strong> y la salida del cepo cambiario se logr\u00f3 sin generar demasiados sobresaltos en el tipo de cambio\u00bb.<\/p>\n<p><span id=\"saysCMSEmphasiskn3sxy919jng2axz9la73z0k9\" class=\"saysCMSEmphasis\">2.<\/span><\/p>\n<p>-\u00abActualizar las tarifas fue un paso importante para reducir la carga de subsidios y as\u00ed empezar a bajar el fuerte d\u00e9ficit fiscal que hered\u00f3 el Gobierno\u00bb.<\/p>\n<p><span id=\"saysCMSEmphasisk2oqnz4pdmtkpcj93pj0s5rk9\" class=\"saysCMSEmphasis\">3.<\/span><\/p>\n<p>-\u00ab<strong>Es positivo el compromiso que asumi\u00f3 esta administraci\u00f3n en bajar el d\u00e9ficit<\/strong> gradualmente para tener un equilibrio presupuestario m\u00e1s adelante\u00bb.<\/p>\n<p><span id=\"saysCMSEmphasisdd9s625rgc0o7hlk3c8iybvs4i\" class=\"saysCMSEmphasis\">4.<\/span><\/p>\n<p>-\u00abLa nota que tiene actualmente la Argentina significa que si bien est\u00e1 transitando por un mejor camino que en el pasado, a\u00fan hay muchas dificultades\u00bb.<\/p>\n<p><span id=\"saysCMSEmphasisd3q0m52kei6w377ruo2fg30udi\" class=\"saysCMSEmphasis\">5.<\/span><\/p>\n<p>-\u00abLa perspectiva de la nota del pa\u00eds es estable <strong>previendo que habr\u00e1 pol\u00edticas para estabilizar la econom\u00eda<\/strong> en un marco donde hay desaf\u00edos a nivel regional\u00bb.<\/p>\n<p><span id=\"saysCMSEmphasisds8x3ue65bmq6ddlact0529\" class=\"saysCMSEmphasis\">6.<\/span><\/p>\n<p>-\u00ab<strong>El contexto econ\u00f3mico local viene de varios a\u00f1os de imbalances<\/strong> y la situaci\u00f3n de Brasil -el mayor socio comercial- y los precios de las commodities no ayudan\u00bb.<\/p>\n<p><span id=\"saysCMSEmphasisccrvvz1c9g8rgf5wyzb1kbj4i\" class=\"saysCMSEmphasis\">7.<\/span><\/p>\n<p>-\u00abEs desafiante el tema de la pol\u00edtica interna ya que este Gobierno debe lograr consensos para poder aplicar sus pol\u00edticas. Esto hace que se tarde m\u00e1s tiempo en obtener algunas medidas\u00bb.<\/p>\n<p><span id=\"saysCMSEmphasismgr5i87espx20k9a27i90ms4i\" class=\"saysCMSEmphasis\">8.<\/span><\/p>\n<p>-\u00abPara que Argentina logre una suba de la calificaci\u00f3n <strong>necesitar\u00e1 tener consistencia en la baja del d\u00e9ficit fiscal<\/strong>\u00ab.<\/p>\n<p><span id=\"saysCMSEmphasisifs6njc5yf9vdaqwhy2xzuxr\" class=\"saysCMSEmphasis\">9.<\/span><\/p>\n<p>-\u00ab<strong>El blanqueo es positivo<\/strong> si logra cambiar el ambiente y retornan capitales que se fueron, pero el dinero de la inversi\u00f3n tiene que ser dinero genuino\u00bb.<\/p>\n<p>Por: Leandro Gabin<\/p>\n","protected":false},"excerpt":{"rendered":"<div class=\"mh-excerpt\"><p>\u00a0la analista de la calificadora se\u00f1al\u00f3 que la suba de precios del a\u00f1o pr\u00f3ximo tambi\u00e9n ser\u00e1 elevada y la mantienen en 30%. Ser\u00e1 crucial la baja del d\u00e9ficit fiscal y la llegada de inversiones Mientras <a class=\"mh-excerpt-more\" href=\"https:\/\/larevistadigital.com.ar\/blog\/standard-poors-la-inflacion-no-cede-calcula-llegara-40-este-ano\/\" title=\"Para Standard &#038; Poor&#8217;s la inflaci\u00f3n no cede: calcula que llegar\u00e1 a 40% este a\u00f1o\">[Leer M\u00e1s]<\/a><\/p>\n<\/div>","protected":false},"author":2,"featured_media":135,"comment_status":"open","ping_status":"open","sticky":false,"template":"","format":"standard","meta":{"_jetpack_memberships_contains_paid_content":false,"footnotes":"","jetpack_publicize_message":"","jetpack_publicize_feature_enabled":true,"jetpack_social_post_already_shared":false,"jetpack_social_options":{"image_generator_settings":{"template":"highway","default_image_id":0,"font":"","enabled":false},"version":2}},"categories":[9],"tags":[],"class_list":{"0":"post-134","1":"post","2":"type-post","3":"status-publish","4":"format-standard","5":"has-post-thumbnail","7":"category-economia"},"jetpack_publicize_connections":[],"jetpack_featured_media_url":"https:\/\/i0.wp.com\/larevistadigital.com.ar\/blog\/wp-content\/uploads\/2017\/02\/0010837997.jpg?fit=770%2C433&ssl=1","jetpack_sharing_enabled":true,"jetpack_shortlink":"https:\/\/wp.me\/p8qtrQ-2a","jetpack-related-posts":[{"id":25541,"url":"https:\/\/larevistadigital.com.ar\/blog\/con-la-dinamica-actual-el-ano-2022-cerraria-con-la-inflacion-mas-elevada-desde-1991\/","url_meta":{"origin":134,"position":0},"title":"CON LA DIN\u00c1MICA ACTUAL, EL A\u00d1O 2022 CERRAR\u00cdA CON LA INFLACI\u00d3N M\u00c1S ELEVADA DESDE 1991","author":"Alejandro Sosa Ruda","date":"1 junio, 2022","format":false,"excerpt":"Seg\u00fan economistas de la UNDAV, la actual administraci\u00f3n considera que la inflaci\u00f3n es un fen\u00f3meno que se origina a partir de m\u00faltiples factores vinculados a las relaciones econ\u00f3micas entre los diferentes actores de una econom\u00eda. En este marco, el diagn\u00f3stico realizado por el gobierno frentista sobre las causas de la\u2026","rel":"","context":"En \u00abECONOMIA\u00bb","block_context":{"text":"ECONOMIA","link":"https:\/\/larevistadigital.com.ar\/blog\/category\/economia\/"},"img":{"alt_text":"","src":"https:\/\/i0.wp.com\/larevistadigital.com.ar\/blog\/wp-content\/uploads\/20220601185711_inflacion-undav.png?fit=880%2C512&ssl=1&resize=350%2C200","width":350,"height":200,"srcset":"https:\/\/i0.wp.com\/larevistadigital.com.ar\/blog\/wp-content\/uploads\/20220601185711_inflacion-undav.png?fit=880%2C512&ssl=1&resize=350%2C200 1x, https:\/\/i0.wp.com\/larevistadigital.com.ar\/blog\/wp-content\/uploads\/20220601185711_inflacion-undav.png?fit=880%2C512&ssl=1&resize=525%2C300 1.5x, https:\/\/i0.wp.com\/larevistadigital.com.ar\/blog\/wp-content\/uploads\/20220601185711_inflacion-undav.png?fit=880%2C512&ssl=1&resize=700%2C400 2x"},"classes":[]},{"id":6039,"url":"https:\/\/larevistadigital.com.ar\/blog\/la-inflacion-de-junio-rondaria-el-4-la-mas-alta-de-los-ultimos-dos-anos\/","url_meta":{"origin":134,"position":1},"title":"La inflaci\u00f3n de junio rondar\u00eda el 4%, la m\u00e1s alta de los \u00faltimos dos a\u00f1os","author":"admin","date":"15 julio, 2018","format":false,"excerpt":"Estimaciones privadas indicaron que el incremento de precios se ubic\u00f3 entre 3,5% y 4%. Economistas afirman que la inflaci\u00f3n de julio y agosto tambi\u00e9n se ubicar\u00e1 en esas cifras. Seg\u00fan un estudio del Instituto Estad\u00edstico de los Trabajadores (IET) de la Universidad Metropolitana para la Educaci\u00f3n y el Trabajo (UMET),\u2026","rel":"","context":"En \u00abPOLITICA\u00bb","block_context":{"text":"POLITICA","link":"https:\/\/larevistadigital.com.ar\/blog\/category\/politica\/"},"img":{"alt_text":"","src":"https:\/\/i0.wp.com\/larevistadigital.com.ar\/blog\/wp-content\/uploads\/2018\/07\/85977_3.jpg?fit=862%2C470&ssl=1&resize=350%2C200","width":350,"height":200,"srcset":"https:\/\/i0.wp.com\/larevistadigital.com.ar\/blog\/wp-content\/uploads\/2018\/07\/85977_3.jpg?fit=862%2C470&ssl=1&resize=350%2C200 1x, https:\/\/i0.wp.com\/larevistadigital.com.ar\/blog\/wp-content\/uploads\/2018\/07\/85977_3.jpg?fit=862%2C470&ssl=1&resize=525%2C300 1.5x, https:\/\/i0.wp.com\/larevistadigital.com.ar\/blog\/wp-content\/uploads\/2018\/07\/85977_3.jpg?fit=862%2C470&ssl=1&resize=700%2C400 2x"},"classes":[]},{"id":43675,"url":"https:\/\/larevistadigital.com.ar\/blog\/paritarias-en-la-provincia-kicillof-convoca-a-ate-y-busca-reabrir-la-negociacion-salarial\/","url_meta":{"origin":134,"position":2},"title":"Paritarias en la Provincia: Kicillof convoca a ATE y busca reabrir la negociaci\u00f3n salarial","author":"Alejandro Sosa Ruda","date":"31 enero, 2026","format":false,"excerpt":"Tras el \u00faltimo acuerdo de diciembre y enero, el gobierno bonaerense cit\u00f3 al gremio de estatales para discutir un nuevo aumento en medio de la inflaci\u00f3n. La reuni\u00f3n ser\u00e1 el jueves y marcar\u00e1 el inicio de la reapertura prevista en el acuerdo anterior. 31 de enero de 2026 El\u00a0gobierno de\u2026","rel":"","context":"En \u00abPOLITICA\u00bb","block_context":{"text":"POLITICA","link":"https:\/\/larevistadigital.com.ar\/blog\/category\/politica\/"},"img":{"alt_text":"","src":"https:\/\/i0.wp.com\/larevistadigital.com.ar\/blog\/wp-content\/uploads\/Captura-de-pantalla-2026-01-31-154018.jpg?fit=796%2C455&ssl=1&resize=350%2C200","width":350,"height":200,"srcset":"https:\/\/i0.wp.com\/larevistadigital.com.ar\/blog\/wp-content\/uploads\/Captura-de-pantalla-2026-01-31-154018.jpg?fit=796%2C455&ssl=1&resize=350%2C200 1x, https:\/\/i0.wp.com\/larevistadigital.com.ar\/blog\/wp-content\/uploads\/Captura-de-pantalla-2026-01-31-154018.jpg?fit=796%2C455&ssl=1&resize=525%2C300 1.5x, https:\/\/i0.wp.com\/larevistadigital.com.ar\/blog\/wp-content\/uploads\/Captura-de-pantalla-2026-01-31-154018.jpg?fit=796%2C455&ssl=1&resize=700%2C400 2x"},"classes":[]},{"id":19681,"url":"https:\/\/larevistadigital.com.ar\/blog\/la-inflacion-de-marzo-fue-del-48-la-cifra-mas-alta-en-los-ultimos-18-meses\/","url_meta":{"origin":134,"position":3},"title":"LA INFLACI\u00d3N DE MARZO FUE DEL 4,8%. LA CIFRA M\u00c1S ALTA EN LOS \u00daLTIMOS 18 MESES","author":"Alejandro Sosa Ruda","date":"16 abril, 2021","format":false,"excerpt":"El Indec difundi\u00f3 las cifras correspondientes al \u00edndice de precios al consumidor. El rubro educaci\u00f3n fue el m\u00e1s afectado, seguido por las prendas de vestir y el calzado. El Instituto Nacional de Estad\u00edsticas y Censos (Indec) public\u00f3 las cifras correspondientes a la inflaci\u00f3n de marzo donde alcanz\u00f3 el 4,8% de\u2026","rel":"","context":"En \u00abINTERES GENERAL\u00bb","block_context":{"text":"INTERES GENERAL","link":"https:\/\/larevistadigital.com.ar\/blog\/category\/interes-general\/"},"img":{"alt_text":"","src":"https:\/\/i0.wp.com\/larevistadigital.com.ar\/blog\/wp-content\/uploads\/1590010269888.jpg?fit=870%2C497&ssl=1&resize=350%2C200","width":350,"height":200,"srcset":"https:\/\/i0.wp.com\/larevistadigital.com.ar\/blog\/wp-content\/uploads\/1590010269888.jpg?fit=870%2C497&ssl=1&resize=350%2C200 1x, https:\/\/i0.wp.com\/larevistadigital.com.ar\/blog\/wp-content\/uploads\/1590010269888.jpg?fit=870%2C497&ssl=1&resize=525%2C300 1.5x, https:\/\/i0.wp.com\/larevistadigital.com.ar\/blog\/wp-content\/uploads\/1590010269888.jpg?fit=870%2C497&ssl=1&resize=700%2C400 2x"},"classes":[]},{"id":39151,"url":"https:\/\/larevistadigital.com.ar\/blog\/nuevo-aumento-para-jubilados-cuanto-cobraran-desde-abril-y-que-pasa-con-el-bono\/","url_meta":{"origin":134,"position":4},"title":"Nuevo aumento para jubilados: cu\u00e1nto cobrar\u00e1n desde abril y qu\u00e9 pasa con el bono","author":"Alejandro Sosa Ruda","date":"26 marzo, 2025","format":false,"excerpt":"La suba ser\u00e1 del 2,4% y responde a la f\u00f3rmula de movilidad que se ajusta de acuerdo al \u00edndice de inflaci\u00f3n. El bono se mantiene en $ 70.000, como desde marzo de 2024. 26 de Marzo de 2025 El Gobierno nacional oficializ\u00f3 este mi\u00e9rcoles un incremento del 2,4% en los\u2026","rel":"","context":"En \u00abINTERES GENERAL\u00bb","block_context":{"text":"INTERES GENERAL","link":"https:\/\/larevistadigital.com.ar\/blog\/category\/interes-general\/"},"img":{"alt_text":"","src":"https:\/\/i0.wp.com\/larevistadigital.com.ar\/blog\/wp-content\/uploads\/6610702a40a02.jpg?fit=1200%2C675&ssl=1&resize=350%2C200","width":350,"height":200,"srcset":"https:\/\/i0.wp.com\/larevistadigital.com.ar\/blog\/wp-content\/uploads\/6610702a40a02.jpg?fit=1200%2C675&ssl=1&resize=350%2C200 1x, https:\/\/i0.wp.com\/larevistadigital.com.ar\/blog\/wp-content\/uploads\/6610702a40a02.jpg?fit=1200%2C675&ssl=1&resize=525%2C300 1.5x, https:\/\/i0.wp.com\/larevistadigital.com.ar\/blog\/wp-content\/uploads\/6610702a40a02.jpg?fit=1200%2C675&ssl=1&resize=700%2C400 2x, https:\/\/i0.wp.com\/larevistadigital.com.ar\/blog\/wp-content\/uploads\/6610702a40a02.jpg?fit=1200%2C675&ssl=1&resize=1050%2C600 3x"},"classes":[]},{"id":33749,"url":"https:\/\/larevistadigital.com.ar\/blog\/mar-del-plata-el-lunes-se-anunciaran-los-precios-sugeridos-para-los-alquileres-en-verano\/","url_meta":{"origin":134,"position":5},"title":"MAR DEL PLATA: EL LUNES SE ANUNCIAR\u00c1N LOS PRECIOS SUGERIDOS PARA LOS ALQUILERES EN VERANO","author":"Alejandro Sosa Ruda","date":"4 octubre, 2023","format":false,"excerpt":"Ser\u00e1n dados a conocer por el consejo directivo del Colegio de Martilleros y Corredores P\u00fablicos. Adelantaron que ser\u00e1n en pesos, a diferencia de otros destinos que promocionan su oferta de alojamiento para la temporada estival en d\u00f3lares, y que ir\u00e1n \u201cen l\u00ednea con la inflaci\u00f3n\u201d. 04 de Octubre de 2023\u2026","rel":"","context":"En \u00abREGIONALES\u00bb","block_context":{"text":"REGIONALES","link":"https:\/\/larevistadigital.com.ar\/blog\/category\/regionales\/"},"img":{"alt_text":"","src":"https:\/\/i0.wp.com\/larevistadigital.com.ar\/blog\/wp-content\/uploads\/Captura-de-pantalla-2023-10-04-000349.png?fit=747%2C489&ssl=1&resize=350%2C200","width":350,"height":200,"srcset":"https:\/\/i0.wp.com\/larevistadigital.com.ar\/blog\/wp-content\/uploads\/Captura-de-pantalla-2023-10-04-000349.png?fit=747%2C489&ssl=1&resize=350%2C200 1x, https:\/\/i0.wp.com\/larevistadigital.com.ar\/blog\/wp-content\/uploads\/Captura-de-pantalla-2023-10-04-000349.png?fit=747%2C489&ssl=1&resize=525%2C300 1.5x, https:\/\/i0.wp.com\/larevistadigital.com.ar\/blog\/wp-content\/uploads\/Captura-de-pantalla-2023-10-04-000349.png?fit=747%2C489&ssl=1&resize=700%2C400 2x"},"classes":[]}],"_links":{"self":[{"href":"https:\/\/larevistadigital.com.ar\/blog\/wp-json\/wp\/v2\/posts\/134","targetHints":{"allow":["GET"]}}],"collection":[{"href":"https:\/\/larevistadigital.com.ar\/blog\/wp-json\/wp\/v2\/posts"}],"about":[{"href":"https:\/\/larevistadigital.com.ar\/blog\/wp-json\/wp\/v2\/types\/post"}],"author":[{"embeddable":true,"href":"https:\/\/larevistadigital.com.ar\/blog\/wp-json\/wp\/v2\/users\/2"}],"replies":[{"embeddable":true,"href":"https:\/\/larevistadigital.com.ar\/blog\/wp-json\/wp\/v2\/comments?post=134"}],"version-history":[{"count":1,"href":"https:\/\/larevistadigital.com.ar\/blog\/wp-json\/wp\/v2\/posts\/134\/revisions"}],"predecessor-version":[{"id":136,"href":"https:\/\/larevistadigital.com.ar\/blog\/wp-json\/wp\/v2\/posts\/134\/revisions\/136"}],"wp:featuredmedia":[{"embeddable":true,"href":"https:\/\/larevistadigital.com.ar\/blog\/wp-json\/wp\/v2\/media\/135"}],"wp:attachment":[{"href":"https:\/\/larevistadigital.com.ar\/blog\/wp-json\/wp\/v2\/media?parent=134"}],"wp:term":[{"taxonomy":"category","embeddable":true,"href":"https:\/\/larevistadigital.com.ar\/blog\/wp-json\/wp\/v2\/categories?post=134"},{"taxonomy":"post_tag","embeddable":true,"href":"https:\/\/larevistadigital.com.ar\/blog\/wp-json\/wp\/v2\/tags?post=134"}],"curies":[{"name":"wp","href":"https:\/\/api.w.org\/{rel}","templated":true}]}}