{"id":13532,"date":"2019-12-07T02:16:50","date_gmt":"2019-12-07T02:16:50","guid":{"rendered":"https:\/\/larevistadigital.com.ar\/blog\/?p=13532"},"modified":"2019-12-07T02:16:50","modified_gmt":"2019-12-07T02:16:50","slug":"atraparon-en-castelli-a-los-estafadores-buscados-en-la-zona","status":"publish","type":"post","link":"https:\/\/larevistadigital.com.ar\/blog\/atraparon-en-castelli-a-los-estafadores-buscados-en-la-zona\/","title":{"rendered":"ATRAPARON EN CASTELLI A LOS ESTAFADORES BUSCADOS EN LA ZONA"},"content":{"rendered":"<p>En una operaci\u00f3n realizada por la autoridad policial, se pudo dar con los delincuentes que estafaron varios comercios de la zona, en Chascom\u00fas, Lezama, y se los ubic\u00f3 en Castelli, cuando estaban realizando una compra por valor de $11.000.- en un comercio c\u00e9ntrico, mientras que el otro integrante de este \u00abduo\u00bb, estaba realizando otra compra en otro local por un monto de $20.000.-<\/p>\n<blockquote>\n<h3>Ambos sujetos fueron sorprendidos infraganti, y se entregaron al personal policial sin ofrecer ning\u00fan tipo de resistencia.<\/h3>\n<\/blockquote>\n<p>Los delincuentes fueron trasladados a la comisar\u00eda de Castelli, y se dio curso a la comisar\u00eda de Chascom\u00fas, para que se tome declaraci\u00f3n a la vecina que hizo circular un audio contando lo que le hab\u00eda sucedido en una bicicleter\u00eda de calle Libres del Sur.<\/p>\n","protected":false},"excerpt":{"rendered":"<div class=\"mh-excerpt\"><p>En una operaci\u00f3n realizada por la autoridad policial, se pudo dar con los delincuentes que estafaron varios comercios de la zona, en Chascom\u00fas, Lezama, y se los ubic\u00f3 en Castelli, cuando estaban realizando una compra <a class=\"mh-excerpt-more\" href=\"https:\/\/larevistadigital.com.ar\/blog\/atraparon-en-castelli-a-los-estafadores-buscados-en-la-zona\/\" title=\"ATRAPARON EN CASTELLI A LOS ESTAFADORES BUSCADOS EN LA ZONA\">[Leer M\u00e1s]<\/a><\/p>\n<\/div>","protected":false},"author":3,"featured_media":13533,"comment_status":"open","ping_status":"open","sticky":false,"template":"","format":"standard","meta":{"_jetpack_memberships_contains_paid_content":false,"footnotes":"","jetpack_publicize_message":"","jetpack_publicize_feature_enabled":true,"jetpack_social_post_already_shared":true,"jetpack_social_options":{"image_generator_settings":{"template":"highway","default_image_id":0,"font":"","enabled":false},"version":2}},"categories":[44,51],"tags":[],"class_list":{"0":"post-13532","1":"post","2":"type-post","3":"status-publish","4":"format-standard","5":"has-post-thumbnail","7":"category-policiales","8":"category-regionales"},"jetpack_publicize_connections":[],"jetpack_featured_media_url":"https:\/\/i0.wp.com\/larevistadigital.com.ar\/blog\/wp-content\/uploads\/WhatsApp-Image-2019-12-06-at-20.05.25.jpeg?fit=720%2C1280&ssl=1","jetpack_sharing_enabled":true,"jetpack_shortlink":"https:\/\/wp.me\/p8qtrQ-3wg","jetpack-related-posts":[{"id":44339,"url":"https:\/\/larevistadigital.com.ar\/blog\/violento-robo-en-castelli-detuvieron-a-dos-vecinos-acusados-de-ser-los-entregadores\/","url_meta":{"origin":13532,"position":0},"title":"Violento robo en Castelli: detuvieron a dos vecinos acusados de ser los \u201centregadores\u201d","author":"Alejandro Sosa Ruda","date":"5 marzo, 2026","format":false,"excerpt":"La investigaci\u00f3n por el asalto a una vivienda c\u00e9ntrica sum\u00f3 nuevas detenciones. Los sospechosos habr\u00edan aportado informaci\u00f3n clave a los delincuentes que golpearon y ataron a las v\u00edctimas. 05 de Marzo de 2026 CASTELLI -\u00a0 \u00a0La investigaci\u00f3n por el violento robo ocurrido el martes por la noche en una vivienda\u2026","rel":"","context":"En \u00abCASTELLI\u00bb","block_context":{"text":"CASTELLI","link":"https:\/\/larevistadigital.com.ar\/blog\/category\/castelli\/"},"img":{"alt_text":"","src":"https:\/\/i0.wp.com\/larevistadigital.com.ar\/blog\/wp-content\/uploads\/WhatsApp-Image-2026-03-05-at-15.44.29-e1772751736307.jpeg?fit=738%2C740&ssl=1&resize=350%2C200","width":350,"height":200,"srcset":"https:\/\/i0.wp.com\/larevistadigital.com.ar\/blog\/wp-content\/uploads\/WhatsApp-Image-2026-03-05-at-15.44.29-e1772751736307.jpeg?fit=738%2C740&ssl=1&resize=350%2C200 1x, https:\/\/i0.wp.com\/larevistadigital.com.ar\/blog\/wp-content\/uploads\/WhatsApp-Image-2026-03-05-at-15.44.29-e1772751736307.jpeg?fit=738%2C740&ssl=1&resize=525%2C300 1.5x, https:\/\/i0.wp.com\/larevistadigital.com.ar\/blog\/wp-content\/uploads\/WhatsApp-Image-2026-03-05-at-15.44.29-e1772751736307.jpeg?fit=738%2C740&ssl=1&resize=700%2C400 2x"},"classes":[]},{"id":33447,"url":"https:\/\/larevistadigital.com.ar\/blog\/castelli-un-hombre-fue-asesinado-y-otro-gravemente-herido-tras-una-pelea-con-otros-dos-sujetos\/","url_meta":{"origin":13532,"position":1},"title":"CASTELLI: UN HOMBRE FUE ASESINADO Y OTRO GRAVEMENTE HERIDO TRAS UNA PELEA CON OTROS DOS SUJETOS","author":"Alejandro Sosa Ruda","date":"13 septiembre, 2023","format":false,"excerpt":"Hay dos detenidos. Todo sucedi\u00f3\u00a0 en el Barrio Matadero. Los dos heridos fueron llevados al Hospital, donde lamentablemente uno no sobrevivi\u00f3. 13 de Septiembre de 2023 CASTELLI -\u00a0 Un luctuoso incidente sacudi\u00f3 la tranquila localidad de Castelli, cobr\u00e1ndose la vida de un hombre y dejando a su hermano herido de\u2026","rel":"","context":"En \u00abCASTELLI\u00bb","block_context":{"text":"CASTELLI","link":"https:\/\/larevistadigital.com.ar\/blog\/category\/castelli\/"},"img":{"alt_text":"","src":"https:\/\/i0.wp.com\/larevistadigital.com.ar\/blog\/wp-content\/uploads\/20210829123255_castelli-carrillo.jpg?fit=880%2C493&ssl=1&resize=350%2C200","width":350,"height":200,"srcset":"https:\/\/i0.wp.com\/larevistadigital.com.ar\/blog\/wp-content\/uploads\/20210829123255_castelli-carrillo.jpg?fit=880%2C493&ssl=1&resize=350%2C200 1x, https:\/\/i0.wp.com\/larevistadigital.com.ar\/blog\/wp-content\/uploads\/20210829123255_castelli-carrillo.jpg?fit=880%2C493&ssl=1&resize=525%2C300 1.5x, https:\/\/i0.wp.com\/larevistadigital.com.ar\/blog\/wp-content\/uploads\/20210829123255_castelli-carrillo.jpg?fit=880%2C493&ssl=1&resize=700%2C400 2x"},"classes":[]},{"id":24741,"url":"https:\/\/larevistadigital.com.ar\/blog\/castelli-apunalan-a-policia-en-un-bar\/","url_meta":{"origin":13532,"position":2},"title":"CASTELLI: APU\u00d1ALAN A POLICIA EN UN BAR","author":"Alejandro Sosa Ruda","date":"22 marzo, 2022","format":false,"excerpt":"El agente, que estaba de franco, recibi\u00f3 un puntazo de otro hombre, que todav\u00eda no pudo ser identificado. El efectivo policial est\u00e1 fuera de peligro. CASTELLI -\u00a0 Un joven de aproximadamente 20 a\u00f1os, que se desempe\u00f1a como efectivo policial, recibi\u00f3 un puntazo en una vivienda de Castelli\u00a0que es utilizada como\u2026","rel":"","context":"En \u00abCASTELLI\u00bb","block_context":{"text":"CASTELLI","link":"https:\/\/larevistadigital.com.ar\/blog\/category\/castelli\/"},"img":{"alt_text":"","src":"https:\/\/i0.wp.com\/larevistadigital.com.ar\/blog\/wp-content\/uploads\/a61246391ccea937704656e6620d20091c74f43e.jpg?fit=1140%2C601&ssl=1&resize=350%2C200","width":350,"height":200,"srcset":"https:\/\/i0.wp.com\/larevistadigital.com.ar\/blog\/wp-content\/uploads\/a61246391ccea937704656e6620d20091c74f43e.jpg?fit=1140%2C601&ssl=1&resize=350%2C200 1x, https:\/\/i0.wp.com\/larevistadigital.com.ar\/blog\/wp-content\/uploads\/a61246391ccea937704656e6620d20091c74f43e.jpg?fit=1140%2C601&ssl=1&resize=525%2C300 1.5x, https:\/\/i0.wp.com\/larevistadigital.com.ar\/blog\/wp-content\/uploads\/a61246391ccea937704656e6620d20091c74f43e.jpg?fit=1140%2C601&ssl=1&resize=700%2C400 2x, https:\/\/i0.wp.com\/larevistadigital.com.ar\/blog\/wp-content\/uploads\/a61246391ccea937704656e6620d20091c74f43e.jpg?fit=1140%2C601&ssl=1&resize=1050%2C600 3x"},"classes":[]},{"id":7963,"url":"https:\/\/larevistadigital.com.ar\/blog\/castelli-detienen-una-mujer-por-encerrar-a-su-marido\/","url_meta":{"origin":13532,"position":3},"title":"CASTELLI: DETIENEN UNA MUJER POR ENCERRAR A SU MARIDO","author":"Alejandro Sosa Ruda","date":"26 enero, 2019","format":false,"excerpt":"Una mujer fue detenida en la ma\u00f1ana de este mi\u00e9rcoles por la polic\u00eda de Castelli luego que vecinos alertaran a la fuerza policial de supuestos gritos en dentro de una vivienda. El hecho fue caratulado como privaci\u00f3n ileg\u00edtima de la libertad agravado e\u00a0 interviene la UFI 2 a cargo del\u2026","rel":"","context":"En \u00abCASTELLI\u00bb","block_context":{"text":"CASTELLI","link":"https:\/\/larevistadigital.com.ar\/blog\/category\/castelli\/"},"img":{"alt_text":"","src":"https:\/\/i0.wp.com\/larevistadigital.com.ar\/blog\/wp-content\/uploads\/2019\/01\/descarga.jpg?fit=600%2C348&ssl=1&resize=350%2C200","width":350,"height":200,"srcset":"https:\/\/i0.wp.com\/larevistadigital.com.ar\/blog\/wp-content\/uploads\/2019\/01\/descarga.jpg?fit=600%2C348&ssl=1&resize=350%2C200 1x, https:\/\/i0.wp.com\/larevistadigital.com.ar\/blog\/wp-content\/uploads\/2019\/01\/descarga.jpg?fit=600%2C348&ssl=1&resize=525%2C300 1.5x"},"classes":[]},{"id":12099,"url":"https:\/\/larevistadigital.com.ar\/blog\/castelli-cuatro-personas-se-ahogaron-en-la-cascada\/","url_meta":{"origin":13532,"position":4},"title":"CASTELLI: CUATRO PERSONAS SE AHOGARON EN \u00abLA CASCADA\u00bb","author":"Alejandro Sosa Ruda","date":"16 septiembre, 2019","format":false,"excerpt":"Este mediod\u00eda fueron convocados los Bomberos Voluntarios de Castelli por la desaparici\u00f3n de la superficie del agua en la zona conocida como \u00abLa Cascada\u00bb de cuatro personas que se hallaban pescando en el lugar. R\u00e1pidamente concurrieron los servidores p\u00fablicos castellenses como tambi\u00e9n personal del CPR local. Las primeras informaciones indican\u2026","rel":"","context":"En \u00abCASTELLI\u00bb","block_context":{"text":"CASTELLI","link":"https:\/\/larevistadigital.com.ar\/blog\/category\/castelli\/"},"img":{"alt_text":"","src":"https:\/\/i0.wp.com\/larevistadigital.com.ar\/blog\/wp-content\/uploads\/bomberos-castelli.jpg?fit=900%2C605&ssl=1&resize=350%2C200","width":350,"height":200,"srcset":"https:\/\/i0.wp.com\/larevistadigital.com.ar\/blog\/wp-content\/uploads\/bomberos-castelli.jpg?fit=900%2C605&ssl=1&resize=350%2C200 1x, https:\/\/i0.wp.com\/larevistadigital.com.ar\/blog\/wp-content\/uploads\/bomberos-castelli.jpg?fit=900%2C605&ssl=1&resize=525%2C300 1.5x, https:\/\/i0.wp.com\/larevistadigital.com.ar\/blog\/wp-content\/uploads\/bomberos-castelli.jpg?fit=900%2C605&ssl=1&resize=700%2C400 2x"},"classes":[]},{"id":3687,"url":"https:\/\/larevistadigital.com.ar\/blog\/castelli-detuvieron-dos-personas-trata-menores\/","url_meta":{"origin":13532,"position":5},"title":"CASTELLI: DETUVIERON A DOS PERSONAS POR TRATA DE MENORES","author":"Alejandro Sosa Ruda","date":"3 noviembre, 2017","format":false,"excerpt":"La justicia determin\u00f3 que dos personas, una mujer y un hombre, ambos mayores de edad fueran detenidos por \u201ctrata de menores\u201d confi\u00f3 una fuente judicial de Dolores a Castellidiario. \u201cSon dos vecinos de Castelli los detenidos quienes, por los elementos recabados, est\u00e1n imputados del delito de trata de una menor\u2026","rel":"","context":"En \u00abCASTELLI\u00bb","block_context":{"text":"CASTELLI","link":"https:\/\/larevistadigital.com.ar\/blog\/category\/castelli\/"},"img":{"alt_text":"","src":"","width":0,"height":0},"classes":[]}],"_links":{"self":[{"href":"https:\/\/larevistadigital.com.ar\/blog\/wp-json\/wp\/v2\/posts\/13532","targetHints":{"allow":["GET"]}}],"collection":[{"href":"https:\/\/larevistadigital.com.ar\/blog\/wp-json\/wp\/v2\/posts"}],"about":[{"href":"https:\/\/larevistadigital.com.ar\/blog\/wp-json\/wp\/v2\/types\/post"}],"author":[{"embeddable":true,"href":"https:\/\/larevistadigital.com.ar\/blog\/wp-json\/wp\/v2\/users\/3"}],"replies":[{"embeddable":true,"href":"https:\/\/larevistadigital.com.ar\/blog\/wp-json\/wp\/v2\/comments?post=13532"}],"version-history":[{"count":1,"href":"https:\/\/larevistadigital.com.ar\/blog\/wp-json\/wp\/v2\/posts\/13532\/revisions"}],"predecessor-version":[{"id":13534,"href":"https:\/\/larevistadigital.com.ar\/blog\/wp-json\/wp\/v2\/posts\/13532\/revisions\/13534"}],"wp:featuredmedia":[{"embeddable":true,"href":"https:\/\/larevistadigital.com.ar\/blog\/wp-json\/wp\/v2\/media\/13533"}],"wp:attachment":[{"href":"https:\/\/larevistadigital.com.ar\/blog\/wp-json\/wp\/v2\/media?parent=13532"}],"wp:term":[{"taxonomy":"category","embeddable":true,"href":"https:\/\/larevistadigital.com.ar\/blog\/wp-json\/wp\/v2\/categories?post=13532"},{"taxonomy":"post_tag","embeddable":true,"href":"https:\/\/larevistadigital.com.ar\/blog\/wp-json\/wp\/v2\/tags?post=13532"}],"curies":[{"name":"wp","href":"https:\/\/api.w.org\/{rel}","templated":true}]}}