{"id":13839,"date":"2019-12-27T10:42:02","date_gmt":"2019-12-27T10:42:02","guid":{"rendered":"https:\/\/larevistadigital.com.ar\/blog\/?p=13839"},"modified":"2019-12-27T10:42:02","modified_gmt":"2019-12-27T10:42:02","slug":"vuelco-del-micro-en-ruta-2-hay-dos-nenas-con-heridas-graves-y-riesgo-de-vida","status":"publish","type":"post","link":"https:\/\/larevistadigital.com.ar\/blog\/vuelco-del-micro-en-ruta-2-hay-dos-nenas-con-heridas-graves-y-riesgo-de-vida\/","title":{"rendered":"VUELCO DEL MICRO EN RUTA 2: HAY DOS NENAS CON HERIDAS GRAVES Y RIESGO DE VIDA"},"content":{"rendered":"<h2><em>El jefe de guardia del Materno Infantil dijo que los pacientes est\u00e1n \u201cgraves\u201d y confirm\u00f3 que tienen riesgo de vida y que las pr\u00f3ximas horas ser\u00e1n claves.<\/em><\/h2>\n<p>De los cinco menores que ingresaron al Hospital Materno Infantil dos se encuentran en\u00a0<strong>estado muy grave<\/strong>\u00a0y con\u00a0<strong>riesgo de vida<\/strong>.<\/p>\n<blockquote>\n<h3>El jefe de guardia del nosocomio\u00a0<strong>Miguel Jos\u00e9<\/strong>\u00a0confirm\u00f3 que dos nenas de 3 y 6 a\u00f1os, tienen\u00a0<strong>traumatismo de cr\u00e1neo grave<\/strong>\u00a0y se encuentran con\u00a0<strong>asistencia respiratoria mec\u00e1nica<\/strong>. Adem\u00e1s hay otros dos chicos, una nena de\u00a0<strong>8\u00a0<\/strong>y<strong>\u00a0<\/strong>un adolescente de\u00a0<strong>14 a\u00f1os<\/strong>, en el \u00e1rea de\u00a0<strong>internaci\u00f3n\u00a0general\u00a0<\/strong>y otra nena\u00a0<strong>de 2\u00a0<\/strong>en buen estado.<\/h3>\n<\/blockquote>\n<p><strong><em>\u201cTienen un\u00a0monitoreo de presi\u00f3n intracraneal, que es un tratamiento sumamente invasivo, pero nos permite mantenerlos lo m\u00e1s estable posible\u201d<\/em><\/strong>, dijo el m\u00e9dico, quien remarc\u00f3 que por las\u00a0<strong>pr\u00f3ximas 72 horas\u00a0<\/strong>el desaf\u00edo es mantenerlas estables porque tienen \u201c<strong>riesgo de vida\u201d<\/strong>.<\/p>\n<p><strong><em>\u201cSon pacientes que est\u00e1n muy graves\u201d<\/em><\/strong>, enfatiz\u00f3 y aclar\u00f3 que si superan ese lapso despu\u00e9s tendr\u00e1n una\u00a0<strong>evoluci\u00f3n\u00a0<\/strong>\u201ca\u00a0<strong>largo plazo<\/strong>\u201d, especialmente por las consecuencias neurol\u00f3gicas que les puedan quedar.<\/p>\n<blockquote>\n<h3>Por las heridas que presenta una de ellas, Jos\u00e9 dijo que coincide con la versi\u00f3n que dio Marcela a 0223, quien vio una ni\u00f1a salir volando por el vidrio trasero del colectivo que volc\u00f3 en el km. 374 de la Autov\u00eda 2.<\/h3>\n<\/blockquote>\n<p>Una de las nenas en grave estado es hermana de la ni\u00f1a de 2 a\u00f1os que tambi\u00e9n se encuentra en el Materno Infantil, aunque en perfecto estado por lo que es probable que reciba el alta este mismo viernes.<\/p>\n<p><strong>Jos\u00e9<\/strong> confirm\u00f3 que todos los chicos iban acompa\u00f1ados de un adulto y todos tienen familiares en Mar del Plata, por lo que en la medida que vayan evolucionando podr\u00e1n ser retirados del nosocomio.<\/p>\n<p>&nbsp;<\/p>\n","protected":false},"excerpt":{"rendered":"<div class=\"mh-excerpt\"><p>El jefe de guardia del Materno Infantil dijo que los pacientes est\u00e1n \u201cgraves\u201d y confirm\u00f3 que tienen riesgo de vida y que las pr\u00f3ximas horas ser\u00e1n claves. De los cinco menores que ingresaron al Hospital <a class=\"mh-excerpt-more\" href=\"https:\/\/larevistadigital.com.ar\/blog\/vuelco-del-micro-en-ruta-2-hay-dos-nenas-con-heridas-graves-y-riesgo-de-vida\/\" title=\"VUELCO DEL MICRO EN RUTA 2: HAY DOS NENAS CON HERIDAS GRAVES Y RIESGO DE VIDA\">[Leer M\u00e1s]<\/a><\/p>\n<\/div>","protected":false},"author":3,"featured_media":13840,"comment_status":"open","ping_status":"open","sticky":false,"template":"","format":"standard","meta":{"_jetpack_memberships_contains_paid_content":false,"footnotes":"","jetpack_publicize_message":"","jetpack_publicize_feature_enabled":true,"jetpack_social_post_already_shared":true,"jetpack_social_options":{"image_generator_settings":{"template":"highway","default_image_id":0,"font":"","enabled":false},"version":2}},"categories":[50,44],"tags":[],"class_list":{"0":"post-13839","1":"post","2":"type-post","3":"status-publish","4":"format-standard","5":"has-post-thumbnail","7":"category-interes-general","8":"category-policiales"},"jetpack_publicize_connections":[],"jetpack_featured_media_url":"https:\/\/i0.wp.com\/larevistadigital.com.ar\/blog\/wp-content\/uploads\/1577456434808.jpeg?fit=1275%2C718&ssl=1","jetpack_sharing_enabled":true,"jetpack_shortlink":"https:\/\/wp.me\/p8qtrQ-3Bd","jetpack-related-posts":[{"id":26804,"url":"https:\/\/larevistadigital.com.ar\/blog\/mar-del-plata-una-nena-de-12-anos-fue-violada-y-se-encuentra-en-estado-critico\/","url_meta":{"origin":13839,"position":0},"title":"MAR DEL PLATA: UNA NENA DE 12 A\u00d1OS FUE VIOLADA Y SE ENCUENTRA EN ESTADO CR\u00cdTICO","author":"Alejandro Sosa Ruda","date":"22 julio, 2022","format":false,"excerpt":"La nena se descompens\u00f3 el domingo y en el hospital los m\u00e9dicos constataron que hab\u00eda sido v\u00edctima de un abuso sexual. \u201cEst\u00e1 en estado cr\u00edtico, corre riesgo su vida. Hay que esperar y pedirle a Dios\u201c, dijo su t\u00eda. MAR DEL PLATA -\u00a0 Una chica de 12 a\u00f1os\u00a0se encuentra internada\u2026","rel":"","context":"En \u00abPOLICIALES\u00bb","block_context":{"text":"POLICIALES","link":"https:\/\/larevistadigital.com.ar\/blog\/category\/policiales\/"},"img":{"alt_text":"","src":"https:\/\/i0.wp.com\/larevistadigital.com.ar\/blog\/wp-content\/uploads\/79c4752447b66908d3f7f07cdc10191591dba352.jpg?fit=1140%2C670&ssl=1&resize=350%2C200","width":350,"height":200,"srcset":"https:\/\/i0.wp.com\/larevistadigital.com.ar\/blog\/wp-content\/uploads\/79c4752447b66908d3f7f07cdc10191591dba352.jpg?fit=1140%2C670&ssl=1&resize=350%2C200 1x, https:\/\/i0.wp.com\/larevistadigital.com.ar\/blog\/wp-content\/uploads\/79c4752447b66908d3f7f07cdc10191591dba352.jpg?fit=1140%2C670&ssl=1&resize=525%2C300 1.5x, https:\/\/i0.wp.com\/larevistadigital.com.ar\/blog\/wp-content\/uploads\/79c4752447b66908d3f7f07cdc10191591dba352.jpg?fit=1140%2C670&ssl=1&resize=700%2C400 2x, https:\/\/i0.wp.com\/larevistadigital.com.ar\/blog\/wp-content\/uploads\/79c4752447b66908d3f7f07cdc10191591dba352.jpg?fit=1140%2C670&ssl=1&resize=1050%2C600 3x"},"classes":[]},{"id":13881,"url":"https:\/\/larevistadigital.com.ar\/blog\/mar-del-plata-alacran-venenoso-pico-a-una-nena-en-la-perla\/","url_meta":{"origin":13839,"position":1},"title":"MAR DEL PLATA: ALACR\u00c1N VENENOSO PIC\u00d3 A UNA NENA EN \u00abLA PERLA\u00bb","author":"Alejandro Sosa Ruda","date":"29 diciembre, 2019","format":false,"excerpt":"Sucedi\u00f3 este s\u00e1bado en las escalinatas pr\u00f3ximas al complejo de San Sebasti\u00e1n. La menor es de La Pampa y est\u00e1 bajo observaci\u00f3n en el Materno Infantil, fuera de peligro. Aqu\u00ed toda la informaci\u00f3n de c\u00f3mo identificarlos, medidas preventivas y qu\u00e9 hacer ante una picadura Una\u00a0peque\u00f1a\u00a0de\u00a010 a\u00f1os\u00a0est\u00e1 internada en el\u00a0Hospital Materno\u2026","rel":"","context":"En \u00abREGIONALES\u00bb","block_context":{"text":"REGIONALES","link":"https:\/\/larevistadigital.com.ar\/blog\/category\/regionales\/"},"img":{"alt_text":"","src":"https:\/\/i0.wp.com\/larevistadigital.com.ar\/blog\/wp-content\/uploads\/P4560900Tityus-trivittatus.jpg?fit=1200%2C934&ssl=1&resize=350%2C200","width":350,"height":200,"srcset":"https:\/\/i0.wp.com\/larevistadigital.com.ar\/blog\/wp-content\/uploads\/P4560900Tityus-trivittatus.jpg?fit=1200%2C934&ssl=1&resize=350%2C200 1x, https:\/\/i0.wp.com\/larevistadigital.com.ar\/blog\/wp-content\/uploads\/P4560900Tityus-trivittatus.jpg?fit=1200%2C934&ssl=1&resize=525%2C300 1.5x, https:\/\/i0.wp.com\/larevistadigital.com.ar\/blog\/wp-content\/uploads\/P4560900Tityus-trivittatus.jpg?fit=1200%2C934&ssl=1&resize=700%2C400 2x, https:\/\/i0.wp.com\/larevistadigital.com.ar\/blog\/wp-content\/uploads\/P4560900Tityus-trivittatus.jpg?fit=1200%2C934&ssl=1&resize=1050%2C600 3x"},"classes":[]},{"id":29339,"url":"https:\/\/larevistadigital.com.ar\/blog\/mar-del-plata-dos-hermanitos-de-4-y-6-anos-sufrieron-graves-quemaduras-en-un-incendio\/","url_meta":{"origin":13839,"position":2},"title":"MAR DEL PLATA: DOS HERMANITOS DE 4 Y 6 A\u00d1OS SUFRIERON GRAVES QUEMADURAS EN UN INCENDIO.","author":"Alejandro Sosa Ruda","date":"9 diciembre, 2022","format":false,"excerpt":"Ambos est\u00e1n internados en el Hospital Materno Infantil y uno de ellos se encuentra en la sala de terapia intensiva. El incendio ocurri\u00f3 en una vivienda de El Coyunco. 8 de diciembre de 2022 MAR DEL PLATA -\u00a0 Dos hermanos, de 4 y 6 a\u00f1os, sufrieron graves quemaduras al incendiarse\u2026","rel":"","context":"En \u00abPOLICIALES\u00bb","block_context":{"text":"POLICIALES","link":"https:\/\/larevistadigital.com.ar\/blog\/category\/policiales\/"},"img":{"alt_text":"","src":"https:\/\/i0.wp.com\/larevistadigital.com.ar\/blog\/wp-content\/uploads\/NENES.jpg?fit=797%2C466&ssl=1&resize=350%2C200","width":350,"height":200,"srcset":"https:\/\/i0.wp.com\/larevistadigital.com.ar\/blog\/wp-content\/uploads\/NENES.jpg?fit=797%2C466&ssl=1&resize=350%2C200 1x, https:\/\/i0.wp.com\/larevistadigital.com.ar\/blog\/wp-content\/uploads\/NENES.jpg?fit=797%2C466&ssl=1&resize=525%2C300 1.5x, https:\/\/i0.wp.com\/larevistadigital.com.ar\/blog\/wp-content\/uploads\/NENES.jpg?fit=797%2C466&ssl=1&resize=700%2C400 2x"},"classes":[]},{"id":13345,"url":"https:\/\/larevistadigital.com.ar\/blog\/volco-micro-con-chicos-a-la-altura-de-lezama-hay-dos-nenas-muertas\/","url_meta":{"origin":13839,"position":3},"title":"VOLC\u00d3 MICRO CON CHICOS A LA ALTURA DE LEZAMA: HAY DOS NENAS MUERTAS","author":"Alejandro Sosa Ruda","date":"28 noviembre, 2019","format":false,"excerpt":"Partieron de una escuela en Benavidez, con rumbo a Mundo Marino, en San Clemente del Tuy\u00fa. Hay dos nenas fallecidas y cuatro chicos graves. Un micro de larga distancia volc\u00f3 esta madrugada en la\u00a0Ruta 2, en el kil\u00f3metro 141, a la altura de Lezama, sentido a Mar del Plata, y\u00a0resultaron\u2026","rel":"","context":"En \u00abDESTACADAS\u00bb","block_context":{"text":"DESTACADAS","link":"https:\/\/larevistadigital.com.ar\/blog\/category\/destacadas\/"},"img":{"alt_text":"","src":"https:\/\/i0.wp.com\/larevistadigital.com.ar\/blog\/wp-content\/uploads\/Screenshot_3-27.jpg?fit=954%2C535&ssl=1&resize=350%2C200","width":350,"height":200,"srcset":"https:\/\/i0.wp.com\/larevistadigital.com.ar\/blog\/wp-content\/uploads\/Screenshot_3-27.jpg?fit=954%2C535&ssl=1&resize=350%2C200 1x, https:\/\/i0.wp.com\/larevistadigital.com.ar\/blog\/wp-content\/uploads\/Screenshot_3-27.jpg?fit=954%2C535&ssl=1&resize=525%2C300 1.5x, https:\/\/i0.wp.com\/larevistadigital.com.ar\/blog\/wp-content\/uploads\/Screenshot_3-27.jpg?fit=954%2C535&ssl=1&resize=700%2C400 2x"},"classes":[]},{"id":14527,"url":"https:\/\/larevistadigital.com.ar\/blog\/mar-del-plata-apunalan-a-un-cuidacoches-en-la-puerta-del-hospital-materno\/","url_meta":{"origin":13839,"position":4},"title":"MAR DEL PLATA: APU\u00d1ALAN A UN CUIDACOCHES EN LA PUERTA DEL HOSPITAL MATERNO","author":"Alejandro Sosa Ruda","date":"2 febrero, 2020","format":false,"excerpt":"Fue durante una pelea con otros hombres. La v\u00edctima recibi\u00f3 dos puntazos y fue trasladada al Hospital Interzonal General de Agudos: se encuentra en grave estado. Un cuidacoches de 20 a\u00f1os fue apu\u00f1alado este domingo a la tarde en las inmediaciones del Hospital Materno Infantil durante una violenta confrontaci\u00f3n con\u2026","rel":"","context":"En \u00abPOLICIALES\u00bb","block_context":{"text":"POLICIALES","link":"https:\/\/larevistadigital.com.ar\/blog\/category\/policiales\/"},"img":{"alt_text":"","src":"https:\/\/i0.wp.com\/larevistadigital.com.ar\/blog\/wp-content\/uploads\/Screenshot_3-39.jpg?fit=600%2C684&ssl=1&resize=350%2C200","width":350,"height":200,"srcset":"https:\/\/i0.wp.com\/larevistadigital.com.ar\/blog\/wp-content\/uploads\/Screenshot_3-39.jpg?fit=600%2C684&ssl=1&resize=350%2C200 1x, https:\/\/i0.wp.com\/larevistadigital.com.ar\/blog\/wp-content\/uploads\/Screenshot_3-39.jpg?fit=600%2C684&ssl=1&resize=525%2C300 1.5x"},"classes":[]},{"id":34086,"url":"https:\/\/larevistadigital.com.ar\/blog\/mar-del-plata-murio-un-bebe-de-6-meses-porque-se-le-cayo-una-reja-encima\/","url_meta":{"origin":13839,"position":5},"title":"MAR DEL PLATA: MURI\u00d3 UN BEB\u00c9 DE 6 MESES PORQUE SE LE CAY\u00d3 UNA REJA ENCIMA","author":"Alejandro Sosa Ruda","date":"19 octubre, 2023","format":false,"excerpt":"Pese a ser llevado urgente al Hospital Materno Infantil, no sobrevivi\u00f3. Aparentemente hubo una falla en la colocaci\u00f3n del port\u00f3n de rejas que se vino abajo. 19 de Octubre de 2023 MAR DEL PLATA -\u00a0 Indignante tragedia enluta una residencia de la calle Coronel Su\u00e1rez al 800 durante la ma\u00f1ana\u2026","rel":"","context":"En \u00abINTERES GENERAL\u00bb","block_context":{"text":"INTERES GENERAL","link":"https:\/\/larevistadigital.com.ar\/blog\/category\/interes-general\/"},"img":{"alt_text":"","src":"https:\/\/i0.wp.com\/larevistadigital.com.ar\/blog\/wp-content\/uploads\/Captura-de-pantalla-2023-10-19-093300.png?fit=1131%2C538&ssl=1&resize=350%2C200","width":350,"height":200,"srcset":"https:\/\/i0.wp.com\/larevistadigital.com.ar\/blog\/wp-content\/uploads\/Captura-de-pantalla-2023-10-19-093300.png?fit=1131%2C538&ssl=1&resize=350%2C200 1x, https:\/\/i0.wp.com\/larevistadigital.com.ar\/blog\/wp-content\/uploads\/Captura-de-pantalla-2023-10-19-093300.png?fit=1131%2C538&ssl=1&resize=525%2C300 1.5x, https:\/\/i0.wp.com\/larevistadigital.com.ar\/blog\/wp-content\/uploads\/Captura-de-pantalla-2023-10-19-093300.png?fit=1131%2C538&ssl=1&resize=700%2C400 2x, https:\/\/i0.wp.com\/larevistadigital.com.ar\/blog\/wp-content\/uploads\/Captura-de-pantalla-2023-10-19-093300.png?fit=1131%2C538&ssl=1&resize=1050%2C600 3x"},"classes":[]}],"_links":{"self":[{"href":"https:\/\/larevistadigital.com.ar\/blog\/wp-json\/wp\/v2\/posts\/13839","targetHints":{"allow":["GET"]}}],"collection":[{"href":"https:\/\/larevistadigital.com.ar\/blog\/wp-json\/wp\/v2\/posts"}],"about":[{"href":"https:\/\/larevistadigital.com.ar\/blog\/wp-json\/wp\/v2\/types\/post"}],"author":[{"embeddable":true,"href":"https:\/\/larevistadigital.com.ar\/blog\/wp-json\/wp\/v2\/users\/3"}],"replies":[{"embeddable":true,"href":"https:\/\/larevistadigital.com.ar\/blog\/wp-json\/wp\/v2\/comments?post=13839"}],"version-history":[{"count":2,"href":"https:\/\/larevistadigital.com.ar\/blog\/wp-json\/wp\/v2\/posts\/13839\/revisions"}],"predecessor-version":[{"id":13842,"href":"https:\/\/larevistadigital.com.ar\/blog\/wp-json\/wp\/v2\/posts\/13839\/revisions\/13842"}],"wp:featuredmedia":[{"embeddable":true,"href":"https:\/\/larevistadigital.com.ar\/blog\/wp-json\/wp\/v2\/media\/13840"}],"wp:attachment":[{"href":"https:\/\/larevistadigital.com.ar\/blog\/wp-json\/wp\/v2\/media?parent=13839"}],"wp:term":[{"taxonomy":"category","embeddable":true,"href":"https:\/\/larevistadigital.com.ar\/blog\/wp-json\/wp\/v2\/categories?post=13839"},{"taxonomy":"post_tag","embeddable":true,"href":"https:\/\/larevistadigital.com.ar\/blog\/wp-json\/wp\/v2\/tags?post=13839"}],"curies":[{"name":"wp","href":"https:\/\/api.w.org\/{rel}","templated":true}]}}