{"id":1397,"date":"2017-03-19T16:15:51","date_gmt":"2017-03-19T16:15:51","guid":{"rendered":"https:\/\/larevistadigital.com.ar\/blog\/?p=1397"},"modified":"2017-03-19T16:15:51","modified_gmt":"2017-03-19T16:15:51","slug":"por-20-mil-dolares-esta-casa-prefabricada-lo-tiene-todo","status":"publish","type":"post","link":"https:\/\/larevistadigital.com.ar\/blog\/por-20-mil-dolares-esta-casa-prefabricada-lo-tiene-todo\/","title":{"rendered":"Por 20 mil dolares&#8230; \u00a1Esta casa prefabricada lo tiene todo!"},"content":{"rendered":"<p>La casa que hoy te mostramos tiene dos pisos y su principal\u00a0peculiaridad\u00a0es\u00a0que, a pesar de su imagen tradicional, ha sido construida con un sistema prefabricado.\u00a0Una de las ventajas de este tipo de proyectos es su rapidez de ejecuci\u00f3n.<\/p>\n<p>Esta vivienda se sit\u00faa en la ciudad en Turqu\u00eda, el modelo elegido (denominado\u00a0Mugla) pertenece al despacho turco\u00a0Tuna Prefabrik.\u00a0Esta propuesta que permite, adem\u00e1s, abaratar los costos de la\u00a0construcci\u00f3n, en definitiva, es una casa moderna, que responde a las necesidades de sus propietarios, pero con un presupuesto muy ajustado.<\/p>\n<p><b>Dise\u00f1o tradicional<\/b><\/p>\n<p><span class=\"storyimage fullwidth inlineimage\" data-aop=\"image\"><span class=\"image\" data-attrib=\"homify \/ TUNA PREFABR\u0130K\" data-caption=\"Casas de estilo moderno por TUNA PREFABR\u0130K\" data-id=\"56\" data-m=\"{&quot;i&quot;:56,&quot;p&quot;:51,&quot;n&quot;:&quot;openModal&quot;,&quot;t&quot;:&quot;articleImages&quot;,&quot;o&quot;:5}\"><img decoding=\"async\" class=\"loaded\" src=\"http:\/\/img-s-msn-com.akamaized.net\/tenant\/amp\/entityid\/AAo3kZe.img?h=546&amp;w=728&amp;m=6&amp;q=60&amp;o=f&amp;l=f\" alt=\"homify \/ TUNA PREFABR\u0130K: Casas de estilo moderno por TUNA PREFABR\u0130K\" data-src=\"{&quot;default&quot;:{&quot;load&quot;:&quot;default&quot;,&quot;w&quot;:&quot;73&quot;,&quot;h&quot;:&quot;55&quot;,&quot;src&quot;:&quot;\/\/img-s-msn-com.akamaized.net\/tenant\/amp\/entityid\/AAo3kZe.img?h=546&amp;w=728&amp;m=6&amp;q=60&amp;o=f&amp;l=f&quot;},&quot;size3column&quot;:{&quot;load&quot;:&quot;default&quot;,&quot;w&quot;:&quot;62&quot;,&quot;h&quot;:&quot;47&quot;,&quot;src&quot;:&quot;\/\/img-s-msn-com.akamaized.net\/tenant\/amp\/entityid\/AAo3kZe.img?h=468&amp;w=624&amp;m=6&amp;q=60&amp;o=f&amp;l=f&quot;},&quot;size2column&quot;:{&quot;load&quot;:&quot;default&quot;,&quot;w&quot;:&quot;62&quot;,&quot;h&quot;:&quot;47&quot;,&quot;src&quot;:&quot;\/\/img-s-msn-com.akamaized.net\/tenant\/amp\/entityid\/AAo3kZe.img?h=468&amp;w=624&amp;m=6&amp;q=60&amp;o=f&amp;l=f&quot;}}\" \/><\/span><span class=\"caption truncate\"><span class=\"attribution\">\u00a9 homify \/ TUNA PREFABR\u0130K<\/span> Casas de estilo moderno por TUNA PREFABR\u0130K<\/span><\/span><\/p>\n<p>La casa cuenta con un gran patio que hace de transici\u00f3n entre la calle y la propia vivienda. Lo primero que vemos es un amplio porche en la zona lateral. Este porche, ligeramente elevado respecto al patio, se encuentra protegido por una barandilla que establece adem\u00e1s una separaci\u00f3n con el\u00a0<a href=\"https:\/\/www.homify.com.ar\/espacios\/jardines\" target=\"_blank\">jar<\/a>d<a href=\"https:\/\/www.homify.com.ar\/espacios\/jardines\" target=\"_blank\">\u00edn<\/a>.<\/p>\n<p>El elemento protagonista es la volumetr\u00eda en su cubierta inclinada, con tejas rojas, que le da un aspecto campestre en conexi\u00f3n con la arquitectura tradicional.<\/p>\n<p><b>Planos<\/b><\/p>\n<p><span class=\"storyimage smallfullwidth inlineimage\" data-aop=\"image\"><span class=\"image\" data-attrib=\"homify \/ TUNA PREFABR\u0130K\" data-caption=\"Casas de estilo moderno por TUNA PREFABR\u0130K\" data-id=\"57\" data-m=\"{&quot;i&quot;:57,&quot;p&quot;:51,&quot;n&quot;:&quot;openModal&quot;,&quot;t&quot;:&quot;articleImages&quot;,&quot;o&quot;:6}\"><img decoding=\"async\" class=\"loaded\" src=\"http:\/\/img-s-msn-com.akamaized.net\/tenant\/amp\/entityid\/AAo3u1f.img?h=400&amp;w=398&amp;m=6&amp;q=60&amp;o=f&amp;l=f\" alt=\"homify \/ TUNA PREFABR\u0130K: Casas de estilo moderno por TUNA PREFABR\u0130K\" data-src=\"{&quot;default&quot;:{&quot;load&quot;:&quot;default&quot;,&quot;w&quot;:&quot;40&quot;,&quot;h&quot;:&quot;40&quot;,&quot;src&quot;:&quot;\/\/img-s-msn-com.akamaized.net\/tenant\/amp\/entityid\/AAo3u1f.img?h=400&amp;w=398&amp;m=6&amp;q=60&amp;o=f&amp;l=f&quot;}}\" \/><\/span><\/span><\/p>\n<p><span class=\"storyimage smallfullwidth inlineimage\" data-aop=\"image\"><span class=\"caption truncate\"><span class=\"attribution\">\u00a9 homify \/ TUNA PREFABR\u0130K<\/span> Casas de estilo moderno por TUNA PREFABR\u0130K<\/span><\/span><\/p>\n<p>Vemos ahora los planos. La planta baja y la planta alta tienen todo lo necesario: \u00e1rea com\u00fan que integra cocina, comedor y un peque\u00f1o ba\u00f1o. En la parte alta se ubican los dormitorios con una configuraci\u00f3n sencilla que optimiza el espacio. Esta configuraci\u00f3n da lugar a unas estancias funcionales y modernas, que pueden ser personalizadas seg\u00fan el gusto de sus propietarios.<\/p>\n<p><b>Contrafachada<\/b><\/p>\n<p><span class=\"storyimage fullwidth inlineimage\" data-aop=\"image\"><span class=\"image\" data-attrib=\"homify \/ TUNA PREFABR\u0130K\" data-caption=\"Casas de estilo moderno por TUNA PREFABR\u0130K\" data-id=\"58\" data-m=\"{&quot;i&quot;:58,&quot;p&quot;:51,&quot;n&quot;:&quot;openModal&quot;,&quot;t&quot;:&quot;articleImages&quot;,&quot;o&quot;:7}\"><img decoding=\"async\" class=\"loaded\" src=\"http:\/\/img-s-msn-com.akamaized.net\/tenant\/amp\/entityid\/AAo3yUK.img?h=546&amp;w=728&amp;m=6&amp;q=60&amp;o=f&amp;l=f\" alt=\"homify \/ TUNA PREFABR\u0130K: Casas de estilo moderno por TUNA PREFABR\u0130K\" data-src=\"{&quot;default&quot;:{&quot;load&quot;:&quot;default&quot;,&quot;w&quot;:&quot;73&quot;,&quot;h&quot;:&quot;55&quot;,&quot;src&quot;:&quot;\/\/img-s-msn-com.akamaized.net\/tenant\/amp\/entityid\/AAo3yUK.img?h=546&amp;w=728&amp;m=6&amp;q=60&amp;o=f&amp;l=f&quot;},&quot;size3column&quot;:{&quot;load&quot;:&quot;default&quot;,&quot;w&quot;:&quot;62&quot;,&quot;h&quot;:&quot;47&quot;,&quot;src&quot;:&quot;\/\/img-s-msn-com.akamaized.net\/tenant\/amp\/entityid\/AAo3yUK.img?h=468&amp;w=624&amp;m=6&amp;q=60&amp;o=f&amp;l=f&quot;},&quot;size2column&quot;:{&quot;load&quot;:&quot;default&quot;,&quot;w&quot;:&quot;62&quot;,&quot;h&quot;:&quot;47&quot;,&quot;src&quot;:&quot;\/\/img-s-msn-com.akamaized.net\/tenant\/amp\/entityid\/AAo3yUK.img?h=468&amp;w=624&amp;m=6&amp;q=60&amp;o=f&amp;l=f&quot;}}\" \/><\/span><span class=\"caption truncate\"><span class=\"attribution\">\u00a9 homify \/ TUNA PREFABR\u0130K<\/span> Casas de estilo moderno por TUNA PREFABR\u0130K<\/span><\/span><\/p>\n<p>Esta fachada ha sido construida con materiales de gran calidad cuidando cada detalle constructivo, lo que permite a la hora de montar la vivienda reducir los tiempos de construcci\u00f3n y abaratar con ello los costos. \u00a0De este modo se puede construir una casa de dos pisos, con metraje generoso, con un presupuesto accesible.\u00a0\u00a0La relaci\u00f3n entre calidad y precio, en este tipo de construcci\u00f3n, es algo digo de menci\u00f3n ya que resulta muy ventajosa.<\/p>\n<p><b>Un proyecto con grandes aciertos<\/b><\/p>\n<p>Este proyecto, sin duda, es una construcci\u00f3n exitosa con una inversi\u00f3n relativamente baja.La distribuci\u00f3n de los espacios y las estancias con que cuenta en cada una de sus dos plantas cumple con las necesidades de los propietarios. El gran acierto es la configuraci\u00f3n de los espacios, el pintoresco jard\u00edn y un agradable porche equipado con c\u00f3modos muebles para disfrutar de desayunos, comidas y cenas al aire libre. \u00a1Perfecto!<\/p>\n","protected":false},"excerpt":{"rendered":"<div class=\"mh-excerpt\"><p>La casa que hoy te mostramos tiene dos pisos y su principal\u00a0peculiaridad\u00a0es\u00a0que, a pesar de su imagen tradicional, ha sido construida con un sistema prefabricado.\u00a0Una de las ventajas de este tipo de proyectos es su <a class=\"mh-excerpt-more\" href=\"https:\/\/larevistadigital.com.ar\/blog\/por-20-mil-dolares-esta-casa-prefabricada-lo-tiene-todo\/\" title=\"Por 20 mil dolares&#8230; \u00a1Esta casa prefabricada lo tiene todo!\">[Leer M\u00e1s]<\/a><\/p>\n<\/div>","protected":false},"author":2,"featured_media":1398,"comment_status":"open","ping_status":"open","sticky":false,"template":"","format":"standard","meta":{"_jetpack_memberships_contains_paid_content":false,"footnotes":"","jetpack_publicize_message":"","jetpack_publicize_feature_enabled":true,"jetpack_social_post_already_shared":true,"jetpack_social_options":{"image_generator_settings":{"template":"highway","default_image_id":0,"font":"","enabled":false},"version":2}},"categories":[33,31],"tags":[],"class_list":{"0":"post-1397","1":"post","2":"type-post","3":"status-publish","4":"format-standard","5":"has-post-thumbnail","7":"category-construccion-y-hogar","8":"category-suplementos"},"jetpack_publicize_connections":[],"jetpack_featured_media_url":"https:\/\/i0.wp.com\/larevistadigital.com.ar\/blog\/wp-content\/uploads\/2017\/03\/AAo3kZe.jpg?fit=728%2C546&ssl=1","jetpack_sharing_enabled":true,"jetpack_shortlink":"https:\/\/wp.me\/p8qtrQ-mx","jetpack-related-posts":[{"id":761,"url":"https:\/\/larevistadigital.com.ar\/blog\/novedoso-sistema-portugues-construir-casas-tres-dias\/","url_meta":{"origin":1397,"position":0},"title":"Un novedoso sistema portugu\u00e9s para construir casas en tres d\u00edas","author":"editor","date":"8 marzo, 2017","format":false,"excerpt":"Cada vez es una tendencia mayor la construcci\u00f3n de viviendas con estructuras modulares, que les dan la posibilidad a los propietarios de tener su hogar en pocas semanas o incluso d\u00edas, con materiales reciclados y reutilizados. En Portugal, particularmente, cuentan con un sistema novedoso de arquitectura modular, bautizado Gomos, un\u2026","rel":"","context":"En \u00abMEDIO AMBIENTE\u00bb","block_context":{"text":"MEDIO AMBIENTE","link":"https:\/\/larevistadigital.com.ar\/blog\/category\/suplementos\/medio-ambiente\/"},"img":{"alt_text":"","src":"https:\/\/i0.wp.com\/larevistadigital.com.ar\/blog\/wp-content\/uploads\/2017\/03\/sistema-portugu%C3%A9s-para-construir-casas4.jpg?fit=1000%2C598&ssl=1&resize=350%2C200","width":350,"height":200,"srcset":"https:\/\/i0.wp.com\/larevistadigital.com.ar\/blog\/wp-content\/uploads\/2017\/03\/sistema-portugu%C3%A9s-para-construir-casas4.jpg?fit=1000%2C598&ssl=1&resize=350%2C200 1x, https:\/\/i0.wp.com\/larevistadigital.com.ar\/blog\/wp-content\/uploads\/2017\/03\/sistema-portugu%C3%A9s-para-construir-casas4.jpg?fit=1000%2C598&ssl=1&resize=525%2C300 1.5x, https:\/\/i0.wp.com\/larevistadigital.com.ar\/blog\/wp-content\/uploads\/2017\/03\/sistema-portugu%C3%A9s-para-construir-casas4.jpg?fit=1000%2C598&ssl=1&resize=700%2C400 2x"},"classes":[]},{"id":12331,"url":"https:\/\/larevistadigital.com.ar\/blog\/hombre-armado-se-atrinchero-con-su-hijastra-en-su-casa\/","url_meta":{"origin":1397,"position":1},"title":"HOMBRE ARMADO SE ATRINCHER\u00d3 CON SU HIJASTRA EN SU CASA","author":"Alejandro Sosa Ruda","date":"26 septiembre, 2019","format":false,"excerpt":"El hombre llamado Claudio Echeverr\u00eda de 30 a\u00f1os de edad, est\u00e1 acusado de abuso y tiene de rehen a su hijastra de 10 a\u00f1os de edad, por lo que se viven momentos de gran tensi\u00f3n en Los Hornos. El hecho tiene lugar en una vivienda ubicada entre las calles 63\u2026","rel":"","context":"En \u00abDESTACADAS\u00bb","block_context":{"text":"DESTACADAS","link":"https:\/\/larevistadigital.com.ar\/blog\/category\/destacadas\/"},"img":{"alt_text":"","src":"https:\/\/i0.wp.com\/larevistadigital.com.ar\/blog\/wp-content\/uploads\/Screenshot_1-42.jpg?fit=1200%2C597&ssl=1&resize=350%2C200","width":350,"height":200,"srcset":"https:\/\/i0.wp.com\/larevistadigital.com.ar\/blog\/wp-content\/uploads\/Screenshot_1-42.jpg?fit=1200%2C597&ssl=1&resize=350%2C200 1x, https:\/\/i0.wp.com\/larevistadigital.com.ar\/blog\/wp-content\/uploads\/Screenshot_1-42.jpg?fit=1200%2C597&ssl=1&resize=525%2C300 1.5x, https:\/\/i0.wp.com\/larevistadigital.com.ar\/blog\/wp-content\/uploads\/Screenshot_1-42.jpg?fit=1200%2C597&ssl=1&resize=700%2C400 2x, https:\/\/i0.wp.com\/larevistadigital.com.ar\/blog\/wp-content\/uploads\/Screenshot_1-42.jpg?fit=1200%2C597&ssl=1&resize=1050%2C600 3x"},"classes":[]},{"id":246,"url":"https:\/\/larevistadigital.com.ar\/blog\/tendencias-la-construccion-construccion-seco\/","url_meta":{"origin":1397,"position":2},"title":"TENDENCIAS EN LA CONSTRUCCI\u00d3N &#8211; Construcci\u00f3n en seco","author":"editor","date":"13 febrero, 2017","format":false,"excerpt":"Casas modernas: Una interesante mezcla de dise\u00f1o, t\u00e9cnica, ingenier\u00eda y nuevos materiales. Las nuevas tecnolog\u00edas, no solo hacen mucho m\u00e1s f\u00e1cil el dise\u00f1o, sino que tambi\u00e9n la construcci\u00f3n y venta de las casas m\u00e1s modernas. Ac\u00e1 im\u00e1genes \u00a0de una casa moderna de estilo Contempor\u00e1neo hecha por medio de\u00a0construcci\u00f3n en seco,\u2026","rel":"","context":"En \u00abCONSTRUCCION Y HOGAR\u00bb","block_context":{"text":"CONSTRUCCION Y HOGAR","link":"https:\/\/larevistadigital.com.ar\/blog\/category\/suplementos\/construccion-y-hogar\/"},"img":{"alt_text":"","src":"https:\/\/i0.wp.com\/larevistadigital.com.ar\/blog\/wp-content\/uploads\/2017\/02\/CS2.png?fit=853%2C582&ssl=1&resize=350%2C200","width":350,"height":200,"srcset":"https:\/\/i0.wp.com\/larevistadigital.com.ar\/blog\/wp-content\/uploads\/2017\/02\/CS2.png?fit=853%2C582&ssl=1&resize=350%2C200 1x, https:\/\/i0.wp.com\/larevistadigital.com.ar\/blog\/wp-content\/uploads\/2017\/02\/CS2.png?fit=853%2C582&ssl=1&resize=525%2C300 1.5x, https:\/\/i0.wp.com\/larevistadigital.com.ar\/blog\/wp-content\/uploads\/2017\/02\/CS2.png?fit=853%2C582&ssl=1&resize=700%2C400 2x"},"classes":[]},{"id":6566,"url":"https:\/\/larevistadigital.com.ar\/blog\/problemas-con-los-creditos-uva-una-casa-no-esta-compuesta-solo-en-dolares\/","url_meta":{"origin":1397,"position":3},"title":"PROBLEMAS CON LOS CR\u00c9DITOS UVA: \u00abUNA CASA NO EST\u00c1 COMPUESTA SOLO EN DOLARES\u00bb","author":"Alejandro Sosa Ruda","date":"21 septiembre, 2018","format":false,"excerpt":"Entrevistado en Radio UNO Dino Stella se refiri\u00f3 al impacto de la subida del d\u00f3lar en el mercado inmobiliario local y las caracter\u00edsticas particulares del mercado chascomunense. La corrida cambiara que ha vivido en las \u00faltimas semanas el pa\u00eds gener\u00f3 un fuerte impacto en el mercado inmobiliario, particularmente en nuestra\u2026","rel":"","context":"En \u00abCHASCOM\u00daS\u00bb","block_context":{"text":"CHASCOM\u00daS","link":"https:\/\/larevistadigital.com.ar\/blog\/category\/chascomus\/"},"img":{"alt_text":"","src":"https:\/\/i0.wp.com\/larevistadigital.com.ar\/blog\/wp-content\/uploads\/2018\/09\/fff0d1ff9f670f6010ebb15c7d54ba09.jpg?fit=1200%2C766&ssl=1&resize=350%2C200","width":350,"height":200,"srcset":"https:\/\/i0.wp.com\/larevistadigital.com.ar\/blog\/wp-content\/uploads\/2018\/09\/fff0d1ff9f670f6010ebb15c7d54ba09.jpg?fit=1200%2C766&ssl=1&resize=350%2C200 1x, https:\/\/i0.wp.com\/larevistadigital.com.ar\/blog\/wp-content\/uploads\/2018\/09\/fff0d1ff9f670f6010ebb15c7d54ba09.jpg?fit=1200%2C766&ssl=1&resize=525%2C300 1.5x, https:\/\/i0.wp.com\/larevistadigital.com.ar\/blog\/wp-content\/uploads\/2018\/09\/fff0d1ff9f670f6010ebb15c7d54ba09.jpg?fit=1200%2C766&ssl=1&resize=700%2C400 2x, https:\/\/i0.wp.com\/larevistadigital.com.ar\/blog\/wp-content\/uploads\/2018\/09\/fff0d1ff9f670f6010ebb15c7d54ba09.jpg?fit=1200%2C766&ssl=1&resize=1050%2C600 3x"},"classes":[]},{"id":6026,"url":"https:\/\/larevistadigital.com.ar\/blog\/a-buen-ritmo-continuan-las-obras-de-construccion-de-intertrabado\/","url_meta":{"origin":1397,"position":4},"title":"A buen ritmo contin\u00faan las obras de construcci\u00f3n de intertrabado","author":"admin","date":"16 julio, 2018","format":false,"excerpt":"Trabajadores del Programa \u201cArgentina Trabaja\u201d finaliz\u00f3 con el intertrabado de calle 9 de la ciudad de Pila. En esta oportunidad, se realiz\u00f3 previo trabajo de infraestructura con la construcci\u00f3n de badenes en la continuidad de calle 8 y calle 9 por parte de la Empresa Fracchia y luego se pudo\u2026","rel":"","context":"En \u00abPILA\u00bb","block_context":{"text":"PILA","link":"https:\/\/larevistadigital.com.ar\/blog\/category\/pila\/"},"img":{"alt_text":"","src":"https:\/\/i0.wp.com\/larevistadigital.com.ar\/blog\/wp-content\/uploads\/2018\/07\/intertrabado.jpg?fit=960%2C540&ssl=1&resize=350%2C200","width":350,"height":200,"srcset":"https:\/\/i0.wp.com\/larevistadigital.com.ar\/blog\/wp-content\/uploads\/2018\/07\/intertrabado.jpg?fit=960%2C540&ssl=1&resize=350%2C200 1x, https:\/\/i0.wp.com\/larevistadigital.com.ar\/blog\/wp-content\/uploads\/2018\/07\/intertrabado.jpg?fit=960%2C540&ssl=1&resize=525%2C300 1.5x, https:\/\/i0.wp.com\/larevistadigital.com.ar\/blog\/wp-content\/uploads\/2018\/07\/intertrabado.jpg?fit=960%2C540&ssl=1&resize=700%2C400 2x"},"classes":[]},{"id":43684,"url":"https:\/\/larevistadigital.com.ar\/blog\/general-las-heras-otras-61-familias-bonaerenses-tendran-casa-propia-gracias-a-la-provincia\/","url_meta":{"origin":1397,"position":5},"title":"GENERAL LAS HERAS Otras 61 familias bonaerenses tendr\u00e1n casa propia gracias a la Provincia","author":"Alejandro Sosa Ruda","date":"31 enero, 2026","format":false,"excerpt":"La obra es parte de las 8.000 viviendas en marcha que tiene el Ministerio de H\u00e1bitat y Desarrollo Urbano. 31 De enero de 2026 Para que cada vez m\u00e1s bonaerenses puedan acceder a tener su propia casa, el Gobierno de la Provincia de Buenos Aires contin\u00faa con la construcci\u00f3n de\u2026","rel":"","context":"En \u00abPOLITICA PROVINCIAL\u00bb","block_context":{"text":"POLITICA PROVINCIAL","link":"https:\/\/larevistadigital.com.ar\/blog\/category\/politica\/politica-provincial\/"},"img":{"alt_text":"","src":"https:\/\/i0.wp.com\/larevistadigital.com.ar\/blog\/wp-content\/uploads\/IMG-20260128-WA0043.jpg?fit=667%2C500&ssl=1&resize=350%2C200","width":350,"height":200,"srcset":"https:\/\/i0.wp.com\/larevistadigital.com.ar\/blog\/wp-content\/uploads\/IMG-20260128-WA0043.jpg?fit=667%2C500&ssl=1&resize=350%2C200 1x, https:\/\/i0.wp.com\/larevistadigital.com.ar\/blog\/wp-content\/uploads\/IMG-20260128-WA0043.jpg?fit=667%2C500&ssl=1&resize=525%2C300 1.5x"},"classes":[]}],"_links":{"self":[{"href":"https:\/\/larevistadigital.com.ar\/blog\/wp-json\/wp\/v2\/posts\/1397","targetHints":{"allow":["GET"]}}],"collection":[{"href":"https:\/\/larevistadigital.com.ar\/blog\/wp-json\/wp\/v2\/posts"}],"about":[{"href":"https:\/\/larevistadigital.com.ar\/blog\/wp-json\/wp\/v2\/types\/post"}],"author":[{"embeddable":true,"href":"https:\/\/larevistadigital.com.ar\/blog\/wp-json\/wp\/v2\/users\/2"}],"replies":[{"embeddable":true,"href":"https:\/\/larevistadigital.com.ar\/blog\/wp-json\/wp\/v2\/comments?post=1397"}],"version-history":[{"count":1,"href":"https:\/\/larevistadigital.com.ar\/blog\/wp-json\/wp\/v2\/posts\/1397\/revisions"}],"predecessor-version":[{"id":1399,"href":"https:\/\/larevistadigital.com.ar\/blog\/wp-json\/wp\/v2\/posts\/1397\/revisions\/1399"}],"wp:featuredmedia":[{"embeddable":true,"href":"https:\/\/larevistadigital.com.ar\/blog\/wp-json\/wp\/v2\/media\/1398"}],"wp:attachment":[{"href":"https:\/\/larevistadigital.com.ar\/blog\/wp-json\/wp\/v2\/media?parent=1397"}],"wp:term":[{"taxonomy":"category","embeddable":true,"href":"https:\/\/larevistadigital.com.ar\/blog\/wp-json\/wp\/v2\/categories?post=1397"},{"taxonomy":"post_tag","embeddable":true,"href":"https:\/\/larevistadigital.com.ar\/blog\/wp-json\/wp\/v2\/tags?post=1397"}],"curies":[{"name":"wp","href":"https:\/\/api.w.org\/{rel}","templated":true}]}}