{"id":1400,"date":"2017-03-19T16:26:01","date_gmt":"2017-03-19T16:26:01","guid":{"rendered":"https:\/\/larevistadigital.com.ar\/blog\/?p=1400"},"modified":"2017-03-19T16:26:01","modified_gmt":"2017-03-19T16:26:01","slug":"casitas-de-madera-y-ladrillo-muy-economicas","status":"publish","type":"post","link":"https:\/\/larevistadigital.com.ar\/blog\/casitas-de-madera-y-ladrillo-muy-economicas\/","title":{"rendered":"Casitas de madera y ladrillo \u00a1muy econ\u00f3micas!"},"content":{"rendered":"<p>Pocos dise\u00f1os son tan encantadores como las casas construidas a base de ladrillo, madera o una combinaci\u00f3n de ambos materiales. \u00a0Aunque muchas veces al escuchar estos dos materiales, se nos vienen a la mente dise\u00f1os tal vez muy tradicionales o con poco atractivo visual. \u00a0Pero esto es algo que es totalmente falso, ya que las casitas que te presentaremos a continuaci\u00f3n, cuentan con estilos muy peculiares y \u00fanicos, que hacen que tengan una gran personalidad, haciendo que que sean totalmente atractivas.<\/p>\n<p>Cabe mencionar que las casas hechas con estos nobles materiales, no s\u00f3lo cuentan con una gran calidad est\u00e9tica, tambi\u00e9n son residencias que permiten tener ahorros energ\u00e9ticos significativos, gracias a las propiedades t\u00e9rmicas con las que cuentan, ayudando a la econom\u00eda del hogar. \u00a0Y ya que mencionamos el aspecto econ\u00f3mico, no podemos olvidar que son f\u00e1ciles de construir y que estos materiales son realmente accesibles, lo que hace que sean favorecidas tanto por\u00a0profesionales como por posibles compradores o propietarios.<\/p>\n<p>Ven a conocer estas 20 hermosas casitas hechas a base de madera y ladrillo e insp\u00edrate, aqu\u00ed en homify.<\/p>\n<p>Esta sencilla casa hecha a base de ladrillo, cuenta con un gran atractivo que se lo proporciona la bella puerta de madera del acceso principal.<\/p>\n<p><a href=\"https:\/\/i0.wp.com\/larevistadigital.com.ar\/blog\/wp-content\/uploads\/2017\/03\/AAo1Yzi.jpg?ssl=1\"><img data-recalc-dims=\"1\" loading=\"lazy\" decoding=\"async\" class=\"alignnone  wp-image-1401\" src=\"https:\/\/i0.wp.com\/larevistadigital.com.ar\/blog\/wp-content\/uploads\/2017\/03\/AAo1Yzi.jpg?resize=703%2C527&#038;ssl=1\" alt=\"\" width=\"703\" height=\"527\" srcset=\"https:\/\/i0.wp.com\/larevistadigital.com.ar\/blog\/wp-content\/uploads\/2017\/03\/AAo1Yzi.jpg?resize=300%2C225&amp;ssl=1 300w, https:\/\/i0.wp.com\/larevistadigital.com.ar\/blog\/wp-content\/uploads\/2017\/03\/AAo1Yzi.jpg?resize=678%2C509&amp;ssl=1 678w, https:\/\/i0.wp.com\/larevistadigital.com.ar\/blog\/wp-content\/uploads\/2017\/03\/AAo1Yzi.jpg?resize=326%2C245&amp;ssl=1 326w, https:\/\/i0.wp.com\/larevistadigital.com.ar\/blog\/wp-content\/uploads\/2017\/03\/AAo1Yzi.jpg?resize=80%2C60&amp;ssl=1 80w, https:\/\/i0.wp.com\/larevistadigital.com.ar\/blog\/wp-content\/uploads\/2017\/03\/AAo1Yzi.jpg?w=728&amp;ssl=1 728w\" sizes=\"auto, (max-width: 703px) 100vw, 703px\" \/><\/a><\/p>\n<p><b>Dise\u00f1o tradicional<\/b><\/p>\n<p><span class=\"storyimage fullwidth inlineimage\" data-aop=\"image\"><span class=\"image\" data-attrib=\"homify \/ CasediLegnoSr\" data-caption=\"Hogar de estilo por CasediLegnoSr\" data-id=\"59\" data-m=\"{&quot;i&quot;:59,&quot;p&quot;:51,&quot;n&quot;:&quot;openModal&quot;,&quot;t&quot;:&quot;articleImages&quot;,&quot;o&quot;:8}\"><img decoding=\"async\" class=\"loaded\" src=\"http:\/\/img-s-msn-com.akamaized.net\/tenant\/amp\/entityid\/AAo23qr.img?h=546&amp;w=728&amp;m=6&amp;q=60&amp;o=f&amp;l=f\" alt=\"homify \/ CasediLegnoSr: Hogar de estilo por CasediLegnoSr\" data-src=\"{&quot;default&quot;:{&quot;load&quot;:&quot;default&quot;,&quot;w&quot;:&quot;73&quot;,&quot;h&quot;:&quot;55&quot;,&quot;src&quot;:&quot;\/\/img-s-msn-com.akamaized.net\/tenant\/amp\/entityid\/AAo23qr.img?h=546&amp;w=728&amp;m=6&amp;q=60&amp;o=f&amp;l=f&quot;},&quot;size3column&quot;:{&quot;load&quot;:&quot;default&quot;,&quot;w&quot;:&quot;62&quot;,&quot;h&quot;:&quot;47&quot;,&quot;src&quot;:&quot;\/\/img-s-msn-com.akamaized.net\/tenant\/amp\/entityid\/AAo23qr.img?h=468&amp;w=624&amp;m=6&amp;q=60&amp;o=f&amp;l=f&quot;},&quot;size2column&quot;:{&quot;load&quot;:&quot;default&quot;,&quot;w&quot;:&quot;62&quot;,&quot;h&quot;:&quot;47&quot;,&quot;src&quot;:&quot;\/\/img-s-msn-com.akamaized.net\/tenant\/amp\/entityid\/AAo23qr.img?h=468&amp;w=624&amp;m=6&amp;q=60&amp;o=f&amp;l=f&quot;}}\" \/><\/span><span class=\"caption truncate\"><span class=\"attribution\">\u00a9 homify \/ CasediLegnoSr<\/span> Hogar de estilo por CasediLegnoSr<\/span><\/span><\/p>\n<p>Nada como una casita de madera con techo a dos aguas, cubierto de tejas en medio del bosque, para resultar simplemente encantadora.<\/p>\n<p><b>Con elementos r\u00fasticos<\/b><\/p>\n<p><span class=\"storyimage fullwidth inlineimage\" data-aop=\"image\"><span class=\"image\" data-attrib=\"homify \/ Fainzilber Arqts.\" data-caption=\"Casas de estilo r\u00fastico por Fainzilber Arqts.\" data-id=\"61\" data-m=\"{&quot;i&quot;:61,&quot;p&quot;:51,&quot;n&quot;:&quot;openModal&quot;,&quot;t&quot;:&quot;articleImages&quot;,&quot;o&quot;:10}\"><img decoding=\"async\" class=\"loaded\" src=\"http:\/\/img-s-msn-com.akamaized.net\/tenant\/amp\/entityid\/AAo23qC.img?h=546&amp;w=728&amp;m=6&amp;q=60&amp;o=f&amp;l=f\" alt=\"homify \/ Fainzilber Arqts.: Casas de estilo r\u00fastico por Fainzilber Arqts.\" data-src=\"{&quot;default&quot;:{&quot;load&quot;:&quot;default&quot;,&quot;w&quot;:&quot;73&quot;,&quot;h&quot;:&quot;55&quot;,&quot;src&quot;:&quot;\/\/img-s-msn-com.akamaized.net\/tenant\/amp\/entityid\/AAo23qC.img?h=546&amp;w=728&amp;m=6&amp;q=60&amp;o=f&amp;l=f&quot;},&quot;size3column&quot;:{&quot;load&quot;:&quot;default&quot;,&quot;w&quot;:&quot;62&quot;,&quot;h&quot;:&quot;47&quot;,&quot;src&quot;:&quot;\/\/img-s-msn-com.akamaized.net\/tenant\/amp\/entityid\/AAo23qC.img?h=468&amp;w=624&amp;m=6&amp;q=60&amp;o=f&amp;l=f&quot;},&quot;size2column&quot;:{&quot;load&quot;:&quot;default&quot;,&quot;w&quot;:&quot;62&quot;,&quot;h&quot;:&quot;47&quot;,&quot;src&quot;:&quot;\/\/img-s-msn-com.akamaized.net\/tenant\/amp\/entityid\/AAo23qC.img?h=468&amp;w=624&amp;m=6&amp;q=60&amp;o=f&amp;l=f&quot;}}\" \/><\/span><span class=\"caption truncate\"><span class=\"attribution\">\u00a9 homify \/ Fainzilber Arqts.<\/span> Casas de estilo r\u00fastico por Fainzilber Arqts.<\/span><\/span><\/p>\n<p>La madera siempre tendr\u00e1 la particularidad de dar un estilo r\u00fastico a cualquier dise\u00f1o, como nos muestra la estructura y puerta hechas a base de este noble material.<\/p>\n<p><b>Estilo moderno<\/b><\/p>\n<p><span class=\"storyimage fullwidth inlineimage\" data-aop=\"image\"><span class=\"image\" data-attrib=\"homify \/ Ecospace Italia srl\" data-caption=\"Casas de estilo minimalista por Ecospace Italia srl\" data-id=\"62\" data-m=\"{&quot;i&quot;:62,&quot;p&quot;:51,&quot;n&quot;:&quot;openModal&quot;,&quot;t&quot;:&quot;articleImages&quot;,&quot;o&quot;:11}\"><img decoding=\"async\" class=\"loaded\" src=\"http:\/\/img-s-msn-com.akamaized.net\/tenant\/amp\/entityid\/AAo1WVY.img?h=546&amp;w=728&amp;m=6&amp;q=60&amp;o=f&amp;l=f\" alt=\"homify \/ Ecospace Italia srl: Casas de estilo minimalista por Ecospace Italia srl\" data-src=\"{&quot;default&quot;:{&quot;load&quot;:&quot;default&quot;,&quot;w&quot;:&quot;73&quot;,&quot;h&quot;:&quot;55&quot;,&quot;src&quot;:&quot;\/\/img-s-msn-com.akamaized.net\/tenant\/amp\/entityid\/AAo1WVY.img?h=546&amp;w=728&amp;m=6&amp;q=60&amp;o=f&amp;l=f&quot;},&quot;size3column&quot;:{&quot;load&quot;:&quot;default&quot;,&quot;w&quot;:&quot;62&quot;,&quot;h&quot;:&quot;47&quot;,&quot;src&quot;:&quot;\/\/img-s-msn-com.akamaized.net\/tenant\/amp\/entityid\/AAo1WVY.img?h=468&amp;w=624&amp;m=6&amp;q=60&amp;o=f&amp;l=f&quot;},&quot;size2column&quot;:{&quot;load&quot;:&quot;default&quot;,&quot;w&quot;:&quot;62&quot;,&quot;h&quot;:&quot;47&quot;,&quot;src&quot;:&quot;\/\/img-s-msn-com.akamaized.net\/tenant\/amp\/entityid\/AAo1WVY.img?h=468&amp;w=624&amp;m=6&amp;q=60&amp;o=f&amp;l=f&quot;}}\" \/><\/span><span class=\"caption truncate\"><span class=\"attribution\">\u00a9 homify \/ Ecospace Italia srl<\/span> Casas de estilo minimalista por Ecospace Italia srl<\/span><\/span><\/p>\n<p>Una casa de madera no tiene que ser siempre de estilo r\u00fastico o tradicional, tambi\u00e9n puede contar con un dise\u00f1o moderno y lucir espectacular.<\/p>\n<p><b>Contraste de color<\/b><\/p>\n<p><span class=\"storyimage fullwidth inlineimage\" data-aop=\"image\"><span class=\"image\" data-attrib=\"homify \/ Construtora Tijolos Verdes\" data-caption=\"de estilo por Construtora Tijolos Verdes\" data-id=\"63\" data-m=\"{&quot;i&quot;:63,&quot;p&quot;:51,&quot;n&quot;:&quot;openModal&quot;,&quot;t&quot;:&quot;articleImages&quot;,&quot;o&quot;:12}\"><img decoding=\"async\" class=\"loaded\" src=\"http:\/\/img-s-msn-com.akamaized.net\/tenant\/amp\/entityid\/AAo1YzG.img?h=546&amp;w=728&amp;m=6&amp;q=60&amp;o=f&amp;l=f\" alt=\"homify \/ Construtora Tijolos Verdes: de estilo por Construtora Tijolos Verdes\" data-src=\"{&quot;default&quot;:{&quot;load&quot;:&quot;default&quot;,&quot;w&quot;:&quot;73&quot;,&quot;h&quot;:&quot;55&quot;,&quot;src&quot;:&quot;\/\/img-s-msn-com.akamaized.net\/tenant\/amp\/entityid\/AAo1YzG.img?h=546&amp;w=728&amp;m=6&amp;q=60&amp;o=f&amp;l=f&quot;},&quot;size3column&quot;:{&quot;load&quot;:&quot;default&quot;,&quot;w&quot;:&quot;62&quot;,&quot;h&quot;:&quot;47&quot;,&quot;src&quot;:&quot;\/\/img-s-msn-com.akamaized.net\/tenant\/amp\/entityid\/AAo1YzG.img?h=468&amp;w=624&amp;m=6&amp;q=60&amp;o=f&amp;l=f&quot;},&quot;size2column&quot;:{&quot;load&quot;:&quot;default&quot;,&quot;w&quot;:&quot;62&quot;,&quot;h&quot;:&quot;47&quot;,&quot;src&quot;:&quot;\/\/img-s-msn-com.akamaized.net\/tenant\/amp\/entityid\/AAo1YzG.img?h=468&amp;w=624&amp;m=6&amp;q=60&amp;o=f&amp;l=f&quot;}}\" \/><\/span><span class=\"caption truncate\"><span class=\"attribution\">\u00a9 homify \/ Construtora Tijolos Verdes<\/span> de estilo por Construtora Tijolos Verdes<\/span><\/span><\/p>\n<p>La belleza del ladrillo utilizado de manera aparente en muros exteriores, se puede resaltar con un contraste de color, como lo muestran los marcos y ventanas de color blanco de este dise\u00f1o.<\/p>\n<p><b>Ultra moderno y sencillo<\/b><\/p>\n<p><span class=\"storyimage fullwidth inlineimage\" data-aop=\"image\"><span class=\"image\" data-attrib=\"homify \/ schroetter-lenzi Architekten\" data-caption=\"Casas de estilo moderno por schroetter-lenzi Architekten\" data-id=\"65\" data-m=\"{&quot;i&quot;:65,&quot;p&quot;:51,&quot;n&quot;:&quot;openModal&quot;,&quot;t&quot;:&quot;articleImages&quot;,&quot;o&quot;:14}\"><img decoding=\"async\" class=\"loaded\" src=\"http:\/\/img-s-msn-com.akamaized.net\/tenant\/amp\/entityid\/AAo218s.img?h=489&amp;w=728&amp;m=6&amp;q=60&amp;o=f&amp;l=f\" alt=\"homify \/ schroetter-lenzi Architekten: Casas de estilo moderno por schroetter-lenzi Architekten\" data-src=\"{&quot;default&quot;:{&quot;load&quot;:&quot;default&quot;,&quot;w&quot;:&quot;73&quot;,&quot;h&quot;:&quot;49&quot;,&quot;src&quot;:&quot;\/\/img-s-msn-com.akamaized.net\/tenant\/amp\/entityid\/AAo218s.img?h=489&amp;w=728&amp;m=6&amp;q=60&amp;o=f&amp;l=f&quot;},&quot;size3column&quot;:{&quot;load&quot;:&quot;default&quot;,&quot;w&quot;:&quot;62&quot;,&quot;h&quot;:&quot;42&quot;,&quot;src&quot;:&quot;\/\/img-s-msn-com.akamaized.net\/tenant\/amp\/entityid\/AAo218s.img?h=420&amp;w=624&amp;m=6&amp;q=60&amp;o=f&amp;l=f&quot;},&quot;size2column&quot;:{&quot;load&quot;:&quot;default&quot;,&quot;w&quot;:&quot;62&quot;,&quot;h&quot;:&quot;42&quot;,&quot;src&quot;:&quot;\/\/img-s-msn-com.akamaized.net\/tenant\/amp\/entityid\/AAo218s.img?h=420&amp;w=624&amp;m=6&amp;q=60&amp;o=f&amp;l=f&quot;}}\" \/><\/span><span class=\"caption truncate\"><span class=\"attribution\">\u00a9 homify \/ schroetter-lenzi Architekten<\/span> Casas de estilo moderno por schroetter-lenzi Architekten<\/span><\/span><\/p>\n<p>Una vez m\u00e1s, te mostramos otro ejemplo de una casa muy moderna de vol\u00famenes sencillos hechos a base de madera que resultan en una residencia muy moderna y de estilo minimalista.<\/p>\n","protected":false},"excerpt":{"rendered":"<div class=\"mh-excerpt\"><p>Pocos dise\u00f1os son tan encantadores como las casas construidas a base de ladrillo, madera o una combinaci\u00f3n de ambos materiales. \u00a0Aunque muchas veces al escuchar estos dos materiales, se nos vienen a la mente dise\u00f1os <a class=\"mh-excerpt-more\" href=\"https:\/\/larevistadigital.com.ar\/blog\/casitas-de-madera-y-ladrillo-muy-economicas\/\" title=\"Casitas de madera y ladrillo \u00a1muy econ\u00f3micas!\">[Leer M\u00e1s]<\/a><\/p>\n<\/div>","protected":false},"author":2,"featured_media":1402,"comment_status":"open","ping_status":"open","sticky":false,"template":"","format":"standard","meta":{"_jetpack_memberships_contains_paid_content":false,"footnotes":"","jetpack_publicize_message":"Casitas de madera y ladrillo \u00a1muy econ\u00f3micas!","jetpack_publicize_feature_enabled":true,"jetpack_social_post_already_shared":true,"jetpack_social_options":{"image_generator_settings":{"template":"highway","default_image_id":0,"font":"","enabled":false},"version":2}},"categories":[33,31],"tags":[],"class_list":{"0":"post-1400","1":"post","2":"type-post","3":"status-publish","4":"format-standard","5":"has-post-thumbnail","7":"category-construccion-y-hogar","8":"category-suplementos"},"jetpack_publicize_connections":[],"jetpack_featured_media_url":"https:\/\/i0.wp.com\/larevistadigital.com.ar\/blog\/wp-content\/uploads\/2017\/03\/AAo218s.jpg?fit=728%2C489&ssl=1","jetpack_sharing_enabled":true,"jetpack_shortlink":"https:\/\/wp.me\/p8qtrQ-mA","jetpack-related-posts":[{"id":246,"url":"https:\/\/larevistadigital.com.ar\/blog\/tendencias-la-construccion-construccion-seco\/","url_meta":{"origin":1400,"position":0},"title":"TENDENCIAS EN LA CONSTRUCCI\u00d3N &#8211; Construcci\u00f3n en seco","author":"editor","date":"13 febrero, 2017","format":false,"excerpt":"Casas modernas: Una interesante mezcla de dise\u00f1o, t\u00e9cnica, ingenier\u00eda y nuevos materiales. Las nuevas tecnolog\u00edas, no solo hacen mucho m\u00e1s f\u00e1cil el dise\u00f1o, sino que tambi\u00e9n la construcci\u00f3n y venta de las casas m\u00e1s modernas. Ac\u00e1 im\u00e1genes \u00a0de una casa moderna de estilo Contempor\u00e1neo hecha por medio de\u00a0construcci\u00f3n en seco,\u2026","rel":"","context":"En \u00abCONSTRUCCION Y HOGAR\u00bb","block_context":{"text":"CONSTRUCCION Y HOGAR","link":"https:\/\/larevistadigital.com.ar\/blog\/category\/suplementos\/construccion-y-hogar\/"},"img":{"alt_text":"","src":"https:\/\/i0.wp.com\/larevistadigital.com.ar\/blog\/wp-content\/uploads\/2017\/02\/CS2.png?fit=853%2C582&ssl=1&resize=350%2C200","width":350,"height":200,"srcset":"https:\/\/i0.wp.com\/larevistadigital.com.ar\/blog\/wp-content\/uploads\/2017\/02\/CS2.png?fit=853%2C582&ssl=1&resize=350%2C200 1x, https:\/\/i0.wp.com\/larevistadigital.com.ar\/blog\/wp-content\/uploads\/2017\/02\/CS2.png?fit=853%2C582&ssl=1&resize=525%2C300 1.5x, https:\/\/i0.wp.com\/larevistadigital.com.ar\/blog\/wp-content\/uploads\/2017\/02\/CS2.png?fit=853%2C582&ssl=1&resize=700%2C400 2x"},"classes":[]},{"id":2023,"url":"https:\/\/larevistadigital.com.ar\/blog\/cuatro-tendencias-en-rehabilitacion-de-interiores\/","url_meta":{"origin":1400,"position":1},"title":"CUATRO TENDENCIAS EN REHABILITACI\u00d3N DE INTERIORES","author":"Alejandro Sosa Ruda","date":"16 abril, 2017","format":false,"excerpt":"Seguramente uno de tus prop\u00f3sitos con la llegada del a\u00f1o nuevo sea reformar tu hogar, para hacer de tu hogar lo mas\u00a0trendy\u00a0hemos recopilado en este art\u00edculo las \u00faltimas tendencias en reformas e interiorismo con la ayuda de Arficom, una empresa de reformas y construcci\u00f3n. Muchas de estas ideas, como la\u2026","rel":"","context":"En \u00abCONSTRUCCION Y HOGAR\u00bb","block_context":{"text":"CONSTRUCCION Y HOGAR","link":"https:\/\/larevistadigital.com.ar\/blog\/category\/suplementos\/construccion-y-hogar\/"},"img":{"alt_text":"","src":"https:\/\/i0.wp.com\/larevistadigital.com.ar\/blog\/wp-content\/uploads\/2017\/04\/cocina-1.jpg?fit=677%2C451&ssl=1&resize=350%2C200","width":350,"height":200,"srcset":"https:\/\/i0.wp.com\/larevistadigital.com.ar\/blog\/wp-content\/uploads\/2017\/04\/cocina-1.jpg?fit=677%2C451&ssl=1&resize=350%2C200 1x, https:\/\/i0.wp.com\/larevistadigital.com.ar\/blog\/wp-content\/uploads\/2017\/04\/cocina-1.jpg?fit=677%2C451&ssl=1&resize=525%2C300 1.5x"},"classes":[]},{"id":5314,"url":"https:\/\/larevistadigital.com.ar\/blog\/mas-residuos-que-ya-no-son-basura\/","url_meta":{"origin":1400,"position":2},"title":"M\u00c1S RESIDUOS QUE YA NO SON BASURA","author":"admin","date":"28 marzo, 2018","format":false,"excerpt":"En Castelli continua a toda marcha el Plan de Gesti\u00f3n Integral de Residuos S\u00f3lidos Urbanos que busca reducir la cantidad de basura y reutilizar los elementos. En la \u00faltima semana se realiz\u00f3 una nueva entrega de materiales, esta vez 8600 kilos de cart\u00f3n que fueron vendidos gracias a la separaci\u00f3n\u2026","rel":"","context":"En \u00abCASTELLI\u00bb","block_context":{"text":"CASTELLI","link":"https:\/\/larevistadigital.com.ar\/blog\/category\/castelli\/"},"img":{"alt_text":"","src":"https:\/\/i0.wp.com\/larevistadigital.com.ar\/blog\/wp-content\/uploads\/2018\/03\/Venta-RSU-5-662x335.jpg?fit=662%2C335&ssl=1&resize=350%2C200","width":350,"height":200,"srcset":"https:\/\/i0.wp.com\/larevistadigital.com.ar\/blog\/wp-content\/uploads\/2018\/03\/Venta-RSU-5-662x335.jpg?fit=662%2C335&ssl=1&resize=350%2C200 1x, https:\/\/i0.wp.com\/larevistadigital.com.ar\/blog\/wp-content\/uploads\/2018\/03\/Venta-RSU-5-662x335.jpg?fit=662%2C335&ssl=1&resize=525%2C300 1.5x"},"classes":[]},{"id":761,"url":"https:\/\/larevistadigital.com.ar\/blog\/novedoso-sistema-portugues-construir-casas-tres-dias\/","url_meta":{"origin":1400,"position":3},"title":"Un novedoso sistema portugu\u00e9s para construir casas en tres d\u00edas","author":"editor","date":"8 marzo, 2017","format":false,"excerpt":"Cada vez es una tendencia mayor la construcci\u00f3n de viviendas con estructuras modulares, que les dan la posibilidad a los propietarios de tener su hogar en pocas semanas o incluso d\u00edas, con materiales reciclados y reutilizados. En Portugal, particularmente, cuentan con un sistema novedoso de arquitectura modular, bautizado Gomos, un\u2026","rel":"","context":"En \u00abMEDIO AMBIENTE\u00bb","block_context":{"text":"MEDIO AMBIENTE","link":"https:\/\/larevistadigital.com.ar\/blog\/category\/suplementos\/medio-ambiente\/"},"img":{"alt_text":"","src":"https:\/\/i0.wp.com\/larevistadigital.com.ar\/blog\/wp-content\/uploads\/2017\/03\/sistema-portugu%C3%A9s-para-construir-casas4.jpg?fit=1000%2C598&ssl=1&resize=350%2C200","width":350,"height":200,"srcset":"https:\/\/i0.wp.com\/larevistadigital.com.ar\/blog\/wp-content\/uploads\/2017\/03\/sistema-portugu%C3%A9s-para-construir-casas4.jpg?fit=1000%2C598&ssl=1&resize=350%2C200 1x, https:\/\/i0.wp.com\/larevistadigital.com.ar\/blog\/wp-content\/uploads\/2017\/03\/sistema-portugu%C3%A9s-para-construir-casas4.jpg?fit=1000%2C598&ssl=1&resize=525%2C300 1.5x, https:\/\/i0.wp.com\/larevistadigital.com.ar\/blog\/wp-content\/uploads\/2017\/03\/sistema-portugu%C3%A9s-para-construir-casas4.jpg?fit=1000%2C598&ssl=1&resize=700%2C400 2x"},"classes":[]},{"id":11957,"url":"https:\/\/larevistadigital.com.ar\/blog\/reciclan-botellas-de-plastico-para-fabricar-ladrillos\/","url_meta":{"origin":1400,"position":4},"title":"RECICLAN BOTELLAS DE PL\u00c1STICO PARA FABRICAR LADRILLOS","author":"Alejandro Sosa Ruda","date":"21 agosto, 2019","format":false,"excerpt":"El pl\u00e1stico es una de las grandes problem\u00e1ticas ambientales de nuestra \u00e9poca, se estima que en nuestro pa\u00eds m\u00e1s\u00a0se desechan 12 millones de botellas pl\u00e1sticas por d\u00eda, de las cuales s\u00f3lo se recicla el 30%. Existen diferentes iniciativas tendientes a combatir este problema y en muchos lugares se los utiliza\u2026","rel":"","context":"En \u00abCONSTRUCCION Y HOGAR\u00bb","block_context":{"text":"CONSTRUCCION Y HOGAR","link":"https:\/\/larevistadigital.com.ar\/blog\/category\/suplementos\/construccion-y-hogar\/"},"img":{"alt_text":"","src":"https:\/\/i0.wp.com\/larevistadigital.com.ar\/blog\/wp-content\/uploads\/1565120236700.jpg?fit=800%2C487&ssl=1&resize=350%2C200","width":350,"height":200,"srcset":"https:\/\/i0.wp.com\/larevistadigital.com.ar\/blog\/wp-content\/uploads\/1565120236700.jpg?fit=800%2C487&ssl=1&resize=350%2C200 1x, https:\/\/i0.wp.com\/larevistadigital.com.ar\/blog\/wp-content\/uploads\/1565120236700.jpg?fit=800%2C487&ssl=1&resize=525%2C300 1.5x, https:\/\/i0.wp.com\/larevistadigital.com.ar\/blog\/wp-content\/uploads\/1565120236700.jpg?fit=800%2C487&ssl=1&resize=700%2C400 2x"},"classes":[]},{"id":764,"url":"https:\/\/larevistadigital.com.ar\/blog\/construccion-casas-solares-leed-platinum-solo-cinco-horas\/","url_meta":{"origin":1400,"position":5},"title":"Construcci\u00f3n de casas solares LEED Platinum en solo cinco horas","author":"editor","date":"8 marzo, 2017","format":false,"excerpt":"La empresa estadounidense LivingHomes construye casas de forma muy r\u00e1pida y eficaz, logrando el sello LEED Platino, el nivel m\u00e1s alto de certificaci\u00f3n ambiental proporcionado por el Green Building Council. \u00bfC\u00f3mo se logra esto? A trav\u00e9s de un proyecto de casas prefabricadas que pueden ser montadas en tan solo cinco\u2026","rel":"","context":"En \u00abMEDIO AMBIENTE\u00bb","block_context":{"text":"MEDIO AMBIENTE","link":"https:\/\/larevistadigital.com.ar\/blog\/category\/suplementos\/medio-ambiente\/"},"img":{"alt_text":"","src":"https:\/\/i0.wp.com\/larevistadigital.com.ar\/blog\/wp-content\/uploads\/2017\/03\/LivingHomes.jpg?fit=1000%2C673&ssl=1&resize=350%2C200","width":350,"height":200,"srcset":"https:\/\/i0.wp.com\/larevistadigital.com.ar\/blog\/wp-content\/uploads\/2017\/03\/LivingHomes.jpg?fit=1000%2C673&ssl=1&resize=350%2C200 1x, https:\/\/i0.wp.com\/larevistadigital.com.ar\/blog\/wp-content\/uploads\/2017\/03\/LivingHomes.jpg?fit=1000%2C673&ssl=1&resize=525%2C300 1.5x, https:\/\/i0.wp.com\/larevistadigital.com.ar\/blog\/wp-content\/uploads\/2017\/03\/LivingHomes.jpg?fit=1000%2C673&ssl=1&resize=700%2C400 2x"},"classes":[]}],"_links":{"self":[{"href":"https:\/\/larevistadigital.com.ar\/blog\/wp-json\/wp\/v2\/posts\/1400","targetHints":{"allow":["GET"]}}],"collection":[{"href":"https:\/\/larevistadigital.com.ar\/blog\/wp-json\/wp\/v2\/posts"}],"about":[{"href":"https:\/\/larevistadigital.com.ar\/blog\/wp-json\/wp\/v2\/types\/post"}],"author":[{"embeddable":true,"href":"https:\/\/larevistadigital.com.ar\/blog\/wp-json\/wp\/v2\/users\/2"}],"replies":[{"embeddable":true,"href":"https:\/\/larevistadigital.com.ar\/blog\/wp-json\/wp\/v2\/comments?post=1400"}],"version-history":[{"count":1,"href":"https:\/\/larevistadigital.com.ar\/blog\/wp-json\/wp\/v2\/posts\/1400\/revisions"}],"predecessor-version":[{"id":1403,"href":"https:\/\/larevistadigital.com.ar\/blog\/wp-json\/wp\/v2\/posts\/1400\/revisions\/1403"}],"wp:featuredmedia":[{"embeddable":true,"href":"https:\/\/larevistadigital.com.ar\/blog\/wp-json\/wp\/v2\/media\/1402"}],"wp:attachment":[{"href":"https:\/\/larevistadigital.com.ar\/blog\/wp-json\/wp\/v2\/media?parent=1400"}],"wp:term":[{"taxonomy":"category","embeddable":true,"href":"https:\/\/larevistadigital.com.ar\/blog\/wp-json\/wp\/v2\/categories?post=1400"},{"taxonomy":"post_tag","embeddable":true,"href":"https:\/\/larevistadigital.com.ar\/blog\/wp-json\/wp\/v2\/tags?post=1400"}],"curies":[{"name":"wp","href":"https:\/\/api.w.org\/{rel}","templated":true}]}}