{"id":1404,"date":"2017-03-19T16:29:58","date_gmt":"2017-03-19T16:29:58","guid":{"rendered":"https:\/\/larevistadigital.com.ar\/blog\/?p=1404"},"modified":"2017-03-19T16:29:58","modified_gmt":"2017-03-19T16:29:58","slug":"1404-2","status":"publish","type":"post","link":"https:\/\/larevistadigital.com.ar\/blog\/1404-2\/","title":{"rendered":""},"content":{"rendered":"<article class=\"articlecontent loaded\" tabindex=\"0\" data-aop=\"article\">\n<section class=\"articlebody\" data-aop=\"articlebody\">Como han atestiguado numerosos estudios, el momento del d\u00eda en que realizamos nuestras comidas es determinante a la hora de perder o ganar peso. Cuanto m\u00e1s tarde cenemos, peor. Lo ideal es hacerlo <strong>dos horas antes de irnos a <\/strong>dormir, para no acostarnos haciendo la digesti\u00f3n. As\u00ed que <strong>de c\u00f3mida r\u00e1pida ni hablemos<\/strong>. No entra dentro de las opciones para la noche y en muchas ocasiones cometemos este error garrafal.<\/p>\n<p>Algunos pensar\u00e1n que una ensalada para cenar es sana. Pero es una verdad a medias. Si la comemos como plato \u00fanico estaremos cometiendo un error muy grave. Esta es una sana e inteligente elecci\u00f3n si la utilizamos como acompa\u00f1amiento, pero como plato \u00fanico,<strong> no tiene suficientes nutrientres<\/strong> o calor\u00edas para saciar nuestro est\u00f3mago durante m\u00e1s de dos horas, dejando la puerta abierta al picoteo antes de acostarnos. Adem\u00e1s suelen ser ensaladas en bolsa ya preparadas y no tan sanas como en verdad crees.<\/p>\n<p>Si preparas finalmente una ensalada, aseg\u00farate de que tiene la cantidad adecuada de prote\u00ednas como pavo, pollo, at\u00fan o salm\u00f3n, grasas saludables como la del aguacate o los frutos secos y al\u00ed\u00f1alo mejor con una cucharada de aceite y vinagre y no con ning\u00fan tipo de salsa. Y si para rematar, quieres a\u00f1adirle m\u00e1s valor nutricional a este plato,<strong> cambia la lechuga por espinacas o col rizada<\/strong>.<\/p>\n<p><span class=\"storyimage fullwidth inlineimage\" data-aop=\"image\"><span class=\"image\" data-attrib=\"Proporcionado por El Confidencial\" data-caption=\"Olvida la pasta por las noches. (iStock)\" data-id=\"49\" data-m=\"{&quot;i&quot;:49,&quot;p&quot;:46,&quot;n&quot;:&quot;openModal&quot;,&quot;t&quot;:&quot;articleImages&quot;,&quot;o&quot;:3}\"><img decoding=\"async\" class=\"loaded\" src=\"http:\/\/img-s-msn-com.akamaized.net\/tenant\/amp\/entityid\/AAolZyA.img?h=478&amp;w=728&amp;m=6&amp;q=60&amp;o=f&amp;l=f\" alt=\"Olvida la pasta por las noches. (iStock)\" data-src=\"{&quot;default&quot;:{&quot;load&quot;:&quot;default&quot;,&quot;w&quot;:&quot;73&quot;,&quot;h&quot;:&quot;48&quot;,&quot;src&quot;:&quot;\/\/img-s-msn-com.akamaized.net\/tenant\/amp\/entityid\/AAolZyA.img?h=478&amp;w=728&amp;m=6&amp;q=60&amp;o=f&amp;l=f&quot;},&quot;size3column&quot;:{&quot;load&quot;:&quot;default&quot;,&quot;w&quot;:&quot;62&quot;,&quot;h&quot;:&quot;41&quot;,&quot;src&quot;:&quot;\/\/img-s-msn-com.akamaized.net\/tenant\/amp\/entityid\/AAolZyA.img?h=410&amp;w=624&amp;m=6&amp;q=60&amp;o=f&amp;l=f&quot;},&quot;size2column&quot;:{&quot;load&quot;:&quot;default&quot;,&quot;w&quot;:&quot;62&quot;,&quot;h&quot;:&quot;41&quot;,&quot;src&quot;:&quot;\/\/img-s-msn-com.akamaized.net\/tenant\/amp\/entityid\/AAolZyA.img?h=410&amp;w=624&amp;m=6&amp;q=60&amp;o=f&amp;l=f&quot;}}\" \/><\/span><span class=\"caption truncate\"><span class=\"attribution\">\u00a9 Proporcionado por El Confidencial<\/span> Olvida la pasta por las noches. (iStock)<\/span><\/span>La cena perfecta, seg\u00fan la mayor\u00eda de nutricionistas, debe aportar entre el 15 y el 25% de las calor\u00edas diarias, un porcentaje que solemos sobrepasar. Si estamos tratando de adelgazar, la cena es clave. Por la noche apenas consumimos energ\u00eda, por lo que tardaremos m\u00e1s en quemar las calor\u00edas que hayamos ingerido. Pero tambi\u00e9n es el periodo del d\u00eda en el que pasamos m\u00e1s tiempo sin llevarnos nada a la boca. Mientras dormimos, si hemos cenado poco, el cuerpo tirar\u00e1 de reservas.<\/p>\n<p>El gran problema de tomar arroz o pasta para cenar es que, adem\u00e1s, solemos consumir grandes cantidades, ingiriendo muchas m\u00e1s calor\u00edas de las recomendadas. <strong>Si se toman en raciones peque\u00f1as no constituyen ning\u00fan problema<\/strong>, pues son alimentos muy f\u00e1cilmente digeribles, pero es dif\u00edcil no excederse.<\/p>\n<p>Otra de las opciones que solemos escoger para cenar es un taz\u00f3n de cereales, pero es una opci\u00f3n que debemos dejar para el desayuno. La mayor\u00eda de los cereales son <strong>altos en az\u00facar <\/strong>y bajos en prote\u00ednas y fibra. Una elecci\u00f3n que tampoco nos saciar\u00e1 y que nos har\u00e1 acudir a la despensa a coger alg\u00fan dulce u otro alimento que nos calme el gusanillo antes de dormir.<\/p>\n<div id=\"outstream_article\" data-id=\"53\" data-m=\"{&quot;i&quot;:53,&quot;p&quot;:46,&quot;n&quot;:&quot;article-inlineOutstreamAd&quot;,&quot;t&quot;:&quot;inlineOutstreamAd&quot;,&quot;o&quot;:7}\"><\/div>\n<p><span class=\"storyimage fullwidth inlineimage\" data-aop=\"image\"><span class=\"image\" data-attrib=\"Proporcionado por El Confidencial\" data-caption=\"Acompa\u00f1a los cereales de fruta y fibra. (iStock)\" data-id=\"50\" data-m=\"{&quot;i&quot;:50,&quot;p&quot;:46,&quot;n&quot;:&quot;openModal&quot;,&quot;t&quot;:&quot;articleImages&quot;,&quot;o&quot;:4}\"><img decoding=\"async\" class=\"loaded\" src=\"http:\/\/img-s-msn-com.akamaized.net\/tenant\/amp\/entityid\/AAolSq3.img?h=462&amp;w=728&amp;m=6&amp;q=60&amp;o=f&amp;l=f\" alt=\"Acompa\u00f1a los cereales de fruta y fibra. (iStock)\" data-src=\"{&quot;default&quot;:{&quot;load&quot;:&quot;default&quot;,&quot;w&quot;:&quot;73&quot;,&quot;h&quot;:&quot;46&quot;,&quot;src&quot;:&quot;\/\/img-s-msn-com.akamaized.net\/tenant\/amp\/entityid\/AAolSq3.img?h=462&amp;w=728&amp;m=6&amp;q=60&amp;o=f&amp;l=f&quot;},&quot;size3column&quot;:{&quot;load&quot;:&quot;default&quot;,&quot;w&quot;:&quot;62&quot;,&quot;h&quot;:&quot;40&quot;,&quot;src&quot;:&quot;\/\/img-s-msn-com.akamaized.net\/tenant\/amp\/entityid\/AAolSq3.img?h=396&amp;w=624&amp;m=6&amp;q=60&amp;o=f&amp;l=f&quot;},&quot;size2column&quot;:{&quot;load&quot;:&quot;default&quot;,&quot;w&quot;:&quot;62&quot;,&quot;h&quot;:&quot;40&quot;,&quot;src&quot;:&quot;\/\/img-s-msn-com.akamaized.net\/tenant\/amp\/entityid\/AAolSq3.img?h=396&amp;w=624&amp;m=6&amp;q=60&amp;o=f&amp;l=f&quot;}}\" \/><\/span><span class=\"caption truncate\"><span class=\"attribution\">\u00a9 Proporcionado por El Confidencial<\/span> Acompa\u00f1a los cereales de fruta y fibra. (iStock)<\/span><\/span>El picante puede ayudar a tu metabolismo a nivelar el az\u00facar en sangre e incluso protege el coraz\u00f3n. Sin embargo, es posible que quieras dejar el curry, la pimienta o cualquier salsa &#8216;hot&#8217; para el medio d\u00eda. Este tipo de alimentos pueden <strong>elevar la temperatura de tu cuerpo<\/strong> y tienen la tendencia a aumentar el nivel de \u00e1cido \u00farico, lo que causar\u00e1 que duermas peor, seg\u00fan un estudio reproducido en &#8216;Prevention&#8217;.<\/p>\n<p><span class=\"storyimage fullwidth inlineimage\" data-aop=\"image\"><span class=\"image\" data-attrib=\"Proporcionado por El Confidencial\" data-caption=\"\u00a1Cuidado con los congelados!\" data-id=\"51\" data-m=\"{&quot;i&quot;:51,&quot;p&quot;:46,&quot;n&quot;:&quot;openModal&quot;,&quot;t&quot;:&quot;articleImages&quot;,&quot;o&quot;:5}\"><img decoding=\"async\" class=\"loaded\" src=\"http:\/\/img-s-msn-com.akamaized.net\/tenant\/amp\/entityid\/AAolZyE.img?h=454&amp;w=728&amp;m=6&amp;q=60&amp;o=f&amp;l=f\" alt=\"\u00a1Cuidado con los congelados!\" data-src=\"{&quot;default&quot;:{&quot;load&quot;:&quot;default&quot;,&quot;w&quot;:&quot;73&quot;,&quot;h&quot;:&quot;45&quot;,&quot;src&quot;:&quot;\/\/img-s-msn-com.akamaized.net\/tenant\/amp\/entityid\/AAolZyE.img?h=454&amp;w=728&amp;m=6&amp;q=60&amp;o=f&amp;l=f&quot;},&quot;size3column&quot;:{&quot;load&quot;:&quot;default&quot;,&quot;w&quot;:&quot;62&quot;,&quot;h&quot;:&quot;39&quot;,&quot;src&quot;:&quot;\/\/img-s-msn-com.akamaized.net\/tenant\/amp\/entityid\/AAolZyE.img?h=389&amp;w=624&amp;m=6&amp;q=60&amp;o=f&amp;l=f&quot;},&quot;size2column&quot;:{&quot;load&quot;:&quot;default&quot;,&quot;w&quot;:&quot;62&quot;,&quot;h&quot;:&quot;39&quot;,&quot;src&quot;:&quot;\/\/img-s-msn-com.akamaized.net\/tenant\/amp\/entityid\/AAolZyE.img?h=389&amp;w=624&amp;m=6&amp;q=60&amp;o=f&amp;l=f&quot;}}\" \/><\/span><span class=\"caption truncate\"><span class=\"attribution\">\u00a9 Proporcionado por El Confidencial<\/span> \u00a1Cuidado con los congelados!<\/span><\/span>Las tostadas con mantequilla y mermelada son r\u00e1pidas y f\u00e1ciles de hacer, pero <strong>no resultan una buena opci\u00f3n para la cena<\/strong>. El pan blanco y la mermelada son el envoltorio de una gran cantidad de az\u00facar. A pesar de que la elecci\u00f3n no es buena, se puede mejorar utilizando mantequilla de almendras, rica en prote\u00ednas y grasas saludable con vitamina E, magnesio y calcio.<\/p>\n<p>La comida congelada tampoco es recomendable por la noche. Suelen <strong>tener niveles alt\u00edsimos de sodio y conservantes<\/strong> y dado que su prop\u00f3sito es que sean para varias personas, accidentalmente la cantidad que acabe un tu plato puede ser mayor de la que deber\u00eda. Si su inmediatez a la hora del cocinado te atrae, procura mirar las etiquetas para buscar opciones bajas en sodio y ning\u00fan tipo de aditivos extra\u00f1os, comprobando siempre el tama\u00f1o de la porci\u00f3n antes de llenar el plato.<\/p>\n<p><span class=\"storyimage fullwidth inlineimage\" data-aop=\"image\"><span class=\"image\" data-attrib=\"Externa\" data-caption=\"\u00bfQu\u00e9 puede haber de malo en una ensalada? (Tetra Images\/Corbis)\" data-id=\"52\" data-m=\"{&quot;i&quot;:52,&quot;p&quot;:46,&quot;n&quot;:&quot;openModal&quot;,&quot;t&quot;:&quot;articleImages&quot;,&quot;o&quot;:6}\"><img decoding=\"async\" class=\"loaded\" src=\"http:\/\/img-s-msn-com.akamaized.net\/tenant\/amp\/entityid\/AAolZyG.img?h=410&amp;w=728&amp;m=6&amp;q=60&amp;o=f&amp;l=f\" alt=\"\u00bfQu\u00e9 puede haber de malo en una ensalada? (Tetra Images\/Corbis)\" data-src=\"{&quot;default&quot;:{&quot;load&quot;:&quot;default&quot;,&quot;w&quot;:&quot;73&quot;,&quot;h&quot;:&quot;41&quot;,&quot;src&quot;:&quot;\/\/img-s-msn-com.akamaized.net\/tenant\/amp\/entityid\/AAolZyG.img?h=410&amp;w=728&amp;m=6&amp;q=60&amp;o=f&amp;l=f&quot;},&quot;size3column&quot;:{&quot;load&quot;:&quot;default&quot;,&quot;w&quot;:&quot;62&quot;,&quot;h&quot;:&quot;35&quot;,&quot;src&quot;:&quot;\/\/img-s-msn-com.akamaized.net\/tenant\/amp\/entityid\/AAolZyG.img?h=351&amp;w=624&amp;m=6&amp;q=60&amp;o=f&amp;l=f&quot;},&quot;size2column&quot;:{&quot;load&quot;:&quot;default&quot;,&quot;w&quot;:&quot;62&quot;,&quot;h&quot;:&quot;35&quot;,&quot;src&quot;:&quot;\/\/img-s-msn-com.akamaized.net\/tenant\/amp\/entityid\/AAolZyG.img?h=351&amp;w=624&amp;m=6&amp;q=60&amp;o=f&amp;l=f&quot;}}\" \/><\/span><\/span><\/section>\n<section class=\"articlebody\" data-aop=\"articlebody\"><span class=\"storyimage fullwidth inlineimage\" data-aop=\"image\"><span class=\"caption truncate\"><span class=\"attribution\">\u00a9 Externa<\/span> \u00bfQu\u00e9 puede haber de malo en una ensalada? (Tetra Images\/Corbis)<\/span><\/span><\/section>\n<\/article>\n<div class=\"paddle next loaded\" data-aop=\"paddles_next\" data-id=\"48\" data-m=\"{&quot;i&quot;:48,&quot;p&quot;:46,&quot;n&quot;:&quot;next&quot;,&quot;y&quot;:14,&quot;o&quot;:2}\"><\/div>\n","protected":false},"excerpt":{"rendered":"<div class=\"mh-excerpt\"><p>Como han atestiguado numerosos estudios, el momento del d\u00eda en que realizamos nuestras comidas es determinante a la hora de perder o ganar peso. Cuanto m\u00e1s tarde cenemos, peor. Lo ideal es hacerlo dos horas <a class=\"mh-excerpt-more\" href=\"https:\/\/larevistadigital.com.ar\/blog\/1404-2\/\" title=\"\">[Leer M\u00e1s]<\/a><\/p>\n<\/div>","protected":false},"author":2,"featured_media":1405,"comment_status":"open","ping_status":"open","sticky":false,"template":"","format":"standard","meta":{"_jetpack_memberships_contains_paid_content":false,"footnotes":"","jetpack_publicize_message":"","jetpack_publicize_feature_enabled":true,"jetpack_social_post_already_shared":true,"jetpack_social_options":{"image_generator_settings":{"template":"highway","default_image_id":0,"font":"","enabled":false},"version":2}},"categories":[35,31],"tags":[],"class_list":{"0":"post-1404","1":"post","2":"type-post","3":"status-publish","4":"format-standard","5":"has-post-thumbnail","7":"category-mujer","8":"category-suplementos"},"jetpack_publicize_connections":[],"jetpack_featured_media_url":"https:\/\/i0.wp.com\/larevistadigital.com.ar\/blog\/wp-content\/uploads\/2017\/03\/AAolZyE.jpg?fit=728%2C454&ssl=1","jetpack_sharing_enabled":true,"jetpack_shortlink":"https:\/\/wp.me\/p8qtrQ-mE","jetpack-related-posts":[{"id":396,"url":"https:\/\/larevistadigital.com.ar\/blog\/garbanzos-espinacas-receta\/","url_meta":{"origin":1404,"position":0},"title":"GARBANZOS CON ESPINACAS receta","author":"editor","date":"23 febrero, 2017","format":false,"excerpt":"\u00a0 Garbanzos con espinacas es una de esas recetas\u00a0complet\u00edsimas. Especialmente en los d\u00edas de oto\u00f1o e invierno. Plato caliente, nutritivo, lleno de las prote\u00ednas de los garbanzos, que pueden alcanzar los 20g por cada 100g de esta legumbre y de la vitamina C y el calcio de las espinacas. Adem\u00e1s,\u00a0tambi\u00e9n\u2026","rel":"","context":"En \u00abCOCINA\u00bb","block_context":{"text":"COCINA","link":"https:\/\/larevistadigital.com.ar\/blog\/category\/suplementos\/cocina\/"},"img":{"alt_text":"","src":"https:\/\/i0.wp.com\/larevistadigital.com.ar\/blog\/wp-content\/uploads\/2017\/02\/garbanzos-con-espinacas.jpg?fit=600%2C337&ssl=1&resize=350%2C200","width":350,"height":200,"srcset":"https:\/\/i0.wp.com\/larevistadigital.com.ar\/blog\/wp-content\/uploads\/2017\/02\/garbanzos-con-espinacas.jpg?fit=600%2C337&ssl=1&resize=350%2C200 1x, https:\/\/i0.wp.com\/larevistadigital.com.ar\/blog\/wp-content\/uploads\/2017\/02\/garbanzos-con-espinacas.jpg?fit=600%2C337&ssl=1&resize=525%2C300 1.5x"},"classes":[]},{"id":24556,"url":"https:\/\/larevistadigital.com.ar\/blog\/sana-y-odio-las-macabras-revelaciones-del-crimen-del-jubilado-en-la-ruta-2\/","url_meta":{"origin":1404,"position":1},"title":"\u00abSA\u00d1A Y ODIO\u00bb&#8230; LAS MAC\u00c1BRAS REVELACIONES DEL CRIMEN DEL JUBILADO EN LA RUTA 2","author":"Alejandro Sosa Ruda","date":"13 marzo, 2022","format":false,"excerpt":"La autopsia realizada sobre el cad\u00e1ver aport\u00f3 algunos detalles que de todos modos no terminan de resolver los misterios en torno al brutal homicidio. LA PLATA -\u00a0 Sigue el misterio en torno al crimen del hombre de 92 a\u00f1os cuyo cad\u00e1ver apareci\u00f3 en La Plata, a la vera de la\u2026","rel":"","context":"En \u00abDESTACADAS\u00bb","block_context":{"text":"DESTACADAS","link":"https:\/\/larevistadigital.com.ar\/blog\/category\/destacadas\/"},"img":{"alt_text":"","src":"https:\/\/i0.wp.com\/larevistadigital.com.ar\/blog\/wp-content\/uploads\/1647134821176.jpg?fit=1200%2C594&ssl=1&resize=350%2C200","width":350,"height":200,"srcset":"https:\/\/i0.wp.com\/larevistadigital.com.ar\/blog\/wp-content\/uploads\/1647134821176.jpg?fit=1200%2C594&ssl=1&resize=350%2C200 1x, https:\/\/i0.wp.com\/larevistadigital.com.ar\/blog\/wp-content\/uploads\/1647134821176.jpg?fit=1200%2C594&ssl=1&resize=525%2C300 1.5x, https:\/\/i0.wp.com\/larevistadigital.com.ar\/blog\/wp-content\/uploads\/1647134821176.jpg?fit=1200%2C594&ssl=1&resize=700%2C400 2x, https:\/\/i0.wp.com\/larevistadigital.com.ar\/blog\/wp-content\/uploads\/1647134821176.jpg?fit=1200%2C594&ssl=1&resize=1050%2C600 3x"},"classes":[]},{"id":29050,"url":"https:\/\/larevistadigital.com.ar\/blog\/aparecio-ema-la-nena-de-13-anos-que-era-intensamente-buscada\/","url_meta":{"origin":1404,"position":2},"title":"\u00a1APARECI\u00d3 EMA! LA NENA DE 13 A\u00d1OS QUE ERA INTENSAMENTE BUSCADA.","author":"Alejandro Sosa Ruda","date":"25 noviembre, 2022","format":false,"excerpt":"Su familia la buscaba con desesperaci\u00f3n y la gente colabor\u00f3 compartiendo el hecho en las redes sociales. Afortunadamente apareci\u00f3 en CABA. 25 de noviembre de 2022 La menor de edad hab\u00eda sido vista este martes al mediod\u00eda por \u00faltima vez y era buscada por su familia luego de que no\u2026","rel":"","context":"En \u00abDESTACADAS\u00bb","block_context":{"text":"DESTACADAS","link":"https:\/\/larevistadigital.com.ar\/blog\/category\/destacadas\/"},"img":{"alt_text":"","src":"https:\/\/i0.wp.com\/larevistadigital.com.ar\/blog\/wp-content\/uploads\/APARECIO-EMA.jpg?fit=1080%2C1080&ssl=1&resize=350%2C200","width":350,"height":200,"srcset":"https:\/\/i0.wp.com\/larevistadigital.com.ar\/blog\/wp-content\/uploads\/APARECIO-EMA.jpg?fit=1080%2C1080&ssl=1&resize=350%2C200 1x, https:\/\/i0.wp.com\/larevistadigital.com.ar\/blog\/wp-content\/uploads\/APARECIO-EMA.jpg?fit=1080%2C1080&ssl=1&resize=525%2C300 1.5x, https:\/\/i0.wp.com\/larevistadigital.com.ar\/blog\/wp-content\/uploads\/APARECIO-EMA.jpg?fit=1080%2C1080&ssl=1&resize=700%2C400 2x, https:\/\/i0.wp.com\/larevistadigital.com.ar\/blog\/wp-content\/uploads\/APARECIO-EMA.jpg?fit=1080%2C1080&ssl=1&resize=1050%2C600 3x"},"classes":[]},{"id":12430,"url":"https:\/\/larevistadigital.com.ar\/blog\/jose-fares-uno-de-los-pocos-que-leyo-la-eleccion-antes-de-las-paso\/","url_meta":{"origin":1404,"position":3},"title":"JOS\u00c9 FARES: UNO DE LOS POCOS QUE LEY\u00d3 LA ELECCI\u00d3N ANTES DE LAS PASO.","author":"Alejandro Sosa Ruda","date":"2 octubre, 2019","format":false,"excerpt":"Jos\u00e9 Fares, es un experimentado dirigente pol\u00edtico de Chascom\u00fas, que adem\u00e1s de tener una vasta experiencia pol\u00edtica, cuenta con un interesante antecedente de gesti\u00f3n, durante el per\u00edodo donde se desempe\u00f1\u00f3 como Secretario de Turismo, siendo para muchos el mejor que tuvo la ciudad. Referente de Emilio Monz\u00f3, ha sido tentado\u2026","rel":"","context":"En \u00abCHASCOM\u00daS\u00bb","block_context":{"text":"CHASCOM\u00daS","link":"https:\/\/larevistadigital.com.ar\/blog\/category\/chascomus\/"},"img":{"alt_text":"","src":"https:\/\/i0.wp.com\/larevistadigital.com.ar\/blog\/wp-content\/uploads\/fares.jpg?fit=678%2C381&ssl=1&resize=350%2C200","width":350,"height":200,"srcset":"https:\/\/i0.wp.com\/larevistadigital.com.ar\/blog\/wp-content\/uploads\/fares.jpg?fit=678%2C381&ssl=1&resize=350%2C200 1x, https:\/\/i0.wp.com\/larevistadigital.com.ar\/blog\/wp-content\/uploads\/fares.jpg?fit=678%2C381&ssl=1&resize=525%2C300 1.5x"},"classes":[]},{"id":16702,"url":"https:\/\/larevistadigital.com.ar\/blog\/el-hijo-de-pooh-exclusivo-rosca-encuentro-entre-diputade-local-y-dos-personas-mas\/","url_meta":{"origin":1404,"position":4},"title":"EL HIJO DE POOH \u00a1EXCLUSIVO!&#8230; \u00bfROSCA?&#8230;ENCUENTRO ENTRE \u00abDIPUTADE\u00bb LOCAL Y DOS PERSONAS M\u00c1S!!!!","author":"Alejandro Sosa Ruda","date":"4 octubre, 2020","format":false,"excerpt":"El Hijo de Pooh recibi\u00f3 la informeta directamente de uno de sus amiguitos de la selva, donde comentaba que el \"diputade\" local, ingres\u00f3 a bar c\u00e9ntrico en la esquina diagonal a entidad bancaria, acompa\u00f1ado de un ex concejal (MC) apodado \"el Negro\". A los pocos minutos, lleg\u00f3 otro personaje de\u2026","rel":"","context":"En \u00abHUMOR\u00bb","block_context":{"text":"HUMOR","link":"https:\/\/larevistadigital.com.ar\/blog\/category\/humor\/"},"img":{"alt_text":"","src":"https:\/\/i0.wp.com\/larevistadigital.com.ar\/blog\/wp-content\/uploads\/cafe-de-tres.jpg?fit=1200%2C984&ssl=1&resize=350%2C200","width":350,"height":200,"srcset":"https:\/\/i0.wp.com\/larevistadigital.com.ar\/blog\/wp-content\/uploads\/cafe-de-tres.jpg?fit=1200%2C984&ssl=1&resize=350%2C200 1x, https:\/\/i0.wp.com\/larevistadigital.com.ar\/blog\/wp-content\/uploads\/cafe-de-tres.jpg?fit=1200%2C984&ssl=1&resize=525%2C300 1.5x, https:\/\/i0.wp.com\/larevistadigital.com.ar\/blog\/wp-content\/uploads\/cafe-de-tres.jpg?fit=1200%2C984&ssl=1&resize=700%2C400 2x, https:\/\/i0.wp.com\/larevistadigital.com.ar\/blog\/wp-content\/uploads\/cafe-de-tres.jpg?fit=1200%2C984&ssl=1&resize=1050%2C600 3x"},"classes":[]},{"id":11094,"url":"https:\/\/larevistadigital.com.ar\/blog\/santiago-dos-santos\/","url_meta":{"origin":1404,"position":5},"title":"SANTIAGO DOS SANTOS HABL\u00d3 DE SUS PRINCIPIOS, PROYECTOS Y MEDIDAS SI ES INTENDENTE","author":"Alejandro Sosa Ruda","date":"7 julio, 2019","format":false,"excerpt":"El precandidato a Intendente de Chascom\u00fas, Santiago Dos Santos, mantuvo una interesante charla con el periodista Juio Giribaldi en FM Volver (95.3), donde abord\u00f3 diversos temas, y explic\u00f3 algunas de las medidas que piensa adoptar como Intendente de la ciudad, dejando en claro que est\u00e1 trabajando desde hace rato en\u2026","rel":"","context":"En \u00abDESTACADAS\u00bb","block_context":{"text":"DESTACADAS","link":"https:\/\/larevistadigital.com.ar\/blog\/category\/destacadas\/"},"img":{"alt_text":"","src":"https:\/\/i0.wp.com\/larevistadigital.com.ar\/blog\/wp-content\/uploads\/dos-santos-con-giribaldi.jpg?fit=1200%2C674&ssl=1&resize=350%2C200","width":350,"height":200,"srcset":"https:\/\/i0.wp.com\/larevistadigital.com.ar\/blog\/wp-content\/uploads\/dos-santos-con-giribaldi.jpg?fit=1200%2C674&ssl=1&resize=350%2C200 1x, https:\/\/i0.wp.com\/larevistadigital.com.ar\/blog\/wp-content\/uploads\/dos-santos-con-giribaldi.jpg?fit=1200%2C674&ssl=1&resize=525%2C300 1.5x, https:\/\/i0.wp.com\/larevistadigital.com.ar\/blog\/wp-content\/uploads\/dos-santos-con-giribaldi.jpg?fit=1200%2C674&ssl=1&resize=700%2C400 2x, https:\/\/i0.wp.com\/larevistadigital.com.ar\/blog\/wp-content\/uploads\/dos-santos-con-giribaldi.jpg?fit=1200%2C674&ssl=1&resize=1050%2C600 3x"},"classes":[]}],"_links":{"self":[{"href":"https:\/\/larevistadigital.com.ar\/blog\/wp-json\/wp\/v2\/posts\/1404","targetHints":{"allow":["GET"]}}],"collection":[{"href":"https:\/\/larevistadigital.com.ar\/blog\/wp-json\/wp\/v2\/posts"}],"about":[{"href":"https:\/\/larevistadigital.com.ar\/blog\/wp-json\/wp\/v2\/types\/post"}],"author":[{"embeddable":true,"href":"https:\/\/larevistadigital.com.ar\/blog\/wp-json\/wp\/v2\/users\/2"}],"replies":[{"embeddable":true,"href":"https:\/\/larevistadigital.com.ar\/blog\/wp-json\/wp\/v2\/comments?post=1404"}],"version-history":[{"count":1,"href":"https:\/\/larevistadigital.com.ar\/blog\/wp-json\/wp\/v2\/posts\/1404\/revisions"}],"predecessor-version":[{"id":1406,"href":"https:\/\/larevistadigital.com.ar\/blog\/wp-json\/wp\/v2\/posts\/1404\/revisions\/1406"}],"wp:featuredmedia":[{"embeddable":true,"href":"https:\/\/larevistadigital.com.ar\/blog\/wp-json\/wp\/v2\/media\/1405"}],"wp:attachment":[{"href":"https:\/\/larevistadigital.com.ar\/blog\/wp-json\/wp\/v2\/media?parent=1404"}],"wp:term":[{"taxonomy":"category","embeddable":true,"href":"https:\/\/larevistadigital.com.ar\/blog\/wp-json\/wp\/v2\/categories?post=1404"},{"taxonomy":"post_tag","embeddable":true,"href":"https:\/\/larevistadigital.com.ar\/blog\/wp-json\/wp\/v2\/tags?post=1404"}],"curies":[{"name":"wp","href":"https:\/\/api.w.org\/{rel}","templated":true}]}}