{"id":14097,"date":"2020-01-09T11:51:18","date_gmt":"2020-01-09T11:51:18","guid":{"rendered":"https:\/\/larevistadigital.com.ar\/blog\/?p=14097"},"modified":"2020-01-09T11:51:18","modified_gmt":"2020-01-09T11:51:18","slug":"nena-fue-picada-por-la-peligrosa-arana-del-rincon","status":"publish","type":"post","link":"https:\/\/larevistadigital.com.ar\/blog\/nena-fue-picada-por-la-peligrosa-arana-del-rincon\/","title":{"rendered":"NENA FUE PICADA POR LA PELIGROSA ARA\u00d1A DEL RINC\u00d3N"},"content":{"rendered":"<p>Una nena\u00a0de 3 a\u00f1os fue mordida por una ara\u00f1a de rinc\u00f3n\u00a0el pasado domingo en Ingeniero White, en el sur de la provincia de Buenos Aires, y debi\u00f3 ser derivada al Hospital Penna.<\/p>\n<blockquote>\n<h3>Seg\u00fan fuentes del centro m\u00e9dico provincial, la menor fue atacada por la especie Loxoceles Laeta, lo que provoc\u00f3 una grave reacci\u00f3n cut\u00e1nea-visceral. En consecuencia, la v\u00edctima debi\u00f3 ser internada en la terapia intensiva, donde se le suministr\u00f3 el ant\u00eddoto correspondiente.<\/h3>\n<\/blockquote>\n<p>De acuerdo a lo averiguado por el medio\u00a0Telef\u00e9,\u00a0Amparo sufri\u00f3 una picadura en la zona del abd\u00f3men\u00a0y ante los primeros s\u00edntomas de dolor, sus padres la llevaron al\u00a0Hospital de White, luego al Municipal y de all\u00ed fue derivada a la Guardia Pedi\u00e1trica del Hospital Penna, en la ciudad de Buenos Aires, donde se encuentra alojada actualmente.<\/p>\n<p>La\u00a0<b>ara\u00f1a violinista<\/b>,\u00a0<b>ara\u00f1a de rinc\u00f3n<\/b>\u00a0o\u00a0<b>ara\u00f1a de los rincones<\/b>\u00a0(<i><b>Loxosceles Laeta<\/b><\/i>), es una especie de ara\u00f1a que suele esconderse en grietas y rincones de dif\u00edcil acceso, de ah\u00ed viene su nombre.\u00a0<span class=\"cita-requerida\">Es considerada como la m\u00e1s peligrosa de las ara\u00f1as del g\u00e9nero Loxoceles, y para algunos la m\u00e1s venenosa del mundo<\/span>, ya que su mordedura produce frecuentemente reacciones sist\u00e9micas severas e incluso la muerte.<\/p>\n<figure id=\"attachment_14102\" aria-describedby=\"caption-attachment-14102\" style=\"width: 1140px\" class=\"wp-caption alignnone\"><img data-recalc-dims=\"1\" loading=\"lazy\" decoding=\"async\" class=\"size-full wp-image-14102\" src=\"https:\/\/i0.wp.com\/larevistadigital.com.ar\/blog\/wp-content\/uploads\/Ara%C3%B1a-violinista-1.jpg?resize=1140%2C760&#038;ssl=1\" alt=\"\" width=\"1140\" height=\"760\" srcset=\"https:\/\/i0.wp.com\/larevistadigital.com.ar\/blog\/wp-content\/uploads\/Ara%C3%B1a-violinista-1.jpg?w=1140&amp;ssl=1 1140w, https:\/\/i0.wp.com\/larevistadigital.com.ar\/blog\/wp-content\/uploads\/Ara%C3%B1a-violinista-1.jpg?resize=300%2C200&amp;ssl=1 300w, https:\/\/i0.wp.com\/larevistadigital.com.ar\/blog\/wp-content\/uploads\/Ara%C3%B1a-violinista-1.jpg?resize=768%2C512&amp;ssl=1 768w, https:\/\/i0.wp.com\/larevistadigital.com.ar\/blog\/wp-content\/uploads\/Ara%C3%B1a-violinista-1.jpg?resize=1024%2C683&amp;ssl=1 1024w\" sizes=\"auto, (max-width: 1000px) 100vw, 1000px\" \/><figcaption id=\"caption-attachment-14102\" class=\"wp-caption-text\"><b>EN LA IMAGEN EL DIBUJO DEL \u00abVIOL\u00cdN EN EL T\u00d3RAX DEL AR\u00c1CNIDO<\/b><\/figcaption><\/figure>\n<p>Es una de las mayores especies de\u00a0<i>Loxosceles<\/i>; mide generalmente de 8 a 30\u00a0mm con las patas extendidas. Como la mayor\u00eda de las especies de\u00a0<i>Loxosceles<\/i>, es marr\u00f3n y tiene marcas en el lado dorsal del t\u00f3rax con una l\u00ednea negra que parte de ah\u00ed con forma de viol\u00edn, cuyo cuello apunta a la parte posterior de la ara\u00f1a.<\/p>\n<p>Cuando el dibujo de viol\u00edn no es visible se han de examinar los ojos para su correcta identificaci\u00f3n. A diferencia de la mayor\u00eda de las ara\u00f1as que tienen 8 ojos, las ara\u00f1as reclusas tienen 6 ojos organizados en pares (d\u00edadas) con un par mediano frontal m\u00e1s grande y 2 pares laterales muy peque\u00f1os que le proporcionan un visi\u00f3n de 300\u00ba.<\/p>\n<p><strong>DONDE HABITAN:\u00a0<\/strong><\/p>\n<p><strong>\u201cEs domiciliaria\u201d<\/strong><br \/>\nLa Loxosceles laeta\u00a0<strong>\u201ces domiciliaria\u201d<\/strong> y es frecuente encontrarla detr\u00e1s de cuadros, ba\u00fales, grietas y rincones.<\/p>\n<p><strong>\u201cSale de noche para alimentarse. No suele atacar, casi todos los accidentes se registran cuando es aplastada\u201d<\/strong>, se\u00f1al\u00f3 un especialista.<\/p>\n<p>Con frecuencia elige rincones, entretechos, partes traseras de muebles adosados a muros, montones de ropa y cualquier lugar que le resulte un ambiente oscuro y tranquilo.<\/p>\n<p>No es agresiva, pero<b>\u00a0si se siente en peligro, por ejemplo, al tocarla o aplastarla, se defiende mordiendo e inyectando veneno<\/b>.<\/p>\n<p>Su mordedura produce una brusca sensaci\u00f3n punzante en la piel y un profundo dolor desde el primer momento, seguida de una hinchaz\u00f3n en la zona afectada.<\/p>\n<p><b>La piel que rodea la mordedura se transforma en una placa roja con un centro de color viol\u00e1ceo que generalmente aparece en el centro una ampolla con contenido hemorr\u00e1gico<\/b>.<\/p>\n<p>El mejor m\u00e9todo de prevenci\u00f3n es mantener las casas limpias, incluidos dep\u00f3sitos y altillos donde se acumulan objetos y hay poca iluminaci\u00f3n.<\/p>\n<p><strong>PARA EVITAR SU MORDEDURA:<\/strong><\/p>\n<p>Agitar y revisar toda la ropa al momento de vestirse.<\/p>\n<p>Sacudir las toallas.<\/p>\n<p>Las camas no deben estar pegadas a las paredes.<\/p>\n<p>Sellar con silicona las ranuras de puertas y ventanas.<\/p>\n<p>Realizar una limpieza intensa en todos los rincones de tu hogar: abajo de los muebles, dentro de closets y atr\u00e1s de cuadros.<\/p>\n<p>Usar aracnicidas respaldados y aprobados por entidades de salud conocidas.<\/p>\n<p>Al limpiar, revisar o hacer algo en los rincones, ponerse guantes para evitar una mordedura.<\/p>\n<p>Aspirar las superficies, rincones de manera peri\u00f3dica y minuciosamente.<\/p>\n<p>Tapar los orificios, espacios abiertos en cielos, pisos o gritas para evitar que la ara\u00f1a se instale o circule por ah\u00ed.<\/p>\n<p>Tratar de no colgar ropa o toallas en las paredes.<\/p>\n<p>En lo posible, si hay ni\u00f1os en el hogar, que no jueguen dentro de armarios o con cajas, cartones, que no hayan sido inspeccionados previamente.<\/p>\n<p>Si se cambia y guarda ropa por \u00e9poca, hacerlo en un lugar con mucha luminosidad y que sea espacioso. Ya que hacerlo dentro de una habitaci\u00f3n implica que la ara\u00f1a puede escaparse y quedarse ah\u00ed mismo.<\/p>\n<p>Ante la sospecha de una mordedura de ara\u00f1a de rinc\u00f3n se recomienda lavar la zona afectada con agua y jab\u00f3n, aplicar fr\u00edo local indirecto y consultar a un servicio m\u00e9dico.<\/p>\n","protected":false},"excerpt":{"rendered":"<div class=\"mh-excerpt\"><p>Una nena\u00a0de 3 a\u00f1os fue mordida por una ara\u00f1a de rinc\u00f3n\u00a0el pasado domingo en Ingeniero White, en el sur de la provincia de Buenos Aires, y debi\u00f3 ser derivada al Hospital Penna. Seg\u00fan fuentes del <a class=\"mh-excerpt-more\" href=\"https:\/\/larevistadigital.com.ar\/blog\/nena-fue-picada-por-la-peligrosa-arana-del-rincon\/\" title=\"NENA FUE PICADA POR LA PELIGROSA ARA\u00d1A DEL RINC\u00d3N\">[Leer M\u00e1s]<\/a><\/p>\n<\/div>","protected":false},"author":3,"featured_media":14098,"comment_status":"open","ping_status":"open","sticky":false,"template":"","format":"standard","meta":{"_jetpack_memberships_contains_paid_content":false,"footnotes":"","jetpack_publicize_message":"","jetpack_publicize_feature_enabled":true,"jetpack_social_post_already_shared":true,"jetpack_social_options":{"image_generator_settings":{"template":"highway","default_image_id":0,"font":"","enabled":false},"version":2}},"categories":[50],"tags":[],"class_list":{"0":"post-14097","1":"post","2":"type-post","3":"status-publish","4":"format-standard","5":"has-post-thumbnail","7":"category-interes-general"},"jetpack_publicize_connections":[],"jetpack_featured_media_url":"https:\/\/i0.wp.com\/larevistadigital.com.ar\/blog\/wp-content\/uploads\/articles-83147_imagen_01.jpg?fit=1029%2C784&ssl=1","jetpack_sharing_enabled":true,"jetpack_shortlink":"https:\/\/wp.me\/p8qtrQ-3Fn","jetpack-related-posts":[{"id":27945,"url":"https:\/\/larevistadigital.com.ar\/blog\/muy-importante-como-reconocer-a-la-arana-de-los-rincones-que-mato-a-un-hombre-de-52-anos-y-que-hacer-si-nos-pica\/","url_meta":{"origin":14097,"position":0},"title":"MUY IMPORTANTE: C\u00d3MO RECONOCER A LA \u00abARA\u00d1A DE LOS RINCONES\u00bb QUE MAT\u00d3 A UN HOMBRE DE 52 A\u00d1OS Y QU\u00c9 HACER SI NOS PICA","author":"Alejandro Sosa Ruda","date":"21 septiembre, 2022","format":false,"excerpt":"Su veneno es diez veces m\u00e1s fuerte que el de una cobra, y su nombre es porque se encuentra en grietas, z\u00f3calos, detr\u00e1s de cuadros y lugares de dif\u00edcil acceso. Gustavo Occelli muri\u00f3 tres d\u00edas despu\u00e9s de ser picado por el peligroso ar\u00e1cnido que puede estar en cualquier casa. 21\u2026","rel":"","context":"En \u00abINTERES GENERAL\u00bb","block_context":{"text":"INTERES GENERAL","link":"https:\/\/larevistadigital.com.ar\/blog\/category\/interes-general\/"},"img":{"alt_text":"","src":"https:\/\/i0.wp.com\/larevistadigital.com.ar\/blog\/wp-content\/uploads\/loxoceles.jpg?fit=706%2C507&ssl=1&resize=350%2C200","width":350,"height":200,"srcset":"https:\/\/i0.wp.com\/larevistadigital.com.ar\/blog\/wp-content\/uploads\/loxoceles.jpg?fit=706%2C507&ssl=1&resize=350%2C200 1x, https:\/\/i0.wp.com\/larevistadigital.com.ar\/blog\/wp-content\/uploads\/loxoceles.jpg?fit=706%2C507&ssl=1&resize=525%2C300 1.5x, https:\/\/i0.wp.com\/larevistadigital.com.ar\/blog\/wp-content\/uploads\/loxoceles.jpg?fit=706%2C507&ssl=1&resize=700%2C400 2x"},"classes":[]},{"id":27937,"url":"https:\/\/larevistadigital.com.ar\/blog\/peligro-cercano-un-hombre-de-52-anos-fue-picado-por-una-arana-del-rincon-y-murio-a-los-tres-dias\/","url_meta":{"origin":14097,"position":1},"title":"PELIGRO CERCANO&#8230; UN HOMBRE DE 52 A\u00d1OS FUE PICADO POR UNA \u00abARA\u00d1A DEL RINCON\u00bb Y MURI\u00d3 A LOS TRES D\u00cdAS","author":"Alejandro Sosa Ruda","date":"21 septiembre, 2022","format":false,"excerpt":"Gustavo Occelli falleci\u00f3 tras haber requerido atenci\u00f3n m\u00e9dica en varias ocasiones. Fue picado por una ara\u00f1a del rinc\u00f3n, que est\u00e1 en las casas, detr\u00e1s de cuadros y en lugares oscuros. El ar\u00e1cnido mide aproximadamente 3 cent\u00edmetros. 21 de septiembre de 2022 BENAVIDEZ -\u00a0 Un hombre de 52 a\u00f1os\u00a0fue picado por\u2026","rel":"","context":"En \u00abINTERES GENERAL\u00bb","block_context":{"text":"INTERES GENERAL","link":"https:\/\/larevistadigital.com.ar\/blog\/category\/interes-general\/"},"img":{"alt_text":"","src":"https:\/\/i0.wp.com\/larevistadigital.com.ar\/blog\/wp-content\/uploads\/Captura-de-pantalla-2022-09-21-004058.jpg?fit=699%2C331&ssl=1&resize=350%2C200","width":350,"height":200,"srcset":"https:\/\/i0.wp.com\/larevistadigital.com.ar\/blog\/wp-content\/uploads\/Captura-de-pantalla-2022-09-21-004058.jpg?fit=699%2C331&ssl=1&resize=350%2C200 1x, https:\/\/i0.wp.com\/larevistadigital.com.ar\/blog\/wp-content\/uploads\/Captura-de-pantalla-2022-09-21-004058.jpg?fit=699%2C331&ssl=1&resize=525%2C300 1.5x"},"classes":[]},{"id":28528,"url":"https:\/\/larevistadigital.com.ar\/blog\/la-peligrosa-arana-que-puede-estar-en-cualquier-casa-se-cobro-otra-victima-ahora-una-beba-de-18-meses-en-junin\/","url_meta":{"origin":14097,"position":2},"title":"LA PELIGROSA ARA\u00d1A QUE PUEDE ESTAR EN CUALQUIER CASA, SE COBR\u00d3 OTRA V\u00cdCTIMA: AHORA UNA BEBA DE 18 MESES EN JUNIN","author":"Alejandro Sosa Ruda","date":"19 octubre, 2022","format":false,"excerpt":"Una beb\u00e9 de un a\u00f1o y medio falleci\u00f3 tras ser picada por una ara\u00f1a loxoceles, conocida como \"ara\u00f1a del rinc\u00f3n\". C\u00f3mo distinguir la picadura de este ar\u00e1cnido. Hace un mes un hombre de 52 a\u00f1os muri\u00f3 por una picadura en Benavidez 19 de octubre de 2022 JUNIN -\u00a0 Seg\u00fan detall\u00f3\u2026","rel":"","context":"En \u00abINTERES GENERAL\u00bb","block_context":{"text":"INTERES GENERAL","link":"https:\/\/larevistadigital.com.ar\/blog\/category\/interes-general\/"},"img":{"alt_text":"","src":"https:\/\/i0.wp.com\/larevistadigital.com.ar\/blog\/wp-content\/uploads\/Loxosceles-laeta1.jpg?fit=1154%2C841&ssl=1&resize=350%2C200","width":350,"height":200,"srcset":"https:\/\/i0.wp.com\/larevistadigital.com.ar\/blog\/wp-content\/uploads\/Loxosceles-laeta1.jpg?fit=1154%2C841&ssl=1&resize=350%2C200 1x, https:\/\/i0.wp.com\/larevistadigital.com.ar\/blog\/wp-content\/uploads\/Loxosceles-laeta1.jpg?fit=1154%2C841&ssl=1&resize=525%2C300 1.5x, https:\/\/i0.wp.com\/larevistadigital.com.ar\/blog\/wp-content\/uploads\/Loxosceles-laeta1.jpg?fit=1154%2C841&ssl=1&resize=700%2C400 2x, https:\/\/i0.wp.com\/larevistadigital.com.ar\/blog\/wp-content\/uploads\/Loxosceles-laeta1.jpg?fit=1154%2C841&ssl=1&resize=1050%2C600 3x"},"classes":[]},{"id":17527,"url":"https:\/\/larevistadigital.com.ar\/blog\/con-los-calores-advierten-por-aranas-y-alacranes-en-ambientes-abiertos\/","url_meta":{"origin":14097,"position":3},"title":"CON LOS CALORES, ADVIERTEN POR ARA\u00d1AS Y ALACRANES EN AMBIENTES ABIERTOS","author":"Alejandro Sosa Ruda","date":"9 noviembre, 2020","format":false,"excerpt":"No solo aparecen \"los insectos molestos\" sino tambi\u00e9n ar\u00e1cnidos y serpientes que pueden ocasionar graves problemas de salud. Los m\u00e1s frecuentes son el escorpiones, la ara\u00f1a \"viuda negra\", la ara\u00f1a \"de los cuadros\" o \"del rinc\u00f3n\", y la yarar\u00e1. La llegada de las\u00a0altas temperaturas\u00a0de cara al inicio del verano trae\u2026","rel":"","context":"En \u00abREGIONALES\u00bb","block_context":{"text":"REGIONALES","link":"https:\/\/larevistadigital.com.ar\/blog\/category\/regionales\/"},"img":{"alt_text":"","src":"https:\/\/i0.wp.com\/larevistadigital.com.ar\/blog\/wp-content\/uploads\/2018\/12\/ALACRAN.jpg?fit=1200%2C800&ssl=1&resize=350%2C200","width":350,"height":200,"srcset":"https:\/\/i0.wp.com\/larevistadigital.com.ar\/blog\/wp-content\/uploads\/2018\/12\/ALACRAN.jpg?fit=1200%2C800&ssl=1&resize=350%2C200 1x, https:\/\/i0.wp.com\/larevistadigital.com.ar\/blog\/wp-content\/uploads\/2018\/12\/ALACRAN.jpg?fit=1200%2C800&ssl=1&resize=525%2C300 1.5x, https:\/\/i0.wp.com\/larevistadigital.com.ar\/blog\/wp-content\/uploads\/2018\/12\/ALACRAN.jpg?fit=1200%2C800&ssl=1&resize=700%2C400 2x, https:\/\/i0.wp.com\/larevistadigital.com.ar\/blog\/wp-content\/uploads\/2018\/12\/ALACRAN.jpg?fit=1200%2C800&ssl=1&resize=1050%2C600 3x"},"classes":[]},{"id":720,"url":"https:\/\/larevistadigital.com.ar\/blog\/cayo-una-nena-la-laguna-debio-hospitalizada\/","url_meta":{"origin":14097,"position":4},"title":"CAY\u00d3 UNA NENA A LA LAGUNA Y DEBI\u00d3 SER HOSPITALIZADA.","author":"editor","date":"28 febrero, 2017","format":false,"excerpt":"Una ni\u00f1a de unos 3 a\u00f1os cay\u00f3 en el agua de la laguna La Rosita generando que bomberos y personal de Emergencias m\u00e9dicas concurran en su ayuda. Una fuente consultada por CASTELLIDIARIO confirm\u00f3 el hecho y agreg\u00f3 que propios familiares socorrieron en primera instancia a la menor. La ni\u00f1a fue\u2026","rel":"","context":"En \u00abCASTELLI\u00bb","block_context":{"text":"CASTELLI","link":"https:\/\/larevistadigital.com.ar\/blog\/category\/castelli\/"},"img":{"alt_text":"","src":"https:\/\/i0.wp.com\/larevistadigital.com.ar\/blog\/wp-content\/uploads\/2017\/03\/17094122_10208606623742434_841164935_n-700x383.jpg?fit=700%2C383&ssl=1&resize=350%2C200","width":350,"height":200,"srcset":"https:\/\/i0.wp.com\/larevistadigital.com.ar\/blog\/wp-content\/uploads\/2017\/03\/17094122_10208606623742434_841164935_n-700x383.jpg?fit=700%2C383&ssl=1&resize=350%2C200 1x, https:\/\/i0.wp.com\/larevistadigital.com.ar\/blog\/wp-content\/uploads\/2017\/03\/17094122_10208606623742434_841164935_n-700x383.jpg?fit=700%2C383&ssl=1&resize=525%2C300 1.5x, https:\/\/i0.wp.com\/larevistadigital.com.ar\/blog\/wp-content\/uploads\/2017\/03\/17094122_10208606623742434_841164935_n-700x383.jpg?fit=700%2C383&ssl=1&resize=700%2C400 2x"},"classes":[]},{"id":6110,"url":"https:\/\/larevistadigital.com.ar\/blog\/murio-un-chico-por-la-picadura-de-una-arana-que-puede-habitar-en-cualquiera-de-nuestras-casas\/","url_meta":{"origin":14097,"position":5},"title":"MURI\u00d3 UN CHICO POR LA PICADURA DE UNA ARA\u00d1A QUE PUEDE HABITAR EN CUALQUIERA DE NUESTRAS CASAS","author":"Alejandro Sosa Ruda","date":"3 agosto, 2018","format":false,"excerpt":"Es la ara\u00f1a conocida como \"ara\u00f1a del rinc\u00f3n\" o \"ara\u00f1a violinista\" (loxosceles laeta) y suele esconderse en grietas y rincones o debajo de los cuadros entre otros lugares del hogar. Un adolescente de 15 a\u00f1os\u00a0muri\u00f3 tras ser picado\u00a0por una \"ara\u00f1a de los rincones\"\u00a0en\u00a0Misiones.\u00a0La v\u00edctima fue identificada como\u00a0Marcos Oviedo\u00a0y viv\u00eda en\u2026","rel":"","context":"En \u00abCURIOSAS\u00bb","block_context":{"text":"CURIOSAS","link":"https:\/\/larevistadigital.com.ar\/blog\/category\/curiosas\/"},"img":{"alt_text":"","src":"https:\/\/i0.wp.com\/larevistadigital.com.ar\/blog\/wp-content\/uploads\/2018\/08\/DWInL7wUQAA-Wxj.jpg?fit=1200%2C900&ssl=1&resize=350%2C200","width":350,"height":200,"srcset":"https:\/\/i0.wp.com\/larevistadigital.com.ar\/blog\/wp-content\/uploads\/2018\/08\/DWInL7wUQAA-Wxj.jpg?fit=1200%2C900&ssl=1&resize=350%2C200 1x, https:\/\/i0.wp.com\/larevistadigital.com.ar\/blog\/wp-content\/uploads\/2018\/08\/DWInL7wUQAA-Wxj.jpg?fit=1200%2C900&ssl=1&resize=525%2C300 1.5x, https:\/\/i0.wp.com\/larevistadigital.com.ar\/blog\/wp-content\/uploads\/2018\/08\/DWInL7wUQAA-Wxj.jpg?fit=1200%2C900&ssl=1&resize=700%2C400 2x, https:\/\/i0.wp.com\/larevistadigital.com.ar\/blog\/wp-content\/uploads\/2018\/08\/DWInL7wUQAA-Wxj.jpg?fit=1200%2C900&ssl=1&resize=1050%2C600 3x"},"classes":[]}],"_links":{"self":[{"href":"https:\/\/larevistadigital.com.ar\/blog\/wp-json\/wp\/v2\/posts\/14097","targetHints":{"allow":["GET"]}}],"collection":[{"href":"https:\/\/larevistadigital.com.ar\/blog\/wp-json\/wp\/v2\/posts"}],"about":[{"href":"https:\/\/larevistadigital.com.ar\/blog\/wp-json\/wp\/v2\/types\/post"}],"author":[{"embeddable":true,"href":"https:\/\/larevistadigital.com.ar\/blog\/wp-json\/wp\/v2\/users\/3"}],"replies":[{"embeddable":true,"href":"https:\/\/larevistadigital.com.ar\/blog\/wp-json\/wp\/v2\/comments?post=14097"}],"version-history":[{"count":1,"href":"https:\/\/larevistadigital.com.ar\/blog\/wp-json\/wp\/v2\/posts\/14097\/revisions"}],"predecessor-version":[{"id":14103,"href":"https:\/\/larevistadigital.com.ar\/blog\/wp-json\/wp\/v2\/posts\/14097\/revisions\/14103"}],"wp:featuredmedia":[{"embeddable":true,"href":"https:\/\/larevistadigital.com.ar\/blog\/wp-json\/wp\/v2\/media\/14098"}],"wp:attachment":[{"href":"https:\/\/larevistadigital.com.ar\/blog\/wp-json\/wp\/v2\/media?parent=14097"}],"wp:term":[{"taxonomy":"category","embeddable":true,"href":"https:\/\/larevistadigital.com.ar\/blog\/wp-json\/wp\/v2\/categories?post=14097"},{"taxonomy":"post_tag","embeddable":true,"href":"https:\/\/larevistadigital.com.ar\/blog\/wp-json\/wp\/v2\/tags?post=14097"}],"curies":[{"name":"wp","href":"https:\/\/api.w.org\/{rel}","templated":true}]}}