{"id":14105,"date":"2020-01-09T17:43:28","date_gmt":"2020-01-09T17:43:28","guid":{"rendered":"https:\/\/larevistadigital.com.ar\/blog\/?p=14105"},"modified":"2020-01-09T17:43:28","modified_gmt":"2020-01-09T17:43:28","slug":"video-imagenes-que-confirman-sospechas-el-avion-ukraniano-fue-derribado-por-un-misil-irani","status":"publish","type":"post","link":"https:\/\/larevistadigital.com.ar\/blog\/video-imagenes-que-confirman-sospechas-el-avion-ukraniano-fue-derribado-por-un-misil-irani\/","title":{"rendered":"[VIDEO] IM\u00c1GENES QUE CONFIRMAN SOSPECHAS: EL AVI\u00d3N UKRANIANO FUE DERRIBADO POR UN MISIL IRAN\u00cd"},"content":{"rendered":"<h2><em>En la tragedia murieron 176 personas, la mayor\u00eda de nacionalidad iran\u00ed y canadiense. En contraste, el r\u00e9gimen teocr\u00e1tico sostiene que se trat\u00f3 de un accidente tras una falla mec\u00e1nica<\/em><\/h2>\n<div class=\"row pb-content-type-text\">\n<div class=\"col-xs-12 col-print-12\">\n<p class=\"element element-paragraph\">En medio de las versiones cruzadas respecto de la causa real de la ca\u00edda del avi\u00f3n ucraniano en Ir\u00e1n el pasado mi\u00e9rcoles, tomaron estado p\u00fablico im\u00e1genes que abonan aquella brindada por el gobierno estadounidense y\u00a0<b>confirmada por el jefe de Estado canadiense Justin Trudeau<\/b>: que, seg\u00fan evidencia preliminar,\u00a0<b>la aeronave habr\u00eda sido derribada, por error, por la teocracia isl\u00e1mica<\/b>.<\/p>\n<\/div>\n<\/div>\n<div class=\"row pb-content-type-text\">\n<div class=\"col-xs-12 col-print-12\">\n<p class=\"element element-paragraph\">El video mostrar\u00eda el momento en el que el misil impacta el avi\u00f3n, lo que causa\u00a0<b>una explosi\u00f3n ampliamente visible desde el suelo<\/b>. Pocos segundos despu\u00e9s, se escucha un fuerte ruido que parece ser resultado de la ca\u00edda. Seg\u00fan consign\u00f3<i>\u00a0The New York times<\/i>, que confirm\u00f3 la veracidad del video, el avi\u00f3n no explot\u00f3 en el momento sino que intent\u00f3 volver al aeropuerto, pero se precipit\u00f3 poco despu\u00e9s.<\/p>\n<\/div>\n<\/div>\n<div class=\"row pb-content-type-text\">\n<div class=\"col-xs-12 col-print-12\">\n<p><span class=\"embed-youtube\" style=\"text-align:center; display: block;\"><iframe loading=\"lazy\" class=\"youtube-player\" width=\"640\" height=\"360\" src=\"https:\/\/www.youtube.com\/embed\/MHvINGMWBCw?version=3&#038;rel=1&#038;showsearch=0&#038;showinfo=1&#038;iv_load_policy=1&#038;fs=1&#038;hl=es-ES&#038;autohide=2&#038;wmode=transparent\" allowfullscreen=\"true\" style=\"border:0;\" sandbox=\"allow-scripts allow-same-origin allow-popups allow-presentation allow-popups-to-escape-sandbox\"><\/iframe><\/span><\/p>\n<p class=\"element element-paragraph\">Inicialmente, las autoridades iran\u00edes aseguraron que el siniestro, en el que murieron los 176 pasajeros a bordo,\u00a0<b>hab\u00eda sido producto de una falla mec\u00e1nica<\/b>. No obstante, poco tiempo pas\u00f3 para que tanto representantes de la comunidad internacional comenzaran a esbozar otras teor\u00edas, entre las que se encuentra el impacto de un misil.<\/p>\n<div class=\"row pb-content-type-text\">\n<div class=\"col-xs-12 col-print-12\">\n<blockquote>\n<h3 class=\"element element-paragraph\">De hecho, el presidente de Estados Unidos, <strong>Donald Trump<\/strong>, dijo este jueves que<b>\u00a0tiene \u201csospechas\u201d sobre el hecho e indic\u00f3 que \u201calguien pudo haber cometido un error del otro lado\u201d. \u00abNo fue nuestro sistema. No. No tuvo nada que ver con nosotros\u201d<\/b>, a\u00f1adi\u00f3 el mandatario, luego de que Newsweek, CBS y CNN informaran que, seg\u00fan funcionarios de ese pa\u00eds, el avi\u00f3n hab\u00eda sido derribado accidentalmente por los sistemas de defensa a\u00e9rea iran\u00edes.<\/h3>\n<\/blockquote>\n<\/div>\n<\/div>\n<div class=\"row pb-content-type-text\">\n<div class=\"col-xs-12 col-print-12\">\n<p class=\"element element-paragraph\">La informaci\u00f3n fue confirmada por la tarde del jueves por el <strong>Trudeau:<\/strong>\u00a0<strong><em>\u201cLa evidencia indica que el avi\u00f3n fue derribado por un misil iran\u00ed. Puede que esto no haya sido intencional.\u00a0Pero refuerza la necesidad de una investigaci\u00f3n exhaustiva y cre\u00edble para determinar la causa de la ca\u00edda\u201d.<\/em><\/strong><\/p>\n<div class=\"row pb-content-type-text\">\n<div class=\"col-xs-12 col-print-12\">\n<figure id=\"attachment_14107\" aria-describedby=\"caption-attachment-14107\" style=\"width: 956px\" class=\"wp-caption alignnone\"><img data-recalc-dims=\"1\" loading=\"lazy\" decoding=\"async\" class=\"size-full wp-image-14107\" src=\"https:\/\/i0.wp.com\/larevistadigital.com.ar\/blog\/wp-content\/uploads\/Screenshot_3-35.jpg?resize=956%2C536&#038;ssl=1\" alt=\"\" width=\"956\" height=\"536\" srcset=\"https:\/\/i0.wp.com\/larevistadigital.com.ar\/blog\/wp-content\/uploads\/Screenshot_3-35.jpg?w=956&amp;ssl=1 956w, https:\/\/i0.wp.com\/larevistadigital.com.ar\/blog\/wp-content\/uploads\/Screenshot_3-35.jpg?resize=300%2C168&amp;ssl=1 300w, https:\/\/i0.wp.com\/larevistadigital.com.ar\/blog\/wp-content\/uploads\/Screenshot_3-35.jpg?resize=768%2C431&amp;ssl=1 768w, https:\/\/i0.wp.com\/larevistadigital.com.ar\/blog\/wp-content\/uploads\/Screenshot_3-35.jpg?resize=678%2C381&amp;ssl=1 678w\" sizes=\"auto, (max-width: 956px) 100vw, 956px\" \/><figcaption id=\"caption-attachment-14107\" class=\"wp-caption-text\"><strong>JUSTIN TRUDEAU<\/strong><\/figcaption><\/figure>\n<p class=\"element element-paragraph\">De acuerdo a un informante del Pent\u00e1gono, el sistema anti-a\u00e9reo iran\u00ed<b>\u00a0a\u00fan estaba activo en las zonas sensibles del pa\u00eds, dado que tem\u00eda represalias instant\u00e1neas por parte de Estados Unidos a los ataques a dos de sus bases que hab\u00edan tenido lugar horas antes<\/b>.<\/p>\n<\/div>\n<\/div>\n<div class=\"row pb-content-type-text\">\n<div class=\"col-xs-12 col-print-12\">\n<p class=\"element element-paragraph\">El contraataque nunca se produjo, pero las bases defensivas del r\u00e9gimen se mantuvieron alerta. Los oficiales de inteligencia creen que<b>\u00a0lo que impact\u00f3 contra el vuelo 752 fue un misil tierra-aire Tor-M1 construido en Rusia, conocido por la Organizaci\u00f3n del Tratado del Atl\u00e1ntico Norte (OTAN) como Gauntlet<\/b>. Diferentes im\u00e1genes comenzaron a circular el mi\u00e9rcoles luego del grav\u00edsimo incidente de lo que parec\u00edan ser fragmentos de un Tor M-1.<\/p>\n<\/div>\n<\/div>\n<div class=\"row pb-content-type-text\">\n<div class=\"col-xs-12 col-print-12\">\n<p class=\"element element-paragraph\">Apenas unas horas antes, Estados Unidos hab\u00eda ordenado, a trav\u00e9s de la Administraci\u00f3n Federal de Avi\u00f3n norteamericana (FAA, por sus siglas en ingl\u00e9s),\u00a0<b>la prohibici\u00f3n de las operaciones de aviones norteamericanos no militares \u201cen el espacio a\u00e9reo sobre Irak, Ir\u00e1n y las aguas del Golfo P\u00e9rsico y el Golfo de Om\u00e1n\u201d<\/b>. <strong><em>\u201cLa FAA continuar\u00e1 de cerca monitoreando eventos en el Medio Oriente. Continuamos coordinando con nuestros socios de seguridad nacional y compartiendo informaci\u00f3n con los transportistas a\u00e9reos estadounidenses y las autoridades de aviaci\u00f3n civil extranjeras\u201d<\/em><\/strong>, agrega el comunicado.<\/p>\n<p>PUBLICADO EN INFOBAE<\/p>\n<\/div>\n<\/div>\n<\/div>\n<\/div>\n<\/div>\n<\/div>\n","protected":false},"excerpt":{"rendered":"<div class=\"mh-excerpt\"><p>En la tragedia murieron 176 personas, la mayor\u00eda de nacionalidad iran\u00ed y canadiense. En contraste, el r\u00e9gimen teocr\u00e1tico sostiene que se trat\u00f3 de un accidente tras una falla mec\u00e1nica En medio de las versiones cruzadas <a class=\"mh-excerpt-more\" href=\"https:\/\/larevistadigital.com.ar\/blog\/video-imagenes-que-confirman-sospechas-el-avion-ukraniano-fue-derribado-por-un-misil-irani\/\" title=\"[VIDEO] IM\u00c1GENES QUE CONFIRMAN SOSPECHAS: EL AVI\u00d3N UKRANIANO FUE DERRIBADO POR UN MISIL IRAN\u00cd\">[Leer M\u00e1s]<\/a><\/p>\n<\/div>","protected":false},"author":3,"featured_media":14106,"comment_status":"open","ping_status":"open","sticky":false,"template":"","format":"standard","meta":{"_jetpack_memberships_contains_paid_content":false,"footnotes":"","jetpack_publicize_message":"","jetpack_publicize_feature_enabled":true,"jetpack_social_post_already_shared":true,"jetpack_social_options":{"image_generator_settings":{"template":"highway","default_image_id":0,"font":"","enabled":false},"version":2}},"categories":[41],"tags":[],"class_list":{"0":"post-14105","1":"post","2":"type-post","3":"status-publish","4":"format-standard","5":"has-post-thumbnail","7":"category-destacadas"},"jetpack_publicize_connections":[],"jetpack_featured_media_url":"https:\/\/i0.wp.com\/larevistadigital.com.ar\/blog\/wp-content\/uploads\/Screenshot_2-72.jpg?fit=925%2C441&ssl=1","jetpack_sharing_enabled":true,"jetpack_shortlink":"https:\/\/wp.me\/p8qtrQ-3Fv","jetpack-related-posts":[{"id":14065,"url":"https:\/\/larevistadigital.com.ar\/blog\/un-avion-con-180-pasajeros-se-estrello-en-iran\/","url_meta":{"origin":14105,"position":0},"title":"UN AVI\u00d3N CON 180 PASAJEROS SE ESTRELL\u00d3 EN IR\u00c1N","author":"Alejandro Sosa Ruda","date":"7 enero, 2020","format":false,"excerpt":"Es de nacionalidad Ucraniana, y se estrell\u00f3 en Teher\u00e1n. aparentemente fue un problema \"t\u00e9cnico\" Un avi\u00f3n\u00a0Boeing 737\u00a0se estrell\u00f3 poco despu\u00e9s de despegar del aeropuerto de Teher\u00e1n debido a un problema t\u00e9cnico, inform\u00f3 el medio de comunicaci\u00f3n estatal iran\u00ed ISNA. El avi\u00f3n, que transportaba\u00a0180 personas entre pasajeros y tripulantes, se dirig\u00eda\u2026","rel":"","context":"En \u00abDESTACADAS\u00bb","block_context":{"text":"DESTACADAS","link":"https:\/\/larevistadigital.com.ar\/blog\/category\/destacadas\/"},"img":{"alt_text":"","src":"https:\/\/i0.wp.com\/larevistadigital.com.ar\/blog\/wp-content\/uploads\/Screenshot_1-80.jpg?fit=932%2C511&ssl=1&resize=350%2C200","width":350,"height":200,"srcset":"https:\/\/i0.wp.com\/larevistadigital.com.ar\/blog\/wp-content\/uploads\/Screenshot_1-80.jpg?fit=932%2C511&ssl=1&resize=350%2C200 1x, https:\/\/i0.wp.com\/larevistadigital.com.ar\/blog\/wp-content\/uploads\/Screenshot_1-80.jpg?fit=932%2C511&ssl=1&resize=525%2C300 1.5x, https:\/\/i0.wp.com\/larevistadigital.com.ar\/blog\/wp-content\/uploads\/Screenshot_1-80.jpg?fit=932%2C511&ssl=1&resize=700%2C400 2x"},"classes":[]},{"id":5235,"url":"https:\/\/larevistadigital.com.ar\/blog\/locura-total-prueban-con-exito-un-misil-que-burla-las-defensas-de-los-estados-unidos\/","url_meta":{"origin":14105,"position":1},"title":"LOCURA TOTAL&#8230; PRUEBAN CON \u00c9XITO UN MISIL QUE BURLA LAS DEFENSAS DE LOS ESTADOS UNIDOS","author":"Alejandro Sosa Ruda","date":"11 marzo, 2018","format":false,"excerpt":"SE TRATA DEL MISIL RUSO HIPERS\u00d3NICO \"KINZHAL\", CAPAZ DE SUPERAR EL ESCUDO ANTIMISILES ESTADOUNIDENSE, A DIEZ D\u00cdAS QUE VLADIMIR PUTIN ANUNCIARA QUE SU PA\u00cdS CUENTA CON ARMAS DE \u00daLTIMA GENERACI\u00d3N. Desde el Ministerio de Defensa Ruso, se inform\u00f3 \u00e9ste domingo que \"la tripulaci\u00f3n de una Caza MIG-31 efectu\u00f3 un lanzamiento\u2026","rel":"","context":"En \u00abDESTACADAS\u00bb","block_context":{"text":"DESTACADAS","link":"https:\/\/larevistadigital.com.ar\/blog\/category\/destacadas\/"},"img":{"alt_text":"","src":"https:\/\/i0.wp.com\/larevistadigital.com.ar\/blog\/wp-content\/uploads\/2018\/03\/lacalle.com_.ve-como-sobrevivir-a-una-explosion-nuclear-segun-china-maxresdefault.jpg?fit=1200%2C675&ssl=1&resize=350%2C200","width":350,"height":200,"srcset":"https:\/\/i0.wp.com\/larevistadigital.com.ar\/blog\/wp-content\/uploads\/2018\/03\/lacalle.com_.ve-como-sobrevivir-a-una-explosion-nuclear-segun-china-maxresdefault.jpg?fit=1200%2C675&ssl=1&resize=350%2C200 1x, https:\/\/i0.wp.com\/larevistadigital.com.ar\/blog\/wp-content\/uploads\/2018\/03\/lacalle.com_.ve-como-sobrevivir-a-una-explosion-nuclear-segun-china-maxresdefault.jpg?fit=1200%2C675&ssl=1&resize=525%2C300 1.5x, https:\/\/i0.wp.com\/larevistadigital.com.ar\/blog\/wp-content\/uploads\/2018\/03\/lacalle.com_.ve-como-sobrevivir-a-una-explosion-nuclear-segun-china-maxresdefault.jpg?fit=1200%2C675&ssl=1&resize=700%2C400 2x, https:\/\/i0.wp.com\/larevistadigital.com.ar\/blog\/wp-content\/uploads\/2018\/03\/lacalle.com_.ve-como-sobrevivir-a-una-explosion-nuclear-segun-china-maxresdefault.jpg?fit=1200%2C675&ssl=1&resize=1050%2C600 3x"},"classes":[]},{"id":23680,"url":"https:\/\/larevistadigital.com.ar\/blog\/un-mecanico-fue-aplastado-por-un-avion-mientras-hacia-mantenimiento-en-el-aerodromo-de-moron\/","url_meta":{"origin":14105,"position":2},"title":"UN MEC\u00c1NICO FUE APLASTADO POR UN AVI\u00d3N MIENTRAS HAC\u00cdA MANTENIMIENTO EN EL AER\u00d3DROMO DE MORON","author":"Alejandro Sosa Ruda","date":"30 enero, 2022","format":false,"excerpt":"La causa fue caratulada como \u201cAveriguaci\u00f3n de il\u00edcito\u201d y se encuentra en la Unidad Funcional de Instrucci\u00f3n y Juicio N\u00b07 del Departamento Judicial de la Comuna, a cargo de la Dra. Picco, desde donde se dispuso el secuestro de la aeronave para poder realizar tareas periciales y de investigaci\u00f3n. MOR\u00d3N\u2026","rel":"","context":"En \u00abINTERES GENERAL\u00bb","block_context":{"text":"INTERES GENERAL","link":"https:\/\/larevistadigital.com.ar\/blog\/category\/interes-general\/"},"img":{"alt_text":"","src":"https:\/\/i0.wp.com\/larevistadigital.com.ar\/blog\/wp-content\/uploads\/20220128174658_avio.jpg?fit=880%2C512&ssl=1&resize=350%2C200","width":350,"height":200,"srcset":"https:\/\/i0.wp.com\/larevistadigital.com.ar\/blog\/wp-content\/uploads\/20220128174658_avio.jpg?fit=880%2C512&ssl=1&resize=350%2C200 1x, https:\/\/i0.wp.com\/larevistadigital.com.ar\/blog\/wp-content\/uploads\/20220128174658_avio.jpg?fit=880%2C512&ssl=1&resize=525%2C300 1.5x, https:\/\/i0.wp.com\/larevistadigital.com.ar\/blog\/wp-content\/uploads\/20220128174658_avio.jpg?fit=880%2C512&ssl=1&resize=700%2C400 2x"},"classes":[]},{"id":24714,"url":"https:\/\/larevistadigital.com.ar\/blog\/se-estrello-en-china-un-avion-con-132-pasajeros\/","url_meta":{"origin":14105,"position":3},"title":"SE ESTRELL\u00d3 EN CHINA UN AVI\u00d3N CON 132 PASAJEROS","author":"Alejandro Sosa Ruda","date":"21 marzo, 2022","format":false,"excerpt":"Un avi\u00f3n se estrell\u00f3 en una zona monta\u00f1osa del sur de China. Rescatistas buscan sobrevivientes. Un avi\u00f3n con 132 pasajeros a bordo se ha estrellado este lunes por la tarde (hora local) en una zona monta\u00f1osa del sur de China.\u00a0De acuerdo a medios estatales, los equipos de rescate buscan sobrevivientes\u00a0en\u2026","rel":"","context":"En \u00abDESTACADAS\u00bb","block_context":{"text":"DESTACADAS","link":"https:\/\/larevistadigital.com.ar\/blog\/category\/destacadas\/"},"img":{"alt_text":"","src":"https:\/\/i0.wp.com\/larevistadigital.com.ar\/blog\/wp-content\/uploads\/Captura-de-pantalla-2022-03-21-112718.jpg?fit=908%2C728&ssl=1&resize=350%2C200","width":350,"height":200,"srcset":"https:\/\/i0.wp.com\/larevistadigital.com.ar\/blog\/wp-content\/uploads\/Captura-de-pantalla-2022-03-21-112718.jpg?fit=908%2C728&ssl=1&resize=350%2C200 1x, https:\/\/i0.wp.com\/larevistadigital.com.ar\/blog\/wp-content\/uploads\/Captura-de-pantalla-2022-03-21-112718.jpg?fit=908%2C728&ssl=1&resize=525%2C300 1.5x, https:\/\/i0.wp.com\/larevistadigital.com.ar\/blog\/wp-content\/uploads\/Captura-de-pantalla-2022-03-21-112718.jpg?fit=908%2C728&ssl=1&resize=700%2C400 2x"},"classes":[]},{"id":26021,"url":"https:\/\/larevistadigital.com.ar\/blog\/neymar-aterrorizado-su-avion-privado-debio-realizar-un-aterrizaje-de-emergencia\/","url_meta":{"origin":14105,"position":4},"title":"NEYMAR ATERRORIZADO: SU AVI\u00d3N PRIVADO DEBI\u00d3 REALIZAR UN ATERRIZAJE DE EMERGENCIA","author":"Alejandro Sosa Ruda","date":"21 junio, 2022","format":false,"excerpt":"El astro viajaba desde Estados Unidos hacia San Pablo cuando su aeronave privado tuvo un problema con el parabrisas y tuvo que interrumpir su vuelo. El brasile\u00f1o Neymar pas\u00f3 un fuerte susto este martes cuando su avi\u00f3n privado tuvo que aterrizar de emergencia en Boa Vista, en el estado de\u2026","rel":"","context":"En \u00abINTERES GENERAL\u00bb","block_context":{"text":"INTERES GENERAL","link":"https:\/\/larevistadigital.com.ar\/blog\/category\/interes-general\/"},"img":{"alt_text":"","src":"https:\/\/i0.wp.com\/larevistadigital.com.ar\/blog\/wp-content\/uploads\/16558292113879.jpg?fit=1200%2C675&ssl=1&resize=350%2C200","width":350,"height":200,"srcset":"https:\/\/i0.wp.com\/larevistadigital.com.ar\/blog\/wp-content\/uploads\/16558292113879.jpg?fit=1200%2C675&ssl=1&resize=350%2C200 1x, https:\/\/i0.wp.com\/larevistadigital.com.ar\/blog\/wp-content\/uploads\/16558292113879.jpg?fit=1200%2C675&ssl=1&resize=525%2C300 1.5x, https:\/\/i0.wp.com\/larevistadigital.com.ar\/blog\/wp-content\/uploads\/16558292113879.jpg?fit=1200%2C675&ssl=1&resize=700%2C400 2x, https:\/\/i0.wp.com\/larevistadigital.com.ar\/blog\/wp-content\/uploads\/16558292113879.jpg?fit=1200%2C675&ssl=1&resize=1050%2C600 3x"},"classes":[]},{"id":5532,"url":"https:\/\/larevistadigital.com.ar\/blog\/tension-internacional-siria-intercepto-dos-misiles-israelies-cerca-de-damasco\/","url_meta":{"origin":14105,"position":5},"title":"TENSI\u00d3N INTERNACIONAL: Siria intercept\u00f3 dos misiles israel\u00edes cerca de Damasco","author":"Alejandro Sosa Ruda","date":"9 mayo, 2018","format":false,"excerpt":"Los \u201cdep\u00f3sitos de armas apuntados pertenec\u00edan a los Guardianes de la revoluci\u00f3n iran\u00ed\u201d, agreg\u00f3 el director de OSDH, Rami Abdel Rahman \u00a0 CABLE -\u00a0Al menos\u00a0nueve combatientes\u00a0que luchan del lado del\u00a0r\u00e9gimen sirio murieron\u00a0en la noche del martes por el\u00a0lanzamiento de misiles israel\u00edes\u00a0que ten\u00edan como objetivo un punto cerca de\u00a0Damasco, indic\u00f3 el\u00a0Observatorio\u2026","rel":"","context":"En \u00abDESTACADAS\u00bb","block_context":{"text":"DESTACADAS","link":"https:\/\/larevistadigital.com.ar\/blog\/category\/destacadas\/"},"img":{"alt_text":"","src":"https:\/\/i0.wp.com\/larevistadigital.com.ar\/blog\/wp-content\/uploads\/2018\/05\/f999x666-454865_549930_14.jpg?fit=999%2C665&ssl=1&resize=350%2C200","width":350,"height":200,"srcset":"https:\/\/i0.wp.com\/larevistadigital.com.ar\/blog\/wp-content\/uploads\/2018\/05\/f999x666-454865_549930_14.jpg?fit=999%2C665&ssl=1&resize=350%2C200 1x, https:\/\/i0.wp.com\/larevistadigital.com.ar\/blog\/wp-content\/uploads\/2018\/05\/f999x666-454865_549930_14.jpg?fit=999%2C665&ssl=1&resize=525%2C300 1.5x, https:\/\/i0.wp.com\/larevistadigital.com.ar\/blog\/wp-content\/uploads\/2018\/05\/f999x666-454865_549930_14.jpg?fit=999%2C665&ssl=1&resize=700%2C400 2x"},"classes":[]}],"_links":{"self":[{"href":"https:\/\/larevistadigital.com.ar\/blog\/wp-json\/wp\/v2\/posts\/14105","targetHints":{"allow":["GET"]}}],"collection":[{"href":"https:\/\/larevistadigital.com.ar\/blog\/wp-json\/wp\/v2\/posts"}],"about":[{"href":"https:\/\/larevistadigital.com.ar\/blog\/wp-json\/wp\/v2\/types\/post"}],"author":[{"embeddable":true,"href":"https:\/\/larevistadigital.com.ar\/blog\/wp-json\/wp\/v2\/users\/3"}],"replies":[{"embeddable":true,"href":"https:\/\/larevistadigital.com.ar\/blog\/wp-json\/wp\/v2\/comments?post=14105"}],"version-history":[{"count":1,"href":"https:\/\/larevistadigital.com.ar\/blog\/wp-json\/wp\/v2\/posts\/14105\/revisions"}],"predecessor-version":[{"id":14108,"href":"https:\/\/larevistadigital.com.ar\/blog\/wp-json\/wp\/v2\/posts\/14105\/revisions\/14108"}],"wp:featuredmedia":[{"embeddable":true,"href":"https:\/\/larevistadigital.com.ar\/blog\/wp-json\/wp\/v2\/media\/14106"}],"wp:attachment":[{"href":"https:\/\/larevistadigital.com.ar\/blog\/wp-json\/wp\/v2\/media?parent=14105"}],"wp:term":[{"taxonomy":"category","embeddable":true,"href":"https:\/\/larevistadigital.com.ar\/blog\/wp-json\/wp\/v2\/categories?post=14105"},{"taxonomy":"post_tag","embeddable":true,"href":"https:\/\/larevistadigital.com.ar\/blog\/wp-json\/wp\/v2\/tags?post=14105"}],"curies":[{"name":"wp","href":"https:\/\/api.w.org\/{rel}","templated":true}]}}