{"id":14114,"date":"2020-01-10T17:39:51","date_gmt":"2020-01-10T17:39:51","guid":{"rendered":"https:\/\/larevistadigital.com.ar\/blog\/?p=14114"},"modified":"2020-01-10T17:39:51","modified_gmt":"2020-01-10T17:39:51","slug":"panico-en-un-parque-acuatico-de-mar-del-plata-una-pareja-sufrio-heridas-al-desprenderse-un-tobogan","status":"publish","type":"post","link":"https:\/\/larevistadigital.com.ar\/blog\/panico-en-un-parque-acuatico-de-mar-del-plata-una-pareja-sufrio-heridas-al-desprenderse-un-tobogan\/","title":{"rendered":"P\u00c1NICO EN UN PARQUE ACU\u00c1TICO DE MAR DEL PLATA: UNA PAREJA SUFRI\u00d3 HERIDAS AL DESPRENDERSE UN TOBOG\u00c1N"},"content":{"rendered":"<h2><em>Hern\u00e1n Cobos y Noelia Medina resultaron heridos a ra\u00edz de un accidente en el complejo \u201cAquopolis\u201d de la ciudad balnearia, luego de utilizar uno de los juegos<\/em><\/h2>\n<div class=\"row pb-content-type-text\">\n<div class=\"col-xs-12 col-print-12\">\n<p class=\"element element-paragraph\">Lo que una pareja de marplatenses,\u00a0<b>Hern\u00e1n Cobos<\/b>\u00a0y\u00a0<b>Noelia Medina<\/b>, esperaban que fuera una tarde de diversi\u00f3n en el parque\u00a0<b>\u201cAquopolis\u00bb<\/b>\u00a0de Mar del Plata, termin\u00f3 para ambos de la peor manera luego de que un tobog\u00e1n se desprendiera y les terminara provocando m\u00faltiples heridas. \u00c9l sufri\u00f3 un profundo corte en una de sus piernas y ella sali\u00f3 despedida del tobog\u00e1n, lo que le ocasion\u00f3 lesiones en la cabeza y otras partes del cuerpo.<\/p>\n<\/div>\n<\/div>\n<div class=\"row pb-content-type-text\">\n<div class=\"col-xs-12 col-print-12\">\n<blockquote>\n<h3 class=\"element element-paragraph\">Si bien tras lo ocurrido ambos fueron asistidos de inmediato por el personal del lugar, en las \u00faltimas horas decidieron salir a contar lo que les hab\u00eda pasado una semana atr\u00e1s. Seg\u00fan explicaron por distintas v\u00edas y en comunicaci\u00f3n con distintos medios locales, motivados ante la actitud de la empresa, que tras brindarles una atenci\u00f3n primaria en aquel momento, se\u00a0<b>desentendi\u00f3<\/b>\u00a0de la situaci\u00f3n.<\/h3>\n<\/blockquote>\n<div class=\"row pb-content-type-text\">\n<div class=\"col-xs-12 col-print-12\">\n<p class=\"element element-paragraph\"><b>Hern\u00e1n<\/b>\u00a0y\u00a0<b>Noelia<\/b>\u00a0hab\u00edan hab\u00edan querido pasar el primer fin de semana del a\u00f1o de una forma diferente. Por eso el viernes 3 de enero ingresaron al camping \u201cEl Griego\u201d y contrataron dos d\u00edas de estad\u00eda. <em><strong>\u201cCuando abon\u00e1s el camping ten\u00e9s acceso al parque acu\u00e1tico \u2018Aquopolis\u2019 as\u00ed que luego del almuerzo nos dispusimos a cruzar y disfrutar una tarde con pileta y juegos entre amigos\u201d<\/strong><\/em>, comparti\u00f3 la pareja con el medio marplatense\u00a0<i>Qu\u00e9 digital<\/i>.<\/p>\n<\/div>\n<\/div>\n<div class=\"row pb-content-type-text\">\n<div class=\"col-xs-12 col-print-12\">\n<p class=\"element element-paragraph\"><img data-recalc-dims=\"1\" loading=\"lazy\" decoding=\"async\" class=\"size-full wp-image-14117 aligncenter\" src=\"https:\/\/i0.wp.com\/larevistadigital.com.ar\/blog\/wp-content\/uploads\/Screenshot_1-83.jpg?resize=937%2C522&#038;ssl=1\" alt=\"\" width=\"937\" height=\"522\" srcset=\"https:\/\/i0.wp.com\/larevistadigital.com.ar\/blog\/wp-content\/uploads\/Screenshot_1-83.jpg?w=937&amp;ssl=1 937w, https:\/\/i0.wp.com\/larevistadigital.com.ar\/blog\/wp-content\/uploads\/Screenshot_1-83.jpg?resize=300%2C167&amp;ssl=1 300w, https:\/\/i0.wp.com\/larevistadigital.com.ar\/blog\/wp-content\/uploads\/Screenshot_1-83.jpg?resize=768%2C428&amp;ssl=1 768w\" sizes=\"auto, (max-width: 937px) 100vw, 937px\" \/><\/p>\n<p class=\"element element-paragraph\">Fue despu\u00e9s de pasar un rato en la pileta que<strong> Hern\u00e1n y Noelia<\/strong> decidieron aprovechar los juegos del parque acu\u00e1tico, porque a pesar de ser de Mar del Plata nunca hab\u00edan ido. Eran alrededor de las 15.30, recordaron, cuando hicieron la fila para tirarse del tobog\u00e1n que est\u00e1 al final del predio.<\/p>\n<div class=\"row pb-content-type-text\">\n<div class=\"col-xs-12 col-print-12\">\n<p class=\"element element-paragraph\"><em><strong>\u201cLlega nuestro turno, retiramos el gom\u00f3n y procedemos a subir. Ya arriba con mucha adrenalina y emoci\u00f3n el encargado del juego nos empuja y empieza la pesadilla\u201d<\/strong><\/em>, describi\u00f3 la mujer y agreg\u00f3: <em><strong>\u201c\u00cdbamos bajando, y llegando al final el gom\u00f3n en el que \u00edbamos bordea el l\u00edmite del tobog\u00e1n abierto. Es en ese momento cuando (el tobog\u00e1n) se abre, lastimando la pierna de Hern\u00e1n al punto de dejar a la vista el hueso y yo salgo despedida golpeado mi cabeza y dem\u00e1s partes del cuerpo\u201d<\/strong><\/em>, expuso.<\/p>\n<\/div>\n<\/div>\n<div class=\"row pb-content-type-text\">\n<div class=\"col-xs-12 col-print-12\">\n<blockquote>\n<h3 class=\"element element-paragraph\">Sin perder tiempo los empleados del lugar los llevaron a una enfermer\u00eda que hay en el predio y donde los asistieron.<strong><em> \u201cMinimizaron la situaci\u00f3n y llamaron al servicio de ambulancia de Cardio\u201d<\/em><\/strong>, se quej\u00f3 <strong>Noelia<\/strong>. La ambulancia tard\u00f3 unos 40 minutos en llegar, <strong>Hern\u00e1n<\/strong> fue trasladado en una camilla y su pareja viaj\u00f3 en el asiento del enfermo dentro de la unidad.<\/h3>\n<\/blockquote>\n<\/div>\n<\/div>\n<div class=\"row pb-content-type-text\">\n<div class=\"col-xs-12 col-print-12\">\n<p class=\"element element-paragraph\">Una vez en la Cl\u00ednica de Fracturas se dirigieron directamente a la guardia donde fueron asistiros. A <strong>Noelia<\/strong> debieron suturarle la herida de la cabeza con cinco puntos y recibi\u00f3 medicaci\u00f3n para el resto de los hematomas que ten\u00eda en su cuerpo. En cuanto a <strong>Hern\u00e1n<\/strong> se le realiz\u00f3 una suturaci\u00f3n en la pierna de cerca de 25 cent\u00edmetros.<\/p>\n<div class=\"row pb-content-type-text\">\n<div class=\"col-xs-12 col-print-12\">\n<blockquote>\n<h3 class=\"element element-paragraph\">Aunque desde la empresa les hab\u00edan dicho que se har\u00edan cargo comunic\u00e1ndose con la cl\u00ednica de sus tratamientos, la pareja denuncia que en ning\u00fan momento se comunicaron con ellos para preguntar si estaban bien o si necesitaban algo. Reci\u00e9n el domingo al mediod\u00eda le dieron el alta a Hern\u00e1n, que no tiene obra social, y que al salir de la cl\u00ednica se encontr\u00f3 solo para afrontar un proceso de rehabilitaci\u00f3n del que nadie se hace cargo.<\/h3>\n<\/blockquote>\n<\/div>\n<\/div>\n<div class=\"row pb-content-type-text\">\n<div class=\"col-xs-12 col-print-12\">\n<p class=\"element element-paragraph\"><strong><em>\u201cContinuamos con dolores y hematomas, y estamos intentando atendernos por nuestros propios medios\u00bb<\/em><\/strong>, le dijeron al medio marplatense, antes de asegurar: <em><strong>\u201cAs\u00ed estamos los dos, con mucha impotencia y angustia, y con ganas de que a nadie m\u00e1s le vuelva a tocar lo que nos toc\u00f3 y se lavaron las manos\u00bb<\/strong><\/em>. Fue entonces que <strong>Noelia<\/strong> decidi\u00f3 realizar la denuncia en la dependencia policial de Acantilados.<\/p>\n<\/div>\n<\/div>\n<div class=\"row pb-content-type-text\">\n<div class=\"col-xs-12 col-print-12\">\n<p class=\"element element-paragraph\">Fuentes cercanas al municipio en tanto le dijeron a\u00a0<b>Infobae<\/b>\u00a0que el estableceimiento contaba con todas las habilitaciones y se hab\u00edan realizado todos los controles correspondientes. En base al relato de personal relacionado a la empresa, habr\u00edan sido los empleados del lugar los que cometieron un error al permitirles subir al juego juntos, cuando entre ambos superaban el peso m\u00e1ximo permitido de carga.<\/p>\n<p>publicado en INFOBAE<\/p>\n<\/div>\n<\/div>\n<\/div>\n<\/div>\n<\/div>\n<\/div>\n<\/div>\n<\/div>\n","protected":false},"excerpt":{"rendered":"<div class=\"mh-excerpt\"><p>Hern\u00e1n Cobos y Noelia Medina resultaron heridos a ra\u00edz de un accidente en el complejo \u201cAquopolis\u201d de la ciudad balnearia, luego de utilizar uno de los juegos Lo que una pareja de marplatenses,\u00a0Hern\u00e1n Cobos\u00a0y\u00a0Noelia Medina, <a class=\"mh-excerpt-more\" href=\"https:\/\/larevistadigital.com.ar\/blog\/panico-en-un-parque-acuatico-de-mar-del-plata-una-pareja-sufrio-heridas-al-desprenderse-un-tobogan\/\" title=\"P\u00c1NICO EN UN PARQUE ACU\u00c1TICO DE MAR DEL PLATA: UNA PAREJA SUFRI\u00d3 HERIDAS AL DESPRENDERSE UN TOBOG\u00c1N\">[Leer M\u00e1s]<\/a><\/p>\n<\/div>","protected":false},"author":3,"featured_media":14116,"comment_status":"open","ping_status":"open","sticky":false,"template":"","format":"standard","meta":{"_jetpack_memberships_contains_paid_content":false,"footnotes":"","jetpack_publicize_message":"","jetpack_publicize_feature_enabled":true,"jetpack_social_post_already_shared":true,"jetpack_social_options":{"image_generator_settings":{"template":"highway","default_image_id":0,"font":"","enabled":false},"version":2}},"categories":[51],"tags":[],"class_list":{"0":"post-14114","1":"post","2":"type-post","3":"status-publish","4":"format-standard","5":"has-post-thumbnail","7":"category-regionales"},"jetpack_publicize_connections":[],"jetpack_featured_media_url":"https:\/\/i0.wp.com\/larevistadigital.com.ar\/blog\/wp-content\/uploads\/Screenshot_2-73.jpg?fit=938%2C773&ssl=1","jetpack_sharing_enabled":true,"jetpack_shortlink":"https:\/\/wp.me\/p8qtrQ-3FE","jetpack-related-posts":[{"id":31852,"url":"https:\/\/larevistadigital.com.ar\/blog\/denuncian-que-faenaron-un-caballo-a-la-vera-de-la-ruta-como-si-nada\/","url_meta":{"origin":14114,"position":0},"title":"DENUNCIAN QUE FAENARON UN CABALLO A LA VERA DE LA RUTA \u00abCOMO SI NADA\u00bb","author":"Alejandro Sosa Ruda","date":"4 junio, 2023","format":false,"excerpt":"El lamentable hecho, ocurri\u00f3 este domingo por la tarde en la Avenida Jorge Newbery, entre Rumenc\u00f3 y Aquopolis. 4 de Junio de 2023 MAR DEL PLATA -\u00a0 La aparici\u00f3n de un caballo sin vida\u00a0con signos de haber sido descuartizado en el barrio Santa Rosa de Mar del Plata caus\u00f3 conmoci\u00f3n\u2026","rel":"","context":"En \u00abPOLICIALES\u00bb","block_context":{"text":"POLICIALES","link":"https:\/\/larevistadigital.com.ar\/blog\/category\/policiales\/"},"img":{"alt_text":"","src":"https:\/\/i0.wp.com\/larevistadigital.com.ar\/blog\/wp-content\/uploads\/faena-caballo.jpg?fit=808%2C397&ssl=1&resize=350%2C200","width":350,"height":200,"srcset":"https:\/\/i0.wp.com\/larevistadigital.com.ar\/blog\/wp-content\/uploads\/faena-caballo.jpg?fit=808%2C397&ssl=1&resize=350%2C200 1x, https:\/\/i0.wp.com\/larevistadigital.com.ar\/blog\/wp-content\/uploads\/faena-caballo.jpg?fit=808%2C397&ssl=1&resize=525%2C300 1.5x, https:\/\/i0.wp.com\/larevistadigital.com.ar\/blog\/wp-content\/uploads\/faena-caballo.jpg?fit=808%2C397&ssl=1&resize=700%2C400 2x"},"classes":[]},{"id":39192,"url":"https:\/\/larevistadigital.com.ar\/blog\/impactante-accidente-en-mar-del-plata-un-auto-cayo-por-los-acantilados-y-una-mujer-lucha-por-su-vida\/","url_meta":{"origin":14114,"position":1},"title":"Impactante accidente en Mar del Plata: un auto cay\u00f3 por los acantilados y una mujer lucha por su vida","author":"Alejandro Sosa Ruda","date":"29 marzo, 2025","format":false,"excerpt":"La v\u00edctima sufri\u00f3 graves heridas tras el brutal impacto contra las rocas. Fue rescatada y trasladada de urgencia al Hospital Interzonal. 29 de Marzo de 2025 MAR DEL PLATA -\u00a0 Un dram\u00e1tico accidente ocurri\u00f3 anoche en Mar del Plata, cuando un auto cay\u00f3 por los acantilados a pocos kil\u00f3metros de\u2026","rel":"","context":"En \u00abPOLICIALES\u00bb","block_context":{"text":"POLICIALES","link":"https:\/\/larevistadigital.com.ar\/blog\/category\/policiales\/"},"img":{"alt_text":"","src":"https:\/\/i0.wp.com\/larevistadigital.com.ar\/blog\/wp-content\/uploads\/d5c773ff63ec7a036a8ae9fd257d616bda301f15.jpeg?fit=1140%2C641&ssl=1&resize=350%2C200","width":350,"height":200,"srcset":"https:\/\/i0.wp.com\/larevistadigital.com.ar\/blog\/wp-content\/uploads\/d5c773ff63ec7a036a8ae9fd257d616bda301f15.jpeg?fit=1140%2C641&ssl=1&resize=350%2C200 1x, https:\/\/i0.wp.com\/larevistadigital.com.ar\/blog\/wp-content\/uploads\/d5c773ff63ec7a036a8ae9fd257d616bda301f15.jpeg?fit=1140%2C641&ssl=1&resize=525%2C300 1.5x, https:\/\/i0.wp.com\/larevistadigital.com.ar\/blog\/wp-content\/uploads\/d5c773ff63ec7a036a8ae9fd257d616bda301f15.jpeg?fit=1140%2C641&ssl=1&resize=700%2C400 2x, https:\/\/i0.wp.com\/larevistadigital.com.ar\/blog\/wp-content\/uploads\/d5c773ff63ec7a036a8ae9fd257d616bda301f15.jpeg?fit=1140%2C641&ssl=1&resize=1050%2C600 3x"},"classes":[]},{"id":27774,"url":"https:\/\/larevistadigital.com.ar\/blog\/mar-del-plata-mato-a-su-madre-y-abuelo-e-hirio-a-su-abuela\/","url_meta":{"origin":14114,"position":2},"title":"MAR DEL PLATA: MAT\u00d3 A SU MADRE Y ABUELO, E HIRI\u00d3 A SU ABUELA","author":"Alejandro Sosa Ruda","date":"15 septiembre, 2022","format":false,"excerpt":"El autor de los hechos es un joven de 18 a\u00f1os intent\u00f3 huir por lo techos de la vivienda pero fue aprehendido por efectivos de la comisar\u00eda cuarta. 15 de septiembre de 2022 MAR DEL PLATA -\u00a0 Una mujer de 36 a\u00f1os falleci\u00f3 este mediod\u00eda producto de varias heridas de\u2026","rel":"","context":"En \u00abPOLICIALES\u00bb","block_context":{"text":"POLICIALES","link":"https:\/\/larevistadigital.com.ar\/blog\/category\/policiales\/"},"img":{"alt_text":"","src":"https:\/\/i0.wp.com\/larevistadigital.com.ar\/blog\/wp-content\/uploads\/2018\/03\/Policia-allanamiento-noche.jpg?fit=777%2C498&ssl=1&resize=350%2C200","width":350,"height":200,"srcset":"https:\/\/i0.wp.com\/larevistadigital.com.ar\/blog\/wp-content\/uploads\/2018\/03\/Policia-allanamiento-noche.jpg?fit=777%2C498&ssl=1&resize=350%2C200 1x, https:\/\/i0.wp.com\/larevistadigital.com.ar\/blog\/wp-content\/uploads\/2018\/03\/Policia-allanamiento-noche.jpg?fit=777%2C498&ssl=1&resize=525%2C300 1.5x, https:\/\/i0.wp.com\/larevistadigital.com.ar\/blog\/wp-content\/uploads\/2018\/03\/Policia-allanamiento-noche.jpg?fit=777%2C498&ssl=1&resize=700%2C400 2x"},"classes":[]},{"id":38129,"url":"https:\/\/larevistadigital.com.ar\/blog\/villa-gesell-un-bombero-voluntario-sufrio-un-grave-accidente-mientras-practicaba-surf-y-pelea-por-su-vida\/","url_meta":{"origin":14114,"position":3},"title":"Villa Gesell: un bombero voluntario sufri\u00f3 un grave accidente mientras practicaba surf y pelea por su vida","author":"Alejandro Sosa Ruda","date":"5 diciembre, 2024","format":false,"excerpt":"Pablo Eliseo Stocco fue trasladado en un vuelo sanitario a La Plata y su estado es reservado. 05 de Diciembre de 2024 VILLA GESELL -\u00a0 Pablo Eliseo Stocco, Oficial Auxiliar de Dotaci\u00f3n del cuerpo de\u00a0Bomberos Voluntarios de Villa Gesell, pelea por su vida luego de un sufrir ayer por la\u2026","rel":"","context":"En \u00abREGIONALES\u00bb","block_context":{"text":"REGIONALES","link":"https:\/\/larevistadigital.com.ar\/blog\/category\/regionales\/"},"img":{"alt_text":"","src":"https:\/\/i0.wp.com\/larevistadigital.com.ar\/blog\/wp-content\/uploads\/d9ddb9f17b853ba9459415a87b2a3a59fe57851d.jpg?fit=1140%2C722&ssl=1&resize=350%2C200","width":350,"height":200,"srcset":"https:\/\/i0.wp.com\/larevistadigital.com.ar\/blog\/wp-content\/uploads\/d9ddb9f17b853ba9459415a87b2a3a59fe57851d.jpg?fit=1140%2C722&ssl=1&resize=350%2C200 1x, https:\/\/i0.wp.com\/larevistadigital.com.ar\/blog\/wp-content\/uploads\/d9ddb9f17b853ba9459415a87b2a3a59fe57851d.jpg?fit=1140%2C722&ssl=1&resize=525%2C300 1.5x, https:\/\/i0.wp.com\/larevistadigital.com.ar\/blog\/wp-content\/uploads\/d9ddb9f17b853ba9459415a87b2a3a59fe57851d.jpg?fit=1140%2C722&ssl=1&resize=700%2C400 2x, https:\/\/i0.wp.com\/larevistadigital.com.ar\/blog\/wp-content\/uploads\/d9ddb9f17b853ba9459415a87b2a3a59fe57851d.jpg?fit=1140%2C722&ssl=1&resize=1050%2C600 3x"},"classes":[]},{"id":34399,"url":"https:\/\/larevistadigital.com.ar\/blog\/la-plata-ataco-a-su-novia-y-le-corto-el-cuello-con-un-tenedor\/","url_meta":{"origin":14114,"position":4},"title":"LA PLATA: ATAC\u00d3 A SU NOVIA, Y LE CORT\u00d3 EL CUELLO CON UN TENEDOR","author":"Alejandro Sosa Ruda","date":"6 noviembre, 2023","format":false,"excerpt":"Sufri\u00f3 cortes, golpes y cachetazos hasta que logr\u00f3 llamar a la polic\u00eda de La Plata. El agresor qued\u00f3 detenido por lesiones en contexto de violencia de g\u00e9nero. 6 de Noviembre de 2023 LA PLATA -\u00a0 Un hombre fue detenido por agredir salvajemente a su pareja en La Plata. La v\u00edctima\u2026","rel":"","context":"En \u00abPOLICIALES\u00bb","block_context":{"text":"POLICIALES","link":"https:\/\/larevistadigital.com.ar\/blog\/category\/policiales\/"},"img":{"alt_text":"","src":"https:\/\/i0.wp.com\/larevistadigital.com.ar\/blog\/wp-content\/uploads\/Captura-de-pantalla-2023-11-06-232613.png?fit=887%2C446&ssl=1&resize=350%2C200","width":350,"height":200,"srcset":"https:\/\/i0.wp.com\/larevistadigital.com.ar\/blog\/wp-content\/uploads\/Captura-de-pantalla-2023-11-06-232613.png?fit=887%2C446&ssl=1&resize=350%2C200 1x, https:\/\/i0.wp.com\/larevistadigital.com.ar\/blog\/wp-content\/uploads\/Captura-de-pantalla-2023-11-06-232613.png?fit=887%2C446&ssl=1&resize=525%2C300 1.5x, https:\/\/i0.wp.com\/larevistadigital.com.ar\/blog\/wp-content\/uploads\/Captura-de-pantalla-2023-11-06-232613.png?fit=887%2C446&ssl=1&resize=700%2C400 2x"},"classes":[]},{"id":30429,"url":"https:\/\/larevistadigital.com.ar\/blog\/mar-del-plata-ataron-un-cable-a-ambos-lados-de-la-calle-y-casi-decapitaron-a-un-motociclista\/","url_meta":{"origin":14114,"position":5},"title":"MAR DEL PLATA: ATARON UN CABLE A AMBOS LADOS DE LA CALLE Y CASI DECAPITARON A UN MOTOCICLISTA","author":"Alejandro Sosa Ruda","date":"7 marzo, 2023","format":false,"excerpt":"MAR DEL PLATA -\u00a0 \u00a0Un matrimonio que el domingo por la tarde circulaba en moto, sufri\u00f3 heridas tras \"chocar\" con un cable, que de manera intencional estaba atado entre dos postes en el medio de la calle. El grueso cable estaba colocado a la altura de la cabeza, y de\u2026","rel":"","context":"En \u00abPOLICIALES\u00bb","block_context":{"text":"POLICIALES","link":"https:\/\/larevistadigital.com.ar\/blog\/category\/policiales\/"},"img":{"alt_text":"","src":"https:\/\/i0.wp.com\/larevistadigital.com.ar\/blog\/wp-content\/uploads\/ATAN-CABLE-EN-MARDEL.png?fit=652%2C431&ssl=1&resize=350%2C200","width":350,"height":200,"srcset":"https:\/\/i0.wp.com\/larevistadigital.com.ar\/blog\/wp-content\/uploads\/ATAN-CABLE-EN-MARDEL.png?fit=652%2C431&ssl=1&resize=350%2C200 1x, https:\/\/i0.wp.com\/larevistadigital.com.ar\/blog\/wp-content\/uploads\/ATAN-CABLE-EN-MARDEL.png?fit=652%2C431&ssl=1&resize=525%2C300 1.5x"},"classes":[]}],"_links":{"self":[{"href":"https:\/\/larevistadigital.com.ar\/blog\/wp-json\/wp\/v2\/posts\/14114","targetHints":{"allow":["GET"]}}],"collection":[{"href":"https:\/\/larevistadigital.com.ar\/blog\/wp-json\/wp\/v2\/posts"}],"about":[{"href":"https:\/\/larevistadigital.com.ar\/blog\/wp-json\/wp\/v2\/types\/post"}],"author":[{"embeddable":true,"href":"https:\/\/larevistadigital.com.ar\/blog\/wp-json\/wp\/v2\/users\/3"}],"replies":[{"embeddable":true,"href":"https:\/\/larevistadigital.com.ar\/blog\/wp-json\/wp\/v2\/comments?post=14114"}],"version-history":[{"count":1,"href":"https:\/\/larevistadigital.com.ar\/blog\/wp-json\/wp\/v2\/posts\/14114\/revisions"}],"predecessor-version":[{"id":14118,"href":"https:\/\/larevistadigital.com.ar\/blog\/wp-json\/wp\/v2\/posts\/14114\/revisions\/14118"}],"wp:featuredmedia":[{"embeddable":true,"href":"https:\/\/larevistadigital.com.ar\/blog\/wp-json\/wp\/v2\/media\/14116"}],"wp:attachment":[{"href":"https:\/\/larevistadigital.com.ar\/blog\/wp-json\/wp\/v2\/media?parent=14114"}],"wp:term":[{"taxonomy":"category","embeddable":true,"href":"https:\/\/larevistadigital.com.ar\/blog\/wp-json\/wp\/v2\/categories?post=14114"},{"taxonomy":"post_tag","embeddable":true,"href":"https:\/\/larevistadigital.com.ar\/blog\/wp-json\/wp\/v2\/tags?post=14114"}],"curies":[{"name":"wp","href":"https:\/\/api.w.org\/{rel}","templated":true}]}}