{"id":14119,"date":"2020-01-10T18:14:28","date_gmt":"2020-01-10T18:14:28","guid":{"rendered":"https:\/\/larevistadigital.com.ar\/blog\/?p=14119"},"modified":"2020-01-10T18:14:28","modified_gmt":"2020-01-10T18:14:28","slug":"el-concejo-superior-de-capba-reconocio-a-9-arquitectos-de-chascomus","status":"publish","type":"post","link":"https:\/\/larevistadigital.com.ar\/blog\/el-concejo-superior-de-capba-reconocio-a-9-arquitectos-de-chascomus\/","title":{"rendered":"EL CONCEJO SUPERIOR DE CAPBA, RECONOCI\u00d3 A 9 ARQUITECTOS DE CHASCOM\u00daS"},"content":{"rendered":"<p>Nueve profesionales de la Delegaci\u00f3n Chascom\u00fas del Distrito 1 del Colegio de Arquitectos de la Provincia de Buenos Aires fueron reconocidos por el Consejo Superior del CAPBA.<\/p>\n<p>Entre ellos se destacan los arquitectos jubilados <strong>Ricardo Calder\u00f3n<\/strong>, <strong>Roberto Reeves<\/strong>, <strong>Jos\u00e9 Otondo<\/strong>, <strong>Francisco Verbic<\/strong> y <strong>David Jacobs<\/strong>, de General Belgrano, como as\u00ed tambi\u00e9n <strong>Carlos Hugo Coni<\/strong>, que inici\u00f3 los tr\u00e1mites para jubilarse.<\/p>\n<p>Adem\u00e1s, entre los que siguen en actividad con 65 a\u00f1os cumplidos en 2019 y con m\u00e1s de 25 a\u00f1os de aportes a la matr\u00edcula, tuvieron el mismo halago por parte del Consejo Superior <strong>Miguel Medici<\/strong>, <strong>Carlos de Wysiecki<\/strong> y <strong>Jos\u00e9 Feliu<\/strong>.<\/p>\n<p>Vale recordar que el mes pasado en el Hotel Howard Johnson, con motivo del brindis de fin de a\u00f1o, la Delegaci\u00f3n Chascom\u00fas del CAPBAUNO reconoci\u00f3 a los matriculados con una larga trayectoria y experiencia:\u00a0 <strong>Richard Calder\u00f3n, Roberto Reeves y Pepe Otondo<\/strong>.<\/p>\n<p>En esa oportunidad, acompa\u00f1ado por el presidente y el consejero chascomunense de Distrito 1,<strong> Gustavo Casco<\/strong> y <strong>Juanca Pignataro<\/strong>, el nuevo delegado, el joven arquitecto <strong>Nico P\u00e9cora<\/strong>, dej\u00f3 en claro que se apoyar\u00e1 en la experiencia de varios de sus colegas para llevar adelante ideas y proyectos que se ir\u00e1n anunciando a medida que se vayan concretando, siendo el anhelo de a\u00f1os el poder contar con la sede propia.<\/p>\n<p>Por lo pronto, en febrero, empezar\u00e1n a organizarse y trabajar con regularidad y sistematicidad, de manera ordenada y documentada, las diferentes comisiones del Colegio de Arquitectos de Chascom\u00fas, recordando que desde el presente a\u00f1o preside el Consejo de Ordenamiento Urbano Territorial (COUT) a trav\u00e9s de Pignataro.<\/p>\n","protected":false},"excerpt":{"rendered":"<div class=\"mh-excerpt\"><p>Nueve profesionales de la Delegaci\u00f3n Chascom\u00fas del Distrito 1 del Colegio de Arquitectos de la Provincia de Buenos Aires fueron reconocidos por el Consejo Superior del CAPBA. Entre ellos se destacan los arquitectos jubilados Ricardo <a class=\"mh-excerpt-more\" href=\"https:\/\/larevistadigital.com.ar\/blog\/el-concejo-superior-de-capba-reconocio-a-9-arquitectos-de-chascomus\/\" title=\"EL CONCEJO SUPERIOR DE CAPBA, RECONOCI\u00d3 A 9 ARQUITECTOS DE CHASCOM\u00daS\">[Leer M\u00e1s]<\/a><\/p>\n<\/div>","protected":false},"author":3,"featured_media":14120,"comment_status":"open","ping_status":"open","sticky":false,"template":"","format":"standard","meta":{"_jetpack_memberships_contains_paid_content":false,"footnotes":"","jetpack_publicize_message":"","jetpack_publicize_feature_enabled":true,"jetpack_social_post_already_shared":true,"jetpack_social_options":{"image_generator_settings":{"template":"highway","default_image_id":0,"font":"","enabled":false},"version":2}},"categories":[6],"tags":[],"class_list":{"0":"post-14119","1":"post","2":"type-post","3":"status-publish","4":"format-standard","5":"has-post-thumbnail","7":"category-chascomus"},"jetpack_publicize_connections":[],"jetpack_featured_media_url":"https:\/\/i0.wp.com\/larevistadigital.com.ar\/blog\/wp-content\/uploads\/074db3af-435d-45b6-b891-14d754f632e9.jpg?fit=1032%2C774&ssl=1","jetpack_sharing_enabled":true,"jetpack_shortlink":"https:\/\/wp.me\/p8qtrQ-3FJ","jetpack-related-posts":[{"id":13211,"url":"https:\/\/larevistadigital.com.ar\/blog\/nicolas-pecora-es-el-nuevo-delegado-del-colegio-de-arquitectos\/","url_meta":{"origin":14119,"position":0},"title":"NICOL\u00c1S P\u00c9CORA ES EL NUEVO DELEGADO DEL COLEGIO DE ARQUITECTOS","author":"Alejandro Sosa Ruda","date":"17 noviembre, 2019","format":false,"excerpt":"Tras la elecci\u00f3n de autoridades el mi\u00e9rcoles en el Colegio de Arquitectos de la Provincia de Buenos Aires, el joven matriculado Nicol\u00e1s P\u00e9cora ser\u00e1 desde el nuevo titular de la Delegaci\u00f3n Chascom\u00fas a partir del 10 de diciembre venidero y durante los pr\u00f3ximos tres a\u00f1os, sucediendo a Juan Carlos Pignataro,\u2026","rel":"","context":"En \u00abCHASCOM\u00daS\u00bb","block_context":{"text":"CHASCOM\u00daS","link":"https:\/\/larevistadigital.com.ar\/blog\/category\/chascomus\/"},"img":{"alt_text":"","src":"https:\/\/i0.wp.com\/larevistadigital.com.ar\/blog\/wp-content\/uploads\/mail-2.jpg?fit=1200%2C583&ssl=1&resize=350%2C200","width":350,"height":200,"srcset":"https:\/\/i0.wp.com\/larevistadigital.com.ar\/blog\/wp-content\/uploads\/mail-2.jpg?fit=1200%2C583&ssl=1&resize=350%2C200 1x, https:\/\/i0.wp.com\/larevistadigital.com.ar\/blog\/wp-content\/uploads\/mail-2.jpg?fit=1200%2C583&ssl=1&resize=525%2C300 1.5x, https:\/\/i0.wp.com\/larevistadigital.com.ar\/blog\/wp-content\/uploads\/mail-2.jpg?fit=1200%2C583&ssl=1&resize=700%2C400 2x, https:\/\/i0.wp.com\/larevistadigital.com.ar\/blog\/wp-content\/uploads\/mail-2.jpg?fit=1200%2C583&ssl=1&resize=1050%2C600 3x"},"classes":[]},{"id":13902,"url":"https:\/\/larevistadigital.com.ar\/blog\/chascomus-el-colegio-de-arquitectos-ejercera-la-presidencia-del-cout-desde-2020\/","url_meta":{"origin":14119,"position":1},"title":"CHASCOM\u00daS: EL COLEGIO DE ARQUITECTOS EJERCER\u00c1 LA PRESIDENCIA DEL COUT DESDE 2020","author":"Alejandro Sosa Ruda","date":"29 diciembre, 2019","format":false,"excerpt":"A trav\u00e9s de Juan Carlos Pignataro El Colegio de Arquitectos de Chascom\u00fas presidir\u00e1 el Consejo de Ordenamiento Urbano Territorial (COUT) desde el mi\u00e9rcoles de la semana que viene, el 1 de enero 2020, y durante dos a\u00f1os a trav\u00e9s de Juan Carlos Pignataro, ex delegado del Distrito 1 y ahora\u2026","rel":"","context":"En \u00abINTERES GENERAL\u00bb","block_context":{"text":"INTERES GENERAL","link":"https:\/\/larevistadigital.com.ar\/blog\/category\/interes-general\/"},"img":{"alt_text":"","src":"https:\/\/i0.wp.com\/larevistadigital.com.ar\/blog\/wp-content\/uploads\/arquitectos_29dediciembrede2019_elfuerte-1.jpg?fit=737%2C415&ssl=1&resize=350%2C200","width":350,"height":200,"srcset":"https:\/\/i0.wp.com\/larevistadigital.com.ar\/blog\/wp-content\/uploads\/arquitectos_29dediciembrede2019_elfuerte-1.jpg?fit=737%2C415&ssl=1&resize=350%2C200 1x, https:\/\/i0.wp.com\/larevistadigital.com.ar\/blog\/wp-content\/uploads\/arquitectos_29dediciembrede2019_elfuerte-1.jpg?fit=737%2C415&ssl=1&resize=525%2C300 1.5x, https:\/\/i0.wp.com\/larevistadigital.com.ar\/blog\/wp-content\/uploads\/arquitectos_29dediciembrede2019_elfuerte-1.jpg?fit=737%2C415&ssl=1&resize=700%2C400 2x"},"classes":[]},{"id":11036,"url":"https:\/\/larevistadigital.com.ar\/blog\/chascomus-el-colegio-de-arquitectos-recibe-a-los-candidatos-a-intendente\/","url_meta":{"origin":14119,"position":2},"title":"CHASCOM\u00daS: EL COLEGIO DE ARQUITECTOS RECIBE A LOS CANDIDATOS A INTENDENTE","author":"Alejandro Sosa Ruda","date":"3 julio, 2019","format":false,"excerpt":"CHARLAS EN POS DE UNA AGENDA URBANO-AMBIENTAL DE CONCERTACI\u00d3N DE ESTADO El Colegio de Arquitectos de Chascom\u00fas llevar\u00e1 adelante una serie de charlas con los precandidatos a intendente municipal de la ciudad en los pr\u00f3ximos d\u00edas en el Caf\u00e9 de la Plaza, que funciona en la Delegaci\u00f3n del CAPBAUNO, Mitre\u2026","rel":"","context":"En \u00abINTERES GENERAL\u00bb","block_context":{"text":"INTERES GENERAL","link":"https:\/\/larevistadigital.com.ar\/blog\/category\/interes-general\/"},"img":{"alt_text":"","src":"https:\/\/i0.wp.com\/larevistadigital.com.ar\/blog\/wp-content\/uploads\/mail.png?fit=800%2C670&ssl=1&resize=350%2C200","width":350,"height":200,"srcset":"https:\/\/i0.wp.com\/larevistadigital.com.ar\/blog\/wp-content\/uploads\/mail.png?fit=800%2C670&ssl=1&resize=350%2C200 1x, https:\/\/i0.wp.com\/larevistadigital.com.ar\/blog\/wp-content\/uploads\/mail.png?fit=800%2C670&ssl=1&resize=525%2C300 1.5x, https:\/\/i0.wp.com\/larevistadigital.com.ar\/blog\/wp-content\/uploads\/mail.png?fit=800%2C670&ssl=1&resize=700%2C400 2x"},"classes":[]},{"id":2973,"url":"https:\/\/larevistadigital.com.ar\/blog\/es-absolutamente-prioritario-salvaguardar-de-la-salud-publica-por-sobre-la-calidad-de-las-transmisiones\/","url_meta":{"origin":14119,"position":3},"title":"Es absolutamente prioritario salvaguardar de la Salud P\u00fablica por sobre la calidad de las transmisiones","author":"admin","date":"4 agosto, 2017","format":false,"excerpt":"Se inform\u00f3 que si bien la p\u00e9sima calidad en el servicio de telefon\u00eda celular se contradice con las nuevas tecnolog\u00edas disponibles al respecto, la Delegaci\u00f3n Chascom\u00fas del Colegio de Arquitectos, como parte del Consejo de Ordenamiento Urbano y Territorial (COUT), considera que es absolutamente prioritario la salvaguarda de la Salud\u2026","rel":"","context":"En \u00abCHASCOM\u00daS\u00bb","block_context":{"text":"CHASCOM\u00daS","link":"https:\/\/larevistadigital.com.ar\/blog\/category\/chascomus\/"},"img":{"alt_text":"","src":"https:\/\/i0.wp.com\/larevistadigital.com.ar\/blog\/wp-content\/uploads\/2017\/08\/colegio_04deagostode2017_elfuerte.jpg?fit=737%2C409&ssl=1&resize=350%2C200","width":350,"height":200,"srcset":"https:\/\/i0.wp.com\/larevistadigital.com.ar\/blog\/wp-content\/uploads\/2017\/08\/colegio_04deagostode2017_elfuerte.jpg?fit=737%2C409&ssl=1&resize=350%2C200 1x, https:\/\/i0.wp.com\/larevistadigital.com.ar\/blog\/wp-content\/uploads\/2017\/08\/colegio_04deagostode2017_elfuerte.jpg?fit=737%2C409&ssl=1&resize=525%2C300 1.5x, https:\/\/i0.wp.com\/larevistadigital.com.ar\/blog\/wp-content\/uploads\/2017\/08\/colegio_04deagostode2017_elfuerte.jpg?fit=737%2C409&ssl=1&resize=700%2C400 2x"},"classes":[]},{"id":41707,"url":"https:\/\/larevistadigital.com.ar\/blog\/el-colegio-de-arquitectos-pidio-informes-y-medidas-urgentes-sobre-el-sistema-cloacal-de-chascomus\/","url_meta":{"origin":14119,"position":4},"title":"El Colegio de Arquitectos pidi\u00f3 informes y medidas urgentes sobre el sistema cloacal de Chascom\u00fas","author":"Alejandro Sosa Ruda","date":"3 octubre, 2025","format":false,"excerpt":"Solicitan acceder a los estudios t\u00e9cnicos, declarar la emergencia sanitaria y revisar las medidas adoptadas por el Ejecutivo. 03 de Octubre de 2025 El Colegio de Arquitectos de la Provincia de Buenos Aires \u2013 Distrito 1, Delegaci\u00f3n Chascom\u00fas, present\u00f3 una nota formal ante el Departamento Ejecutivo Municipal, dirigida al intendente\u2026","rel":"","context":"En \u00abCHASCOM\u00daS\u00bb","block_context":{"text":"CHASCOM\u00daS","link":"https:\/\/larevistadigital.com.ar\/blog\/category\/chascomus\/"},"img":{"alt_text":"","src":"https:\/\/i0.wp.com\/larevistadigital.com.ar\/blog\/wp-content\/uploads\/WhatsApp-Image-2025-10-03-at-09.30.24-e1759502707261.jpeg?fit=960%2C530&ssl=1&resize=350%2C200","width":350,"height":200,"srcset":"https:\/\/i0.wp.com\/larevistadigital.com.ar\/blog\/wp-content\/uploads\/WhatsApp-Image-2025-10-03-at-09.30.24-e1759502707261.jpeg?fit=960%2C530&ssl=1&resize=350%2C200 1x, https:\/\/i0.wp.com\/larevistadigital.com.ar\/blog\/wp-content\/uploads\/WhatsApp-Image-2025-10-03-at-09.30.24-e1759502707261.jpeg?fit=960%2C530&ssl=1&resize=525%2C300 1.5x, https:\/\/i0.wp.com\/larevistadigital.com.ar\/blog\/wp-content\/uploads\/WhatsApp-Image-2025-10-03-at-09.30.24-e1759502707261.jpeg?fit=960%2C530&ssl=1&resize=700%2C400 2x"},"classes":[]},{"id":41775,"url":"https:\/\/larevistadigital.com.ar\/blog\/polemica-por-los-desagues-el-municipio-respondio-a-los-planteos-del-colegio-de-arquitectos\/","url_meta":{"origin":14119,"position":5},"title":"Pol\u00e9mica por los desag\u00fces: el Municipio respondi\u00f3 a los planteos del Colegio de Arquitectos","author":"Alejandro Sosa Ruda","date":"4 octubre, 2025","format":false,"excerpt":"Un funcionario municipal asegur\u00f3 que \u201calgunos arquitectos recomendaban a sus clientes conectar los desag\u00fces a la cloaca\u201d, y destac\u00f3 que la medida cuestionada es \u201ccoyuntural\u201d. 04 de octubre de 2025 CHASCOM\u00daS\u00a0 -\u00a0 \u00a0Tras la publicaci\u00f3n de la nota presentada por el Colegio de Arquitectos \u2013 Delegaci\u00f3n Chascom\u00fas, en la que\u2026","rel":"","context":"En \u00abSin categor\u00eda\u00bb","block_context":{"text":"Sin categor\u00eda","link":"https:\/\/larevistadigital.com.ar\/blog\/category\/sin-categoria\/"},"img":{"alt_text":"","src":"https:\/\/i0.wp.com\/larevistadigital.com.ar\/blog\/wp-content\/uploads\/Captura-de-pantalla-2025-10-04-002750.jpg?fit=711%2C457&ssl=1&resize=350%2C200","width":350,"height":200,"srcset":"https:\/\/i0.wp.com\/larevistadigital.com.ar\/blog\/wp-content\/uploads\/Captura-de-pantalla-2025-10-04-002750.jpg?fit=711%2C457&ssl=1&resize=350%2C200 1x, https:\/\/i0.wp.com\/larevistadigital.com.ar\/blog\/wp-content\/uploads\/Captura-de-pantalla-2025-10-04-002750.jpg?fit=711%2C457&ssl=1&resize=525%2C300 1.5x, https:\/\/i0.wp.com\/larevistadigital.com.ar\/blog\/wp-content\/uploads\/Captura-de-pantalla-2025-10-04-002750.jpg?fit=711%2C457&ssl=1&resize=700%2C400 2x"},"classes":[]}],"_links":{"self":[{"href":"https:\/\/larevistadigital.com.ar\/blog\/wp-json\/wp\/v2\/posts\/14119","targetHints":{"allow":["GET"]}}],"collection":[{"href":"https:\/\/larevistadigital.com.ar\/blog\/wp-json\/wp\/v2\/posts"}],"about":[{"href":"https:\/\/larevistadigital.com.ar\/blog\/wp-json\/wp\/v2\/types\/post"}],"author":[{"embeddable":true,"href":"https:\/\/larevistadigital.com.ar\/blog\/wp-json\/wp\/v2\/users\/3"}],"replies":[{"embeddable":true,"href":"https:\/\/larevistadigital.com.ar\/blog\/wp-json\/wp\/v2\/comments?post=14119"}],"version-history":[{"count":1,"href":"https:\/\/larevistadigital.com.ar\/blog\/wp-json\/wp\/v2\/posts\/14119\/revisions"}],"predecessor-version":[{"id":14121,"href":"https:\/\/larevistadigital.com.ar\/blog\/wp-json\/wp\/v2\/posts\/14119\/revisions\/14121"}],"wp:featuredmedia":[{"embeddable":true,"href":"https:\/\/larevistadigital.com.ar\/blog\/wp-json\/wp\/v2\/media\/14120"}],"wp:attachment":[{"href":"https:\/\/larevistadigital.com.ar\/blog\/wp-json\/wp\/v2\/media?parent=14119"}],"wp:term":[{"taxonomy":"category","embeddable":true,"href":"https:\/\/larevistadigital.com.ar\/blog\/wp-json\/wp\/v2\/categories?post=14119"},{"taxonomy":"post_tag","embeddable":true,"href":"https:\/\/larevistadigital.com.ar\/blog\/wp-json\/wp\/v2\/tags?post=14119"}],"curies":[{"name":"wp","href":"https:\/\/api.w.org\/{rel}","templated":true}]}}