{"id":14123,"date":"2020-01-13T11:20:14","date_gmt":"2020-01-13T11:20:14","guid":{"rendered":"https:\/\/larevistadigital.com.ar\/blog\/?p=14123"},"modified":"2020-01-13T11:27:31","modified_gmt":"2020-01-13T11:27:31","slug":"el-pami-establecio-que-todas-las-disposiciones-sean-escritas-en-lenguaje-inclusivo","status":"publish","type":"post","link":"https:\/\/larevistadigital.com.ar\/blog\/el-pami-establecio-que-todas-las-disposiciones-sean-escritas-en-lenguaje-inclusivo\/","title":{"rendered":"EL PAMI ESTABLECI\u00d3 QUE TODAS LAS DISPOSICIONES SEAN ESCRITAS EN LENGUAJE INCLUSIVO"},"content":{"rendered":"<h2><em>Luana Volnovich dispuso adem\u00e1s que todo el personal haga la capacitaci\u00f3n en igualdad de g\u00e9nero fijada por la Ley Micaela.<\/em><\/h2>\n<p>La directora ejecutiva del Programa de Atenci\u00f3n M\u00e9dica Integral (PAMI),<strong> Luana Volnovich<\/strong>, estableci\u00f3 que todas las disposiciones y circulares del Instituto Nacional de Servicios Sociales para Jubilados y Pensionados sean escritas con lenguaje inclusivo.<\/p>\n<p>El bolet\u00edn oficial del organismo public\u00f3 la resoluci\u00f3n este viernes. La misma sostiene en su art\u00edculo 3\u00b0: <em>\u201c<strong>Instruir a las distintas Secretar\u00edas y Gerencias de este Instituto a los efectos de que las futuras disposiciones, circulares y dem\u00e1s instrumentos normativos sean redactados en lenguaje inclusivo de g\u00e9nero<\/strong>\u201d.<\/em><\/p>\n<div>\n<blockquote>\n<h3 id=\"dfpAds_native\" class=\"dfpAds \">Por el momento el lenguaje inclusivo se utilizar\u00e1 solo en todo lo que sean comunicaciones internas, pero desde el PAMI aclararon que se ir\u00e1 ampliando \u201cd\u00eda a d\u00eda\u201d.<\/h3>\n<\/blockquote>\n<\/div>\n<p>Por otra parte, en el art\u00edculo 1\u00b0 de la resoluci\u00f3n, <strong>Volnovich<\/strong> estableci\u00f3 \u201cpara todo el personal del Instituto Nacional de Servicios Sociales para Jubilados y Pensionados la capacitaci\u00f3n obligatoria fijada por la Ley 27.499, denominada Ley Micaela\u201d.<\/p>\n<p>En ese sentido, la resoluci\u00f3n 103 en su art\u00edculo 2\u00b0 establece: <strong><em>\u201cDelegar en la Secretar\u00eda de Derechos Humanos, Gerontolog\u00eda Comunitaria, G\u00e9nero y Pol\u00edticas de Cuidad, el dise\u00f1o y la implementaci\u00f3n de programas espec\u00edficos -con el objetivo general de brindar conocimientos, informaci\u00f3n y herramientas para incorporar la perspectiva de g\u00e9nero en la labor diaria y propiciar espacios favorables para erradicar, modificar actitudes y pr\u00e1cticas estereotipadas- los cuales deber\u00e1n ser informados a todas las trabajadoras y trabajadores por medio de publicaciones en los sistemas inform\u00e1ticos destinados a tal fin\u201d.<\/em><\/strong><\/p>\n<p>El uso del lenguaje inclusivo hab\u00eda sido aprobado en diciembre del a\u00f1o pasado por la Facultad de Filosof\u00eda y Letras de la Universidad de Buenos Aires (UBA) para las producciones acad\u00e9micas, realizadas por sus alumnos de grado y posgrado.<\/p>\n<p>En agosto de 2019 fue el turno de la Facultad de Psicolog\u00eda de la Universidad Nacional de Rosario (UNR) para aprobar la utilizaci\u00f3n en la comunicaci\u00f3n institucional y en las producciones acad\u00e9micas, al igual que la Facultad de Ciencias Sociales de la Universidad de Buenos Aires (UBA).<\/p>\n<p>Tambi\u00e9n en la provincia de C\u00f3rdoba, las autoridades de la Universidad Nacional de C\u00f3rdoba (UNC) comenzaron a recomendar la utilizaci\u00f3n del lenguaje inclusivo, aunque con \u201cformas\u201d que se incluyan en las normas del castellano y sin el reemplazo de letras que indiquen g\u00e9nero por la \u201ce\u201d o la \u201cx\u201d.<\/p>\n<p>Aunque la aprobaci\u00f3n por parte de facultades, no es vinculante con su utilizaci\u00f3n, que no fue aceptada por la real Academia.\u00a0<a href=\"https:\/\/www.ngenespanol.com\/el-mundo\/la-rae-rechaza-nuevamhttps:\/\/www.ngenespanol.com\/el-mundo\/la-rae-rechaza-nuevamente-el-lenguaje-inclusivo\/ente-el-lenguaje-inclusivo\/\">https:\/\/www.ngenespanol.com\/el-mundo\/la-rae-rechaza-nuevamhttps:\/\/www.ngenespanol.com\/el-mundo\/la-rae-rechaza-nuevamente-el-lenguaje-inclusivo\/ente-el-lenguaje-inclusivo\/<\/a><\/p>\n<p>PUBLICADO EN :MARCELO BONELLI.CIENRADIOS.COM<\/p>\n","protected":false},"excerpt":{"rendered":"<div class=\"mh-excerpt\"><p>Luana Volnovich dispuso adem\u00e1s que todo el personal haga la capacitaci\u00f3n en igualdad de g\u00e9nero fijada por la Ley Micaela. La directora ejecutiva del Programa de Atenci\u00f3n M\u00e9dica Integral (PAMI), Luana Volnovich, estableci\u00f3 que todas <a class=\"mh-excerpt-more\" href=\"https:\/\/larevistadigital.com.ar\/blog\/el-pami-establecio-que-todas-las-disposiciones-sean-escritas-en-lenguaje-inclusivo\/\" title=\"EL PAMI ESTABLECI\u00d3 QUE TODAS LAS DISPOSICIONES SEAN ESCRITAS EN LENGUAJE INCLUSIVO\">[Leer M\u00e1s]<\/a><\/p>\n<\/div>","protected":false},"author":3,"featured_media":14124,"comment_status":"open","ping_status":"open","sticky":false,"template":"","format":"standard","meta":{"_jetpack_memberships_contains_paid_content":false,"footnotes":"","jetpack_publicize_message":"","jetpack_publicize_feature_enabled":true,"jetpack_social_post_already_shared":true,"jetpack_social_options":{"image_generator_settings":{"template":"highway","default_image_id":0,"font":"","enabled":false},"version":2}},"categories":[50],"tags":[],"class_list":{"0":"post-14123","1":"post","2":"type-post","3":"status-publish","4":"format-standard","5":"has-post-thumbnail","7":"category-interes-general"},"jetpack_publicize_connections":[],"jetpack_featured_media_url":"https:\/\/i0.wp.com\/larevistadigital.com.ar\/blog\/wp-content\/uploads\/luana.jpg?fit=680%2C383&ssl=1","jetpack_sharing_enabled":true,"jetpack_shortlink":"https:\/\/wp.me\/p8qtrQ-3FN","jetpack-related-posts":[{"id":14019,"url":"https:\/\/larevistadigital.com.ar\/blog\/luana-volnovich-anuncio-ajustes-en-el-pami-congelan-salarios-y-limitan-las-compras\/","url_meta":{"origin":14123,"position":0},"title":"LUANA VOLNOVICH ANUNCI\u00d3 AJUSTES EN EL PAMI: CONGELAN SALARIOS Y LIMITAN LAS COMPRAS","author":"Alejandro Sosa Ruda","date":"6 enero, 2020","format":false,"excerpt":"La electa diputada nacional por la provincia de Buenos Aires en las elecciones 2019 que\u00a0renunci\u00f3 para asumir en diciembre como nueva directora del PAMI, anunci\u00f3 una bater\u00eda de medidas \"solidarias\"a trav\u00e9s de Twitter. La resoluci\u00f3n incluye un congelamiento\u00a0de salarios de funcionarios, secretarios y gerentes por 180 d\u00edas. La directora ejecutiva\u2026","rel":"","context":"En \u00abINTERES GENERAL\u00bb","block_context":{"text":"INTERES GENERAL","link":"https:\/\/larevistadigital.com.ar\/blog\/category\/interes-general\/"},"img":{"alt_text":"","src":"https:\/\/i0.wp.com\/larevistadigital.com.ar\/blog\/wp-content\/uploads\/0006349792.jpg?fit=1200%2C675&ssl=1&resize=350%2C200","width":350,"height":200,"srcset":"https:\/\/i0.wp.com\/larevistadigital.com.ar\/blog\/wp-content\/uploads\/0006349792.jpg?fit=1200%2C675&ssl=1&resize=350%2C200 1x, https:\/\/i0.wp.com\/larevistadigital.com.ar\/blog\/wp-content\/uploads\/0006349792.jpg?fit=1200%2C675&ssl=1&resize=525%2C300 1.5x, https:\/\/i0.wp.com\/larevistadigital.com.ar\/blog\/wp-content\/uploads\/0006349792.jpg?fit=1200%2C675&ssl=1&resize=700%2C400 2x, https:\/\/i0.wp.com\/larevistadigital.com.ar\/blog\/wp-content\/uploads\/0006349792.jpg?fit=1200%2C675&ssl=1&resize=1050%2C600 3x"},"classes":[]},{"id":20845,"url":"https:\/\/larevistadigital.com.ar\/blog\/presentaron-un-proyecto-de-ley-rohibiendo-el-uso-del-lenguaje-inclusivo-en-el-gobierno-y-las-escuelas\/","url_meta":{"origin":14123,"position":1},"title":"PRESENTARON UN PROYECTO DE LEY ROHIBIENDO EL USO DEL \u00abLENGUAJE INCLUSIVO\u00bb EN EL GOBIERNO Y LAS ESCUELAS","author":"Alejandro Sosa Ruda","date":"22 junio, 2021","format":false,"excerpt":"La iniciativa lleg\u00f3 a la C\u00e1mara de Diputados por las abogadas Cynthia Ginni y Patricia Paternesi. Cuenta con una nota de adhesi\u00f3n del constitucionalista F\u00e9lix Lonigro. el objetivo es implementarlo en los poderes Ejecutivo, Legislativo y Judicial En nuestro pai\u0301s cada vez es ma\u0301s comu\u0301n escuchar y leer en documentos\u2026","rel":"","context":"En \u00abDESTACADAS\u00bb","block_context":{"text":"DESTACADAS","link":"https:\/\/larevistadigital.com.ar\/blog\/category\/destacadas\/"},"img":{"alt_text":"","src":"https:\/\/i0.wp.com\/larevistadigital.com.ar\/blog\/wp-content\/uploads\/INCLUSIVO.png?fit=985%2C561&ssl=1&resize=350%2C200","width":350,"height":200,"srcset":"https:\/\/i0.wp.com\/larevistadigital.com.ar\/blog\/wp-content\/uploads\/INCLUSIVO.png?fit=985%2C561&ssl=1&resize=350%2C200 1x, https:\/\/i0.wp.com\/larevistadigital.com.ar\/blog\/wp-content\/uploads\/INCLUSIVO.png?fit=985%2C561&ssl=1&resize=525%2C300 1.5x, https:\/\/i0.wp.com\/larevistadigital.com.ar\/blog\/wp-content\/uploads\/INCLUSIVO.png?fit=985%2C561&ssl=1&resize=700%2C400 2x"},"classes":[]},{"id":10974,"url":"https:\/\/larevistadigital.com.ar\/blog\/nada-de-todes-ni-nosotres-la-real-academia-espanola-freno-el-lenguaje-inclusivo\/","url_meta":{"origin":14123,"position":2},"title":"\u00abNADA DE TODES NI NOSOTRES\u00bb: LA REAL ACADEMIA ESPA\u00d1OLA FREN\u00d3 EL LENGUAJE INCLUSIVO","author":"Alejandro Sosa Ruda","date":"1 julio, 2019","format":false,"excerpt":"Public\u00f3 un manual en el que juzga \u201cinnecesario\u201d el uso de la \u201ce\u201d en vez de la \u201co\u201d para incluir a hombres y mujeres en los plurales. \u201cNo hay que confundir gram\u00e1tica con machismo\u201d, sentenci\u00f3. La definici\u00f3n de la Real Academia Espa\u00f1ola ni se hizo esperar ni sorprendi\u00f3. Para que\u2026","rel":"","context":"En \u00abINTERES GENERAL\u00bb","block_context":{"text":"INTERES GENERAL","link":"https:\/\/larevistadigital.com.ar\/blog\/category\/interes-general\/"},"img":{"alt_text":"","src":"https:\/\/i0.wp.com\/larevistadigital.com.ar\/blog\/wp-content\/uploads\/Screenshot_2-15.jpg?fit=1200%2C586&ssl=1&resize=350%2C200","width":350,"height":200,"srcset":"https:\/\/i0.wp.com\/larevistadigital.com.ar\/blog\/wp-content\/uploads\/Screenshot_2-15.jpg?fit=1200%2C586&ssl=1&resize=350%2C200 1x, https:\/\/i0.wp.com\/larevistadigital.com.ar\/blog\/wp-content\/uploads\/Screenshot_2-15.jpg?fit=1200%2C586&ssl=1&resize=525%2C300 1.5x, https:\/\/i0.wp.com\/larevistadigital.com.ar\/blog\/wp-content\/uploads\/Screenshot_2-15.jpg?fit=1200%2C586&ssl=1&resize=700%2C400 2x, https:\/\/i0.wp.com\/larevistadigital.com.ar\/blog\/wp-content\/uploads\/Screenshot_2-15.jpg?fit=1200%2C586&ssl=1&resize=1050%2C600 3x"},"classes":[]},{"id":10553,"url":"https:\/\/larevistadigital.com.ar\/blog\/la-universidad-de-chubut-aprobo-el-uso-de-lenguaje-inclusivo-en-tesis-y-trabajos-practicos\/","url_meta":{"origin":14123,"position":3},"title":"LA UNIVERSIDAD DE CHUBUT APROB\u00d3 EL USO DE LENGUAJE INCLUSIVO EN TESIS Y TRABAJOS PR\u00c1CTICOS","author":"Alejandro Sosa Ruda","date":"11 junio, 2019","format":false,"excerpt":"La Facultad de Humanidades y Ciencias Sociales de la Universidad Nacional de la Patagonia San Juan Bosco aprob\u00f3 que cualquier pr\u00e1ctica acad\u00e9mica pueda ser presentada de esta manera Todes, chiques, compa\u00f1eres o les estudiantes: el uso de la \"e\" como forma de\u00a0expresarse en un t\u00e9rmino gen\u00e9rico desde hace unos a\u00f1os\u2026","rel":"","context":"En \u00abPOLITICA\u00bb","block_context":{"text":"POLITICA","link":"https:\/\/larevistadigital.com.ar\/blog\/category\/politica\/"},"img":{"alt_text":"","src":"https:\/\/i0.wp.com\/larevistadigital.com.ar\/blog\/wp-content\/uploads\/Screenshot_2-7.jpg?fit=937%2C524&ssl=1&resize=350%2C200","width":350,"height":200,"srcset":"https:\/\/i0.wp.com\/larevistadigital.com.ar\/blog\/wp-content\/uploads\/Screenshot_2-7.jpg?fit=937%2C524&ssl=1&resize=350%2C200 1x, https:\/\/i0.wp.com\/larevistadigital.com.ar\/blog\/wp-content\/uploads\/Screenshot_2-7.jpg?fit=937%2C524&ssl=1&resize=525%2C300 1.5x, https:\/\/i0.wp.com\/larevistadigital.com.ar\/blog\/wp-content\/uploads\/Screenshot_2-7.jpg?fit=937%2C524&ssl=1&resize=700%2C400 2x"},"classes":[]},{"id":25755,"url":"https:\/\/larevistadigital.com.ar\/blog\/25755-2\/","url_meta":{"origin":14123,"position":4},"title":"CABA PROHIBI\u00d3 EL USO DEL LENGUAJE INCLUSIVO EN LAS ESCUELAS","author":"Alejandro Sosa Ruda","date":"10 junio, 2022","format":false,"excerpt":"La Ciudad de Buenos Aires regular\u00e1 el uso del lenguaje inclusivo en las escuelas para \"facilitar el proceso de aprendizaje de los alumnos\" El gobierno de la Ciudad de Buenos Aires emiti\u00f3 una circular a todas las escuelas porte\u00f1as para prohibir el uso del lenguaje inclusivo a todos los contenidos\u2026","rel":"","context":"En \u00abINTERES GENERAL\u00bb","block_context":{"text":"INTERES GENERAL","link":"https:\/\/larevistadigital.com.ar\/blog\/category\/interes-general\/"},"img":{"alt_text":"","src":"https:\/\/i0.wp.com\/larevistadigital.com.ar\/blog\/wp-content\/uploads\/Captura-de-pantalla-2022-06-10-101148.png?fit=797%2C444&ssl=1&resize=350%2C200","width":350,"height":200,"srcset":"https:\/\/i0.wp.com\/larevistadigital.com.ar\/blog\/wp-content\/uploads\/Captura-de-pantalla-2022-06-10-101148.png?fit=797%2C444&ssl=1&resize=350%2C200 1x, https:\/\/i0.wp.com\/larevistadigital.com.ar\/blog\/wp-content\/uploads\/Captura-de-pantalla-2022-06-10-101148.png?fit=797%2C444&ssl=1&resize=525%2C300 1.5x, https:\/\/i0.wp.com\/larevistadigital.com.ar\/blog\/wp-content\/uploads\/Captura-de-pantalla-2022-06-10-101148.png?fit=797%2C444&ssl=1&resize=700%2C400 2x"},"classes":[]},{"id":15204,"url":"https:\/\/larevistadigital.com.ar\/blog\/pami-y-anses-pagaran-bono-de-1-600-a-jubilados\/","url_meta":{"origin":14123,"position":5},"title":"PAMI Y ANSES PAGARAN BONO DE $1.600.- A JUBILADOS","author":"Alejandro Sosa Ruda","date":"12 mayo, 2020","format":false,"excerpt":"La medida beneficia a 540.000 personas afiliadas. Ser\u00e1 un pago extraordinario en reemplazo de los bolsones de alimentos. Esta semana, la directora Ejecutiva de PAMI, Luana\u00a0Volnovich\u00a0y la titular de ANSES, Fernanda\u00a0Raverta, anunciaron que se otorgar\u00e1 una suma fija y extraordinaria de $1.600 a 540.000 personas afiliados en reemplazo de los\u2026","rel":"","context":"En \u00abINTERES GENERAL\u00bb","block_context":{"text":"INTERES GENERAL","link":"https:\/\/larevistadigital.com.ar\/blog\/category\/interes-general\/"},"img":{"alt_text":"","src":"https:\/\/i0.wp.com\/larevistadigital.com.ar\/blog\/wp-content\/uploads\/0001245877.jpg?fit=1020%2C674&ssl=1&resize=350%2C200","width":350,"height":200,"srcset":"https:\/\/i0.wp.com\/larevistadigital.com.ar\/blog\/wp-content\/uploads\/0001245877.jpg?fit=1020%2C674&ssl=1&resize=350%2C200 1x, https:\/\/i0.wp.com\/larevistadigital.com.ar\/blog\/wp-content\/uploads\/0001245877.jpg?fit=1020%2C674&ssl=1&resize=525%2C300 1.5x, https:\/\/i0.wp.com\/larevistadigital.com.ar\/blog\/wp-content\/uploads\/0001245877.jpg?fit=1020%2C674&ssl=1&resize=700%2C400 2x"},"classes":[]}],"_links":{"self":[{"href":"https:\/\/larevistadigital.com.ar\/blog\/wp-json\/wp\/v2\/posts\/14123","targetHints":{"allow":["GET"]}}],"collection":[{"href":"https:\/\/larevistadigital.com.ar\/blog\/wp-json\/wp\/v2\/posts"}],"about":[{"href":"https:\/\/larevistadigital.com.ar\/blog\/wp-json\/wp\/v2\/types\/post"}],"author":[{"embeddable":true,"href":"https:\/\/larevistadigital.com.ar\/blog\/wp-json\/wp\/v2\/users\/3"}],"replies":[{"embeddable":true,"href":"https:\/\/larevistadigital.com.ar\/blog\/wp-json\/wp\/v2\/comments?post=14123"}],"version-history":[{"count":4,"href":"https:\/\/larevistadigital.com.ar\/blog\/wp-json\/wp\/v2\/posts\/14123\/revisions"}],"predecessor-version":[{"id":14128,"href":"https:\/\/larevistadigital.com.ar\/blog\/wp-json\/wp\/v2\/posts\/14123\/revisions\/14128"}],"wp:featuredmedia":[{"embeddable":true,"href":"https:\/\/larevistadigital.com.ar\/blog\/wp-json\/wp\/v2\/media\/14124"}],"wp:attachment":[{"href":"https:\/\/larevistadigital.com.ar\/blog\/wp-json\/wp\/v2\/media?parent=14123"}],"wp:term":[{"taxonomy":"category","embeddable":true,"href":"https:\/\/larevistadigital.com.ar\/blog\/wp-json\/wp\/v2\/categories?post=14123"},{"taxonomy":"post_tag","embeddable":true,"href":"https:\/\/larevistadigital.com.ar\/blog\/wp-json\/wp\/v2\/tags?post=14123"}],"curies":[{"name":"wp","href":"https:\/\/api.w.org\/{rel}","templated":true}]}}