{"id":14129,"date":"2020-01-13T11:34:37","date_gmt":"2020-01-13T11:34:37","guid":{"rendered":"https:\/\/larevistadigital.com.ar\/blog\/?p=14129"},"modified":"2020-01-13T11:34:37","modified_gmt":"2020-01-13T11:34:37","slug":"mar-del-plata-insolito-prendio-fuego-su-moto-para-que-los-inspectores-no-se-la-secuestraran","status":"publish","type":"post","link":"https:\/\/larevistadigital.com.ar\/blog\/mar-del-plata-insolito-prendio-fuego-su-moto-para-que-los-inspectores-no-se-la-secuestraran\/","title":{"rendered":"MAR DEL PLATA: \u00a1INS\u00d3LITO! PRENDI\u00d3 FUEGO SU MOTO PARA QUE LOS INSPECTORES NO SE LA SECUESTRARAN"},"content":{"rendered":"<h2><em>El particular episodio se registr\u00f3 en la madrugada de este domingo en el Monumento a la Bandera. El veh\u00edculo qued\u00f3 totalmente destruido.<\/em><\/h2>\n<p>Un operativo de la Subsecretar\u00eda de Transporte y\u00a0Tr\u00e1nsito en la costa marplatense termin\u00f3 este domingo de la manera menos pensada: un joven prendi\u00f3 fuego su propia moto cuando los inspectores quisieron secuestrarla tras advertir que estaba en infracci\u00f3n.<\/p>\n<p>El particular episodio se registr\u00f3 durante la madrugada, alrededor de las 4, cuando empleados municipales junto a efectivos de la comisar\u00eda novena iban a avanzar con el secuestro de seis veh\u00edculos que presentaban distintas irregularidades en el Monumento a la Bandera, ubicado en Patricio Peralta Ramos y Formosa.<\/p>\n<blockquote>\n<h3>El trabajo de los agentes se desarrollaba con normalidad cuando de repente, y sin mediar palabra alguna, un joven de 20 a\u00f1os que era propietario de una moto marca Mondial 150 provoc\u00f3 intencionalmente el inicio de un foco \u00edgneo en su propio rodado para evitar la incautaci\u00f3n.<\/h3>\n<\/blockquote>\n<p>De inmediato, la combusti\u00f3n del fuego avanz\u00f3 r\u00e1pidamente sobre la moto por lo que\u00a0se debi\u00f3 acudir al llamado de los Bomberos para que colaboraran con la extinci\u00f3n del incendio y se evitaran consecuencias de mayor magnitud.<\/p>\n<p><img data-recalc-dims=\"1\" loading=\"lazy\" decoding=\"async\" class=\"alignnone size-full wp-image-14131\" src=\"https:\/\/i0.wp.com\/larevistadigital.com.ar\/blog\/wp-content\/uploads\/1578922801727.jpeg?resize=960%2C1280&#038;ssl=1\" alt=\"\" width=\"960\" height=\"1280\" srcset=\"https:\/\/i0.wp.com\/larevistadigital.com.ar\/blog\/wp-content\/uploads\/1578922801727.jpeg?w=960&amp;ssl=1 960w, https:\/\/i0.wp.com\/larevistadigital.com.ar\/blog\/wp-content\/uploads\/1578922801727.jpeg?resize=225%2C300&amp;ssl=1 225w, https:\/\/i0.wp.com\/larevistadigital.com.ar\/blog\/wp-content\/uploads\/1578922801727.jpeg?resize=768%2C1024&amp;ssl=1 768w\" sizes=\"auto, (max-width: 960px) 100vw, 960px\" \/><\/p>\n<p>Las mismas fuentes aseguraron que el veh\u00edculo qued\u00f3 \u00abtotalmente destruido\u00bb pero\u00a0aclararon que, pese a los da\u00f1os ocasionados, fue secuestrado y llevado a uno de los playones que administra la Municipalidad.<\/p>\n<p>PUBLICADO EN 0223<\/p>\n","protected":false},"excerpt":{"rendered":"<div class=\"mh-excerpt\"><p>El particular episodio se registr\u00f3 en la madrugada de este domingo en el Monumento a la Bandera. El veh\u00edculo qued\u00f3 totalmente destruido. Un operativo de la Subsecretar\u00eda de Transporte y\u00a0Tr\u00e1nsito en la costa marplatense termin\u00f3 <a class=\"mh-excerpt-more\" href=\"https:\/\/larevistadigital.com.ar\/blog\/mar-del-plata-insolito-prendio-fuego-su-moto-para-que-los-inspectores-no-se-la-secuestraran\/\" title=\"MAR DEL PLATA: \u00a1INS\u00d3LITO! PRENDI\u00d3 FUEGO SU MOTO PARA QUE LOS INSPECTORES NO SE LA SECUESTRARAN\">[Leer M\u00e1s]<\/a><\/p>\n<\/div>","protected":false},"author":3,"featured_media":14130,"comment_status":"open","ping_status":"open","sticky":false,"template":"","format":"standard","meta":{"_jetpack_memberships_contains_paid_content":false,"footnotes":"","jetpack_publicize_message":"","jetpack_publicize_feature_enabled":true,"jetpack_social_post_already_shared":true,"jetpack_social_options":{"image_generator_settings":{"template":"highway","default_image_id":0,"font":"","enabled":false},"version":2}},"categories":[51],"tags":[],"class_list":{"0":"post-14129","1":"post","2":"type-post","3":"status-publish","4":"format-standard","5":"has-post-thumbnail","7":"category-regionales"},"jetpack_publicize_connections":[],"jetpack_featured_media_url":"https:\/\/i0.wp.com\/larevistadigital.com.ar\/blog\/wp-content\/uploads\/1578922804765.jpeg?fit=639%2C360&ssl=1","jetpack_sharing_enabled":true,"jetpack_shortlink":"https:\/\/wp.me\/p8qtrQ-3FT","jetpack-related-posts":[{"id":29413,"url":"https:\/\/larevistadigital.com.ar\/blog\/prendio-fuego-su-moto-para-que-no-se-la-lleven-los-inspectores\/","url_meta":{"origin":14129,"position":0},"title":"PRENDI\u00d3 FUEGO SU MOTO PARA QUE NO SE LA LLEVEN LOS INSPECTORES","author":"Alejandro Sosa Ruda","date":"11 diciembre, 2022","format":false,"excerpt":"En la moto circulaban dos mayores de edad y dos menores, entre ellos un beb\u00e9. Ante el hecho fueron convocados bomberos a cargo del 3er Oficial Federico D\u00edaz que trabajaron para sofocarla resultando con da\u00f1os totales. 10 de diciembre de 2022 CHIVILCOY -\u00a0 Una\u00a0situaci\u00f3n ins\u00f3lita se vivi\u00f3 en la tarde\u2026","rel":"","context":"En \u00abINTERES GENERAL\u00bb","block_context":{"text":"INTERES GENERAL","link":"https:\/\/larevistadigital.com.ar\/blog\/category\/interes-general\/"},"img":{"alt_text":"","src":"https:\/\/i0.wp.com\/larevistadigital.com.ar\/blog\/wp-content\/uploads\/20221210155727_ooto.jpg?fit=880%2C512&ssl=1&resize=350%2C200","width":350,"height":200,"srcset":"https:\/\/i0.wp.com\/larevistadigital.com.ar\/blog\/wp-content\/uploads\/20221210155727_ooto.jpg?fit=880%2C512&ssl=1&resize=350%2C200 1x, https:\/\/i0.wp.com\/larevistadigital.com.ar\/blog\/wp-content\/uploads\/20221210155727_ooto.jpg?fit=880%2C512&ssl=1&resize=525%2C300 1.5x, https:\/\/i0.wp.com\/larevistadigital.com.ar\/blog\/wp-content\/uploads\/20221210155727_ooto.jpg?fit=880%2C512&ssl=1&resize=700%2C400 2x"},"classes":[]},{"id":25339,"url":"https:\/\/larevistadigital.com.ar\/blog\/apunalo-a-su-pareja-y-luego-prendio-fuego-la-casa-para-suicidarse\/","url_meta":{"origin":14129,"position":1},"title":"APU\u00d1AL\u00d3 A SU PAREJA Y LUEGO PRENDI\u00d3 FUEGO LA CASA PARA SUICIDARSE","author":"Alejandro Sosa Ruda","date":"22 mayo, 2022","format":false,"excerpt":"Un hombre de 30 a\u00f1os lucha por su vida con el 70% del cuerpo quemado. La mujer de 29 se encuentra fuera de peligro. BALCARCE-\u00a0 Un hecho de singular violencia se origin\u00f3 en el marco de una situaci\u00f3n de violencia de g\u00e9nero donde una mujer result\u00f3 herida de arma blanca\u2026","rel":"","context":"En \u00abREGIONALES\u00bb","block_context":{"text":"REGIONALES","link":"https:\/\/larevistadigital.com.ar\/blog\/category\/regionales\/"},"img":{"alt_text":"","src":"https:\/\/i0.wp.com\/larevistadigital.com.ar\/blog\/wp-content\/uploads\/Captura-de-pantalla-2022-05-22-181805.png?fit=807%2C397&ssl=1&resize=350%2C200","width":350,"height":200,"srcset":"https:\/\/i0.wp.com\/larevistadigital.com.ar\/blog\/wp-content\/uploads\/Captura-de-pantalla-2022-05-22-181805.png?fit=807%2C397&ssl=1&resize=350%2C200 1x, https:\/\/i0.wp.com\/larevistadigital.com.ar\/blog\/wp-content\/uploads\/Captura-de-pantalla-2022-05-22-181805.png?fit=807%2C397&ssl=1&resize=525%2C300 1.5x, https:\/\/i0.wp.com\/larevistadigital.com.ar\/blog\/wp-content\/uploads\/Captura-de-pantalla-2022-05-22-181805.png?fit=807%2C397&ssl=1&resize=700%2C400 2x"},"classes":[]},{"id":23984,"url":"https:\/\/larevistadigital.com.ar\/blog\/se-prendio-fuego-un-avion-hidrante-que-combatia-los-fuegos-en-corrientes\/","url_meta":{"origin":14129,"position":2},"title":"SE PRENDI\u00d3 FUEGO UN AVI\u00d3N HIDRANTE QUE COMBAT\u00cdA LOS FUEGOS EN CORRIENTES","author":"Alejandro Sosa Ruda","date":"15 febrero, 2022","format":false,"excerpt":"De acuerdo a la informaci\u00f3n oficial, las llamas se originaron este lunes a las 19:30 por un desperfecto el\u00e9ctrico. Un avi\u00f3n hidrante que combat\u00eda los incendios en la localidad de Ituzaing\u00f3, en la provincia de Corrientes, sufri\u00f3 un desperfecto el\u00e9ctrico y se incendi\u00f3 cuando era reabastecido de combustible. El Ministerio\u2026","rel":"","context":"En \u00abINTERES GENERAL\u00bb","block_context":{"text":"INTERES GENERAL","link":"https:\/\/larevistadigital.com.ar\/blog\/category\/interes-general\/"},"img":{"alt_text":"","src":"https:\/\/i0.wp.com\/larevistadigital.com.ar\/blog\/wp-content\/uploads\/Captura-de-pantalla-2022-02-15-104721.jpg?fit=920%2C538&ssl=1&resize=350%2C200","width":350,"height":200,"srcset":"https:\/\/i0.wp.com\/larevistadigital.com.ar\/blog\/wp-content\/uploads\/Captura-de-pantalla-2022-02-15-104721.jpg?fit=920%2C538&ssl=1&resize=350%2C200 1x, https:\/\/i0.wp.com\/larevistadigital.com.ar\/blog\/wp-content\/uploads\/Captura-de-pantalla-2022-02-15-104721.jpg?fit=920%2C538&ssl=1&resize=525%2C300 1.5x, https:\/\/i0.wp.com\/larevistadigital.com.ar\/blog\/wp-content\/uploads\/Captura-de-pantalla-2022-02-15-104721.jpg?fit=920%2C538&ssl=1&resize=700%2C400 2x"},"classes":[]},{"id":15252,"url":"https:\/\/larevistadigital.com.ar\/blog\/joven-adicto-ataca-con-un-palo-a-su-abuela-la-desmayo-y-prendio-fuego-la-casa-ocasionandole-la-muerte\/","url_meta":{"origin":14129,"position":3},"title":"JOVEN ADICTO ATACA CON UN PALO A SU ABUELA, LA DESMAY\u00d3 Y PRENDI\u00d3 FUEGO LA CASA OCASION\u00c1NDOLE LA MUERTE","author":"Alejandro Sosa Ruda","date":"20 mayo, 2020","format":false,"excerpt":"Ocurri\u00f3 en Berazategui. Una mujer de 75 a\u00f1os muri\u00f3 carbonizada. Por el horroroso crimen fue detenido el nieto de 26 a\u00f1os que hoy ser\u00e1 indagado por el fiscal Daniel Ichazo por el delito de homicidio agravado por el v\u00ednculo. Una jubilada de 75 a\u00f1os fue encontrada asesinada y carbonizada en\u2026","rel":"","context":"En \u00abPOLICIALES\u00bb","block_context":{"text":"POLICIALES","link":"https:\/\/larevistadigital.com.ar\/blog\/category\/policiales\/"},"img":{"alt_text":"","src":"https:\/\/i0.wp.com\/larevistadigital.com.ar\/blog\/wp-content\/uploads\/20200520091757_aaa.jpg?fit=887%2C554&ssl=1&resize=350%2C200","width":350,"height":200,"srcset":"https:\/\/i0.wp.com\/larevistadigital.com.ar\/blog\/wp-content\/uploads\/20200520091757_aaa.jpg?fit=887%2C554&ssl=1&resize=350%2C200 1x, https:\/\/i0.wp.com\/larevistadigital.com.ar\/blog\/wp-content\/uploads\/20200520091757_aaa.jpg?fit=887%2C554&ssl=1&resize=525%2C300 1.5x, https:\/\/i0.wp.com\/larevistadigital.com.ar\/blog\/wp-content\/uploads\/20200520091757_aaa.jpg?fit=887%2C554&ssl=1&resize=700%2C400 2x"},"classes":[]},{"id":12247,"url":"https:\/\/larevistadigital.com.ar\/blog\/violo-la-perimetral-rocio-a-su-ex-con-nafta-y-la-prendio-fuego\/","url_meta":{"origin":14129,"position":4},"title":"VIOL\u00d3 LA PERIMETRAL, ROCI\u00d3 A SU EX CON NAFTA Y LA PRENDI\u00d3 FUEGO","author":"Alejandro Sosa Ruda","date":"23 septiembre, 2019","format":false,"excerpt":"Una mujer de 24 a\u00f1os permanec\u00eda este lunes internada en grave estado luego de que fuera rociada con nafta y prendida fuego en la ciudad de Posadas\u00a0por su ex pareja, un hombre de 31 a\u00f1os que ten\u00eda prohibici\u00f3n de acercamiento vigente por la justicia. Voceros de la polic\u00eda de Misiones\u00a0informaron\u2026","rel":"","context":"En \u00abINTERES GENERAL\u00bb","block_context":{"text":"INTERES GENERAL","link":"https:\/\/larevistadigital.com.ar\/blog\/category\/interes-general\/"},"img":{"alt_text":"","src":"https:\/\/i0.wp.com\/larevistadigital.com.ar\/blog\/wp-content\/uploads\/Screenshot_2-42.jpg?fit=1200%2C605&ssl=1&resize=350%2C200","width":350,"height":200,"srcset":"https:\/\/i0.wp.com\/larevistadigital.com.ar\/blog\/wp-content\/uploads\/Screenshot_2-42.jpg?fit=1200%2C605&ssl=1&resize=350%2C200 1x, https:\/\/i0.wp.com\/larevistadigital.com.ar\/blog\/wp-content\/uploads\/Screenshot_2-42.jpg?fit=1200%2C605&ssl=1&resize=525%2C300 1.5x, https:\/\/i0.wp.com\/larevistadigital.com.ar\/blog\/wp-content\/uploads\/Screenshot_2-42.jpg?fit=1200%2C605&ssl=1&resize=700%2C400 2x, https:\/\/i0.wp.com\/larevistadigital.com.ar\/blog\/wp-content\/uploads\/Screenshot_2-42.jpg?fit=1200%2C605&ssl=1&resize=1050%2C600 3x"},"classes":[]},{"id":14827,"url":"https:\/\/larevistadigital.com.ar\/blog\/video-la-plata-se-cayo-de-la-moto-y-se-le-prendio-fuego-al-instante-en-pleno-centro\/","url_meta":{"origin":14129,"position":5},"title":"[VIDEO] LA PLATA: SE CAY\u00d3 DE LA MOTO, Y SE LE PRENDI\u00d3 FUEGO AL INSTANTE EN PLENO CENTRO","author":"Alejandro Sosa Ruda","date":"14 febrero, 2020","format":false,"excerpt":"Un joven fue v\u00edctima de un inusual suceso durante la noche de este \u00faltimo jueves. Fue en 13 y 60, donde por razones que todav\u00eda no est\u00e1n claras, salt\u00f3 de su moto y \u00e9sta cay\u00f3 al suelo y comenz\u00f3 a arder en cuesti\u00f3n de segundos. La dram\u00e1tica escena fue grabada\u2026","rel":"","context":"En \u00abREGIONALES\u00bb","block_context":{"text":"REGIONALES","link":"https:\/\/larevistadigital.com.ar\/blog\/category\/regionales\/"},"img":{"alt_text":"","src":"https:\/\/i0.wp.com\/larevistadigital.com.ar\/blog\/wp-content\/uploads\/Screenshot_2-89.jpg?fit=600%2C758&ssl=1&resize=350%2C200","width":350,"height":200,"srcset":"https:\/\/i0.wp.com\/larevistadigital.com.ar\/blog\/wp-content\/uploads\/Screenshot_2-89.jpg?fit=600%2C758&ssl=1&resize=350%2C200 1x, https:\/\/i0.wp.com\/larevistadigital.com.ar\/blog\/wp-content\/uploads\/Screenshot_2-89.jpg?fit=600%2C758&ssl=1&resize=525%2C300 1.5x"},"classes":[]}],"_links":{"self":[{"href":"https:\/\/larevistadigital.com.ar\/blog\/wp-json\/wp\/v2\/posts\/14129","targetHints":{"allow":["GET"]}}],"collection":[{"href":"https:\/\/larevistadigital.com.ar\/blog\/wp-json\/wp\/v2\/posts"}],"about":[{"href":"https:\/\/larevistadigital.com.ar\/blog\/wp-json\/wp\/v2\/types\/post"}],"author":[{"embeddable":true,"href":"https:\/\/larevistadigital.com.ar\/blog\/wp-json\/wp\/v2\/users\/3"}],"replies":[{"embeddable":true,"href":"https:\/\/larevistadigital.com.ar\/blog\/wp-json\/wp\/v2\/comments?post=14129"}],"version-history":[{"count":1,"href":"https:\/\/larevistadigital.com.ar\/blog\/wp-json\/wp\/v2\/posts\/14129\/revisions"}],"predecessor-version":[{"id":14132,"href":"https:\/\/larevistadigital.com.ar\/blog\/wp-json\/wp\/v2\/posts\/14129\/revisions\/14132"}],"wp:featuredmedia":[{"embeddable":true,"href":"https:\/\/larevistadigital.com.ar\/blog\/wp-json\/wp\/v2\/media\/14130"}],"wp:attachment":[{"href":"https:\/\/larevistadigital.com.ar\/blog\/wp-json\/wp\/v2\/media?parent=14129"}],"wp:term":[{"taxonomy":"category","embeddable":true,"href":"https:\/\/larevistadigital.com.ar\/blog\/wp-json\/wp\/v2\/categories?post=14129"},{"taxonomy":"post_tag","embeddable":true,"href":"https:\/\/larevistadigital.com.ar\/blog\/wp-json\/wp\/v2\/tags?post=14129"}],"curies":[{"name":"wp","href":"https:\/\/api.w.org\/{rel}","templated":true}]}}