{"id":14133,"date":"2020-01-13T12:21:52","date_gmt":"2020-01-13T12:21:52","guid":{"rendered":"https:\/\/larevistadigital.com.ar\/blog\/?p=14133"},"modified":"2020-01-13T12:22:36","modified_gmt":"2020-01-13T12:22:36","slug":"ataco-a-su-novia-ella-se-defendio-y-la-apunalo","status":"publish","type":"post","link":"https:\/\/larevistadigital.com.ar\/blog\/ataco-a-su-novia-ella-se-defendio-y-la-apunalo\/","title":{"rendered":"ATAC\u00d3 A SU NOVIA, ELLA SE DEFENDI\u00d3 Y LA APU\u00d1AL\u00d3"},"content":{"rendered":"<p>Un violento episodio se registr\u00f3 este domingo por la madrugada en una vivienda de\u00a0Lisandro Olmos. Fuentes oficiales informaron al medio local\u00a00221.com.ar\u00a0que el hecho se registr\u00f3 alrededor de las 3, en la zona de 197 y 73, cuando una mujer de 33 a\u00f1os y su pareja de 34\u00a0se encontraban tomando bebidas alcoh\u00f3licas y protagonizaron una intensa discusi\u00f3n por motivos que no trascendieron.<\/p>\n<blockquote><p><strong>Durante la pelea, el hombre se abalanz\u00f3 sobre ella y la atac\u00f3.\u00a0Por este motivo,\u00a0la mujer tom\u00f3 un cuchillo y se defendi\u00f3 asest\u00e1ndole una pu\u00f1alada a la altura del pecho. Esto le provoc\u00f3 una herida de consideraci\u00f3n por la cual tuvo que ser trasladado al\u00a0hospital San Juan de Dios. All\u00ed, fue intervenido quir\u00fargicamente,\u00a0quedando en estado delicado.<\/strong><\/p><\/blockquote>\n<p>Asimismo, los efectivos de la comisar\u00eda Decimoquinta, al mando de\u00a0<strong>Marcos Celentano<\/strong>, acudieron a la escena tras un llamado al 911 y detuvieron a la agresora.\u00a0Al momento, el arma con la que actu\u00f3 no fue hallada. No obstante, las autoridades la trasladaron a la seccional donde qued\u00f3 alojada por el delito de\u00a0\u00ablesiones graves\u00bb.<\/p>\n<p>PUBLICADO EN DLN<\/p>\n","protected":false},"excerpt":{"rendered":"<div class=\"mh-excerpt\"><p>Un violento episodio se registr\u00f3 este domingo por la madrugada en una vivienda de\u00a0Lisandro Olmos. Fuentes oficiales informaron al medio local\u00a00221.com.ar\u00a0que el hecho se registr\u00f3 alrededor de las 3, en la zona de 197 y <a class=\"mh-excerpt-more\" href=\"https:\/\/larevistadigital.com.ar\/blog\/ataco-a-su-novia-ella-se-defendio-y-la-apunalo\/\" title=\"ATAC\u00d3 A SU NOVIA, ELLA SE DEFENDI\u00d3 Y LA APU\u00d1AL\u00d3\">[Leer M\u00e1s]<\/a><\/p>\n<\/div>","protected":false},"author":3,"featured_media":14134,"comment_status":"open","ping_status":"open","sticky":false,"template":"","format":"standard","meta":{"_jetpack_memberships_contains_paid_content":false,"footnotes":"","jetpack_publicize_message":"","jetpack_publicize_feature_enabled":true,"jetpack_social_post_already_shared":true,"jetpack_social_options":{"image_generator_settings":{"template":"highway","default_image_id":0,"font":"","enabled":false},"version":2}},"categories":[51],"tags":[],"class_list":{"0":"post-14133","1":"post","2":"type-post","3":"status-publish","4":"format-standard","5":"has-post-thumbnail","7":"category-regionales"},"jetpack_publicize_connections":[],"jetpack_featured_media_url":"https:\/\/i0.wp.com\/larevistadigital.com.ar\/blog\/wp-content\/uploads\/3cfefe56d3ded1cab1a17267cf8cb1df8ceff934.jpg?fit=1140%2C624&ssl=1","jetpack_sharing_enabled":true,"jetpack_shortlink":"https:\/\/wp.me\/p8qtrQ-3FX","jetpack-related-posts":[{"id":42586,"url":"https:\/\/larevistadigital.com.ar\/blog\/chascomus-aprehemden-a-una-mujer-que-ataco-con-violencia-a-un-automovil\/","url_meta":{"origin":14133,"position":0},"title":"Chascom\u00fas: Aprehemden a una mujer que atac\u00f3 con violencia a un autom\u00f3vil","author":"Alejandro Sosa Ruda","date":"23 noviembre, 2025","format":false,"excerpt":"Una vecina fue detenida luego de da\u00f1ar un veh\u00edculo a pedradas. La Justicia investiga el motivo del ataque. 23 de Noviembre de 2025 CHASCOM\u00daS -\u00a0 \u00a0Una mujer mayor de edad fue aprehendida este s\u00e1bado por la ma\u00f1ana en un domicilio del barrio El Porte\u00f1o, luego de protagonizar un violento episodio\u2026","rel":"","context":"En \u00abINTERES GENERAL\u00bb","block_context":{"text":"INTERES GENERAL","link":"https:\/\/larevistadigital.com.ar\/blog\/category\/interes-general\/"},"img":{"alt_text":"","src":"https:\/\/i0.wp.com\/larevistadigital.com.ar\/blog\/wp-content\/uploads\/mujer-esposada-1.jpg?fit=800%2C452&ssl=1&resize=350%2C200","width":350,"height":200,"srcset":"https:\/\/i0.wp.com\/larevistadigital.com.ar\/blog\/wp-content\/uploads\/mujer-esposada-1.jpg?fit=800%2C452&ssl=1&resize=350%2C200 1x, https:\/\/i0.wp.com\/larevistadigital.com.ar\/blog\/wp-content\/uploads\/mujer-esposada-1.jpg?fit=800%2C452&ssl=1&resize=525%2C300 1.5x, https:\/\/i0.wp.com\/larevistadigital.com.ar\/blog\/wp-content\/uploads\/mujer-esposada-1.jpg?fit=800%2C452&ssl=1&resize=700%2C400 2x"},"classes":[]},{"id":43861,"url":"https:\/\/larevistadigital.com.ar\/blog\/lo-fueron-a-arrestar-por-amenazar-a-su-mujer-y-ataco-a-los-policias-con-un-arpon-casero\/","url_meta":{"origin":14133,"position":1},"title":"Lo fueron a arrestar por amenazar a su mujer y atac\u00f3 a los polic\u00edas con un arp\u00f3n casero","author":"Alejandro Sosa Ruda","date":"7 febrero, 2026","format":false,"excerpt":"El acusado amenaz\u00f3 con un arma de fuego a su pareja, intent\u00f3 agredir al personal policial y qued\u00f3 alojado por disposici\u00f3n judicial. 07 de febrero de 2026 SAN NICOL\u00c1S -\u00a0 \u00a0Un hombre de 43 a\u00f1os fue aprehendido este jueves 6 de febrero en una vivienda de la ciudad bonaerense de\u2026","rel":"","context":"En \u00abPOLICIALES\u00bb","block_context":{"text":"POLICIALES","link":"https:\/\/larevistadigital.com.ar\/blog\/category\/policiales\/"},"img":{"alt_text":"","src":"https:\/\/i0.wp.com\/larevistadigital.com.ar\/blog\/wp-content\/uploads\/Captura-de-pantalla-2026-02-07-150945.jpg?fit=700%2C436&ssl=1&resize=350%2C200","width":350,"height":200,"srcset":"https:\/\/i0.wp.com\/larevistadigital.com.ar\/blog\/wp-content\/uploads\/Captura-de-pantalla-2026-02-07-150945.jpg?fit=700%2C436&ssl=1&resize=350%2C200 1x, https:\/\/i0.wp.com\/larevistadigital.com.ar\/blog\/wp-content\/uploads\/Captura-de-pantalla-2026-02-07-150945.jpg?fit=700%2C436&ssl=1&resize=525%2C300 1.5x, https:\/\/i0.wp.com\/larevistadigital.com.ar\/blog\/wp-content\/uploads\/Captura-de-pantalla-2026-02-07-150945.jpg?fit=700%2C436&ssl=1&resize=700%2C400 2x"},"classes":[]},{"id":25145,"url":"https:\/\/larevistadigital.com.ar\/blog\/mar-del-plata-un-perro-ataco-al-suyo-quiso-defenderlo-y-le-mordieron-la-cara\/","url_meta":{"origin":14133,"position":2},"title":"MAR DEL PLATA: UN PERRO ATAC\u00d3 AL SUYO, QUISO DEFENDERLO Y LE MORDIERON LA CARA","author":"Alejandro Sosa Ruda","date":"18 abril, 2022","format":false,"excerpt":"MAR DEL PLATA -\u00a0 Una mujer de 36 a\u00f1os\u00a0fue mordida en la cara por un perro ayer a la tarde al intentar defender a su mascota y tuvo que ser atendida por personal m\u00e9dico en la Cl\u00ednica Pueyrredon. El hecho ocurri\u00f3 ayer a la tarde cuando la mujer paseaba a\u2026","rel":"","context":"En \u00abREGIONALES\u00bb","block_context":{"text":"REGIONALES","link":"https:\/\/larevistadigital.com.ar\/blog\/category\/regionales\/"},"img":{"alt_text":"","src":"https:\/\/i0.wp.com\/larevistadigital.com.ar\/blog\/wp-content\/uploads\/Puey-02-1024x683-1.jpg?fit=1024%2C683&ssl=1&resize=350%2C200","width":350,"height":200,"srcset":"https:\/\/i0.wp.com\/larevistadigital.com.ar\/blog\/wp-content\/uploads\/Puey-02-1024x683-1.jpg?fit=1024%2C683&ssl=1&resize=350%2C200 1x, https:\/\/i0.wp.com\/larevistadigital.com.ar\/blog\/wp-content\/uploads\/Puey-02-1024x683-1.jpg?fit=1024%2C683&ssl=1&resize=525%2C300 1.5x, https:\/\/i0.wp.com\/larevistadigital.com.ar\/blog\/wp-content\/uploads\/Puey-02-1024x683-1.jpg?fit=1024%2C683&ssl=1&resize=700%2C400 2x"},"classes":[]},{"id":34122,"url":"https:\/\/larevistadigital.com.ar\/blog\/varela-dogo-argentino-defendio-a-una-mujer-del-ataque-de-su-pareja\/","url_meta":{"origin":14133,"position":3},"title":"VARELA: DOGO ARGENTINO DEFENDI\u00d3 A UNA MUJER DEL ATAQUE DE SU PAREJA","author":"Alejandro Sosa Ruda","date":"19 octubre, 2023","format":false,"excerpt":"El animal sali\u00f3 en defensa de una mujer que estaba siendo agredida por su pareja, un hombre de 77 a\u00f1os, y lo enfrent\u00f3 mordi\u00e9ndolo en las piernas y brazos. 19 de Octubre de 2023 FLORENCIO VARELA -\u00a0 \u00a0Un perro se convirti\u00f3 en el h\u00e9roe de una situaci\u00f3n violenta en Florencio\u2026","rel":"","context":"En \u00abREGIONALES\u00bb","block_context":{"text":"REGIONALES","link":"https:\/\/larevistadigital.com.ar\/blog\/category\/regionales\/"},"img":{"alt_text":"","src":"https:\/\/i0.wp.com\/larevistadigital.com.ar\/blog\/wp-content\/uploads\/20231019165139_0208dogo-argentino-1124972.jpg?fit=880%2C512&ssl=1&resize=350%2C200","width":350,"height":200,"srcset":"https:\/\/i0.wp.com\/larevistadigital.com.ar\/blog\/wp-content\/uploads\/20231019165139_0208dogo-argentino-1124972.jpg?fit=880%2C512&ssl=1&resize=350%2C200 1x, https:\/\/i0.wp.com\/larevistadigital.com.ar\/blog\/wp-content\/uploads\/20231019165139_0208dogo-argentino-1124972.jpg?fit=880%2C512&ssl=1&resize=525%2C300 1.5x, https:\/\/i0.wp.com\/larevistadigital.com.ar\/blog\/wp-content\/uploads\/20231019165139_0208dogo-argentino-1124972.jpg?fit=880%2C512&ssl=1&resize=700%2C400 2x"},"classes":[]},{"id":32626,"url":"https:\/\/larevistadigital.com.ar\/blog\/ataco-a-piedrazos-a-una-grua-porque-le-secuestraron-la-moto-por-circular-sin-papeles\/","url_meta":{"origin":14133,"position":4},"title":"ATAC\u00d3 A PIEDRAZOS A UNA GR\u00daA PORQUE LE SECUESTRARON LA MOTO POR CIRCULAR SIN PAPELES","author":"Alejandro Sosa Ruda","date":"28 julio, 2023","format":false,"excerpt":"Los efectivos constataron que la mujer no ten\u00eda la documentaci\u00f3n del rodado, una Gilera Smash, en regla y procedieron al secuestro del mismo. En ese momento, la conductora se torn\u00f3 hostil y de una discusi\u00f3n se deriv\u00f3 en una agresi\u00f3n. 27 de julio de 2023 MAR DEL PLATA\u00a0 -\u00a0 Una\u2026","rel":"","context":"En \u00abINTERES GENERAL\u00bb","block_context":{"text":"INTERES GENERAL","link":"https:\/\/larevistadigital.com.ar\/blog\/category\/interes-general\/"},"img":{"alt_text":"","src":"https:\/\/i0.wp.com\/larevistadigital.com.ar\/blog\/wp-content\/uploads\/20230727181940_moto.jpg?fit=880%2C512&ssl=1&resize=350%2C200","width":350,"height":200,"srcset":"https:\/\/i0.wp.com\/larevistadigital.com.ar\/blog\/wp-content\/uploads\/20230727181940_moto.jpg?fit=880%2C512&ssl=1&resize=350%2C200 1x, https:\/\/i0.wp.com\/larevistadigital.com.ar\/blog\/wp-content\/uploads\/20230727181940_moto.jpg?fit=880%2C512&ssl=1&resize=525%2C300 1.5x, https:\/\/i0.wp.com\/larevistadigital.com.ar\/blog\/wp-content\/uploads\/20230727181940_moto.jpg?fit=880%2C512&ssl=1&resize=700%2C400 2x"},"classes":[]},{"id":25625,"url":"https:\/\/larevistadigital.com.ar\/blog\/solores-multan-a-duena-de-un-perro-que-ataco-a-su-vecina\/","url_meta":{"origin":14133,"position":5},"title":"SOLORES: MULTAN A DUE\u00d1A DE UN PERRO QUE ATAC\u00d3 A SU VECINA","author":"Alejandro Sosa Ruda","date":"6 junio, 2022","format":false,"excerpt":"Tiene que pagar una indemnizaci\u00f3n y tomar medidas de seguridad con el animal. DOLORES -\u00a0 La due\u00f1a de un perro, fue condenada tras ser considerada responsable de la mordedura que el animal le gener\u00f3 a una mujer que transitaba por la v\u00eda p\u00fablica.\u00a0 Ante esta situaci\u00f3n, el fallo del Juzgado\u2026","rel":"","context":"En \u00abDOLORES\u00bb","block_context":{"text":"DOLORES","link":"https:\/\/larevistadigital.com.ar\/blog\/category\/dolores\/"},"img":{"alt_text":"","src":"https:\/\/i0.wp.com\/larevistadigital.com.ar\/blog\/wp-content\/uploads\/descarga-12.jpg?fit=202%2C249&ssl=1&resize=350%2C200","width":350,"height":200},"classes":[]}],"_links":{"self":[{"href":"https:\/\/larevistadigital.com.ar\/blog\/wp-json\/wp\/v2\/posts\/14133","targetHints":{"allow":["GET"]}}],"collection":[{"href":"https:\/\/larevistadigital.com.ar\/blog\/wp-json\/wp\/v2\/posts"}],"about":[{"href":"https:\/\/larevistadigital.com.ar\/blog\/wp-json\/wp\/v2\/types\/post"}],"author":[{"embeddable":true,"href":"https:\/\/larevistadigital.com.ar\/blog\/wp-json\/wp\/v2\/users\/3"}],"replies":[{"embeddable":true,"href":"https:\/\/larevistadigital.com.ar\/blog\/wp-json\/wp\/v2\/comments?post=14133"}],"version-history":[{"count":2,"href":"https:\/\/larevistadigital.com.ar\/blog\/wp-json\/wp\/v2\/posts\/14133\/revisions"}],"predecessor-version":[{"id":14136,"href":"https:\/\/larevistadigital.com.ar\/blog\/wp-json\/wp\/v2\/posts\/14133\/revisions\/14136"}],"wp:featuredmedia":[{"embeddable":true,"href":"https:\/\/larevistadigital.com.ar\/blog\/wp-json\/wp\/v2\/media\/14134"}],"wp:attachment":[{"href":"https:\/\/larevistadigital.com.ar\/blog\/wp-json\/wp\/v2\/media?parent=14133"}],"wp:term":[{"taxonomy":"category","embeddable":true,"href":"https:\/\/larevistadigital.com.ar\/blog\/wp-json\/wp\/v2\/categories?post=14133"},{"taxonomy":"post_tag","embeddable":true,"href":"https:\/\/larevistadigital.com.ar\/blog\/wp-json\/wp\/v2\/tags?post=14133"}],"curies":[{"name":"wp","href":"https:\/\/api.w.org\/{rel}","templated":true}]}}