{"id":14137,"date":"2020-01-13T12:30:28","date_gmt":"2020-01-13T12:30:28","guid":{"rendered":"https:\/\/larevistadigital.com.ar\/blog\/?p=14137"},"modified":"2020-01-13T12:30:28","modified_gmt":"2020-01-13T12:30:28","slug":"brandsen-ingresan-a-robar-en-dos-casas-y-se-llevan-una-importante-suma-en-electrodomesticos","status":"publish","type":"post","link":"https:\/\/larevistadigital.com.ar\/blog\/brandsen-ingresan-a-robar-en-dos-casas-y-se-llevan-una-importante-suma-en-electrodomesticos\/","title":{"rendered":"BRANDSEN: INGRESAN A ROBAR EN DOS CASAS Y SE LLEVAN UNA IMPORTANTE SUMA EN ELECTRODOM\u00c9STICOS"},"content":{"rendered":"<p>El primero ocurri\u00f3 en una vivienda de barrio Rep\u00fablica, mientras que el segundo se dio en un departamento de ruta 210.<\/p>\n<blockquote>\n<h3>Pasadas las 16 horas de este viernes 10 de enero, la polic\u00eda comunal de Brandsen\u00a0fue alertada casi en simult\u00e1neo, de dos escruches. El primero ocurri\u00f3 en calle 13 y 25 del barrio rep\u00fablica, mientras que el segundo en un departamento de ruta 210 entre Ferrari y Av. Mitre. Ambos hechos se dieron luego de que sus propietarios se ausentaran durante un par de horas.<\/h3>\n<\/blockquote>\n<p><strong><em>\u00abEs el cuarto robo en un a\u00f1o, salgo a trabajar todos los dias muy temprano y vuelvo tarde para poder tener lo que tengo, y poder mantener a mi hija. Lloro de tristeza, me duele mucho que me pase esto, nadie vio ni sabe nada. Me indigna volver a mi casa y tener la puerta reventada, y que me falten mis cosas\u00bb<\/em> <\/strong>coment\u00f3 la damnificada de barrio Rep\u00fablica a\u00a0<strong>DLN<\/strong>.<\/p>\n<p>En la vivienda falt\u00f3 un ventilar, un tubo de gas, entre otras pertenencias. Se van a saber mayores detalles una vez que la polic\u00eda cient\u00edfica haga los peritajes correspondientes.<\/p>\n<blockquote>\n<h3>Por otra parte, en el segundo hurto de ruta 210, las faltantes fueron mucho m\u00e1s significativos. Seg\u00fan pudo saber nuestro medio, faltaron dos televisores de 50 pulgadas, c\u00e1maras de fotos, entre otros objetos de valor.<\/h3>\n<\/blockquote>\n<p>La principal hip\u00f3tesis que se maneja con respecto a este hecho, es que pudo haber ocurrido durante la madrugada de hoy, ya que sus propietarios se hab\u00edan ausentado en la tarde de ayer, y lo sustra\u00eddo son objetos que no hubiesen pasado desapercibido. Posiblemente, podr\u00edan haber utilizado alg\u00fan veh\u00edculo. Tambi\u00e9n se aguarda la presencia de los peritos para tener mayor claridad sobre los faltantes.<\/p>\n<p>En ambos lugares trabaja la polic\u00eda comunal, mientras que el gabinete de prevenci\u00f3n local ya comenz\u00f3 a investigar los hechos en busca de los malvivientes.<\/p>\n","protected":false},"excerpt":{"rendered":"<div class=\"mh-excerpt\"><p>El primero ocurri\u00f3 en una vivienda de barrio Rep\u00fablica, mientras que el segundo se dio en un departamento de ruta 210. Pasadas las 16 horas de este viernes 10 de enero, la polic\u00eda comunal de <a class=\"mh-excerpt-more\" href=\"https:\/\/larevistadigital.com.ar\/blog\/brandsen-ingresan-a-robar-en-dos-casas-y-se-llevan-una-importante-suma-en-electrodomesticos\/\" title=\"BRANDSEN: INGRESAN A ROBAR EN DOS CASAS Y SE LLEVAN UNA IMPORTANTE SUMA EN ELECTRODOM\u00c9STICOS\">[Leer M\u00e1s]<\/a><\/p>\n<\/div>","protected":false},"author":3,"featured_media":14138,"comment_status":"open","ping_status":"open","sticky":false,"template":"","format":"standard","meta":{"_jetpack_memberships_contains_paid_content":false,"footnotes":"","jetpack_publicize_message":"","jetpack_publicize_feature_enabled":true,"jetpack_social_post_already_shared":true,"jetpack_social_options":{"image_generator_settings":{"template":"highway","default_image_id":0,"font":"","enabled":false},"version":2}},"categories":[51],"tags":[],"class_list":{"0":"post-14137","1":"post","2":"type-post","3":"status-publish","4":"format-standard","5":"has-post-thumbnail","7":"category-regionales"},"jetpack_publicize_connections":[],"jetpack_featured_media_url":"https:\/\/i0.wp.com\/larevistadigital.com.ar\/blog\/wp-content\/uploads\/20200110_190113_wm.jpg?fit=1600%2C898&ssl=1","jetpack_sharing_enabled":true,"jetpack_shortlink":"https:\/\/wp.me\/p8qtrQ-3G1","jetpack-related-posts":[{"id":22856,"url":"https:\/\/larevistadigital.com.ar\/blog\/insolito-accidente-chocaron-dos-parapentes-en-el-limite-entre-brandsen-y-la-plata-un-muerto-y-un-herido\/","url_meta":{"origin":14137,"position":0},"title":"INS\u00d3LITO ACCIDENTE: CHOCARON DOS PARAPENTES EN EL L\u00cdMITE ENTRE BRANDSEN Y LA PLATA: UN MUERTO Y UN HERIDO","author":"Alejandro Sosa Ruda","date":"5 diciembre, 2021","format":false,"excerpt":"Ocurri\u00f3 en ruta 215 a la altura del kil\u00f3metro 35. En el lugar trabajan los servicios de emergencias. Dos pilotos de parapentes protagonizaron en la tarde de este viernes 3 de diciembre una tragedia sobre ruta 215 en el limite entre Brandsen\u00a0y La Plata, cuando por causas que se tratan\u2026","rel":"","context":"En \u00abPOLICIALES\u00bb","block_context":{"text":"POLICIALES","link":"https:\/\/larevistadigital.com.ar\/blog\/category\/policiales\/"},"img":{"alt_text":"","src":"https:\/\/i0.wp.com\/larevistadigital.com.ar\/blog\/wp-content\/uploads\/1638573123270.jpg?fit=1200%2C674&ssl=1&resize=350%2C200","width":350,"height":200,"srcset":"https:\/\/i0.wp.com\/larevistadigital.com.ar\/blog\/wp-content\/uploads\/1638573123270.jpg?fit=1200%2C674&ssl=1&resize=350%2C200 1x, https:\/\/i0.wp.com\/larevistadigital.com.ar\/blog\/wp-content\/uploads\/1638573123270.jpg?fit=1200%2C674&ssl=1&resize=525%2C300 1.5x, https:\/\/i0.wp.com\/larevistadigital.com.ar\/blog\/wp-content\/uploads\/1638573123270.jpg?fit=1200%2C674&ssl=1&resize=700%2C400 2x, https:\/\/i0.wp.com\/larevistadigital.com.ar\/blog\/wp-content\/uploads\/1638573123270.jpg?fit=1200%2C674&ssl=1&resize=1050%2C600 3x"},"classes":[]},{"id":11444,"url":"https:\/\/larevistadigital.com.ar\/blog\/terrible-accidente-en-la-ruta-29\/","url_meta":{"origin":14137,"position":1},"title":"TERRIBLE ACCIDENTE EN LA RUTA 29","author":"Alejandro Sosa Ruda","date":"22 julio, 2019","format":false,"excerpt":"Ocurri\u00f3 a la altura del kil\u00f3metro 7. Ambos veh\u00edculos circulaban en direcci\u00f3n a Jeppener Pasadas las 5:30 horas de este domingo 21 Julio, se produjo un impactante choque en ruta 29 a la altura del kil\u00f3metro 7 de la ciudad de Brandsen. Seg\u00fan informaron fuentes extraoficiales, un auto modelo Renault\u2026","rel":"","context":"En \u00abDESTACADAS\u00bb","block_context":{"text":"DESTACADAS","link":"https:\/\/larevistadigital.com.ar\/blog\/category\/destacadas\/"},"img":{"alt_text":"","src":"https:\/\/i0.wp.com\/larevistadigital.com.ar\/blog\/wp-content\/uploads\/1563710013460_wm.jpg?fit=1024%2C575&ssl=1&resize=350%2C200","width":350,"height":200,"srcset":"https:\/\/i0.wp.com\/larevistadigital.com.ar\/blog\/wp-content\/uploads\/1563710013460_wm.jpg?fit=1024%2C575&ssl=1&resize=350%2C200 1x, https:\/\/i0.wp.com\/larevistadigital.com.ar\/blog\/wp-content\/uploads\/1563710013460_wm.jpg?fit=1024%2C575&ssl=1&resize=525%2C300 1.5x, https:\/\/i0.wp.com\/larevistadigital.com.ar\/blog\/wp-content\/uploads\/1563710013460_wm.jpg?fit=1024%2C575&ssl=1&resize=700%2C400 2x"},"classes":[]},{"id":44669,"url":"https:\/\/larevistadigital.com.ar\/blog\/tragedia-en-ruta-2-un-hombre-murio-atropellado-por-un-camion-en-brandsen\/","url_meta":{"origin":14137,"position":2},"title":"Tragedia en Ruta 2: un hombre muri\u00f3 atropellado por un cami\u00f3n en Brandsen","author":"Alejandro Sosa Ruda","date":"23 marzo, 2026","format":false,"excerpt":"El hecho ocurri\u00f3 a la altura del kil\u00f3metro 50, en sentido a la Costa Atl\u00e1ntica. La v\u00edctima falleci\u00f3 en el lugar y el conductor del veh\u00edculo result\u00f3 ileso. 23 de Marzo de 2026 BRANDSEN -\u00a0 \u00a0Un nuevo y tr\u00e1gico accidente vial se registr\u00f3 en las \u00faltimas horas sobre la Ruta\u2026","rel":"","context":"En \u00abPOLICIALES\u00bb","block_context":{"text":"POLICIALES","link":"https:\/\/larevistadigital.com.ar\/blog\/category\/policiales\/"},"img":{"alt_text":"","src":"https:\/\/i0.wp.com\/larevistadigital.com.ar\/blog\/wp-content\/uploads\/0306918813d30b29a629495ccd854201b84b941f.jpg?fit=1140%2C807&ssl=1&resize=350%2C200","width":350,"height":200,"srcset":"https:\/\/i0.wp.com\/larevistadigital.com.ar\/blog\/wp-content\/uploads\/0306918813d30b29a629495ccd854201b84b941f.jpg?fit=1140%2C807&ssl=1&resize=350%2C200 1x, https:\/\/i0.wp.com\/larevistadigital.com.ar\/blog\/wp-content\/uploads\/0306918813d30b29a629495ccd854201b84b941f.jpg?fit=1140%2C807&ssl=1&resize=525%2C300 1.5x, https:\/\/i0.wp.com\/larevistadigital.com.ar\/blog\/wp-content\/uploads\/0306918813d30b29a629495ccd854201b84b941f.jpg?fit=1140%2C807&ssl=1&resize=700%2C400 2x, https:\/\/i0.wp.com\/larevistadigital.com.ar\/blog\/wp-content\/uploads\/0306918813d30b29a629495ccd854201b84b941f.jpg?fit=1140%2C807&ssl=1&resize=1050%2C600 3x"},"classes":[]},{"id":21090,"url":"https:\/\/larevistadigital.com.ar\/blog\/familia-de-brandsen-se-accidento-en-la-pampa-y-murio-una-mujer\/","url_meta":{"origin":14137,"position":3},"title":"FAMILIA DE BRANDSEN SE ACCIDENT\u00d3 EN LA PAMPA Y MURI\u00d3 UNA MUJER","author":"Alejandro Sosa Ruda","date":"12 julio, 2021","format":false,"excerpt":"Ocurri\u00f3 en la tarde de ayer cerca de General Acha. La familia se dirig\u00eda a la ciudad tur\u00edstica de Bariloche. Un tr\u00e1gico accidente ocurri\u00f3 en las ultimas horas, cuando una mujer de 68 a\u00f1os de edad que circulaba en una camioneta Land Rover junto a su hija, el yerno y\u2026","rel":"","context":"En \u00abREGIONALES\u00bb","block_context":{"text":"REGIONALES","link":"https:\/\/larevistadigital.com.ar\/blog\/category\/regionales\/"},"img":{"alt_text":"","src":"https:\/\/i0.wp.com\/larevistadigital.com.ar\/blog\/wp-content\/uploads\/accidente-fatal.jpg?fit=873%2C527&ssl=1&resize=350%2C200","width":350,"height":200,"srcset":"https:\/\/i0.wp.com\/larevistadigital.com.ar\/blog\/wp-content\/uploads\/accidente-fatal.jpg?fit=873%2C527&ssl=1&resize=350%2C200 1x, https:\/\/i0.wp.com\/larevistadigital.com.ar\/blog\/wp-content\/uploads\/accidente-fatal.jpg?fit=873%2C527&ssl=1&resize=525%2C300 1.5x, https:\/\/i0.wp.com\/larevistadigital.com.ar\/blog\/wp-content\/uploads\/accidente-fatal.jpg?fit=873%2C527&ssl=1&resize=700%2C400 2x"},"classes":[]},{"id":23400,"url":"https:\/\/larevistadigital.com.ar\/blog\/terrible-vuelco-en-uno-de-los-accesos-a-la-ciudad-de-brandsen\/","url_meta":{"origin":14137,"position":4},"title":"TERRIBLE VUELCO EN UNO DE LOS ACCESOS A LA CIUDAD DE BRANDSEN","author":"Alejandro Sosa Ruda","date":"16 enero, 2022","format":false,"excerpt":"BRANDSEN -\u00a0 Un nuevo vuelco de un veh\u00edculo se registr\u00f3 este viernes 14 de enero sobre la ruta provincial 215 entre la zona urbana de la ciudad de Brandsen\u00a0y Granja Tres Arroyos. Un auto Toyota Etios que se desplazaba en sentido a la ciudad de La Plata, sufri\u00f3 la rotura\u2026","rel":"","context":"En \u00abPOLICIALES\u00bb","block_context":{"text":"POLICIALES","link":"https:\/\/larevistadigital.com.ar\/blog\/category\/policiales\/"},"img":{"alt_text":"","src":"https:\/\/i0.wp.com\/larevistadigital.com.ar\/blog\/wp-content\/uploads\/20220114_130501-2048x1152-1.jpg?fit=1200%2C675&ssl=1&resize=350%2C200","width":350,"height":200,"srcset":"https:\/\/i0.wp.com\/larevistadigital.com.ar\/blog\/wp-content\/uploads\/20220114_130501-2048x1152-1.jpg?fit=1200%2C675&ssl=1&resize=350%2C200 1x, https:\/\/i0.wp.com\/larevistadigital.com.ar\/blog\/wp-content\/uploads\/20220114_130501-2048x1152-1.jpg?fit=1200%2C675&ssl=1&resize=525%2C300 1.5x, https:\/\/i0.wp.com\/larevistadigital.com.ar\/blog\/wp-content\/uploads\/20220114_130501-2048x1152-1.jpg?fit=1200%2C675&ssl=1&resize=700%2C400 2x, https:\/\/i0.wp.com\/larevistadigital.com.ar\/blog\/wp-content\/uploads\/20220114_130501-2048x1152-1.jpg?fit=1200%2C675&ssl=1&resize=1050%2C600 3x"},"classes":[]},{"id":9159,"url":"https:\/\/larevistadigital.com.ar\/blog\/brandsen-grave-accidente-automovilistico\/","url_meta":{"origin":14137,"position":5},"title":"BRANDSEN: GRAVE ACCIDENTE AUTOMOVIL\u00cdSTICO","author":"Alejandro Sosa Ruda","date":"17 marzo, 2019","format":false,"excerpt":"Ocurri\u00f3 el d\u00eda de ayer, s\u00e1bado 16 de marzo. pasadas las 20 hs. cuando se produjo una fort\u00edsima colisi\u00f3n vehicular entre un Fiat Siena color rojo, y un Fiat Fiesta color azul. Tras el impacto una persona qued\u00f3 atrapada y tuvo que ser rescatada por los bomberos voluntarios. Seg\u00fan informaron\u2026","rel":"","context":"En \u00abPOLICIALES\u00bb","block_context":{"text":"POLICIALES","link":"https:\/\/larevistadigital.com.ar\/blog\/category\/policiales\/"},"img":{"alt_text":"","src":"https:\/\/i0.wp.com\/larevistadigital.com.ar\/blog\/wp-content\/uploads\/2019\/03\/Screenshot_2-6.jpg?fit=994%2C568&ssl=1&resize=350%2C200","width":350,"height":200,"srcset":"https:\/\/i0.wp.com\/larevistadigital.com.ar\/blog\/wp-content\/uploads\/2019\/03\/Screenshot_2-6.jpg?fit=994%2C568&ssl=1&resize=350%2C200 1x, https:\/\/i0.wp.com\/larevistadigital.com.ar\/blog\/wp-content\/uploads\/2019\/03\/Screenshot_2-6.jpg?fit=994%2C568&ssl=1&resize=525%2C300 1.5x, https:\/\/i0.wp.com\/larevistadigital.com.ar\/blog\/wp-content\/uploads\/2019\/03\/Screenshot_2-6.jpg?fit=994%2C568&ssl=1&resize=700%2C400 2x"},"classes":[]}],"_links":{"self":[{"href":"https:\/\/larevistadigital.com.ar\/blog\/wp-json\/wp\/v2\/posts\/14137","targetHints":{"allow":["GET"]}}],"collection":[{"href":"https:\/\/larevistadigital.com.ar\/blog\/wp-json\/wp\/v2\/posts"}],"about":[{"href":"https:\/\/larevistadigital.com.ar\/blog\/wp-json\/wp\/v2\/types\/post"}],"author":[{"embeddable":true,"href":"https:\/\/larevistadigital.com.ar\/blog\/wp-json\/wp\/v2\/users\/3"}],"replies":[{"embeddable":true,"href":"https:\/\/larevistadigital.com.ar\/blog\/wp-json\/wp\/v2\/comments?post=14137"}],"version-history":[{"count":2,"href":"https:\/\/larevistadigital.com.ar\/blog\/wp-json\/wp\/v2\/posts\/14137\/revisions"}],"predecessor-version":[{"id":14140,"href":"https:\/\/larevistadigital.com.ar\/blog\/wp-json\/wp\/v2\/posts\/14137\/revisions\/14140"}],"wp:featuredmedia":[{"embeddable":true,"href":"https:\/\/larevistadigital.com.ar\/blog\/wp-json\/wp\/v2\/media\/14138"}],"wp:attachment":[{"href":"https:\/\/larevistadigital.com.ar\/blog\/wp-json\/wp\/v2\/media?parent=14137"}],"wp:term":[{"taxonomy":"category","embeddable":true,"href":"https:\/\/larevistadigital.com.ar\/blog\/wp-json\/wp\/v2\/categories?post=14137"},{"taxonomy":"post_tag","embeddable":true,"href":"https:\/\/larevistadigital.com.ar\/blog\/wp-json\/wp\/v2\/tags?post=14137"}],"curies":[{"name":"wp","href":"https:\/\/api.w.org\/{rel}","templated":true}]}}