{"id":14141,"date":"2020-01-13T14:40:08","date_gmt":"2020-01-13T14:40:08","guid":{"rendered":"https:\/\/larevistadigital.com.ar\/blog\/?p=14141"},"modified":"2020-01-13T14:40:08","modified_gmt":"2020-01-13T14:40:08","slug":"chascomus-viajaron-en-busca-de-fondos-para-terminar-la-obra-y-equipar-la-sala-de-pediatria","status":"publish","type":"post","link":"https:\/\/larevistadigital.com.ar\/blog\/chascomus-viajaron-en-busca-de-fondos-para-terminar-la-obra-y-equipar-la-sala-de-pediatria\/","title":{"rendered":"CHASCOM\u00daS: VIAJARON EN BUSCA DE FONDOS PARA TERMINAR LA OBRA Y EQUIPAR LA SALA DE PEDIATR\u00cdA"},"content":{"rendered":"<p><em>La Secretaria de Salud, Dr. <strong>Marcela Arias<\/strong>, fue entrevistada en el programa \u201cAM Show\u201d que conducen <strong>Alberto Morel<\/strong> y <strong>Mart\u00edn Palmero<\/strong>, donde se refiri\u00f3 al encuentro que mantuvo junto al Intendente <strong>Javier Gast\u00f3n<\/strong> con el Ministro de Salud Nacional, <strong>Gin\u00e9s Gonz\u00e1lez Garc\u00eda<\/strong>.<\/em><\/p>\n<p>Arias indic\u00f3 que uno de los temas importantes a resolver es la futura Sala de Pediatr\u00eda, ya que sostuvo no s\u00f3lo es edilicio, sino que todo el tema de aparatolog\u00eda e inmobiliario. Por ello apunt\u00f3 a que si se pueden conseguir m\u00e1s fondos para fortalecer el proyecto, bienvenido sean.<\/p>\n<blockquote>\n<h3>A pesar de los tan publicitados avances y la inauguraci\u00f3n de la Sala de Pediatr\u00eda, no era tarea f\u00e1cil, y depende de la buena voluntad del gobierno provincial, para enviar los fondos necesarios para conclu\u00edr la construcci\u00f3n, y dotar de equipamiento a la misma. Esto no se condice con la fuerte publicidad que se le dio antes de los comicios, con evidente intenci\u00f3n electoralista, ya que se hablaba de \u00abfondos propios\u00bb.<\/h3>\n<\/blockquote>\n<p>Esto, aparentemente se contradice con lo que algunos funcionarios municipales dec\u00edan poco tiempo atr\u00e1s, reflejado en otra publicaci\u00f3n del Diario El Fuerte del 02\/12\/2019:<\/p>\n<figure id=\"attachment_14145\" aria-describedby=\"caption-attachment-14145\" style=\"width: 1079px\" class=\"wp-caption alignnone\"><img data-recalc-dims=\"1\" loading=\"lazy\" decoding=\"async\" class=\"wp-image-14145 size-full\" src=\"https:\/\/i0.wp.com\/larevistadigital.com.ar\/blog\/wp-content\/uploads\/Screenshot_4-19.jpg?resize=1079%2C766&#038;ssl=1\" alt=\"\" width=\"1079\" height=\"766\" srcset=\"https:\/\/i0.wp.com\/larevistadigital.com.ar\/blog\/wp-content\/uploads\/Screenshot_4-19.jpg?w=1079&amp;ssl=1 1079w, https:\/\/i0.wp.com\/larevistadigital.com.ar\/blog\/wp-content\/uploads\/Screenshot_4-19.jpg?resize=300%2C213&amp;ssl=1 300w, https:\/\/i0.wp.com\/larevistadigital.com.ar\/blog\/wp-content\/uploads\/Screenshot_4-19.jpg?resize=768%2C545&amp;ssl=1 768w, https:\/\/i0.wp.com\/larevistadigital.com.ar\/blog\/wp-content\/uploads\/Screenshot_4-19.jpg?resize=1024%2C727&amp;ssl=1 1024w\" sizes=\"auto, (max-width: 1000px) 100vw, 1000px\" \/><figcaption id=\"caption-attachment-14145\" class=\"wp-caption-text\"><strong>PUBLICACI\u00d3N DEL DIARIO EL FUERTE DEL 2\/12\/2019<\/strong><\/figcaption><\/figure>\n<p>Por otra parte,\u00a0 destac\u00f3 la atenci\u00f3n primaria, con la idea de tener nuevos centros.<\/p>\n<blockquote>\n<h3>Agreg\u00f3 que llev\u00f3 tres informes relacionados a la salud de la poblaci\u00f3n de Chascom\u00fas, a fin de tener datos firmes. All\u00ed le confirmaron que el nosocomio local necesita infraestructura y mobiliario y en ello trabajaran.<\/h3>\n<\/blockquote>\n<p>Tambi\u00e9n detall\u00f3 la funcionaria que se hizo hincapi\u00e9 en la intenci\u00f3n de continuar profundizando la descentralizaci\u00f3n de la salud, fortaleciendo los programas Remediar y M\u00e9dicos Comunitarios.<\/p>\n<p>Adem\u00e1s habl\u00f3 de obtener nuevos respiradores para los ni\u00f1os reci\u00e9n nacidos.<\/p>\n<p>Finalmente adelant\u00f3 que el pr\u00f3ximo martes se reunir\u00e1n con el Ministro de Salud de la Provincia, <strong>Daniel Gollan.<\/strong><\/p>\n<p>Ojal\u00e1 que las gestiones lleguen a buen t\u00e9rmino, y se pueda terminar una obra que es de las m\u00e1s importantes que puedan hacerse. Y que est\u00e1 bastante avanzada.<\/p>\n<p>PUBLICADO EN EL FUERTE DIARIO<\/p>\n","protected":false},"excerpt":{"rendered":"<div class=\"mh-excerpt\"><p>La Secretaria de Salud, Dr. Marcela Arias, fue entrevistada en el programa \u201cAM Show\u201d que conducen Alberto Morel y Mart\u00edn Palmero, donde se refiri\u00f3 al encuentro que mantuvo junto al Intendente Javier Gast\u00f3n con el <a class=\"mh-excerpt-more\" href=\"https:\/\/larevistadigital.com.ar\/blog\/chascomus-viajaron-en-busca-de-fondos-para-terminar-la-obra-y-equipar-la-sala-de-pediatria\/\" title=\"CHASCOM\u00daS: VIAJARON EN BUSCA DE FONDOS PARA TERMINAR LA OBRA Y EQUIPAR LA SALA DE PEDIATR\u00cdA\">[Leer M\u00e1s]<\/a><\/p>\n<\/div>","protected":false},"author":3,"featured_media":14144,"comment_status":"open","ping_status":"open","sticky":false,"template":"","format":"standard","meta":{"_jetpack_memberships_contains_paid_content":false,"footnotes":"","jetpack_publicize_message":"","jetpack_publicize_feature_enabled":true,"jetpack_social_post_already_shared":true,"jetpack_social_options":{"image_generator_settings":{"template":"highway","default_image_id":0,"font":"","enabled":false},"version":2}},"categories":[41],"tags":[],"class_list":{"0":"post-14141","1":"post","2":"type-post","3":"status-publish","4":"format-standard","5":"has-post-thumbnail","7":"category-destacadas"},"jetpack_publicize_connections":[],"jetpack_featured_media_url":"https:\/\/i0.wp.com\/larevistadigital.com.ar\/blog\/wp-content\/uploads\/80891469_2908982622455937_5729617085898686464_n-1.jpg?fit=600%2C400&ssl=1","jetpack_sharing_enabled":true,"jetpack_shortlink":"https:\/\/wp.me\/p8qtrQ-3G5","jetpack-related-posts":[{"id":22323,"url":"https:\/\/larevistadigital.com.ar\/blog\/la-sala-de-pediatria-y-la-verdad-de-las-cosas\/","url_meta":{"origin":14141,"position":0},"title":"LA SALA DE PEDIATR\u00cdA, Y LA VERDAD DE LAS COSAS","author":"Alejandro Sosa Ruda","date":"11 octubre, 2021","format":false,"excerpt":"La dirigente y ex funcionaria, escribi\u00f3 y envi\u00f3 una reflexi\u00f3n, donde comenta lo que ocurri\u00f3 con la Sala de Pediatr\u00eda, y que a la fecha se cobr\u00f3 con creces, aunque no se ha finalizado, dici\u00e9ndole al gobierno municipal: \"No hace falta mostrar tan abiertamente el nerviosismo de la derrota\" Primero\u2026","rel":"","context":"En \u00abINTERES GENERAL\u00bb","block_context":{"text":"INTERES GENERAL","link":"https:\/\/larevistadigital.com.ar\/blog\/category\/interes-general\/"},"img":{"alt_text":"","src":"https:\/\/i0.wp.com\/larevistadigital.com.ar\/blog\/wp-content\/uploads\/bbx_945643569_1_katop01.jpg?fit=800%2C579&ssl=1&resize=350%2C200","width":350,"height":200,"srcset":"https:\/\/i0.wp.com\/larevistadigital.com.ar\/blog\/wp-content\/uploads\/bbx_945643569_1_katop01.jpg?fit=800%2C579&ssl=1&resize=350%2C200 1x, https:\/\/i0.wp.com\/larevistadigital.com.ar\/blog\/wp-content\/uploads\/bbx_945643569_1_katop01.jpg?fit=800%2C579&ssl=1&resize=525%2C300 1.5x, https:\/\/i0.wp.com\/larevistadigital.com.ar\/blog\/wp-content\/uploads\/bbx_945643569_1_katop01.jpg?fit=800%2C579&ssl=1&resize=700%2C400 2x"},"classes":[]},{"id":12277,"url":"https:\/\/larevistadigital.com.ar\/blog\/desde-el-face-de-uxch-informan-que-el-director-del-hospital-alabo-a-su-jefe-y-destaco-los-trabajos-de-la-sala-de-pediatria\/","url_meta":{"origin":14141,"position":1},"title":"DESDE EL \u00abFACE\u00bb DE UXCH, INFORMAN QUE EL DIRECTOR DEL HOSPITAL ALAB\u00d3 A SU JEFE, Y DESTAC\u00d3 LOS TRABAJOS DE LA SALA DE PEDIATR\u00cdA","author":"Alejandro Sosa Ruda","date":"26 septiembre, 2019","format":false,"excerpt":"\u201cEste es un espacio que ampl\u00eda derechos, tanto para mujeres como para ni\u00f1os y ni\u00f1as, asegurando mayor protecci\u00f3n a nuestras familias\u201d, expres\u00f3 Jorge Rodr\u00edguez durante la recorrida realizada junto al intendente Javier Gast\u00f3n. Ambos estuvieron acompa\u00f1ados por los Secretarios de Salud, de Obras y de Servicios, Marcela Arias, Alejandro Arias\u2026","rel":"","context":"En \u00abCHASCOM\u00daS\u00bb","block_context":{"text":"CHASCOM\u00daS","link":"https:\/\/larevistadigital.com.ar\/blog\/category\/chascomus\/"},"img":{"alt_text":"","src":"https:\/\/i0.wp.com\/larevistadigital.com.ar\/blog\/wp-content\/uploads\/70785991_2459482874172468_8632476101332959232_o.jpg?fit=1200%2C800&ssl=1&resize=350%2C200","width":350,"height":200,"srcset":"https:\/\/i0.wp.com\/larevistadigital.com.ar\/blog\/wp-content\/uploads\/70785991_2459482874172468_8632476101332959232_o.jpg?fit=1200%2C800&ssl=1&resize=350%2C200 1x, https:\/\/i0.wp.com\/larevistadigital.com.ar\/blog\/wp-content\/uploads\/70785991_2459482874172468_8632476101332959232_o.jpg?fit=1200%2C800&ssl=1&resize=525%2C300 1.5x, https:\/\/i0.wp.com\/larevistadigital.com.ar\/blog\/wp-content\/uploads\/70785991_2459482874172468_8632476101332959232_o.jpg?fit=1200%2C800&ssl=1&resize=700%2C400 2x, https:\/\/i0.wp.com\/larevistadigital.com.ar\/blog\/wp-content\/uploads\/70785991_2459482874172468_8632476101332959232_o.jpg?fit=1200%2C800&ssl=1&resize=1050%2C600 3x"},"classes":[]},{"id":5369,"url":"https:\/\/larevistadigital.com.ar\/blog\/sala-de-pediatria-se-abrio-el-sobre-1-de-los-tres-oferentes\/","url_meta":{"origin":14141,"position":2},"title":"SALA DE PEDIATR\u00cdA | SE ABRI\u00d3 EL SOBRE 1 DE LOS TRES OFERENTES","author":"admin","date":"29 marzo, 2018","format":false,"excerpt":"Para la Licitaci\u00f3n de la Sala Pedi\u00e1trica en el Hospital, las empresas que presentaron sus propuestas con los antecedentes, documentaci\u00f3n impositiva y requisitos fueron Playa Construcciones SRL, Ridel SA y PyPSA SA. El pr\u00f3ximo mi\u00e9rcoles continuar\u00e1 el proceso licitatorio con la apertura del Sobre 2, donde estar\u00e1n especificadas las ofertas\u2026","rel":"","context":"En \u00abPOLITICA\u00bb","block_context":{"text":"POLITICA","link":"https:\/\/larevistadigital.com.ar\/blog\/category\/politica\/"},"img":{"alt_text":"","src":"https:\/\/i0.wp.com\/larevistadigital.com.ar\/blog\/wp-content\/uploads\/2018\/03\/29665555_1824361967584680_6814267058659754963_o.jpg?fit=1200%2C801&ssl=1&resize=350%2C200","width":350,"height":200,"srcset":"https:\/\/i0.wp.com\/larevistadigital.com.ar\/blog\/wp-content\/uploads\/2018\/03\/29665555_1824361967584680_6814267058659754963_o.jpg?fit=1200%2C801&ssl=1&resize=350%2C200 1x, https:\/\/i0.wp.com\/larevistadigital.com.ar\/blog\/wp-content\/uploads\/2018\/03\/29665555_1824361967584680_6814267058659754963_o.jpg?fit=1200%2C801&ssl=1&resize=525%2C300 1.5x, https:\/\/i0.wp.com\/larevistadigital.com.ar\/blog\/wp-content\/uploads\/2018\/03\/29665555_1824361967584680_6814267058659754963_o.jpg?fit=1200%2C801&ssl=1&resize=700%2C400 2x, https:\/\/i0.wp.com\/larevistadigital.com.ar\/blog\/wp-content\/uploads\/2018\/03\/29665555_1824361967584680_6814267058659754963_o.jpg?fit=1200%2C801&ssl=1&resize=1050%2C600 3x"},"classes":[]},{"id":29326,"url":"https:\/\/larevistadigital.com.ar\/blog\/sala-de-pediatria-muchos-interrogantes-ninguna-respuesta-por-gustavo-lopez\/","url_meta":{"origin":14141,"position":3},"title":"SALA DE PEDIATRIA: MUCHOS INTERROGANTES, NINGUNA RESPUESTA (Por Gustavo L\u00f3pez)","author":"Alejandro Sosa Ruda","date":"8 diciembre, 2022","format":false,"excerpt":"El dirigente radical chascomunense hizo una nota de opini\u00f3n en sus redes, que nos pareci\u00f3 importante compartir, por lo que a continuaci\u00f3n se publica... 8 de diciembre de 2022 En junio del corriente a\u00f1o, se aprueba en el Honorable Concejo Deliberante (HCD) una solicitud de informes sobre la construcci\u00f3n de\u2026","rel":"","context":"En \u00abDESTACADAS\u00bb","block_context":{"text":"DESTACADAS","link":"https:\/\/larevistadigital.com.ar\/blog\/category\/destacadas\/"},"img":{"alt_text":"","src":"https:\/\/i0.wp.com\/larevistadigital.com.ar\/blog\/wp-content\/uploads\/sala-pediatria.jpg?fit=843%2C843&ssl=1&resize=350%2C200","width":350,"height":200,"srcset":"https:\/\/i0.wp.com\/larevistadigital.com.ar\/blog\/wp-content\/uploads\/sala-pediatria.jpg?fit=843%2C843&ssl=1&resize=350%2C200 1x, https:\/\/i0.wp.com\/larevistadigital.com.ar\/blog\/wp-content\/uploads\/sala-pediatria.jpg?fit=843%2C843&ssl=1&resize=525%2C300 1.5x, https:\/\/i0.wp.com\/larevistadigital.com.ar\/blog\/wp-content\/uploads\/sala-pediatria.jpg?fit=843%2C843&ssl=1&resize=700%2C400 2x"},"classes":[]},{"id":30180,"url":"https:\/\/larevistadigital.com.ar\/blog\/sala-de-pediatria-jugando-a-las-escondidas-por-gustavo-lopez\/","url_meta":{"origin":14141,"position":4},"title":"SALA DE PEDIATRIA: \u00abJUGANDO A LAS ESCONDIDAS\u00bb (POR GUSTAVO L\u00d3PEZ","author":"Alejandro Sosa Ruda","date":"16 febrero, 2023","format":false,"excerpt":"El ex-sectario de gobierno hizo llegar esta nota que a continuaci\u00f3n reproducimos. Mediante Decreto N\u00ba 1034\/22 del 03\/11\/2022 el Gobierno Municipal pretende hacernos -forzadamente- jugar a las escondidas, y remontarnos por un instante a esa infancia donde los jugadores escogen un participante que va a ser el que busque a\u2026","rel":"","context":"En \u00abINTERES GENERAL\u00bb","block_context":{"text":"INTERES GENERAL","link":"https:\/\/larevistadigital.com.ar\/blog\/category\/interes-general\/"},"img":{"alt_text":"","src":"https:\/\/i0.wp.com\/larevistadigital.com.ar\/blog\/wp-content\/uploads\/226303984_3088848334728579_5315602216682501337_n-2.jpg?fit=800%2C529&ssl=1&resize=350%2C200","width":350,"height":200,"srcset":"https:\/\/i0.wp.com\/larevistadigital.com.ar\/blog\/wp-content\/uploads\/226303984_3088848334728579_5315602216682501337_n-2.jpg?fit=800%2C529&ssl=1&resize=350%2C200 1x, https:\/\/i0.wp.com\/larevistadigital.com.ar\/blog\/wp-content\/uploads\/226303984_3088848334728579_5315602216682501337_n-2.jpg?fit=800%2C529&ssl=1&resize=525%2C300 1.5x, https:\/\/i0.wp.com\/larevistadigital.com.ar\/blog\/wp-content\/uploads\/226303984_3088848334728579_5315602216682501337_n-2.jpg?fit=800%2C529&ssl=1&resize=700%2C400 2x"},"classes":[]},{"id":38402,"url":"https:\/\/larevistadigital.com.ar\/blog\/nacio-el-primer-bebe-en-la-sala-de-pediatria-y-maternidad-del-hospital\/","url_meta":{"origin":14141,"position":5},"title":"Naci\u00f3 el primer beb\u00e9 en la sala de pediatr\u00eda y maternidad del hospital","author":"Alejandro Sosa Ruda","date":"2 enero, 2025","format":false,"excerpt":"Se llama Emiliano y naci\u00f3 este jueves 2 de enero, a las 11,22 hs., en la Sala de Partos del sector de pediatr\u00eda y maternidad del Hospital Municipal \u201cSan Vicente de Paul\u201d 02 de Enero de 2025 CHASCOM\u00daS -\u00a0 Comenzamos el a\u00f1o con una hermosa noticia, Silvana Francese recibi\u00f3 a\u2026","rel":"","context":"En \u00abCHASCOM\u00daS\u00bb","block_context":{"text":"CHASCOM\u00daS","link":"https:\/\/larevistadigital.com.ar\/blog\/category\/chascomus\/"},"img":{"alt_text":"","src":"https:\/\/i0.wp.com\/larevistadigital.com.ar\/blog\/wp-content\/uploads\/6776cfecc6636.png?fit=668%2C445&ssl=1&resize=350%2C200","width":350,"height":200,"srcset":"https:\/\/i0.wp.com\/larevistadigital.com.ar\/blog\/wp-content\/uploads\/6776cfecc6636.png?fit=668%2C445&ssl=1&resize=350%2C200 1x, https:\/\/i0.wp.com\/larevistadigital.com.ar\/blog\/wp-content\/uploads\/6776cfecc6636.png?fit=668%2C445&ssl=1&resize=525%2C300 1.5x"},"classes":[]}],"_links":{"self":[{"href":"https:\/\/larevistadigital.com.ar\/blog\/wp-json\/wp\/v2\/posts\/14141","targetHints":{"allow":["GET"]}}],"collection":[{"href":"https:\/\/larevistadigital.com.ar\/blog\/wp-json\/wp\/v2\/posts"}],"about":[{"href":"https:\/\/larevistadigital.com.ar\/blog\/wp-json\/wp\/v2\/types\/post"}],"author":[{"embeddable":true,"href":"https:\/\/larevistadigital.com.ar\/blog\/wp-json\/wp\/v2\/users\/3"}],"replies":[{"embeddable":true,"href":"https:\/\/larevistadigital.com.ar\/blog\/wp-json\/wp\/v2\/comments?post=14141"}],"version-history":[{"count":1,"href":"https:\/\/larevistadigital.com.ar\/blog\/wp-json\/wp\/v2\/posts\/14141\/revisions"}],"predecessor-version":[{"id":14146,"href":"https:\/\/larevistadigital.com.ar\/blog\/wp-json\/wp\/v2\/posts\/14141\/revisions\/14146"}],"wp:featuredmedia":[{"embeddable":true,"href":"https:\/\/larevistadigital.com.ar\/blog\/wp-json\/wp\/v2\/media\/14144"}],"wp:attachment":[{"href":"https:\/\/larevistadigital.com.ar\/blog\/wp-json\/wp\/v2\/media?parent=14141"}],"wp:term":[{"taxonomy":"category","embeddable":true,"href":"https:\/\/larevistadigital.com.ar\/blog\/wp-json\/wp\/v2\/categories?post=14141"},{"taxonomy":"post_tag","embeddable":true,"href":"https:\/\/larevistadigital.com.ar\/blog\/wp-json\/wp\/v2\/tags?post=14141"}],"curies":[{"name":"wp","href":"https:\/\/api.w.org\/{rel}","templated":true}]}}