{"id":14147,"date":"2020-01-13T14:51:28","date_gmt":"2020-01-13T14:51:28","guid":{"rendered":"https:\/\/larevistadigital.com.ar\/blog\/?p=14147"},"modified":"2020-01-13T14:51:28","modified_gmt":"2020-01-13T14:51:28","slug":"un-herido-de-consideracion-atropellado-por-un-auto","status":"publish","type":"post","link":"https:\/\/larevistadigital.com.ar\/blog\/un-herido-de-consideracion-atropellado-por-un-auto\/","title":{"rendered":"UN HERIDO DE CONSIDERACI\u00d3N ATROPELLADO POR UN AUTO"},"content":{"rendered":"<h2 class=\"nota__hero__summary\">El hombre fue atropellado en la esquina de las calles M\u00e1rquez y Arist\u00f3bulo Del Valle por un auto y debi\u00f3 ser trasladado al Hospital Municipal.<\/h2>\n<p>Seg\u00fan se pudo saber, el hombre estaba cruzando la calle cuando fue arrollado por un Ford Ka, que era conducido por una mujer.<\/p>\n<blockquote>\n<h3>El individuo qued\u00f3 atrapado debajo del veh\u00edculo y fue necesaria la intervenci\u00f3n del due\u00f1o de una gomer\u00eda para \u2013mediante un criquet\u2013 levantar el auto y as\u00ed poder liberar al peat\u00f3n accidentado, que sufri\u00f3 heridas de consideraci\u00f3n y fue llevado al Hospital Municipal.<\/h3>\n<\/blockquote>\n<p>Debido al trabajo de la Polic\u00eda Cient\u00edfica, el tr\u00e1nsito se vio interrumpido. Adem\u00e1s, se hicieron presente personal de Bomberos, la Polic\u00eda local y tambi\u00e9n la bonaerense.<\/p>\n","protected":false},"excerpt":{"rendered":"<div class=\"mh-excerpt\"><p>El hombre fue atropellado en la esquina de las calles M\u00e1rquez y Arist\u00f3bulo Del Valle por un auto y debi\u00f3 ser trasladado al Hospital Municipal. Seg\u00fan se pudo saber, el hombre estaba cruzando la calle <a class=\"mh-excerpt-more\" href=\"https:\/\/larevistadigital.com.ar\/blog\/un-herido-de-consideracion-atropellado-por-un-auto\/\" title=\"UN HERIDO DE CONSIDERACI\u00d3N ATROPELLADO POR UN AUTO\">[Leer M\u00e1s]<\/a><\/p>\n<\/div>","protected":false},"author":3,"featured_media":14148,"comment_status":"open","ping_status":"open","sticky":false,"template":"","format":"standard","meta":{"_jetpack_memberships_contains_paid_content":false,"footnotes":"","jetpack_publicize_message":"","jetpack_publicize_feature_enabled":true,"jetpack_social_post_already_shared":true,"jetpack_social_options":{"image_generator_settings":{"template":"highway","default_image_id":0,"font":"","enabled":false},"version":2}},"categories":[43,51],"tags":[],"class_list":{"0":"post-14147","1":"post","2":"type-post","3":"status-publish","4":"format-standard","5":"has-post-thumbnail","7":"category-dolores","8":"category-regionales"},"jetpack_publicize_connections":[],"jetpack_featured_media_url":"https:\/\/i0.wp.com\/larevistadigital.com.ar\/blog\/wp-content\/uploads\/a196ba0fb3221e8707d1c7a70cedd4999f3fb570.jpg?fit=1140%2C761&ssl=1","jetpack_sharing_enabled":true,"jetpack_shortlink":"https:\/\/wp.me\/p8qtrQ-3Gb","jetpack-related-posts":[{"id":14156,"url":"https:\/\/larevistadigital.com.ar\/blog\/fallecio-el-hombre-atropellado-en-dolores\/","url_meta":{"origin":14147,"position":0},"title":"FALLECI\u00d3 EL HOMBRE ATROPELLADO EN DOLORES","author":"Alejandro Sosa Ruda","date":"13 enero, 2020","format":false,"excerpt":"Hace instantes se comunic\u00f3 con nosotros el colega llamado \u00c1ngel, due\u00f1o del medio EL TITULAR, de Pila y con llegada a toda la zona, para darnos la triste noticia que el hombre que fue atropellado en la ciudad de Dolores, lamentablemente ha fallecido. El accidente hab\u00eda ocurrido en las esquinas\u2026","rel":"","context":"En \u00abDOLORES\u00bb","block_context":{"text":"DOLORES","link":"https:\/\/larevistadigital.com.ar\/blog\/category\/dolores\/"},"img":{"alt_text":"","src":"https:\/\/i0.wp.com\/larevistadigital.com.ar\/blog\/wp-content\/uploads\/2019\/01\/CRESP%C3%93N-NEGRO.jpg?fit=900%2C900&ssl=1&resize=350%2C200","width":350,"height":200,"srcset":"https:\/\/i0.wp.com\/larevistadigital.com.ar\/blog\/wp-content\/uploads\/2019\/01\/CRESP%C3%93N-NEGRO.jpg?fit=900%2C900&ssl=1&resize=350%2C200 1x, https:\/\/i0.wp.com\/larevistadigital.com.ar\/blog\/wp-content\/uploads\/2019\/01\/CRESP%C3%93N-NEGRO.jpg?fit=900%2C900&ssl=1&resize=525%2C300 1.5x, https:\/\/i0.wp.com\/larevistadigital.com.ar\/blog\/wp-content\/uploads\/2019\/01\/CRESP%C3%93N-NEGRO.jpg?fit=900%2C900&ssl=1&resize=700%2C400 2x"},"classes":[]},{"id":16765,"url":"https:\/\/larevistadigital.com.ar\/blog\/hombre-muere-atropellado-al-cruzar-la-ruta-226\/","url_meta":{"origin":14147,"position":1},"title":"HOMBRE MUERE ATROPELLADO AL CRUZAR LA RUTA 226","author":"Alejandro Sosa Ruda","date":"5 octubre, 2020","format":false,"excerpt":"Un\u00a0hombre muri\u00f3\u00a0tras ser atropellado ayer a la noche en la\u00a0Ruta 226\u00a0mientras intentaba cruzar de v\u00eda en busca de ayuda luego de que su auto sufriera un desperfecto t\u00e9cnico. El hecho se registr\u00f3\u00a0cerca de las 23\u00a0a la altura del\u00a0kil\u00f3metro 8\u00a0de la Ruta 226, cuando un auto que circulaba hacia\u00a0Balcarce\u00a0sufri\u00f3 alg\u00fan tipo\u2026","rel":"","context":"En \u00abREGIONALES\u00bb","block_context":{"text":"REGIONALES","link":"https:\/\/larevistadigital.com.ar\/blog\/category\/regionales\/"},"img":{"alt_text":"","src":"https:\/\/i0.wp.com\/larevistadigital.com.ar\/blog\/wp-content\/uploads\/Screenshot_3-50.jpg?fit=1005%2C656&ssl=1&resize=350%2C200","width":350,"height":200,"srcset":"https:\/\/i0.wp.com\/larevistadigital.com.ar\/blog\/wp-content\/uploads\/Screenshot_3-50.jpg?fit=1005%2C656&ssl=1&resize=350%2C200 1x, https:\/\/i0.wp.com\/larevistadigital.com.ar\/blog\/wp-content\/uploads\/Screenshot_3-50.jpg?fit=1005%2C656&ssl=1&resize=525%2C300 1.5x, https:\/\/i0.wp.com\/larevistadigital.com.ar\/blog\/wp-content\/uploads\/Screenshot_3-50.jpg?fit=1005%2C656&ssl=1&resize=700%2C400 2x"},"classes":[]},{"id":29031,"url":"https:\/\/larevistadigital.com.ar\/blog\/ruta-2-bajo-de-su-auto-y-murio-atropellado\/","url_meta":{"origin":14147,"position":2},"title":"RUTA 2: BAJ\u00d3 DE SU AUTO Y MURI\u00d3 ATROPELLADO","author":"Alejandro Sosa Ruda","date":"24 noviembre, 2022","format":false,"excerpt":"El automovilista se hab\u00eda bajado de su camioneta porque hab\u00eda sufrido un desperfecto mec\u00e1nico en la Autov\u00eda 2, a la altura de Coronel Vidal. 23 de noviembre de 2022 CORONEL VIDAL -\u00a0\u00a0Un lamentable accidente ocurri\u00f3 cuando una persona detuvo su camioneta utilitaria en la ruta 2, debido a un desperfecto\u2026","rel":"","context":"En \u00abPOLICIALES\u00bb","block_context":{"text":"POLICIALES","link":"https:\/\/larevistadigital.com.ar\/blog\/category\/policiales\/"},"img":{"alt_text":"","src":"https:\/\/i0.wp.com\/larevistadigital.com.ar\/blog\/wp-content\/uploads\/9ac309c6f4d19b747d8c237c4d8f50cb7c061836.jpg?fit=1140%2C717&ssl=1&resize=350%2C200","width":350,"height":200,"srcset":"https:\/\/i0.wp.com\/larevistadigital.com.ar\/blog\/wp-content\/uploads\/9ac309c6f4d19b747d8c237c4d8f50cb7c061836.jpg?fit=1140%2C717&ssl=1&resize=350%2C200 1x, https:\/\/i0.wp.com\/larevistadigital.com.ar\/blog\/wp-content\/uploads\/9ac309c6f4d19b747d8c237c4d8f50cb7c061836.jpg?fit=1140%2C717&ssl=1&resize=525%2C300 1.5x, https:\/\/i0.wp.com\/larevistadigital.com.ar\/blog\/wp-content\/uploads\/9ac309c6f4d19b747d8c237c4d8f50cb7c061836.jpg?fit=1140%2C717&ssl=1&resize=700%2C400 2x, https:\/\/i0.wp.com\/larevistadigital.com.ar\/blog\/wp-content\/uploads\/9ac309c6f4d19b747d8c237c4d8f50cb7c061836.jpg?fit=1140%2C717&ssl=1&resize=1050%2C600 3x"},"classes":[]},{"id":36965,"url":"https:\/\/larevistadigital.com.ar\/blog\/ruta-2-tragedia-un-hombre-fue-atropellado-y-murio-en-el-acto\/","url_meta":{"origin":14147,"position":3},"title":"RUTA 2: TRAGEDIA. UN HOMBRE FUE ATROPELLADO Y MURI\u00d3 EN EL ACTO","author":"Alejandro Sosa Ruda","date":"11 agosto, 2024","format":false,"excerpt":"El accidente se produjo en la Ruta 2, a la altura del kil\u00f3metro 43, en El Peligro, cuando un auto atropell\u00f3 a un joven de unos 25, que perdi\u00f3 la vida al instante. 11 de Agosto de 2024 BUENOS AIRES -\u00a0 Un tr\u00e1gico accidente tuvo lugar en la Ruta 2,\u2026","rel":"","context":"En \u00abPOLICIALES\u00bb","block_context":{"text":"POLICIALES","link":"https:\/\/larevistadigital.com.ar\/blog\/category\/policiales\/"},"img":{"alt_text":"","src":"https:\/\/i0.wp.com\/larevistadigital.com.ar\/blog\/wp-content\/uploads\/Captura-de-pantalla-2024-08-11-221854.png?fit=814%2C492&ssl=1&resize=350%2C200","width":350,"height":200,"srcset":"https:\/\/i0.wp.com\/larevistadigital.com.ar\/blog\/wp-content\/uploads\/Captura-de-pantalla-2024-08-11-221854.png?fit=814%2C492&ssl=1&resize=350%2C200 1x, https:\/\/i0.wp.com\/larevistadigital.com.ar\/blog\/wp-content\/uploads\/Captura-de-pantalla-2024-08-11-221854.png?fit=814%2C492&ssl=1&resize=525%2C300 1.5x, https:\/\/i0.wp.com\/larevistadigital.com.ar\/blog\/wp-content\/uploads\/Captura-de-pantalla-2024-08-11-221854.png?fit=814%2C492&ssl=1&resize=700%2C400 2x"},"classes":[]},{"id":12509,"url":"https:\/\/larevistadigital.com.ar\/blog\/la-autopsia-confirmo-que-el-hombre-muerto-hallado-en-la-ruta-88-fue-atropellado\/","url_meta":{"origin":14147,"position":4},"title":"LA AUTOPSIA CONFIRM\u00d3 QUE EL HOMBRE MUERTO HALLADO EN LA RUTA 88 FUE ATROPELLADO","author":"Alejandro Sosa Ruda","date":"8 octubre, 2019","format":false,"excerpt":"La v\u00edctima se hallaba en situaci\u00f3n de calle y sol\u00eda pernoctar varios de estos establecimientos. El conductor del auto a\u00fan no fue identificado. La autopsia realizada al cad\u00e1ver hallado el s\u00e1bado por la noche en la ruta 88 confirm\u00f3 que el hombre fallecido fue atropellado por un veh\u00edculo,\u00a0cuyo conductor a\u00fan\u2026","rel":"","context":"En \u00abREGIONALES\u00bb","block_context":{"text":"REGIONALES","link":"https:\/\/larevistadigital.com.ar\/blog\/category\/regionales\/"},"img":{"alt_text":"","src":"https:\/\/i0.wp.com\/larevistadigital.com.ar\/blog\/wp-content\/uploads\/capturagoogle.jpg?fit=754%2C431&ssl=1&resize=350%2C200","width":350,"height":200,"srcset":"https:\/\/i0.wp.com\/larevistadigital.com.ar\/blog\/wp-content\/uploads\/capturagoogle.jpg?fit=754%2C431&ssl=1&resize=350%2C200 1x, https:\/\/i0.wp.com\/larevistadigital.com.ar\/blog\/wp-content\/uploads\/capturagoogle.jpg?fit=754%2C431&ssl=1&resize=525%2C300 1.5x, https:\/\/i0.wp.com\/larevistadigital.com.ar\/blog\/wp-content\/uploads\/capturagoogle.jpg?fit=754%2C431&ssl=1&resize=700%2C400 2x"},"classes":[]},{"id":28268,"url":"https:\/\/larevistadigital.com.ar\/blog\/la-peor-de-las-tragedias-un-bebe-murio-atropellado-por-sus-padres\/","url_meta":{"origin":14147,"position":5},"title":"LA PEOR DE LAS TRAGEDIAS: UN BEB\u00c9 MURI\u00d3 ATROPELLADO POR SUS PADRES","author":"Alejandro Sosa Ruda","date":"4 octubre, 2022","format":false,"excerpt":"El peque\u00f1o de 1 a\u00f1o y seis meses perdi\u00f3 la vida luego de ser atropellado por una camioneta que era empujada por sus padres. Sucedi\u00f3 en Florencio Varela. 03 de Octubre de 2022 FLORENCIO VARELA -\u00a0 \u00a0Un dram\u00e1tico episodio conmovi\u00f3 el \u00faltimo fin de semana a Florencio Varela en donde\u2026","rel":"","context":"En \u00abINTERES GENERAL\u00bb","block_context":{"text":"INTERES GENERAL","link":"https:\/\/larevistadigital.com.ar\/blog\/category\/interes-general\/"},"img":{"alt_text":"","src":"https:\/\/i0.wp.com\/larevistadigital.com.ar\/blog\/wp-content\/uploads\/20221003180153_multimedia-normal-8bcf3c754426952e-486f73706974616c204d6920507565626c6f5f6e6f726d616c2e6a7067.jpg?fit=880%2C512&ssl=1&resize=350%2C200","width":350,"height":200,"srcset":"https:\/\/i0.wp.com\/larevistadigital.com.ar\/blog\/wp-content\/uploads\/20221003180153_multimedia-normal-8bcf3c754426952e-486f73706974616c204d6920507565626c6f5f6e6f726d616c2e6a7067.jpg?fit=880%2C512&ssl=1&resize=350%2C200 1x, https:\/\/i0.wp.com\/larevistadigital.com.ar\/blog\/wp-content\/uploads\/20221003180153_multimedia-normal-8bcf3c754426952e-486f73706974616c204d6920507565626c6f5f6e6f726d616c2e6a7067.jpg?fit=880%2C512&ssl=1&resize=525%2C300 1.5x, https:\/\/i0.wp.com\/larevistadigital.com.ar\/blog\/wp-content\/uploads\/20221003180153_multimedia-normal-8bcf3c754426952e-486f73706974616c204d6920507565626c6f5f6e6f726d616c2e6a7067.jpg?fit=880%2C512&ssl=1&resize=700%2C400 2x"},"classes":[]}],"_links":{"self":[{"href":"https:\/\/larevistadigital.com.ar\/blog\/wp-json\/wp\/v2\/posts\/14147","targetHints":{"allow":["GET"]}}],"collection":[{"href":"https:\/\/larevistadigital.com.ar\/blog\/wp-json\/wp\/v2\/posts"}],"about":[{"href":"https:\/\/larevistadigital.com.ar\/blog\/wp-json\/wp\/v2\/types\/post"}],"author":[{"embeddable":true,"href":"https:\/\/larevistadigital.com.ar\/blog\/wp-json\/wp\/v2\/users\/3"}],"replies":[{"embeddable":true,"href":"https:\/\/larevistadigital.com.ar\/blog\/wp-json\/wp\/v2\/comments?post=14147"}],"version-history":[{"count":1,"href":"https:\/\/larevistadigital.com.ar\/blog\/wp-json\/wp\/v2\/posts\/14147\/revisions"}],"predecessor-version":[{"id":14149,"href":"https:\/\/larevistadigital.com.ar\/blog\/wp-json\/wp\/v2\/posts\/14147\/revisions\/14149"}],"wp:featuredmedia":[{"embeddable":true,"href":"https:\/\/larevistadigital.com.ar\/blog\/wp-json\/wp\/v2\/media\/14148"}],"wp:attachment":[{"href":"https:\/\/larevistadigital.com.ar\/blog\/wp-json\/wp\/v2\/media?parent=14147"}],"wp:term":[{"taxonomy":"category","embeddable":true,"href":"https:\/\/larevistadigital.com.ar\/blog\/wp-json\/wp\/v2\/categories?post=14147"},{"taxonomy":"post_tag","embeddable":true,"href":"https:\/\/larevistadigital.com.ar\/blog\/wp-json\/wp\/v2\/tags?post=14147"}],"curies":[{"name":"wp","href":"https:\/\/api.w.org\/{rel}","templated":true}]}}