{"id":14153,"date":"2020-01-13T15:08:02","date_gmt":"2020-01-13T15:08:02","guid":{"rendered":"https:\/\/larevistadigital.com.ar\/blog\/?p=14153"},"modified":"2020-01-13T15:08:02","modified_gmt":"2020-01-13T15:08:02","slug":"mochilero-desaparecido-madre-pide-compartir-en-redes-sociales","status":"publish","type":"post","link":"https:\/\/larevistadigital.com.ar\/blog\/mochilero-desaparecido-madre-pide-compartir-en-redes-sociales\/","title":{"rendered":"MOCHILERO DESAPARECIDO: MADRE PIDE COMPARTIR EN REDES SOCIALES"},"content":{"rendered":"<p>La familia del joven mochilero oriundo de Pig\u00fc\u00e9, provincia de Buenos Aires,\u00a0<strong>Francisco Ciarlantini Cristoforone<\/strong>\u00a0impulsa una b\u00fasqueda a trav\u00e9s de las redes sociales para ubicarlo luego que no se tienen m\u00e1s novedades sobre \u00e9l\u00a0<strong>desde el 23 de diciembre\u00a0<\/strong>\u00faltimo cuando se encontraba en la zona entre Per\u00fa y Bolivia.<\/p>\n<p>La mam\u00e1 <strong>Fabiana Benestante<\/strong> le confirm\u00f3 al medio\u00a0Semanario Reflejos que ha hecho el pedido a Canciller\u00eda para que colabore en la b\u00fasqueda.<\/p>\n<p>En las redes sociales, la madre public\u00f3:\u00a0<strong><em>\u00abBuenas tardes!\u00a0\u00c9l es Francisco Ciarlantini Cristoforone de argentina Pig\u00fc\u00e9, el 17 de diciembre\u00a0estaba en Per\u00fa lima d\u00f3nde me dijo q tomaba micro para la frontera con bolivia\u00a0, el 23 de diciembre se vuelve a comunicar q ya estaba en frontera del lado de Per\u00fa y q la pasaba caminando a bolivia&#8230; Desde ese d\u00eda perd\u00ed contacto\u00bb<\/em><\/strong>.<\/p>\n<p>Y agreg\u00f3: <strong><em>\u00abPor favor necesito q si alguien lo vio o ve se comunique soy la mam\u00e1 y estoy desesperada!! Mil Gracias!!\u00bb<\/em><\/strong>.<\/p>\n<p>&nbsp;<\/p>\n","protected":false},"excerpt":{"rendered":"<div class=\"mh-excerpt\"><p>La familia del joven mochilero oriundo de Pig\u00fc\u00e9, provincia de Buenos Aires,\u00a0Francisco Ciarlantini Cristoforone\u00a0impulsa una b\u00fasqueda a trav\u00e9s de las redes sociales para ubicarlo luego que no se tienen m\u00e1s novedades sobre \u00e9l\u00a0desde el 23 <a class=\"mh-excerpt-more\" href=\"https:\/\/larevistadigital.com.ar\/blog\/mochilero-desaparecido-madre-pide-compartir-en-redes-sociales\/\" title=\"MOCHILERO DESAPARECIDO: MADRE PIDE COMPARTIR EN REDES SOCIALES\">[Leer M\u00e1s]<\/a><\/p>\n<\/div>","protected":false},"author":3,"featured_media":14154,"comment_status":"open","ping_status":"open","sticky":false,"template":"","format":"standard","meta":{"_jetpack_memberships_contains_paid_content":false,"footnotes":"","jetpack_publicize_message":"","jetpack_publicize_feature_enabled":true,"jetpack_social_post_already_shared":true,"jetpack_social_options":{"image_generator_settings":{"template":"highway","default_image_id":0,"font":"","enabled":false},"version":2}},"categories":[50],"tags":[],"class_list":{"0":"post-14153","1":"post","2":"type-post","3":"status-publish","4":"format-standard","5":"has-post-thumbnail","7":"category-interes-general"},"jetpack_publicize_connections":[],"jetpack_featured_media_url":"https:\/\/i0.wp.com\/larevistadigital.com.ar\/blog\/wp-content\/uploads\/desap.jpg?fit=600%2C375&ssl=1","jetpack_sharing_enabled":true,"jetpack_shortlink":"https:\/\/wp.me\/p8qtrQ-3Gh","jetpack-related-posts":[{"id":13962,"url":"https:\/\/larevistadigital.com.ar\/blog\/aumento-de-tasas-por-servicios-generales-del-120-vecinos-de-calle-peru-y-comerciantes-del-centro-deberan-pagar-la-contribucion-de-mejoras\/","url_meta":{"origin":14153,"position":0},"title":"\u00bfAUMENTO DE TASAS POR SERVICIOS GENERALES DEL 120%? \u00bfVECINOS DE CALLE PER\u00da, Y COMERCIANTES DEL CENTRO DEBER\u00c1N PAGAR LA \u00abCONTRIBUCI\u00d3N DE MEJORAS\u00bb?","author":"Alejandro Sosa Ruda","date":"3 enero, 2020","format":false,"excerpt":"Ordenanza Fiscal e Impositiva Hoy la tratar\u00e1 la Asamblea de Asamblea de Concejales y Mayores Contribuyentes \u2013 Tambi\u00e9n destaca que el nuevo tributo por conservaci\u00f3n y mejora de la red vial urbana se materializar\u00e1 en el pago de $ 0,32 m\u00e1s por litro de nafta \u2013 Adem\u00e1s resalta que los\u2026","rel":"","context":"En \u00abCHASCOM\u00daS\u00bb","block_context":{"text":"CHASCOM\u00daS","link":"https:\/\/larevistadigital.com.ar\/blog\/category\/chascomus\/"},"img":{"alt_text":"","src":"https:\/\/i0.wp.com\/larevistadigital.com.ar\/blog\/wp-content\/uploads\/2018\/09\/concejo-chascomus.jpg?fit=954%2C768&ssl=1&resize=350%2C200","width":350,"height":200,"srcset":"https:\/\/i0.wp.com\/larevistadigital.com.ar\/blog\/wp-content\/uploads\/2018\/09\/concejo-chascomus.jpg?fit=954%2C768&ssl=1&resize=350%2C200 1x, https:\/\/i0.wp.com\/larevistadigital.com.ar\/blog\/wp-content\/uploads\/2018\/09\/concejo-chascomus.jpg?fit=954%2C768&ssl=1&resize=525%2C300 1.5x, https:\/\/i0.wp.com\/larevistadigital.com.ar\/blog\/wp-content\/uploads\/2018\/09\/concejo-chascomus.jpg?fit=954%2C768&ssl=1&resize=700%2C400 2x"},"classes":[]},{"id":35085,"url":"https:\/\/larevistadigital.com.ar\/blog\/otro-caso-se-busca-a-un-joven-que-salio-en-kayak-el-domingo-y-no-ha-regresado\/","url_meta":{"origin":14153,"position":1},"title":"OTRO CASO&#8230; SE BUSCA A UN JOVEN QUE SALI\u00d3 EN KAYAK EL DOMINGO Y NO HA REGRESADO","author":"Alejandro Sosa Ruda","date":"23 enero, 2024","format":false,"excerpt":"Se trata de Federico Saihueque Cuevas, quien fue visto por \u00faltima vez por la polic\u00eda local este domingo cerca de las 19. Su madre radic\u00f3 la denuncia de desaparici\u00f3n de persona en la Comisar\u00eda de Tres Arroyos. Dice, que su hijo se fue a Claromec\u00f3 este domingo por la tarde\u2026","rel":"","context":"En \u00abPOLICIALES\u00bb","block_context":{"text":"POLICIALES","link":"https:\/\/larevistadigital.com.ar\/blog\/category\/policiales\/"},"img":{"alt_text":"","src":"https:\/\/i0.wp.com\/larevistadigital.com.ar\/blog\/wp-content\/uploads\/Captura-de-pantalla-2024-01-23-115503.png?fit=771%2C402&ssl=1&resize=350%2C200","width":350,"height":200,"srcset":"https:\/\/i0.wp.com\/larevistadigital.com.ar\/blog\/wp-content\/uploads\/Captura-de-pantalla-2024-01-23-115503.png?fit=771%2C402&ssl=1&resize=350%2C200 1x, https:\/\/i0.wp.com\/larevistadigital.com.ar\/blog\/wp-content\/uploads\/Captura-de-pantalla-2024-01-23-115503.png?fit=771%2C402&ssl=1&resize=525%2C300 1.5x, https:\/\/i0.wp.com\/larevistadigital.com.ar\/blog\/wp-content\/uploads\/Captura-de-pantalla-2024-01-23-115503.png?fit=771%2C402&ssl=1&resize=700%2C400 2x"},"classes":[]},{"id":40633,"url":"https:\/\/larevistadigital.com.ar\/blog\/preocupacion-por-dos-hermanos-de-madariaga-que-viajaban-por-brasil-llamaron-tras-cinco-dias-sin-contacto-pero-crecen-las-dudas\/","url_meta":{"origin":14153,"position":2},"title":"Preocupaci\u00f3n por dos hermanos de Madariaga que viajaban por Brasil: llamaron tras cinco d\u00edas sin contacto, pero crecen las dudas","author":"Alejandro Sosa Ruda","date":"26 julio, 2025","format":false,"excerpt":"Los jovenes, estaban de vacaciones en Salvador de Bah\u00eda y dejaron de comunicarse con su familia. Ayer hicieron un breve llamado que no apacigu\u00f3 del todo la preocupaci\u00f3n, por lo que la denuncia sigue su curso. BUENOS AIRES\u00a0 -\u00a0 Cinco d\u00edas sin noticias fue el tiempo que transcurri\u00f3 hasta que\u2026","rel":"","context":"En \u00abPOLICIALES\u00bb","block_context":{"text":"POLICIALES","link":"https:\/\/larevistadigital.com.ar\/blog\/category\/policiales\/"},"img":{"alt_text":"","src":"https:\/\/i0.wp.com\/larevistadigital.com.ar\/blog\/wp-content\/uploads\/f46cb1072f99a851c7fba72d19956c0c41f3d704.jpg?fit=1140%2C709&ssl=1&resize=350%2C200","width":350,"height":200,"srcset":"https:\/\/i0.wp.com\/larevistadigital.com.ar\/blog\/wp-content\/uploads\/f46cb1072f99a851c7fba72d19956c0c41f3d704.jpg?fit=1140%2C709&ssl=1&resize=350%2C200 1x, https:\/\/i0.wp.com\/larevistadigital.com.ar\/blog\/wp-content\/uploads\/f46cb1072f99a851c7fba72d19956c0c41f3d704.jpg?fit=1140%2C709&ssl=1&resize=525%2C300 1.5x, https:\/\/i0.wp.com\/larevistadigital.com.ar\/blog\/wp-content\/uploads\/f46cb1072f99a851c7fba72d19956c0c41f3d704.jpg?fit=1140%2C709&ssl=1&resize=700%2C400 2x, https:\/\/i0.wp.com\/larevistadigital.com.ar\/blog\/wp-content\/uploads\/f46cb1072f99a851c7fba72d19956c0c41f3d704.jpg?fit=1140%2C709&ssl=1&resize=1050%2C600 3x"},"classes":[]},{"id":33869,"url":"https:\/\/larevistadigital.com.ar\/blog\/moreno-desmantelan-red-de-pornografia-infantil-y-detienen-a-acusados-de-abuso\/","url_meta":{"origin":14153,"position":3},"title":"MORENO: DESMANTELAN RED DE PORNOGRAF\u00cdA INFANTIL Y DETIENEN A ACUSADOS DE ABUSO","author":"Alejandro Sosa Ruda","date":"5 octubre, 2023","format":false,"excerpt":"Hubo varios allanamientos. Secuestraron dispositivos electr\u00f3nicos, armas de fuego y municiones. 05 de octubre de 2023 MORENO -\u00a0 Luego de una serie de allanamientos fue desmantelada una\u00a0red de pornograf\u00eda infantil y uno de los detenidos est\u00e1 acusado de abuso sexual de una menor\u00a0en Moreno y Ramallo, informaron fuentes judiciales. Los\u2026","rel":"","context":"En \u00abREGIONALES\u00bb","block_context":{"text":"REGIONALES","link":"https:\/\/larevistadigital.com.ar\/blog\/category\/regionales\/"},"img":{"alt_text":"","src":"https:\/\/i0.wp.com\/larevistadigital.com.ar\/blog\/wp-content\/uploads\/POLICIA-4.jpg?fit=880%2C512&ssl=1&resize=350%2C200","width":350,"height":200,"srcset":"https:\/\/i0.wp.com\/larevistadigital.com.ar\/blog\/wp-content\/uploads\/POLICIA-4.jpg?fit=880%2C512&ssl=1&resize=350%2C200 1x, https:\/\/i0.wp.com\/larevistadigital.com.ar\/blog\/wp-content\/uploads\/POLICIA-4.jpg?fit=880%2C512&ssl=1&resize=525%2C300 1.5x, https:\/\/i0.wp.com\/larevistadigital.com.ar\/blog\/wp-content\/uploads\/POLICIA-4.jpg?fit=880%2C512&ssl=1&resize=700%2C400 2x"},"classes":[]},{"id":39070,"url":"https:\/\/larevistadigital.com.ar\/blog\/chascomus-el-municipio-pidio-responsabilidad-en-las-publicaciones-en-redes-sociales\/","url_meta":{"origin":14153,"position":4},"title":"Chascom\u00fas: El Municipio pidi\u00f3 responsabilidad en las publicaciones en redes sociales","author":"Alejandro Sosa Ruda","date":"22 marzo, 2025","format":false,"excerpt":"La Municipalidad de Chascom\u00fas advirti\u00f3 acerca de la falsedad de publicaciones que aparecen en redes sociales sobre un supuesto robo ocurrido a la salida de una sucursal bancaria local. 22 de Marzo de 2025 CHASCOM\u00daS -\u00a0 \u00a0\u00a0 En los \u00faltimos d\u00edas circularon en redes sociales y grupos p\u00fablicos de Facebook\u2026","rel":"","context":"En \u00abCHASCOM\u00daS\u00bb","block_context":{"text":"CHASCOM\u00daS","link":"https:\/\/larevistadigital.com.ar\/blog\/category\/chascomus\/"},"img":{"alt_text":"","src":"https:\/\/i0.wp.com\/larevistadigital.com.ar\/blog\/wp-content\/uploads\/67dd9cb27740d.png?fit=668%2C445&ssl=1&resize=350%2C200","width":350,"height":200,"srcset":"https:\/\/i0.wp.com\/larevistadigital.com.ar\/blog\/wp-content\/uploads\/67dd9cb27740d.png?fit=668%2C445&ssl=1&resize=350%2C200 1x, https:\/\/i0.wp.com\/larevistadigital.com.ar\/blog\/wp-content\/uploads\/67dd9cb27740d.png?fit=668%2C445&ssl=1&resize=525%2C300 1.5x"},"classes":[]},{"id":31983,"url":"https:\/\/larevistadigital.com.ar\/blog\/chascomus-denuncian-en-redes-sociales-mal-desempeno-del-consejo-escolar\/","url_meta":{"origin":14153,"position":5},"title":"CHASCOM\u00daS: DENUNCIAN EN REDES SOCIALES MAL DESEMPE\u00d1O DEL CONSEJO ESCOLAR","author":"Alejandro Sosa Ruda","date":"13 junio, 2023","format":false,"excerpt":"Habr\u00edan cometido un error administrativo que perjudic\u00f3 a un grupo de personas. 13 de junio de 2023 CHASCOM\u00daS -\u00a0 Una persona, puso de manifiesto una situaci\u00f3n que habr\u00eda perjudicado a personal de educaci\u00f3n, por un \"olvido\" del Consejo Escolar de Chascom\u00fas. La se\u00f1ora, con justa raz\u00f3n se pregunta: \u2026 \u00bfQui\u00e9n\u2026","rel":"","context":"En \u00abINTERES GENERAL\u00bb","block_context":{"text":"INTERES GENERAL","link":"https:\/\/larevistadigital.com.ar\/blog\/category\/interes-general\/"},"img":{"alt_text":"","src":"https:\/\/i0.wp.com\/larevistadigital.com.ar\/blog\/wp-content\/uploads\/SALDIAS.jpg?fit=1088%2C425&ssl=1&resize=350%2C200","width":350,"height":200,"srcset":"https:\/\/i0.wp.com\/larevistadigital.com.ar\/blog\/wp-content\/uploads\/SALDIAS.jpg?fit=1088%2C425&ssl=1&resize=350%2C200 1x, https:\/\/i0.wp.com\/larevistadigital.com.ar\/blog\/wp-content\/uploads\/SALDIAS.jpg?fit=1088%2C425&ssl=1&resize=525%2C300 1.5x, https:\/\/i0.wp.com\/larevistadigital.com.ar\/blog\/wp-content\/uploads\/SALDIAS.jpg?fit=1088%2C425&ssl=1&resize=700%2C400 2x, https:\/\/i0.wp.com\/larevistadigital.com.ar\/blog\/wp-content\/uploads\/SALDIAS.jpg?fit=1088%2C425&ssl=1&resize=1050%2C600 3x"},"classes":[]}],"_links":{"self":[{"href":"https:\/\/larevistadigital.com.ar\/blog\/wp-json\/wp\/v2\/posts\/14153","targetHints":{"allow":["GET"]}}],"collection":[{"href":"https:\/\/larevistadigital.com.ar\/blog\/wp-json\/wp\/v2\/posts"}],"about":[{"href":"https:\/\/larevistadigital.com.ar\/blog\/wp-json\/wp\/v2\/types\/post"}],"author":[{"embeddable":true,"href":"https:\/\/larevistadigital.com.ar\/blog\/wp-json\/wp\/v2\/users\/3"}],"replies":[{"embeddable":true,"href":"https:\/\/larevistadigital.com.ar\/blog\/wp-json\/wp\/v2\/comments?post=14153"}],"version-history":[{"count":1,"href":"https:\/\/larevistadigital.com.ar\/blog\/wp-json\/wp\/v2\/posts\/14153\/revisions"}],"predecessor-version":[{"id":14155,"href":"https:\/\/larevistadigital.com.ar\/blog\/wp-json\/wp\/v2\/posts\/14153\/revisions\/14155"}],"wp:featuredmedia":[{"embeddable":true,"href":"https:\/\/larevistadigital.com.ar\/blog\/wp-json\/wp\/v2\/media\/14154"}],"wp:attachment":[{"href":"https:\/\/larevistadigital.com.ar\/blog\/wp-json\/wp\/v2\/media?parent=14153"}],"wp:term":[{"taxonomy":"category","embeddable":true,"href":"https:\/\/larevistadigital.com.ar\/blog\/wp-json\/wp\/v2\/categories?post=14153"},{"taxonomy":"post_tag","embeddable":true,"href":"https:\/\/larevistadigital.com.ar\/blog\/wp-json\/wp\/v2\/tags?post=14153"}],"curies":[{"name":"wp","href":"https:\/\/api.w.org\/{rel}","templated":true}]}}