{"id":14258,"date":"2020-01-19T13:29:40","date_gmt":"2020-01-19T13:29:40","guid":{"rendered":"https:\/\/larevistadigital.com.ar\/blog\/?p=14258"},"modified":"2020-01-19T13:29:40","modified_gmt":"2020-01-19T13:29:40","slug":"mar-del-plata-violento-vuelco-en-punta-mogotes-con-tres-hospitalizados","status":"publish","type":"post","link":"https:\/\/larevistadigital.com.ar\/blog\/mar-del-plata-violento-vuelco-en-punta-mogotes-con-tres-hospitalizados\/","title":{"rendered":"MAR DEL PLATA: VIOLENTO VUELCO EN PUNTA MOGOTES CON TRES HOSPITALIZADOS"},"content":{"rendered":"<h2><em>El siniestro se registr\u00f3 alrededor de las 9 sobre Avenida de Los Trabajadores al 1500.\u00a0<\/em><\/h2>\n<p>Tres personas trasladadas al Hospital Interzonal General de Agudos (Higa) fue el saldo que dej\u00f3 un impactante vuelco que\u00a0se registr\u00f3 en horas de la ma\u00f1ana de este domingo en la zona de Punta Mogotes.<\/p>\n<p>El siniestro\u00a0se produjo alrededor de las 9 sobre la<strong>\u00a0Avenida de los Trabajadores al 1500\u00a0<\/strong>y tuvo como protagonista a un Ford Fiesta Titanium color gris,\u00a0con cinco pasajeros a bordo, que qued\u00f3 visiblemente destrozado despu\u00e9s de la infructuosa maniobra.<\/p>\n<p>En principio, se presume que no habr\u00eda otro rodado involucrado en el impacto y que el conductor, producto de la alta velocidad a la que circulaba, perdi\u00f3 el control del veh\u00edculo, lo que deriv\u00f3 en el vuelco frente al complejo del Club Atl\u00e9tico Aldosivi. <strong><em>\u00abVen\u00eda muy r\u00e1pido, sigui\u00f3 de largo y por eso volc\u00f3\u00bb<\/em><\/strong>, aseguraron fuentes consultadas por\u00a0<strong>0223.<\/strong><\/p>\n<p><img data-recalc-dims=\"1\" loading=\"lazy\" decoding=\"async\" class=\"size-full wp-image-14260 aligncenter\" src=\"https:\/\/i0.wp.com\/larevistadigital.com.ar\/blog\/wp-content\/uploads\/1579438980311.jpeg?resize=1032%2C580&#038;ssl=1\" alt=\"\" width=\"1032\" height=\"580\" srcset=\"https:\/\/i0.wp.com\/larevistadigital.com.ar\/blog\/wp-content\/uploads\/1579438980311.jpeg?w=1032&amp;ssl=1 1032w, https:\/\/i0.wp.com\/larevistadigital.com.ar\/blog\/wp-content\/uploads\/1579438980311.jpeg?resize=300%2C169&amp;ssl=1 300w, https:\/\/i0.wp.com\/larevistadigital.com.ar\/blog\/wp-content\/uploads\/1579438980311.jpeg?resize=768%2C432&amp;ssl=1 768w, https:\/\/i0.wp.com\/larevistadigital.com.ar\/blog\/wp-content\/uploads\/1579438980311.jpeg?resize=1024%2C576&amp;ssl=1 1024w, https:\/\/i0.wp.com\/larevistadigital.com.ar\/blog\/wp-content\/uploads\/1579438980311.jpeg?resize=678%2C381&amp;ssl=1 678w\" sizes=\"auto, (max-width: 1000px) 100vw, 1000px\" \/><\/p>\n<p>De inmediato se hicieron presentes ambulancias del\u00a0Sistema de Atenci\u00f3n M\u00e9dica de Emergencias (Same) que dispusieron el traslado de algunos de los ocupantes, tras constatar las lesiones en su cuerpo.<\/p>\n<blockquote>\n<h3>Fuentes oficiales tambi\u00e9n confirmaron a este medio\u00a0que tres j\u00f3venes fueron derivados al Hospital Interzonal General de Agudos (Higa) con heridas de \u00abdistinta consideraci\u00f3n\u00bb pero sin riesgo de vida.<\/h3>\n<\/blockquote>\n<p>Personal policial ya realiza las diligencias de rigor en el lugar para tratar de recabar elementos que permitan esclarecer las circunstancias del siniestro. La fiscal\u00eda de Delitos Culposos ya tom\u00f3 intervenci\u00f3n en la causa, caratulada por el delito de \u00ablesiones culposas\u00bb.<\/p>\n<div class=\"contenedor__publicidad undefined\">\n<div class=\"publicidad P9\"><\/div>\n<\/div>\n","protected":false},"excerpt":{"rendered":"<div class=\"mh-excerpt\"><p>El siniestro se registr\u00f3 alrededor de las 9 sobre Avenida de Los Trabajadores al 1500.\u00a0 Tres personas trasladadas al Hospital Interzonal General de Agudos (Higa) fue el saldo que dej\u00f3 un impactante vuelco que\u00a0se registr\u00f3 <a class=\"mh-excerpt-more\" href=\"https:\/\/larevistadigital.com.ar\/blog\/mar-del-plata-violento-vuelco-en-punta-mogotes-con-tres-hospitalizados\/\" title=\"MAR DEL PLATA: VIOLENTO VUELCO EN PUNTA MOGOTES CON TRES HOSPITALIZADOS\">[Leer M\u00e1s]<\/a><\/p>\n<\/div>","protected":false},"author":3,"featured_media":14259,"comment_status":"open","ping_status":"open","sticky":false,"template":"","format":"standard","meta":{"_jetpack_memberships_contains_paid_content":false,"footnotes":"","jetpack_publicize_message":"","jetpack_publicize_feature_enabled":true,"jetpack_social_post_already_shared":true,"jetpack_social_options":{"image_generator_settings":{"template":"highway","default_image_id":0,"font":"","enabled":false},"version":2}},"categories":[44,51],"tags":[],"class_list":{"0":"post-14258","1":"post","2":"type-post","3":"status-publish","4":"format-standard","5":"has-post-thumbnail","7":"category-policiales","8":"category-regionales"},"jetpack_publicize_connections":[],"jetpack_featured_media_url":"https:\/\/i0.wp.com\/larevistadigital.com.ar\/blog\/wp-content\/uploads\/1579438155619.jpeg?fit=790%2C444&ssl=1","jetpack_sharing_enabled":true,"jetpack_shortlink":"https:\/\/wp.me\/p8qtrQ-3HY","jetpack-related-posts":[{"id":18897,"url":"https:\/\/larevistadigital.com.ar\/blog\/increible-durante-la-manana-dos-autos-cayeron-por-la-misma-bajada-en-punta-mogotes\/","url_meta":{"origin":14258,"position":0},"title":"INCRE\u00cdBLE: DURANTE LA MA\u00d1ANA, DOS AUTOS CAYERON POR LA MISMA BAJADA EN PUNTA MOGOTES","author":"Alejandro Sosa Ruda","date":"17 febrero, 2021","format":false,"excerpt":"Ocurri\u00f3 este mi\u00e9rcoles en Avenida de los Trabajadores al 4600. Colocar\u00e1n un guardrail para evitar mayores accidentes. MAR DEL PLATA - El barrio de\u00a0Punta Mogotes\u00a0de Mar del Plata fue epicentro de un ins\u00f3lito episodio: en horas de la ma\u00f1ana de este mi\u00e9rcoles,\u00a0dos autos\u00a0protagonizaron dos siniestros viales distintos\u00a0en la misma bajada\u2026","rel":"","context":"En \u00abREGIONALES\u00bb","block_context":{"text":"REGIONALES","link":"https:\/\/larevistadigital.com.ar\/blog\/category\/regionales\/"},"img":{"alt_text":"","src":"https:\/\/i0.wp.com\/larevistadigital.com.ar\/blog\/wp-content\/uploads\/Captura-13.png?fit=999%2C561&ssl=1&resize=350%2C200","width":350,"height":200,"srcset":"https:\/\/i0.wp.com\/larevistadigital.com.ar\/blog\/wp-content\/uploads\/Captura-13.png?fit=999%2C561&ssl=1&resize=350%2C200 1x, https:\/\/i0.wp.com\/larevistadigital.com.ar\/blog\/wp-content\/uploads\/Captura-13.png?fit=999%2C561&ssl=1&resize=525%2C300 1.5x, https:\/\/i0.wp.com\/larevistadigital.com.ar\/blog\/wp-content\/uploads\/Captura-13.png?fit=999%2C561&ssl=1&resize=700%2C400 2x"},"classes":[]},{"id":22927,"url":"https:\/\/larevistadigital.com.ar\/blog\/mar-del-plata-choque-y-vuelco-en-colon-y-guemes\/","url_meta":{"origin":14258,"position":1},"title":"MAR DEL PLATA: CHOQUE Y VUELCO EN COL\u00d3N Y G\u00dcEMES","author":"Alejandro Sosa Ruda","date":"8 diciembre, 2021","format":false,"excerpt":"El siniestro vial se produjo durante las primeras horas de la ma\u00f1ana de este mi\u00e9rcoles. Un fuerte\u00a0choque y vuelco\u00a0se produjo durante las primeras horas de la ma\u00f1ana de este mi\u00e9rcoles en la zona de la avenida\u00a0Col\u00f3n a la altura de la calle G\u00fcemes:\u00a0el conductor de un auto perdi\u00f3 el control\u2026","rel":"","context":"En \u00abPOLICIALES\u00bb","block_context":{"text":"POLICIALES","link":"https:\/\/larevistadigital.com.ar\/blog\/category\/policiales\/"},"img":{"alt_text":"","src":"https:\/\/i0.wp.com\/larevistadigital.com.ar\/blog\/wp-content\/uploads\/choque-guemes-y-colon-dic-2021.jpg?fit=770%2C433&ssl=1&resize=350%2C200","width":350,"height":200,"srcset":"https:\/\/i0.wp.com\/larevistadigital.com.ar\/blog\/wp-content\/uploads\/choque-guemes-y-colon-dic-2021.jpg?fit=770%2C433&ssl=1&resize=350%2C200 1x, https:\/\/i0.wp.com\/larevistadigital.com.ar\/blog\/wp-content\/uploads\/choque-guemes-y-colon-dic-2021.jpg?fit=770%2C433&ssl=1&resize=525%2C300 1.5x, https:\/\/i0.wp.com\/larevistadigital.com.ar\/blog\/wp-content\/uploads\/choque-guemes-y-colon-dic-2021.jpg?fit=770%2C433&ssl=1&resize=700%2C400 2x"},"classes":[]},{"id":18863,"url":"https:\/\/larevistadigital.com.ar\/blog\/impresionante-vuelco-en-sierra-de-los-padres\/","url_meta":{"origin":14258,"position":2},"title":"IMPRESIONANTE VUELCO EN SIERRA DE LOS PADRES","author":"Alejandro Sosa Ruda","date":"15 febrero, 2021","format":false,"excerpt":"Ocurri\u00f3 esta ma\u00f1ana en Varetto y De la Reducci\u00f3n. Pese a la espectacularidad del siniestro no se registraron heridos de gravedad. MAR DEL PLATA - Un impactante siniestro \u00a0se registr\u00f3 alrededor de las 7 de la ma\u00f1ana cuando, por motivos que son materia de investigaci\u00f3n el conductor de un veh\u00edculo\u2026","rel":"","context":"En \u00abREGIONALES\u00bb","block_context":{"text":"REGIONALES","link":"https:\/\/larevistadigital.com.ar\/blog\/category\/regionales\/"},"img":{"alt_text":"","src":"https:\/\/i0.wp.com\/larevistadigital.com.ar\/blog\/wp-content\/uploads\/Captura-2-1.png?fit=997%2C550&ssl=1&resize=350%2C200","width":350,"height":200,"srcset":"https:\/\/i0.wp.com\/larevistadigital.com.ar\/blog\/wp-content\/uploads\/Captura-2-1.png?fit=997%2C550&ssl=1&resize=350%2C200 1x, https:\/\/i0.wp.com\/larevistadigital.com.ar\/blog\/wp-content\/uploads\/Captura-2-1.png?fit=997%2C550&ssl=1&resize=525%2C300 1.5x, https:\/\/i0.wp.com\/larevistadigital.com.ar\/blog\/wp-content\/uploads\/Captura-2-1.png?fit=997%2C550&ssl=1&resize=700%2C400 2x"},"classes":[]},{"id":25139,"url":"https:\/\/larevistadigital.com.ar\/blog\/vuelco-en-la-ruta-30\/","url_meta":{"origin":14258,"position":3},"title":"VUELCO EN LA RUTA 30","author":"Alejandro Sosa Ruda","date":"18 abril, 2022","format":false,"excerpt":"Los tres ocupantes de un veh\u00edculo marca Peugeot 208 resultaron ilesos luego de un vuelco. Seg\u00fan informaron fuentes policiales, el siniestro se registr\u00f3 poco antes de las 16 horas sobre la Ruta Provincial Nro. 30 en direcci\u00f3n Las Flores-Rauch y distante a 30 kil\u00f3metros de la planta urbana. El hecho\u2026","rel":"","context":"En \u00abPOLICIALES\u00bb","block_context":{"text":"POLICIALES","link":"https:\/\/larevistadigital.com.ar\/blog\/category\/policiales\/"},"img":{"alt_text":"","src":"https:\/\/i0.wp.com\/larevistadigital.com.ar\/blog\/wp-content\/uploads\/4c55035ec17bb79c2f7a5b09d73ed6bcf6a107f7-1.png?fit=1140%2C554&ssl=1&resize=350%2C200","width":350,"height":200,"srcset":"https:\/\/i0.wp.com\/larevistadigital.com.ar\/blog\/wp-content\/uploads\/4c55035ec17bb79c2f7a5b09d73ed6bcf6a107f7-1.png?fit=1140%2C554&ssl=1&resize=350%2C200 1x, https:\/\/i0.wp.com\/larevistadigital.com.ar\/blog\/wp-content\/uploads\/4c55035ec17bb79c2f7a5b09d73ed6bcf6a107f7-1.png?fit=1140%2C554&ssl=1&resize=525%2C300 1.5x, https:\/\/i0.wp.com\/larevistadigital.com.ar\/blog\/wp-content\/uploads\/4c55035ec17bb79c2f7a5b09d73ed6bcf6a107f7-1.png?fit=1140%2C554&ssl=1&resize=700%2C400 2x, https:\/\/i0.wp.com\/larevistadigital.com.ar\/blog\/wp-content\/uploads\/4c55035ec17bb79c2f7a5b09d73ed6bcf6a107f7-1.png?fit=1140%2C554&ssl=1&resize=1050%2C600 3x"},"classes":[]},{"id":18385,"url":"https:\/\/larevistadigital.com.ar\/blog\/mar-del-plata-triple-choque-y-vuelco-en-avenida-colon-hay-heridos\/","url_meta":{"origin":14258,"position":4},"title":"MAR DEL PLATA: TRIPLE CHOQUE Y VUELCO EN AVENIDA COLON. HAY HERIDOS","author":"Alejandro Sosa Ruda","date":"29 diciembre, 2020","format":false,"excerpt":"El accidente se produjo este lunes por la noche, cuando una camioneta tipo utilitario colision\u00f3 con otros dos rodados y se despist\u00f3. Se realiz\u00f3 un importante operativo y se detuvo el tr\u00e1nsito en el lugar. MAR DEL PLATA - Un accidente de gravedad se registr\u00f3 este lunes por la noche\u2026","rel":"","context":"En \u00abPOLICIALES\u00bb","block_context":{"text":"POLICIALES","link":"https:\/\/larevistadigital.com.ar\/blog\/category\/policiales\/"},"img":{"alt_text":"","src":"https:\/\/i0.wp.com\/larevistadigital.com.ar\/blog\/wp-content\/uploads\/Screenshot_2-124.jpg?fit=1012%2C567&ssl=1&resize=350%2C200","width":350,"height":200,"srcset":"https:\/\/i0.wp.com\/larevistadigital.com.ar\/blog\/wp-content\/uploads\/Screenshot_2-124.jpg?fit=1012%2C567&ssl=1&resize=350%2C200 1x, https:\/\/i0.wp.com\/larevistadigital.com.ar\/blog\/wp-content\/uploads\/Screenshot_2-124.jpg?fit=1012%2C567&ssl=1&resize=525%2C300 1.5x, https:\/\/i0.wp.com\/larevistadigital.com.ar\/blog\/wp-content\/uploads\/Screenshot_2-124.jpg?fit=1012%2C567&ssl=1&resize=700%2C400 2x"},"classes":[]},{"id":43265,"url":"https:\/\/larevistadigital.com.ar\/blog\/tres-jovenes-resultaron-heridos-tras-un-vuelco-en-la-ruta-2-a-la-altura-de-maipu\/","url_meta":{"origin":14258,"position":5},"title":"Tres j\u00f3venes resultaron heridos tras un vuelco en la Ruta 2 a la altura de Maip\u00fa","author":"Alejandro Sosa Ruda","date":"10 enero, 2026","format":false,"excerpt":"El siniestro ocurri\u00f3 en la ma\u00f1ana del s\u00e1bado, en el kil\u00f3metro 259, mano a Mar del Plata. Los ocupantes, oriundos de La Matanza, fueron trasladados de manera preventiva al hospital local. 10 de enero de 2026 Un siniestro vial se registr\u00f3 este s\u00e1bado por la ma\u00f1ana sobre la Ruta 2,\u2026","rel":"","context":"En \u00abPOLICIALES\u00bb","block_context":{"text":"POLICIALES","link":"https:\/\/larevistadigital.com.ar\/blog\/category\/policiales\/"},"img":{"alt_text":"","src":"https:\/\/i0.wp.com\/larevistadigital.com.ar\/blog\/wp-content\/uploads\/vuelco-2-1.jpg?fit=592%2C349&ssl=1&resize=350%2C200","width":350,"height":200,"srcset":"https:\/\/i0.wp.com\/larevistadigital.com.ar\/blog\/wp-content\/uploads\/vuelco-2-1.jpg?fit=592%2C349&ssl=1&resize=350%2C200 1x, https:\/\/i0.wp.com\/larevistadigital.com.ar\/blog\/wp-content\/uploads\/vuelco-2-1.jpg?fit=592%2C349&ssl=1&resize=525%2C300 1.5x"},"classes":[]}],"_links":{"self":[{"href":"https:\/\/larevistadigital.com.ar\/blog\/wp-json\/wp\/v2\/posts\/14258","targetHints":{"allow":["GET"]}}],"collection":[{"href":"https:\/\/larevistadigital.com.ar\/blog\/wp-json\/wp\/v2\/posts"}],"about":[{"href":"https:\/\/larevistadigital.com.ar\/blog\/wp-json\/wp\/v2\/types\/post"}],"author":[{"embeddable":true,"href":"https:\/\/larevistadigital.com.ar\/blog\/wp-json\/wp\/v2\/users\/3"}],"replies":[{"embeddable":true,"href":"https:\/\/larevistadigital.com.ar\/blog\/wp-json\/wp\/v2\/comments?post=14258"}],"version-history":[{"count":1,"href":"https:\/\/larevistadigital.com.ar\/blog\/wp-json\/wp\/v2\/posts\/14258\/revisions"}],"predecessor-version":[{"id":14261,"href":"https:\/\/larevistadigital.com.ar\/blog\/wp-json\/wp\/v2\/posts\/14258\/revisions\/14261"}],"wp:featuredmedia":[{"embeddable":true,"href":"https:\/\/larevistadigital.com.ar\/blog\/wp-json\/wp\/v2\/media\/14259"}],"wp:attachment":[{"href":"https:\/\/larevistadigital.com.ar\/blog\/wp-json\/wp\/v2\/media?parent=14258"}],"wp:term":[{"taxonomy":"category","embeddable":true,"href":"https:\/\/larevistadigital.com.ar\/blog\/wp-json\/wp\/v2\/categories?post=14258"},{"taxonomy":"post_tag","embeddable":true,"href":"https:\/\/larevistadigital.com.ar\/blog\/wp-json\/wp\/v2\/tags?post=14258"}],"curies":[{"name":"wp","href":"https:\/\/api.w.org\/{rel}","templated":true}]}}