{"id":14262,"date":"2020-01-19T13:33:55","date_gmt":"2020-01-19T13:33:55","guid":{"rendered":"https:\/\/larevistadigital.com.ar\/blog\/?p=14262"},"modified":"2020-01-19T13:33:55","modified_gmt":"2020-01-19T13:33:55","slug":"detienen-hombre-con-mas-de-100-kg-de-marihuana","status":"publish","type":"post","link":"https:\/\/larevistadigital.com.ar\/blog\/detienen-hombre-con-mas-de-100-kg-de-marihuana\/","title":{"rendered":"DETIENEN HOMBRE CON M\u00c1S DE 100 KG. DE MARIHUANA"},"content":{"rendered":"<h2><em>Sucedi\u00f3 este domingo en Santa Clara del Mar. Encontraron m\u00e1s de 50 plantas de dos metros de altura. El hombre qued\u00f3 alojado en la alcaid\u00eda penitenciaria de Bat\u00e1n.<\/em><\/h2>\n<p>El avance de una investigaci\u00f3n a cargo de la\u00a0<strong>Direcci\u00f3n Departamental de Drogas Il\u00edcitas<\/strong>\u00a0de Mar del Plata permiti\u00f3\u00a0<strong>detener a un hombre<\/strong>\u00a0en su domicilio en la localidad vecina de\u00a0<strong>Santa Clara del Mar<\/strong>\u00a0con m\u00e1s de\u00a0<strong>100 kilos de marihuana.<\/strong><\/p>\n<blockquote>\n<h3>Luego de un allanamiento que tuvo lugar este domingo en una vivienda de\u00a0<strong>Cardiff al 100<\/strong>, entre Vi\u00f1a del Mar y Avenida Acapulco,\u00a0personal policial irrumpi\u00f3 con una requisa en la que se secuestraron m\u00e1s de<strong>\u00a050 plantas marihuana de dos metros de altura<\/strong>\u00a0que sumaban\u00a0<strong>107 kilos de droga.<\/strong><\/h3>\n<\/blockquote>\n<p>A partir de distinto material f\u00edlmico y tareas de investigaci\u00f3n, personal policial, bajo las \u00f3rdenes del titular del Juzgado de Garant\u00edas N\u00ba 2,\u00a0<strong>Sa\u00fal Roberto Errandonea<\/strong>,\u00a0y con la intervenci\u00f3n de la\u00a0Unidad Funcional de Instrucci\u00f3n, Juicio y Ejecuci\u00f3n (Ufije) descentralizada de Mar Chiquita, constat\u00f3 que el sospechoso\u00a0<strong>comercializaba estupefacientes al menudeo.<\/strong><\/p>\n<p>En el marco de una Investigaci\u00f3n Penal Preparatoria (IPP), el hombre &#8211; cuyos datos filiatorios no trascendieron-\u00a0<strong>qued\u00f3 alojado en la Unidad Penal N\u00ba 44 de Bat\u00e1n.\u00a0<\/strong>En las pr\u00f3ximas horas prestar\u00e1 declaraci\u00f3n ante el fiscal.<\/p>\n","protected":false},"excerpt":{"rendered":"<div class=\"mh-excerpt\"><p>Sucedi\u00f3 este domingo en Santa Clara del Mar. Encontraron m\u00e1s de 50 plantas de dos metros de altura. El hombre qued\u00f3 alojado en la alcaid\u00eda penitenciaria de Bat\u00e1n. El avance de una investigaci\u00f3n a cargo <a class=\"mh-excerpt-more\" href=\"https:\/\/larevistadigital.com.ar\/blog\/detienen-hombre-con-mas-de-100-kg-de-marihuana\/\" title=\"DETIENEN HOMBRE CON M\u00c1S DE 100 KG. DE MARIHUANA\">[Leer M\u00e1s]<\/a><\/p>\n<\/div>","protected":false},"author":3,"featured_media":14263,"comment_status":"open","ping_status":"open","sticky":false,"template":"","format":"standard","meta":{"_jetpack_memberships_contains_paid_content":false,"footnotes":"","jetpack_publicize_message":"","jetpack_publicize_feature_enabled":true,"jetpack_social_post_already_shared":true,"jetpack_social_options":{"image_generator_settings":{"template":"highway","default_image_id":0,"font":"","enabled":false},"version":2}},"categories":[44,51],"tags":[],"class_list":{"0":"post-14262","1":"post","2":"type-post","3":"status-publish","4":"format-standard","5":"has-post-thumbnail","7":"category-policiales","8":"category-regionales"},"jetpack_publicize_connections":[],"jetpack_featured_media_url":"https:\/\/i0.wp.com\/larevistadigital.com.ar\/blog\/wp-content\/uploads\/1579455265885.jpeg?fit=790%2C444&ssl=1","jetpack_sharing_enabled":true,"jetpack_shortlink":"https:\/\/wp.me\/p8qtrQ-3I2","jetpack-related-posts":[{"id":18128,"url":"https:\/\/larevistadigital.com.ar\/blog\/ruta-2-interceptan-auto-que-llevaba-93-kg-de-marihuana\/","url_meta":{"origin":14262,"position":0},"title":"RUTA 2: INTERCEPTAN AUTO QUE LLEVABA 93 KG. DE MARIHUANA","author":"Alejandro Sosa Ruda","date":"14 diciembre, 2020","format":false,"excerpt":"Ocurri\u00f3 esta ma\u00f1ana a la altura del kil\u00f3metro 386, en la entrada a Mar del Plata. El conductor del veh\u00edculo, de 45 a\u00f1os, intent\u00f3 escapar y tras una intensa persecuci\u00f3n qued\u00f3 detenido. MAR DEL PLATA - Un auto que\u00a0transportaba 93 kilos de marihuana\u00a0fue interceptado este lunes por la ma\u00f1ana en\u2026","rel":"","context":"En \u00abPOLICIALES\u00bb","block_context":{"text":"POLICIALES","link":"https:\/\/larevistadigital.com.ar\/blog\/category\/policiales\/"},"img":{"alt_text":"","src":"https:\/\/i0.wp.com\/larevistadigital.com.ar\/blog\/wp-content\/uploads\/Screenshot_1-177.jpg?fit=1010%2C754&ssl=1&resize=350%2C200","width":350,"height":200,"srcset":"https:\/\/i0.wp.com\/larevistadigital.com.ar\/blog\/wp-content\/uploads\/Screenshot_1-177.jpg?fit=1010%2C754&ssl=1&resize=350%2C200 1x, https:\/\/i0.wp.com\/larevistadigital.com.ar\/blog\/wp-content\/uploads\/Screenshot_1-177.jpg?fit=1010%2C754&ssl=1&resize=525%2C300 1.5x, https:\/\/i0.wp.com\/larevistadigital.com.ar\/blog\/wp-content\/uploads\/Screenshot_1-177.jpg?fit=1010%2C754&ssl=1&resize=700%2C400 2x"},"classes":[]},{"id":39243,"url":"https:\/\/larevistadigital.com.ar\/blog\/galeria-de-fotos-y-detalles-del-importante-operativo-en-chascomus-donde-se-secuestro-mas-de-800-plantas-de-marihuana-y-se-detuvo-a-dos-individuos\/","url_meta":{"origin":14262,"position":1},"title":"Galer\u00eda de fotos, y detalles del importante operativo en Chascom\u00fas, donde se secuestr\u00f3 m\u00e1s de 800 plantas de marihuana y se detuvo a dos individuos","author":"Alejandro Sosa Ruda","date":"1 abril, 2025","format":false,"excerpt":"Un impresionante operativo que logr\u00f3 desmantelar una plantaci\u00f3n clandestina de marihuana y distintos elementos para su producci\u00f3n y venta. 01 de Abril de 2025 CHASCOM\u00daS -\u00a0 El 27 de marzo pasado en horas de la ma\u00f1ana, personal policial de la divisi\u00f3n Unidad Operativa Federal de Chascom\u00fas dependiente de polic\u00eda federal\u2026","rel":"","context":"En \u00abINTERES GENERAL\u00bb","block_context":{"text":"INTERES GENERAL","link":"https:\/\/larevistadigital.com.ar\/blog\/category\/interes-general\/"},"img":{"alt_text":"","src":"https:\/\/i0.wp.com\/larevistadigital.com.ar\/blog\/wp-content\/uploads\/WhatsApp-Image-2025-03-31-at-11.53.25-2.jpeg?fit=1200%2C675&ssl=1&resize=350%2C200","width":350,"height":200,"srcset":"https:\/\/i0.wp.com\/larevistadigital.com.ar\/blog\/wp-content\/uploads\/WhatsApp-Image-2025-03-31-at-11.53.25-2.jpeg?fit=1200%2C675&ssl=1&resize=350%2C200 1x, https:\/\/i0.wp.com\/larevistadigital.com.ar\/blog\/wp-content\/uploads\/WhatsApp-Image-2025-03-31-at-11.53.25-2.jpeg?fit=1200%2C675&ssl=1&resize=525%2C300 1.5x, https:\/\/i0.wp.com\/larevistadigital.com.ar\/blog\/wp-content\/uploads\/WhatsApp-Image-2025-03-31-at-11.53.25-2.jpeg?fit=1200%2C675&ssl=1&resize=700%2C400 2x, https:\/\/i0.wp.com\/larevistadigital.com.ar\/blog\/wp-content\/uploads\/WhatsApp-Image-2025-03-31-at-11.53.25-2.jpeg?fit=1200%2C675&ssl=1&resize=1050%2C600 3x"},"classes":[]},{"id":22977,"url":"https:\/\/larevistadigital.com.ar\/blog\/mas-de-cien-kilos-de-marihuana-incautados-en-un-procedimiento-en-la-ruta-2\/","url_meta":{"origin":14262,"position":2},"title":"MAS DE CIEN KILOS DE MARIHUANA INCAUTADOS EN UN PROCEDIMIENTO EN LA RUTA 2","author":"Alejandro Sosa Ruda","date":"22 diciembre, 2021","format":false,"excerpt":"CORONEL VIDAL -\u00a0 Un importante procedimiento se realiz\u00f3 el pasado 18712 en la Ruta 2, a la altura de la localidad de Coronel Vidal. Los efectivos interceptaron a una camioneta EcoSport que circulaba en direcci\u00f3n a Mar de Plata. En un primer momento, el personal policial advirti\u00f3 la falta de\u2026","rel":"","context":"En \u00abPOLICIALES\u00bb","block_context":{"text":"POLICIALES","link":"https:\/\/larevistadigital.com.ar\/blog\/category\/policiales\/"},"img":{"alt_text":"","src":"https:\/\/i0.wp.com\/larevistadigital.com.ar\/blog\/wp-content\/uploads\/0ec1f8ce0ee7b7d0f34cd1c2d0530615f538e5e7.jpg?fit=1140%2C641&ssl=1&resize=350%2C200","width":350,"height":200,"srcset":"https:\/\/i0.wp.com\/larevistadigital.com.ar\/blog\/wp-content\/uploads\/0ec1f8ce0ee7b7d0f34cd1c2d0530615f538e5e7.jpg?fit=1140%2C641&ssl=1&resize=350%2C200 1x, https:\/\/i0.wp.com\/larevistadigital.com.ar\/blog\/wp-content\/uploads\/0ec1f8ce0ee7b7d0f34cd1c2d0530615f538e5e7.jpg?fit=1140%2C641&ssl=1&resize=525%2C300 1.5x, https:\/\/i0.wp.com\/larevistadigital.com.ar\/blog\/wp-content\/uploads\/0ec1f8ce0ee7b7d0f34cd1c2d0530615f538e5e7.jpg?fit=1140%2C641&ssl=1&resize=700%2C400 2x, https:\/\/i0.wp.com\/larevistadigital.com.ar\/blog\/wp-content\/uploads\/0ec1f8ce0ee7b7d0f34cd1c2d0530615f538e5e7.jpg?fit=1140%2C641&ssl=1&resize=1050%2C600 3x"},"classes":[]},{"id":34867,"url":"https:\/\/larevistadigital.com.ar\/blog\/santa-clara-del-mar-cae-un-auto-en-una-playa-con-tres-ocupantes-que-resultaron-heridos\/","url_meta":{"origin":14262,"position":3},"title":"SANTA CLARA DEL MAR: CAE UN AUTO EN UNA PLAYA CON TRES OCUPANTES QUE RESULTARON HERIDOS","author":"Alejandro Sosa Ruda","date":"18 diciembre, 2023","format":false,"excerpt":"Ocurri\u00f3 este domingo pasadas las 5 de la ma\u00f1ana en la costanera de Santa Clara del Mar, partido de Mar Chiquita. 18 de diciembre de 2023 SANTA CLARA DEL MAR -\u00a0\u00a0Las autoridades informaron que pasadas las 5 de la ma\u00f1ana de este domingo, en la avenida Costanera de Santa Clara,\u2026","rel":"","context":"En \u00abREGIONALES\u00bb","block_context":{"text":"REGIONALES","link":"https:\/\/larevistadigital.com.ar\/blog\/category\/regionales\/"},"img":{"alt_text":"","src":"https:\/\/i0.wp.com\/larevistadigital.com.ar\/blog\/wp-content\/uploads\/20231218090529_auto-caido-playa-santa-clara.jpg?fit=880%2C512&ssl=1&resize=350%2C200","width":350,"height":200,"srcset":"https:\/\/i0.wp.com\/larevistadigital.com.ar\/blog\/wp-content\/uploads\/20231218090529_auto-caido-playa-santa-clara.jpg?fit=880%2C512&ssl=1&resize=350%2C200 1x, https:\/\/i0.wp.com\/larevistadigital.com.ar\/blog\/wp-content\/uploads\/20231218090529_auto-caido-playa-santa-clara.jpg?fit=880%2C512&ssl=1&resize=525%2C300 1.5x, https:\/\/i0.wp.com\/larevistadigital.com.ar\/blog\/wp-content\/uploads\/20231218090529_auto-caido-playa-santa-clara.jpg?fit=880%2C512&ssl=1&resize=700%2C400 2x"},"classes":[]},{"id":19727,"url":"https:\/\/larevistadigital.com.ar\/blog\/coloco-alambre-electrificado-para-proteger-sus-plantas-de-marihuana-murio-electrocutado\/","url_meta":{"origin":14262,"position":4},"title":"COLOC\u00d3 ALAMBRE ELECTRIFICADO PARA PROTEGER SUS PLANTAS DE MARIHUANA. MURI\u00d3 ELECTROCUTADO","author":"Alejandro Sosa Ruda","date":"19 abril, 2021","format":false,"excerpt":"El hecho ocurri\u00f3 en una vivienda del barrio General San Mart\u00edn. Dos amigos de la v\u00edctima lo cargaron en una camioneta para llevarlo a un centro asistencial, pero no pudieron salvarlo. MAR DEL PLATA - Un tr\u00e1gico episodio se produjo el domingo por la noche en una vivienda del\u00a0barrio General\u2026","rel":"","context":"En \u00abPOLICIALES\u00bb","block_context":{"text":"POLICIALES","link":"https:\/\/larevistadigital.com.ar\/blog\/category\/policiales\/"},"img":{"alt_text":"","src":"https:\/\/i0.wp.com\/larevistadigital.com.ar\/blog\/wp-content\/uploads\/PLANTAS-SECUESTRADAS.png?fit=1000%2C565&ssl=1&resize=350%2C200","width":350,"height":200,"srcset":"https:\/\/i0.wp.com\/larevistadigital.com.ar\/blog\/wp-content\/uploads\/PLANTAS-SECUESTRADAS.png?fit=1000%2C565&ssl=1&resize=350%2C200 1x, https:\/\/i0.wp.com\/larevistadigital.com.ar\/blog\/wp-content\/uploads\/PLANTAS-SECUESTRADAS.png?fit=1000%2C565&ssl=1&resize=525%2C300 1.5x, https:\/\/i0.wp.com\/larevistadigital.com.ar\/blog\/wp-content\/uploads\/PLANTAS-SECUESTRADAS.png?fit=1000%2C565&ssl=1&resize=700%2C400 2x"},"classes":[]},{"id":10558,"url":"https:\/\/larevistadigital.com.ar\/blog\/detienen-a-10-narcos-en-mar-del-plata-con-mas-de-9000-dosis-de-marihuana-y-cocaina\/","url_meta":{"origin":14262,"position":5},"title":"DETIENEN A 10 NARCOS EN MAR DEL PLATA CON M\u00c1S DE 9000 DOSIS DE MARIHUANA Y COCA\u00cdNA","author":"Alejandro Sosa Ruda","date":"11 junio, 2019","format":false,"excerpt":"Fue en el marco de un amplio operativo que encabez\u00f3 la Polic\u00eda Federal, y que incluy\u00f3 15 allanamientos simult\u00e1neos en distintas viviendas de la ciudad. Diez narcos detenidos\u00a0y m\u00e1s de 9 mil dosis de marihuana y coca\u00edna incautadas fue el saldo que dej\u00f3 un amplio operativo que llev\u00f3 adelante en\u2026","rel":"","context":"En \u00abPOLICIALES\u00bb","block_context":{"text":"POLICIALES","link":"https:\/\/larevistadigital.com.ar\/blog\/category\/policiales\/"},"img":{"alt_text":"","src":"https:\/\/i0.wp.com\/larevistadigital.com.ar\/blog\/wp-content\/uploads\/1560288286567.jpeg?fit=944%2C576&ssl=1&resize=350%2C200","width":350,"height":200,"srcset":"https:\/\/i0.wp.com\/larevistadigital.com.ar\/blog\/wp-content\/uploads\/1560288286567.jpeg?fit=944%2C576&ssl=1&resize=350%2C200 1x, https:\/\/i0.wp.com\/larevistadigital.com.ar\/blog\/wp-content\/uploads\/1560288286567.jpeg?fit=944%2C576&ssl=1&resize=525%2C300 1.5x, https:\/\/i0.wp.com\/larevistadigital.com.ar\/blog\/wp-content\/uploads\/1560288286567.jpeg?fit=944%2C576&ssl=1&resize=700%2C400 2x"},"classes":[]}],"_links":{"self":[{"href":"https:\/\/larevistadigital.com.ar\/blog\/wp-json\/wp\/v2\/posts\/14262","targetHints":{"allow":["GET"]}}],"collection":[{"href":"https:\/\/larevistadigital.com.ar\/blog\/wp-json\/wp\/v2\/posts"}],"about":[{"href":"https:\/\/larevistadigital.com.ar\/blog\/wp-json\/wp\/v2\/types\/post"}],"author":[{"embeddable":true,"href":"https:\/\/larevistadigital.com.ar\/blog\/wp-json\/wp\/v2\/users\/3"}],"replies":[{"embeddable":true,"href":"https:\/\/larevistadigital.com.ar\/blog\/wp-json\/wp\/v2\/comments?post=14262"}],"version-history":[{"count":1,"href":"https:\/\/larevistadigital.com.ar\/blog\/wp-json\/wp\/v2\/posts\/14262\/revisions"}],"predecessor-version":[{"id":14264,"href":"https:\/\/larevistadigital.com.ar\/blog\/wp-json\/wp\/v2\/posts\/14262\/revisions\/14264"}],"wp:featuredmedia":[{"embeddable":true,"href":"https:\/\/larevistadigital.com.ar\/blog\/wp-json\/wp\/v2\/media\/14263"}],"wp:attachment":[{"href":"https:\/\/larevistadigital.com.ar\/blog\/wp-json\/wp\/v2\/media?parent=14262"}],"wp:term":[{"taxonomy":"category","embeddable":true,"href":"https:\/\/larevistadigital.com.ar\/blog\/wp-json\/wp\/v2\/categories?post=14262"},{"taxonomy":"post_tag","embeddable":true,"href":"https:\/\/larevistadigital.com.ar\/blog\/wp-json\/wp\/v2\/tags?post=14262"}],"curies":[{"name":"wp","href":"https:\/\/api.w.org\/{rel}","templated":true}]}}