{"id":14265,"date":"2020-01-19T13:43:52","date_gmt":"2020-01-19T13:43:52","guid":{"rendered":"https:\/\/larevistadigital.com.ar\/blog\/?p=14265"},"modified":"2020-01-19T13:43:52","modified_gmt":"2020-01-19T13:43:52","slug":"fuerte-accidente-en-la-ruta-11-hay-cuatro-heridos","status":"publish","type":"post","link":"https:\/\/larevistadigital.com.ar\/blog\/fuerte-accidente-en-la-ruta-11-hay-cuatro-heridos\/","title":{"rendered":"FUERTE ACCIDENTE EN LA RUTA 11, HAY CUATRO HERIDOS"},"content":{"rendered":"<h2><em>El choque se produjo esta madrugada en General Lavalle<\/em><\/h2>\n<p>Tres veh\u00edculos fueron protagonistas de un fuerte accidente en el kil\u00f3metro 286 de la Ruta 11 en jurisdicci\u00f3n de General Lavalle.<\/p>\n<blockquote>\n<h3>Por cuestiones que se tratan de establecer chocaron un Audi, que se dirig\u00eda hacia la Costa Atl\u00e1ntica con un Peugeot y una camioneta Ranger que circulaban en direcci\u00f3n a Capital Federal.<\/h3>\n<\/blockquote>\n<p>Producto del impacto cuatro personas resultaron heridas. Trabajaron en el lugar personal de polic\u00eda vial y Bomberos voluntarios de General Lavalle, SAME y AUBASA<\/p>\n","protected":false},"excerpt":{"rendered":"<div class=\"mh-excerpt\"><p>El choque se produjo esta madrugada en General Lavalle Tres veh\u00edculos fueron protagonistas de un fuerte accidente en el kil\u00f3metro 286 de la Ruta 11 en jurisdicci\u00f3n de General Lavalle. Por cuestiones que se tratan <a class=\"mh-excerpt-more\" href=\"https:\/\/larevistadigital.com.ar\/blog\/fuerte-accidente-en-la-ruta-11-hay-cuatro-heridos\/\" title=\"FUERTE ACCIDENTE EN LA RUTA 11, HAY CUATRO HERIDOS\">[Leer M\u00e1s]<\/a><\/p>\n<\/div>","protected":false},"author":3,"featured_media":14266,"comment_status":"open","ping_status":"open","sticky":false,"template":"","format":"standard","meta":{"_jetpack_memberships_contains_paid_content":false,"footnotes":"","jetpack_publicize_message":"","jetpack_publicize_feature_enabled":true,"jetpack_social_post_already_shared":true,"jetpack_social_options":{"image_generator_settings":{"template":"highway","default_image_id":0,"font":"","enabled":false},"version":2}},"categories":[51],"tags":[],"class_list":{"0":"post-14265","1":"post","2":"type-post","3":"status-publish","4":"format-standard","5":"has-post-thumbnail","7":"category-regionales"},"jetpack_publicize_connections":[],"jetpack_featured_media_url":"https:\/\/i0.wp.com\/larevistadigital.com.ar\/blog\/wp-content\/uploads\/6cd5ac345b13a46b367ca1bbe42871306efc1410.jpg?fit=675%2C900&ssl=1","jetpack_sharing_enabled":true,"jetpack_shortlink":"https:\/\/wp.me\/p8qtrQ-3I5","jetpack-related-posts":[{"id":18589,"url":"https:\/\/larevistadigital.com.ar\/blog\/vuelco-en-la-ruta-11-con-saldo-de-3-heridos\/","url_meta":{"origin":14265,"position":0},"title":"VUELCO EN LA RUTA 11 CON SALDO DE 3 HERIDOS","author":"Alejandro Sosa Ruda","date":"12 enero, 2021","format":false,"excerpt":"El accidente se produjo a la altura de General Lavalle. Los ocupantes del veh\u00edculo fueron trasladados al hospital de San Clemente. GENERAL LAVALLE - Un impactante vuelco tuvo lugar a la altura del kil\u00f3metro 304 de la Ruta N\u00b0 11, en inmediaciones de General Lavalle. El accidente se produjo cuando,\u2026","rel":"","context":"En \u00abPOLICIALES\u00bb","block_context":{"text":"POLICIALES","link":"https:\/\/larevistadigital.com.ar\/blog\/category\/policiales\/"},"img":{"alt_text":"","src":"https:\/\/i0.wp.com\/larevistadigital.com.ar\/blog\/wp-content\/uploads\/6709646fa076b0d1d90ba6e8c91f662f0322919e.jpg?fit=1140%2C641&ssl=1&resize=350%2C200","width":350,"height":200,"srcset":"https:\/\/i0.wp.com\/larevistadigital.com.ar\/blog\/wp-content\/uploads\/6709646fa076b0d1d90ba6e8c91f662f0322919e.jpg?fit=1140%2C641&ssl=1&resize=350%2C200 1x, https:\/\/i0.wp.com\/larevistadigital.com.ar\/blog\/wp-content\/uploads\/6709646fa076b0d1d90ba6e8c91f662f0322919e.jpg?fit=1140%2C641&ssl=1&resize=525%2C300 1.5x, https:\/\/i0.wp.com\/larevistadigital.com.ar\/blog\/wp-content\/uploads\/6709646fa076b0d1d90ba6e8c91f662f0322919e.jpg?fit=1140%2C641&ssl=1&resize=700%2C400 2x, https:\/\/i0.wp.com\/larevistadigital.com.ar\/blog\/wp-content\/uploads\/6709646fa076b0d1d90ba6e8c91f662f0322919e.jpg?fit=1140%2C641&ssl=1&resize=1050%2C600 3x"},"classes":[]},{"id":38492,"url":"https:\/\/larevistadigital.com.ar\/blog\/ruta-11-vandalizan-radares-ubicados-del-lado-de-general-lavalle\/","url_meta":{"origin":14265,"position":1},"title":"Ruta 11: Vandalizan radares ubicados del lado de General Lavalle","author":"Alejandro Sosa Ruda","date":"20 enero, 2025","format":false,"excerpt":"Se trata de dos radares colocados por la Municipalidad de General Lavalle y hab\u00edan sido objeto de cr\u00edticas. 20 de Enero de 2025 GENERAL LAVALLE-\u00a0 Seg\u00fan menciona el portal \"Entrel\u00edneas\", n la madrugada de este domingo, los radares de velocidad instalados sobre la Ruta 11, en jurisdicci\u00f3n de General Lavalle,\u2026","rel":"","context":"En \u00abPOLICIALES\u00bb","block_context":{"text":"POLICIALES","link":"https:\/\/larevistadigital.com.ar\/blog\/category\/policiales\/"},"img":{"alt_text":"","src":"https:\/\/i0.wp.com\/larevistadigital.com.ar\/blog\/wp-content\/uploads\/4e65ac60e1173835117836afacf896f1b310d46a.jpg?fit=1140%2C642&ssl=1&resize=350%2C200","width":350,"height":200,"srcset":"https:\/\/i0.wp.com\/larevistadigital.com.ar\/blog\/wp-content\/uploads\/4e65ac60e1173835117836afacf896f1b310d46a.jpg?fit=1140%2C642&ssl=1&resize=350%2C200 1x, https:\/\/i0.wp.com\/larevistadigital.com.ar\/blog\/wp-content\/uploads\/4e65ac60e1173835117836afacf896f1b310d46a.jpg?fit=1140%2C642&ssl=1&resize=525%2C300 1.5x, https:\/\/i0.wp.com\/larevistadigital.com.ar\/blog\/wp-content\/uploads\/4e65ac60e1173835117836afacf896f1b310d46a.jpg?fit=1140%2C642&ssl=1&resize=700%2C400 2x, https:\/\/i0.wp.com\/larevistadigital.com.ar\/blog\/wp-content\/uploads\/4e65ac60e1173835117836afacf896f1b310d46a.jpg?fit=1140%2C642&ssl=1&resize=1050%2C600 3x"},"classes":[]},{"id":29253,"url":"https:\/\/larevistadigital.com.ar\/blog\/ruta-11-choque-fatal-con-un-muerto-y-tres-heridos\/","url_meta":{"origin":14265,"position":2},"title":"RUTA 11: CHOQUE FATAL CON UN MUERTO Y TRES HERIDOS.","author":"Alejandro Sosa Ruda","date":"5 diciembre, 2022","format":false,"excerpt":"La v\u00edctima es un joven de General Lavalle. 5 de diciembre de 2022 Se produjo un fuerte choque entre un autom\u00f3vil y un cami\u00f3n en Ruta 11, a la altura de la localidad de Costa Esmeralda. Por el fuerte impacto, un joven de 24 a\u00f1os, oriundo de General Lavalle, perdi\u00f3\u2026","rel":"","context":"En \u00abPOLICIALES\u00bb","block_context":{"text":"POLICIALES","link":"https:\/\/larevistadigital.com.ar\/blog\/category\/policiales\/"},"img":{"alt_text":"","src":"https:\/\/i0.wp.com\/larevistadigital.com.ar\/blog\/wp-content\/uploads\/905ac52d947e87fcb4427ff3bfd077f0dc8bd1fd.jpg?fit=1140%2C840&ssl=1&resize=350%2C200","width":350,"height":200,"srcset":"https:\/\/i0.wp.com\/larevistadigital.com.ar\/blog\/wp-content\/uploads\/905ac52d947e87fcb4427ff3bfd077f0dc8bd1fd.jpg?fit=1140%2C840&ssl=1&resize=350%2C200 1x, https:\/\/i0.wp.com\/larevistadigital.com.ar\/blog\/wp-content\/uploads\/905ac52d947e87fcb4427ff3bfd077f0dc8bd1fd.jpg?fit=1140%2C840&ssl=1&resize=525%2C300 1.5x, https:\/\/i0.wp.com\/larevistadigital.com.ar\/blog\/wp-content\/uploads\/905ac52d947e87fcb4427ff3bfd077f0dc8bd1fd.jpg?fit=1140%2C840&ssl=1&resize=700%2C400 2x, https:\/\/i0.wp.com\/larevistadigital.com.ar\/blog\/wp-content\/uploads\/905ac52d947e87fcb4427ff3bfd077f0dc8bd1fd.jpg?fit=1140%2C840&ssl=1&resize=1050%2C600 3x"},"classes":[]},{"id":13892,"url":"https:\/\/larevistadigital.com.ar\/blog\/choque-en-la-ruta-11-un-herido-con-heridas-de-consideracion\/","url_meta":{"origin":14265,"position":3},"title":"CHOQUE EN LA RUTA 11. UN HERIDO CON HERIDAS DE CONSIDERACI\u00d3N","author":"Alejandro Sosa Ruda","date":"29 diciembre, 2019","format":false,"excerpt":"Otro choque en cadena se produjo durante la tarde de ayer, en este caso fue en el kil\u00f3metro 288 de la Ruta 11, en jurisdicci\u00f3n de General Lavalle. Fueron cuatro los veh\u00edculos involucrados y once las personas que debieron ser atendidas en el lugar, de las cuales una fue trasladada\u2026","rel":"","context":"En \u00abREGIONALES\u00bb","block_context":{"text":"REGIONALES","link":"https:\/\/larevistadigital.com.ar\/blog\/category\/regionales\/"},"img":{"alt_text":"","src":"https:\/\/i0.wp.com\/larevistadigital.com.ar\/blog\/wp-content\/uploads\/e4266c8485676aa195db623388a9406742cec28b.jpg?fit=1140%2C855&ssl=1&resize=350%2C200","width":350,"height":200,"srcset":"https:\/\/i0.wp.com\/larevistadigital.com.ar\/blog\/wp-content\/uploads\/e4266c8485676aa195db623388a9406742cec28b.jpg?fit=1140%2C855&ssl=1&resize=350%2C200 1x, https:\/\/i0.wp.com\/larevistadigital.com.ar\/blog\/wp-content\/uploads\/e4266c8485676aa195db623388a9406742cec28b.jpg?fit=1140%2C855&ssl=1&resize=525%2C300 1.5x, https:\/\/i0.wp.com\/larevistadigital.com.ar\/blog\/wp-content\/uploads\/e4266c8485676aa195db623388a9406742cec28b.jpg?fit=1140%2C855&ssl=1&resize=700%2C400 2x, https:\/\/i0.wp.com\/larevistadigital.com.ar\/blog\/wp-content\/uploads\/e4266c8485676aa195db623388a9406742cec28b.jpg?fit=1140%2C855&ssl=1&resize=1050%2C600 3x"},"classes":[]},{"id":9556,"url":"https:\/\/larevistadigital.com.ar\/blog\/un-policia-y-su-acompanante-heridos-en-accidente-en-la-ruta-63\/","url_meta":{"origin":14265,"position":4},"title":"UN POLIC\u00cdA Y SU ACOMPA\u00d1ANTE HERIDOS EN ACCIDENTE EN LA RUTA 63","author":"Alejandro Sosa Ruda","date":"4 abril, 2019","format":false,"excerpt":"Un oficial de polic\u00eda perteneciente al GAD, sufri\u00f3 un accidente cuando se dirig\u00eda a trabajar en Dolores. El hecho ocurri\u00f3 a las 6 de la ma\u00f1ana entre un cami\u00f3n Ford Cargo y un Citroen Berlingo. La camioneta con dos ocupantes nativos de Dolores, ocupada por un oficial de polic\u00eda, y\u2026","rel":"","context":"En \u00abDOLORES\u00bb","block_context":{"text":"DOLORES","link":"https:\/\/larevistadigital.com.ar\/blog\/category\/dolores\/"},"img":{"alt_text":"","src":"https:\/\/i0.wp.com\/larevistadigital.com.ar\/blog\/wp-content\/uploads\/2019\/04\/Screenshot_2-4.jpg?fit=864%2C644&ssl=1&resize=350%2C200","width":350,"height":200,"srcset":"https:\/\/i0.wp.com\/larevistadigital.com.ar\/blog\/wp-content\/uploads\/2019\/04\/Screenshot_2-4.jpg?fit=864%2C644&ssl=1&resize=350%2C200 1x, https:\/\/i0.wp.com\/larevistadigital.com.ar\/blog\/wp-content\/uploads\/2019\/04\/Screenshot_2-4.jpg?fit=864%2C644&ssl=1&resize=525%2C300 1.5x, https:\/\/i0.wp.com\/larevistadigital.com.ar\/blog\/wp-content\/uploads\/2019\/04\/Screenshot_2-4.jpg?fit=864%2C644&ssl=1&resize=700%2C400 2x"},"classes":[]},{"id":37831,"url":"https:\/\/larevistadigital.com.ar\/blog\/micro-de-larga-distancia-se-incendio-en-la-ruta\/","url_meta":{"origin":14265,"position":5},"title":"Micro de larga distancia se incendi\u00f3 en la Ruta","author":"Alejandro Sosa Ruda","date":"12 noviembre, 2024","format":false,"excerpt":"Un \u00f3mnibus de larga distancia, de la empresa V\u00eda TAC, que desde la terminal de Villa Gesell circulaba hacia la Ciudad de Buenos Aires, sufri\u00f3 un incendio a la altura del kil\u00f3metro 292 de la Ruta Provincial 11, en jurisdicci\u00f3n del distrito de General Lavalle. 12 De Noviembre de 2024\u2026","rel":"","context":"En \u00abPOLICIALES\u00bb","block_context":{"text":"POLICIALES","link":"https:\/\/larevistadigital.com.ar\/blog\/category\/policiales\/"},"img":{"alt_text":"","src":"https:\/\/i0.wp.com\/larevistadigital.com.ar\/blog\/wp-content\/uploads\/20241112162123_micro-incendiado-ruta-11.jpg?fit=880%2C512&ssl=1&resize=350%2C200","width":350,"height":200,"srcset":"https:\/\/i0.wp.com\/larevistadigital.com.ar\/blog\/wp-content\/uploads\/20241112162123_micro-incendiado-ruta-11.jpg?fit=880%2C512&ssl=1&resize=350%2C200 1x, https:\/\/i0.wp.com\/larevistadigital.com.ar\/blog\/wp-content\/uploads\/20241112162123_micro-incendiado-ruta-11.jpg?fit=880%2C512&ssl=1&resize=525%2C300 1.5x, https:\/\/i0.wp.com\/larevistadigital.com.ar\/blog\/wp-content\/uploads\/20241112162123_micro-incendiado-ruta-11.jpg?fit=880%2C512&ssl=1&resize=700%2C400 2x"},"classes":[]}],"_links":{"self":[{"href":"https:\/\/larevistadigital.com.ar\/blog\/wp-json\/wp\/v2\/posts\/14265","targetHints":{"allow":["GET"]}}],"collection":[{"href":"https:\/\/larevistadigital.com.ar\/blog\/wp-json\/wp\/v2\/posts"}],"about":[{"href":"https:\/\/larevistadigital.com.ar\/blog\/wp-json\/wp\/v2\/types\/post"}],"author":[{"embeddable":true,"href":"https:\/\/larevistadigital.com.ar\/blog\/wp-json\/wp\/v2\/users\/3"}],"replies":[{"embeddable":true,"href":"https:\/\/larevistadigital.com.ar\/blog\/wp-json\/wp\/v2\/comments?post=14265"}],"version-history":[{"count":1,"href":"https:\/\/larevistadigital.com.ar\/blog\/wp-json\/wp\/v2\/posts\/14265\/revisions"}],"predecessor-version":[{"id":14267,"href":"https:\/\/larevistadigital.com.ar\/blog\/wp-json\/wp\/v2\/posts\/14265\/revisions\/14267"}],"wp:featuredmedia":[{"embeddable":true,"href":"https:\/\/larevistadigital.com.ar\/blog\/wp-json\/wp\/v2\/media\/14266"}],"wp:attachment":[{"href":"https:\/\/larevistadigital.com.ar\/blog\/wp-json\/wp\/v2\/media?parent=14265"}],"wp:term":[{"taxonomy":"category","embeddable":true,"href":"https:\/\/larevistadigital.com.ar\/blog\/wp-json\/wp\/v2\/categories?post=14265"},{"taxonomy":"post_tag","embeddable":true,"href":"https:\/\/larevistadigital.com.ar\/blog\/wp-json\/wp\/v2\/tags?post=14265"}],"curies":[{"name":"wp","href":"https:\/\/api.w.org\/{rel}","templated":true}]}}