{"id":14273,"date":"2020-01-22T08:07:01","date_gmt":"2020-01-22T08:07:01","guid":{"rendered":"https:\/\/larevistadigital.com.ar\/blog\/?p=14273"},"modified":"2020-01-22T08:07:01","modified_gmt":"2020-01-22T08:07:01","slug":"vecino-viene-reclamando-por-su-barrio-desde-2012-y-hoy-sigue-sin-obtener-respuestas","status":"publish","type":"post","link":"https:\/\/larevistadigital.com.ar\/blog\/vecino-viene-reclamando-por-su-barrio-desde-2012-y-hoy-sigue-sin-obtener-respuestas\/","title":{"rendered":"VECINO VIENE RECLAMANDO POR SU BARRIO DESDE 2012, Y HOY, SIGUE SIN OBTENER RESPUESTAS"},"content":{"rendered":"<p>Se trata del se\u00f1or <strong>Mario Sabatella<\/strong>, quien a modo de comentario, en la nota que publicamos d\u00edas atr\u00e1s donde una vecina del Barrio Aliba planteaba su cansancio ante la inacci\u00f3n de las autoridades luego de los innumerables reclamos que hizo por todos los medios posibles, publicando\u00a0un \u00abpoema\u00bb de su autor\u00eda, que escribi\u00f3 en el a\u00f1o 2012, reflejando que luego de 8 a\u00f1os, y con un nuevo gobierno municipal, tampoco ha obtenido respuestas.<\/p>\n<p>En el poema, el se\u00f1or <strong>Sabatella<\/strong> habla del Barrio Escribano. Un Barrio del que hemos escrito muchas veces, desde que apareci\u00f3 La Revista Digital. Un barrio que tambi\u00e9n ha permanecido olvidado y en el que muchas veces, transitar sus calles es directamente terminar con el auto en el taller para reparar el tren delantero.<\/p>\n<blockquote>\n<h3>Orzali, una de sus arterias principales, ha estado hist\u00f3ricamente descuidada. No solo por los pozos que la hacen a veces intransitable, sino que adem\u00e1s por el estado de abandono que suele verse en las zanjas.\u00a0Otra de las cosas que en m\u00e1s de una oportunidad provocaba reclamos, es que ante las lluvias, se inundaba el barrio, llegando un vecino en una oportunidad a literalmente \u00abperder su autom\u00f3vil\u00bb por el agua acumulada que casi lo tap\u00f3 en su totalidad.<\/h3>\n<\/blockquote>\n<p>En el a\u00f1o 2012, seguramente cansado por no obtener respuestas, el se\u00f1or <strong>Sabatella<\/strong>, demostr\u00f3 ingenio y creatividad, escribiendo un poema que narra las problem\u00e1ticas del barrio. Pero evidentemente las autoridades no repararon en ello, y la cosa, con el pasar de los a\u00f1os y los gobiernos, siguen igual.<\/p>\n<blockquote>\n<h3>Hoy, felicitamos al vecino por su buen humor, pese a la lamentable situaci\u00f3n que vive \u00e9l, y sus vecinos, que a lo largo de los a\u00f1os, pagan impuestos y ni siquiera tienen el derecho de ingresar y egresar de manera digna de su domicilio. Ojal\u00e1 esto se revierta pronto, y las autoridades gobernantes, (y las de oposici\u00f3n) recuerden que en dos a\u00f1os, tendr\u00e1n que volver por ah\u00ed, con sus promesas vac\u00edas, y todas las soluciones que parecen olvidar al otro d\u00eda de pasadas las elecciones.<\/h3>\n<\/blockquote>\n<p><strong>EL POEMA:<\/strong><\/p>\n<p><em><strong>Querido Barrio Escribano<\/strong><\/em><br \/>\n<em><strong>Hoy no te veo contento,<\/strong><\/em><br \/>\n<em><strong>C\u00f3mo tan cerca del Centro<\/strong><\/em><br \/>\n<em><strong>Viv\u00eds haciendo reclamos??<\/strong><\/em><\/p>\n<p><em><strong>Y tan cerca de la Laguna \u00a1!!<\/strong><\/em><br \/>\n<em><strong>Es tener poca fortuna,<\/strong><\/em><br \/>\n<em><strong>Permanecer olvidado<\/strong><\/em><br \/>\n<em><strong>Querido Barrio Escribano.<\/strong><\/em><\/p>\n<p><em><strong>Para aquellas elecciones<\/strong><\/em><br \/>\n<em><strong>Te prometieron asfalto,<\/strong><\/em><br \/>\n<em><strong>Mas vale no te ilusiones<\/strong><\/em><br \/>\n<em><strong>Se lo gastaron en \u201cActos\u201d<\/strong><\/em><\/p>\n<p><em><strong>Pero todos tus vecinos<\/strong><\/em><br \/>\n<em><strong>(Que \u201cgambeteamos los baches\u201d),<\/strong><\/em><br \/>\n<em><strong>Seguiremos el camino<\/strong><\/em><br \/>\n<em><strong>De protestar por tus calles.<\/strong><\/em><br \/>\n<em><strong>Y te daremos una mano\u2026<\/strong><\/em><br \/>\n<em><strong>Querido Barrio Escribano.<\/strong><\/em><\/p>\n<p><em><strong>Mario Sabbatella\/2012<\/strong><\/em><br \/>\n<em><strong>DESPU\u00c9S DEL CANSANCIO DEBE VENIR LA RESIGNACI\u00d3N NO??<\/strong><\/em><\/p>\n","protected":false},"excerpt":{"rendered":"<div class=\"mh-excerpt\"><p>Se trata del se\u00f1or Mario Sabatella, quien a modo de comentario, en la nota que publicamos d\u00edas atr\u00e1s donde una vecina del Barrio Aliba planteaba su cansancio ante la inacci\u00f3n de las autoridades luego de <a class=\"mh-excerpt-more\" href=\"https:\/\/larevistadigital.com.ar\/blog\/vecino-viene-reclamando-por-su-barrio-desde-2012-y-hoy-sigue-sin-obtener-respuestas\/\" title=\"VECINO VIENE RECLAMANDO POR SU BARRIO DESDE 2012, Y HOY, SIGUE SIN OBTENER RESPUESTAS\">[Leer M\u00e1s]<\/a><\/p>\n<\/div>","protected":false},"author":3,"featured_media":14274,"comment_status":"open","ping_status":"open","sticky":false,"template":"","format":"standard","meta":{"_jetpack_memberships_contains_paid_content":false,"footnotes":"","jetpack_publicize_message":"","jetpack_publicize_feature_enabled":true,"jetpack_social_post_already_shared":true,"jetpack_social_options":{"image_generator_settings":{"template":"highway","default_image_id":0,"font":"","enabled":false},"version":2}},"categories":[41,29],"tags":[],"class_list":{"0":"post-14273","1":"post","2":"type-post","3":"status-publish","4":"format-standard","5":"has-post-thumbnail","7":"category-destacadas","8":"category-sociedad"},"jetpack_publicize_connections":[],"jetpack_featured_media_url":"https:\/\/i0.wp.com\/larevistadigital.com.ar\/blog\/wp-content\/uploads\/Screenshot_1-86.jpg?fit=855%2C564&ssl=1","jetpack_sharing_enabled":true,"jetpack_shortlink":"https:\/\/wp.me\/p8qtrQ-3Id","jetpack-related-posts":[{"id":16870,"url":"https:\/\/larevistadigital.com.ar\/blog\/chascomus-los-vecinos-del-barrio-san-cayetano-cortan-el-acceso-a-la-ciudad\/","url_meta":{"origin":14273,"position":0},"title":"CHASCOM\u00daS. LOS VECINOS DEL BARRIO SAN CAYETANO CORTAN EL ACCESO A LA CIUDAD","author":"Alejandro Sosa Ruda","date":"9 octubre, 2020","format":false,"excerpt":"Tal como lo hab\u00edan anunciado, los vecinos autoconvocados del barrio San Cayetano volvieron a cortar el acceso a la ciudad, y lo har\u00e1n de nuevo ma\u00f1ana s\u00e1bado 10 de octubre desde las 10 de la ma\u00f1ana, ante la falta de respuestas del gobierno local. Respecto precisamente del gobierno local, desde\u2026","rel":"","context":"En \u00abCHASCOM\u00daS\u00bb","block_context":{"text":"CHASCOM\u00daS","link":"https:\/\/larevistadigital.com.ar\/blog\/category\/chascomus\/"},"img":{"alt_text":"","src":"https:\/\/i0.wp.com\/larevistadigital.com.ar\/blog\/wp-content\/uploads\/CORTE-ACCESO.jpg?fit=1000%2C790&ssl=1&resize=350%2C200","width":350,"height":200,"srcset":"https:\/\/i0.wp.com\/larevistadigital.com.ar\/blog\/wp-content\/uploads\/CORTE-ACCESO.jpg?fit=1000%2C790&ssl=1&resize=350%2C200 1x, https:\/\/i0.wp.com\/larevistadigital.com.ar\/blog\/wp-content\/uploads\/CORTE-ACCESO.jpg?fit=1000%2C790&ssl=1&resize=525%2C300 1.5x, https:\/\/i0.wp.com\/larevistadigital.com.ar\/blog\/wp-content\/uploads\/CORTE-ACCESO.jpg?fit=1000%2C790&ssl=1&resize=700%2C400 2x"},"classes":[]},{"id":23415,"url":"https:\/\/larevistadigital.com.ar\/blog\/nuevo-robo-de-cables-en-el-barrio-san-luis\/","url_meta":{"origin":14273,"position":1},"title":"NUEVO ROBO DE CABLES EN EL BARRIO SAN LUIS","author":"Alejandro Sosa Ruda","date":"17 enero, 2022","format":false,"excerpt":"CHASCOM\u00daS\u00a0 -\u00a0Se comunic\u00f3 con nuestra redacci\u00f3n una vecina del Barrio San Luis, para contarnos que otra vez (ya perdi\u00f3 la cuenta de cuantas veces) durante la noche robaron cables en el barrio y dejaron a vecinos sin tel\u00e9fono, y sin servicio\u00a0 de internet. Gladys, mencion\u00f3 que por la ma\u00f1ana al\u2026","rel":"","context":"En \u00abCHASCOM\u00daS\u00bb","block_context":{"text":"CHASCOM\u00daS","link":"https:\/\/larevistadigital.com.ar\/blog\/category\/chascomus\/"},"img":{"alt_text":"","src":"https:\/\/i0.wp.com\/larevistadigital.com.ar\/blog\/wp-content\/uploads\/robo-de-cables.jpg?fit=800%2C450&ssl=1&resize=350%2C200","width":350,"height":200,"srcset":"https:\/\/i0.wp.com\/larevistadigital.com.ar\/blog\/wp-content\/uploads\/robo-de-cables.jpg?fit=800%2C450&ssl=1&resize=350%2C200 1x, https:\/\/i0.wp.com\/larevistadigital.com.ar\/blog\/wp-content\/uploads\/robo-de-cables.jpg?fit=800%2C450&ssl=1&resize=525%2C300 1.5x, https:\/\/i0.wp.com\/larevistadigital.com.ar\/blog\/wp-content\/uploads\/robo-de-cables.jpg?fit=800%2C450&ssl=1&resize=700%2C400 2x"},"classes":[]},{"id":22386,"url":"https:\/\/larevistadigital.com.ar\/blog\/laura-moujan-sigue-recorriendo-los-barrios-de-la-ciudad\/","url_meta":{"origin":14273,"position":2},"title":"LAURA MOUJAN, SIGUE RECORRIENDO LOS BARRIOS DE LA CIUDAD","author":"Alejandro Sosa Ruda","date":"14 octubre, 2021","format":false,"excerpt":"En la tarde del s\u00e1bado, la Candidata a Concejal Laura Moujan quien encabeza la lista del Vecinalismo Juntos Por Chascom\u00fas visit\u00f3 el Barrio San Cayetano de nuestra ciudad junto con los integrantes de la lista y compartieron opiniones de las problem\u00e1ticas del barrio con los vecinos. En la recorrida conversaron\u2026","rel":"","context":"En \u00abINTERES GENERAL\u00bb","block_context":{"text":"INTERES GENERAL","link":"https:\/\/larevistadigital.com.ar\/blog\/category\/interes-general\/"},"img":{"alt_text":"","src":"https:\/\/i0.wp.com\/larevistadigital.com.ar\/blog\/wp-content\/uploads\/WhatsApp-Image-2021-10-13-at-21.00.43.jpeg?fit=1200%2C900&ssl=1&resize=350%2C200","width":350,"height":200,"srcset":"https:\/\/i0.wp.com\/larevistadigital.com.ar\/blog\/wp-content\/uploads\/WhatsApp-Image-2021-10-13-at-21.00.43.jpeg?fit=1200%2C900&ssl=1&resize=350%2C200 1x, https:\/\/i0.wp.com\/larevistadigital.com.ar\/blog\/wp-content\/uploads\/WhatsApp-Image-2021-10-13-at-21.00.43.jpeg?fit=1200%2C900&ssl=1&resize=525%2C300 1.5x, https:\/\/i0.wp.com\/larevistadigital.com.ar\/blog\/wp-content\/uploads\/WhatsApp-Image-2021-10-13-at-21.00.43.jpeg?fit=1200%2C900&ssl=1&resize=700%2C400 2x, https:\/\/i0.wp.com\/larevistadigital.com.ar\/blog\/wp-content\/uploads\/WhatsApp-Image-2021-10-13-at-21.00.43.jpeg?fit=1200%2C900&ssl=1&resize=1050%2C600 3x"},"classes":[]},{"id":16771,"url":"https:\/\/larevistadigital.com.ar\/blog\/chascomus-vecinos-del-barrio-san-cayetano-cortan-el-acceso-a-la-ciudad-ante-la-falta-de-respuestas-del-municipio\/","url_meta":{"origin":14273,"position":3},"title":"CHASCOM\u00daS: VECINOS DEL BARRIO SAN CAYETANO CORTAN EL ACCESO A LA CIUDAD ANTE LA FALTA DE RESPUESTAS DEL MUNICIPIO","author":"Alejandro Sosa Ruda","date":"6 octubre, 2020","format":false,"excerpt":"Tal como lo hab\u00edan anunciado, los vecinos del barrio San Cayetano est\u00e1n cortando el acceso a Chascom\u00fas por la nula atenci\u00f3n que el municipio les brinda a los reclamos que vienen haciendo hace a\u00f1os, y en particular desde los cinco a\u00f1os que llevan la gesti\u00f3n de Javier Gast\u00f3n. Los vecinos,\u2026","rel":"","context":"En \u00abDESTACADAS\u00bb","block_context":{"text":"DESTACADAS","link":"https:\/\/larevistadigital.com.ar\/blog\/category\/destacadas\/"},"img":{"alt_text":"","src":"https:\/\/i0.wp.com\/larevistadigital.com.ar\/blog\/wp-content\/uploads\/VECINOS-CORTAN-ACCESO-1.jpg?fit=1000%2C321&ssl=1&resize=350%2C200","width":350,"height":200,"srcset":"https:\/\/i0.wp.com\/larevistadigital.com.ar\/blog\/wp-content\/uploads\/VECINOS-CORTAN-ACCESO-1.jpg?fit=1000%2C321&ssl=1&resize=350%2C200 1x, https:\/\/i0.wp.com\/larevistadigital.com.ar\/blog\/wp-content\/uploads\/VECINOS-CORTAN-ACCESO-1.jpg?fit=1000%2C321&ssl=1&resize=525%2C300 1.5x, https:\/\/i0.wp.com\/larevistadigital.com.ar\/blog\/wp-content\/uploads\/VECINOS-CORTAN-ACCESO-1.jpg?fit=1000%2C321&ssl=1&resize=700%2C400 2x"},"classes":[]},{"id":17033,"url":"https:\/\/larevistadigital.com.ar\/blog\/videos-barrio-san-cayetano-de-esto-hablaban-los-vecinos-senor-secretario\/","url_meta":{"origin":14273,"position":4},"title":"[VIDEOS] BARRIO SAN CAYETANO: \u00a1DE ESTO HABLABAN LOS VECINOS, SE\u00d1OR SECRETARIO!","author":"Alejandro Sosa Ruda","date":"19 octubre, 2020","format":false,"excerpt":"Como si fuera un mensaje divino, sucedi\u00f3 lo que siempre pasa, pero en esta ocasi\u00f3n a un veh\u00edculo policial. Ah\u00ed tiene el secretario que dijo hace d\u00edas no entender el reclamo de los vecinos. \u00bfAhora entender\u00e1? Otra vez lluvias, y otra vez los vecinos del Barrio San Cayetano que no\u2026","rel":"","context":"En \u00abDESTACADAS\u00bb","block_context":{"text":"DESTACADAS","link":"https:\/\/larevistadigital.com.ar\/blog\/category\/destacadas\/"},"img":{"alt_text":"","src":"https:\/\/i0.wp.com\/larevistadigital.com.ar\/blog\/wp-content\/uploads\/WhatsApp-Image-2020-10-19-at-13.42.39.jpeg?fit=1032%2C581&ssl=1&resize=350%2C200","width":350,"height":200,"srcset":"https:\/\/i0.wp.com\/larevistadigital.com.ar\/blog\/wp-content\/uploads\/WhatsApp-Image-2020-10-19-at-13.42.39.jpeg?fit=1032%2C581&ssl=1&resize=350%2C200 1x, https:\/\/i0.wp.com\/larevistadigital.com.ar\/blog\/wp-content\/uploads\/WhatsApp-Image-2020-10-19-at-13.42.39.jpeg?fit=1032%2C581&ssl=1&resize=525%2C300 1.5x, https:\/\/i0.wp.com\/larevistadigital.com.ar\/blog\/wp-content\/uploads\/WhatsApp-Image-2020-10-19-at-13.42.39.jpeg?fit=1032%2C581&ssl=1&resize=700%2C400 2x"},"classes":[]},{"id":17295,"url":"https:\/\/larevistadigital.com.ar\/blog\/se-termina-la-paciencia-de-los-vecinos-del-barrio-san-cayetano\/","url_meta":{"origin":14273,"position":5},"title":"SE TERMINA LA PACIENCIA DE LOS VECINOS DEL BARRIO SAN CAYETANO","author":"Alejandro Sosa Ruda","date":"29 octubre, 2020","format":false,"excerpt":"Luego de que mucha agua pas\u00f3 bajo el puente, parece que la paciencia de los vecinos del Barrio San Cayetano se est\u00e1 terminando. Paciencia que a decir verdad, ha sido por dem\u00e1s de considerada con las autoridades. Hoy por hoy, los vecinos del San Cayetano est\u00e1n decididos a que si\u2026","rel":"","context":"En \u00abDESTACADAS\u00bb","block_context":{"text":"DESTACADAS","link":"https:\/\/larevistadigital.com.ar\/blog\/category\/destacadas\/"},"img":{"alt_text":"","src":"https:\/\/i0.wp.com\/larevistadigital.com.ar\/blog\/wp-content\/uploads\/convocatoria.jpeg?fit=675%2C1200&ssl=1&resize=350%2C200","width":350,"height":200,"srcset":"https:\/\/i0.wp.com\/larevistadigital.com.ar\/blog\/wp-content\/uploads\/convocatoria.jpeg?fit=675%2C1200&ssl=1&resize=350%2C200 1x, https:\/\/i0.wp.com\/larevistadigital.com.ar\/blog\/wp-content\/uploads\/convocatoria.jpeg?fit=675%2C1200&ssl=1&resize=525%2C300 1.5x"},"classes":[]}],"_links":{"self":[{"href":"https:\/\/larevistadigital.com.ar\/blog\/wp-json\/wp\/v2\/posts\/14273","targetHints":{"allow":["GET"]}}],"collection":[{"href":"https:\/\/larevistadigital.com.ar\/blog\/wp-json\/wp\/v2\/posts"}],"about":[{"href":"https:\/\/larevistadigital.com.ar\/blog\/wp-json\/wp\/v2\/types\/post"}],"author":[{"embeddable":true,"href":"https:\/\/larevistadigital.com.ar\/blog\/wp-json\/wp\/v2\/users\/3"}],"replies":[{"embeddable":true,"href":"https:\/\/larevistadigital.com.ar\/blog\/wp-json\/wp\/v2\/comments?post=14273"}],"version-history":[{"count":1,"href":"https:\/\/larevistadigital.com.ar\/blog\/wp-json\/wp\/v2\/posts\/14273\/revisions"}],"predecessor-version":[{"id":14275,"href":"https:\/\/larevistadigital.com.ar\/blog\/wp-json\/wp\/v2\/posts\/14273\/revisions\/14275"}],"wp:featuredmedia":[{"embeddable":true,"href":"https:\/\/larevistadigital.com.ar\/blog\/wp-json\/wp\/v2\/media\/14274"}],"wp:attachment":[{"href":"https:\/\/larevistadigital.com.ar\/blog\/wp-json\/wp\/v2\/media?parent=14273"}],"wp:term":[{"taxonomy":"category","embeddable":true,"href":"https:\/\/larevistadigital.com.ar\/blog\/wp-json\/wp\/v2\/categories?post=14273"},{"taxonomy":"post_tag","embeddable":true,"href":"https:\/\/larevistadigital.com.ar\/blog\/wp-json\/wp\/v2\/tags?post=14273"}],"curies":[{"name":"wp","href":"https:\/\/api.w.org\/{rel}","templated":true}]}}