{"id":14276,"date":"2020-01-22T08:47:07","date_gmt":"2020-01-22T08:47:07","guid":{"rendered":"https:\/\/larevistadigital.com.ar\/blog\/?p=14276"},"modified":"2020-01-22T08:48:27","modified_gmt":"2020-01-22T08:48:27","slug":"canuelas-sujeto-intento-matar-a-sus-vecinos-y-fue-detenido","status":"publish","type":"post","link":"https:\/\/larevistadigital.com.ar\/blog\/canuelas-sujeto-intento-matar-a-sus-vecinos-y-fue-detenido\/","title":{"rendered":"CA\u00d1UELAS: SUJETO INTENT\u00d3 MATAR A SUS VECINOS Y FUE DETENIDO"},"content":{"rendered":"<h2><em><strong>Hay dos personas heridas, entre ellos, un nene de 11 a\u00f1os.<\/strong><\/em><\/h2>\n<p>En las \u00faltimas horas la polic\u00eda de m\u00e1ximo paz, tom\u00f3 conocimiento que se habr\u00eda producido un altercado entre vecinos, arrojando como resultado dos masculinos heridos de arma de fuego.<\/p>\n<p>De averiguaciones practicadas, se pudo establecer que en el marco de una discusi\u00f3n que tuvo R.G de 35 a\u00f1os, con sus vecinos F.C de 38 y A.C de 11 a\u00f1os, el primero sac\u00f3 un arma de fuego y efectu\u00f3 disparos hacia ambos, hiriendo al menor en la mano y a su pap\u00e1 en el pecho, por lo que fueron trasladados de urgencia al hospital \u00c1ngel Marzetti de Ca\u00f1uelas, \u00a0donde se estableci\u00f3 que ninguno de los dos corren riesgo de vida.<\/p>\n<p>Tras la ocurrio, la polic\u00eda de M\u00e1ximo Paz con colaboraci\u00f3n de la polic\u00eda cient\u00edfica, llev\u00f3 a cabo un allanamiento en la vivienda del agresor, y se secuestr\u00f3 el arma con el que le dispar\u00f3 a sus vecinos, por lo que fue detenido y puesto a disposici\u00f3n de la justicia.<\/p>\n<p>Interviene la fiscal\u00eda N\u00b02, quien caratul\u00f3 el hecho como Tentativa de homicidio y lesiones.<\/p>\n<p>PUBLICADO EN DLN<\/p>\n<div class=\"adsb30\">\n<div><\/div>\n<\/div>\n","protected":false},"excerpt":{"rendered":"<div class=\"mh-excerpt\"><p>Hay dos personas heridas, entre ellos, un nene de 11 a\u00f1os. En las \u00faltimas horas la polic\u00eda de m\u00e1ximo paz, tom\u00f3 conocimiento que se habr\u00eda producido un altercado entre vecinos, arrojando como resultado dos masculinos <a class=\"mh-excerpt-more\" href=\"https:\/\/larevistadigital.com.ar\/blog\/canuelas-sujeto-intento-matar-a-sus-vecinos-y-fue-detenido\/\" title=\"CA\u00d1UELAS: SUJETO INTENT\u00d3 MATAR A SUS VECINOS Y FUE DETENIDO\">[Leer M\u00e1s]<\/a><\/p>\n<\/div>","protected":false},"author":3,"featured_media":14277,"comment_status":"open","ping_status":"open","sticky":false,"template":"","format":"standard","meta":{"_jetpack_memberships_contains_paid_content":false,"footnotes":"","jetpack_publicize_message":"","jetpack_publicize_feature_enabled":true,"jetpack_social_post_already_shared":true,"jetpack_social_options":{"image_generator_settings":{"template":"highway","default_image_id":0,"font":"","enabled":false},"version":2}},"categories":[44,51],"tags":[],"class_list":{"0":"post-14276","1":"post","2":"type-post","3":"status-publish","4":"format-standard","5":"has-post-thumbnail","7":"category-policiales","8":"category-regionales"},"jetpack_publicize_connections":[],"jetpack_featured_media_url":"https:\/\/i0.wp.com\/larevistadigital.com.ar\/blog\/wp-content\/uploads\/1579690836888_wm.jpg?fit=1024%2C575&ssl=1","jetpack_sharing_enabled":true,"jetpack_shortlink":"https:\/\/wp.me\/p8qtrQ-3Ig","jetpack-related-posts":[{"id":10876,"url":"https:\/\/larevistadigital.com.ar\/blog\/canuelas-choque-entre-dos-motos-de-la-policia-muere-joven-de-22-anos\/","url_meta":{"origin":14276,"position":0},"title":"CA\u00d1UELAS: CHOQUE ENTRE DOS MOTOS DE LA POLIC\u00cdA. MUERE J\u00d3VEN DE 22 A\u00d1OS","author":"Alejandro Sosa Ruda","date":"28 junio, 2019","format":false,"excerpt":"El tr\u00e1gico accidente ocurri\u00f3 en el kilometro 32 de la autopista Ezeiza-Ca\u00f1uelas,\u00a0cuando dos motos del Grupo de Polic\u00eda Motorizado se rozaron entre s\u00ed .\u00a0 Muri\u00f3 un agente de 22 a\u00f1os, y su compa\u00f1ero sufri\u00f3 graves heridas. El uniformado es\u00a0Pablo Sella, quien muri\u00f3 de forma inmediata luego de que impact\u00f3 contra\u2026","rel":"","context":"En \u00abREGIONALES\u00bb","block_context":{"text":"REGIONALES","link":"https:\/\/larevistadigital.com.ar\/blog\/category\/regionales\/"},"img":{"alt_text":"","src":"https:\/\/i0.wp.com\/larevistadigital.com.ar\/blog\/wp-content\/uploads\/Screenshot_3-3.jpg?fit=1014%2C672&ssl=1&resize=350%2C200","width":350,"height":200,"srcset":"https:\/\/i0.wp.com\/larevistadigital.com.ar\/blog\/wp-content\/uploads\/Screenshot_3-3.jpg?fit=1014%2C672&ssl=1&resize=350%2C200 1x, https:\/\/i0.wp.com\/larevistadigital.com.ar\/blog\/wp-content\/uploads\/Screenshot_3-3.jpg?fit=1014%2C672&ssl=1&resize=525%2C300 1.5x, https:\/\/i0.wp.com\/larevistadigital.com.ar\/blog\/wp-content\/uploads\/Screenshot_3-3.jpg?fit=1014%2C672&ssl=1&resize=700%2C400 2x"},"classes":[]},{"id":29004,"url":"https:\/\/larevistadigital.com.ar\/blog\/canuelas-brutal-femicidio-y-masacre-conmociona-la-ciudad\/","url_meta":{"origin":14276,"position":1},"title":"CA\u00d1UELAS: BRUTAL FEMICIDIO Y MASACRE CONMOCIONA LA CIUDAD","author":"Alejandro Sosa Ruda","date":"23 noviembre, 2022","format":false,"excerpt":"Mar\u00eda Alejandra Gim\u00e9nez D\u00edaz sufr\u00eda violencia de g\u00e9nero y hab\u00eda decidido dejar su hogar en La Matanza para mudarse con sus dos hijos a Ca\u00f1uelas en busca de paz. Pero\u00a0Jos\u00e9 Averio Na\u00f3n, que ten\u00eda una perimetral, decidi\u00f3 acabar con su vida. Viaj\u00f3 hasta esa ciudad y asesin\u00f3 a la mujer\u2026","rel":"","context":"En \u00abPOLICIALES\u00bb","block_context":{"text":"POLICIALES","link":"https:\/\/larevistadigital.com.ar\/blog\/category\/policiales\/"},"img":{"alt_text":"","src":"https:\/\/i0.wp.com\/larevistadigital.com.ar\/blog\/wp-content\/uploads\/081941_whatsapp-image-20221123-at-08.17.45.jpeg?fit=799%2C529&ssl=1&resize=350%2C200","width":350,"height":200,"srcset":"https:\/\/i0.wp.com\/larevistadigital.com.ar\/blog\/wp-content\/uploads\/081941_whatsapp-image-20221123-at-08.17.45.jpeg?fit=799%2C529&ssl=1&resize=350%2C200 1x, https:\/\/i0.wp.com\/larevistadigital.com.ar\/blog\/wp-content\/uploads\/081941_whatsapp-image-20221123-at-08.17.45.jpeg?fit=799%2C529&ssl=1&resize=525%2C300 1.5x, https:\/\/i0.wp.com\/larevistadigital.com.ar\/blog\/wp-content\/uploads\/081941_whatsapp-image-20221123-at-08.17.45.jpeg?fit=799%2C529&ssl=1&resize=700%2C400 2x"},"classes":[]},{"id":11974,"url":"https:\/\/larevistadigital.com.ar\/blog\/detienen-a-un-hombre-de-72-anos-por-tenencia-ilegal-de-arma-de-fuego\/","url_meta":{"origin":14276,"position":2},"title":"DETIENEN A UN HOMBRE DE 72 A\u00d1OS POR TENENCIA ILEGAL DE ARMA DE FUEGO","author":"Alejandro Sosa Ruda","date":"22 agosto, 2019","format":false,"excerpt":"Tras una gresca entre j\u00f3venes Se inform\u00f3 desde la Estaci\u00f3n de Polic\u00eda Comunal que ayer fue aprehendido un hombre de 72 a\u00f1os, por \u201ctenencia ilegal de arma de fuego\u201d. El hecho se origin\u00f3 a ra\u00edz de una pelea que tuvo lugar el pasado martes por la noche en calle Rico\u2026","rel":"","context":"En \u00abCHASCOM\u00daS\u00bb","block_context":{"text":"CHASCOM\u00daS","link":"https:\/\/larevistadigital.com.ar\/blog\/category\/chascomus\/"},"img":{"alt_text":"","src":"https:\/\/i0.wp.com\/larevistadigital.com.ar\/blog\/wp-content\/uploads\/2017\/08\/GEO_COMISARIA_1_CHASCOMUS-e1705762962297.jpg?fit=1200%2C548&ssl=1&resize=350%2C200","width":350,"height":200,"srcset":"https:\/\/i0.wp.com\/larevistadigital.com.ar\/blog\/wp-content\/uploads\/2017\/08\/GEO_COMISARIA_1_CHASCOMUS-e1705762962297.jpg?fit=1200%2C548&ssl=1&resize=350%2C200 1x, https:\/\/i0.wp.com\/larevistadigital.com.ar\/blog\/wp-content\/uploads\/2017\/08\/GEO_COMISARIA_1_CHASCOMUS-e1705762962297.jpg?fit=1200%2C548&ssl=1&resize=525%2C300 1.5x, https:\/\/i0.wp.com\/larevistadigital.com.ar\/blog\/wp-content\/uploads\/2017\/08\/GEO_COMISARIA_1_CHASCOMUS-e1705762962297.jpg?fit=1200%2C548&ssl=1&resize=700%2C400 2x, https:\/\/i0.wp.com\/larevistadigital.com.ar\/blog\/wp-content\/uploads\/2017\/08\/GEO_COMISARIA_1_CHASCOMUS-e1705762962297.jpg?fit=1200%2C548&ssl=1&resize=1050%2C600 3x"},"classes":[]},{"id":14328,"url":"https:\/\/larevistadigital.com.ar\/blog\/detienen-a-tres-sujetos-armados-vendiendo-drogas-en-la-via-publica\/","url_meta":{"origin":14276,"position":3},"title":"DETIENEN A TRES SUJETOS ARMADOS VENDIENDO DROGAS EN LA V\u00cdA P\u00daBLICA","author":"Alejandro Sosa Ruda","date":"23 enero, 2020","format":false,"excerpt":"Los tres detenidos son de nacionalidad paraguaya, y est\u00e1n domiciliados en Esteban Echeverr\u00eda. CA\u00d1UELAS -\u00a0La polic\u00eda hab\u00eda recibido un llamado an\u00f3nimo por una ri\u00f1a, cuando lleg\u00f3 se encontr\u00f3 con tres personas armadas y droga fraccionada para la venta. El hecho ocurri\u00f3 en la madrugada de este jueves 23 de enero,\u2026","rel":"","context":"En \u00abSin categor\u00eda\u00bb","block_context":{"text":"Sin categor\u00eda","link":"https:\/\/larevistadigital.com.ar\/blog\/category\/sin-categoria\/"},"img":{"alt_text":"","src":"https:\/\/i0.wp.com\/larevistadigital.com.ar\/blog\/wp-content\/uploads\/IMG-20200123-WA0008.jpg?fit=1024%2C512&ssl=1&resize=350%2C200","width":350,"height":200,"srcset":"https:\/\/i0.wp.com\/larevistadigital.com.ar\/blog\/wp-content\/uploads\/IMG-20200123-WA0008.jpg?fit=1024%2C512&ssl=1&resize=350%2C200 1x, https:\/\/i0.wp.com\/larevistadigital.com.ar\/blog\/wp-content\/uploads\/IMG-20200123-WA0008.jpg?fit=1024%2C512&ssl=1&resize=525%2C300 1.5x, https:\/\/i0.wp.com\/larevistadigital.com.ar\/blog\/wp-content\/uploads\/IMG-20200123-WA0008.jpg?fit=1024%2C512&ssl=1&resize=700%2C400 2x"},"classes":[]},{"id":4926,"url":"https:\/\/larevistadigital.com.ar\/blog\/chascomus-gresca-vecinos-disparos-detencion-hombre\/","url_meta":{"origin":14276,"position":4},"title":"CHASCOM\u00daS: GRESCA ENTRE VECINOS, DISPAROS Y DETENCI\u00d3N DE UN HOMBRE","author":"Alejandro Sosa Ruda","date":"14 febrero, 2018","format":false,"excerpt":"En el marco de una rencilla vecinal, en las calles Jos\u00e9 hern\u00e1ndez y Querand\u00edes se alert\u00f3 al m\u00f3vil que cubre esa cuadr\u00edcula, que se dirige al lugar. Una vez en el sitio, se identific\u00f3 a la v\u00edctima, que era un hombre de 48 a\u00f1os de edad apellidado Lugones, el que\u2026","rel":"","context":"En \u00abPOLICIALES\u00bb","block_context":{"text":"POLICIALES","link":"https:\/\/larevistadigital.com.ar\/blog\/category\/policiales\/"},"img":{"alt_text":"","src":"https:\/\/i0.wp.com\/larevistadigital.com.ar\/blog\/wp-content\/uploads\/2018\/02\/WhatsApp-Image-2018-02-14-at-14.06.13.jpeg?fit=684%2C560&ssl=1&resize=350%2C200","width":350,"height":200,"srcset":"https:\/\/i0.wp.com\/larevistadigital.com.ar\/blog\/wp-content\/uploads\/2018\/02\/WhatsApp-Image-2018-02-14-at-14.06.13.jpeg?fit=684%2C560&ssl=1&resize=350%2C200 1x, https:\/\/i0.wp.com\/larevistadigital.com.ar\/blog\/wp-content\/uploads\/2018\/02\/WhatsApp-Image-2018-02-14-at-14.06.13.jpeg?fit=684%2C560&ssl=1&resize=525%2C300 1.5x"},"classes":[]},{"id":11613,"url":"https:\/\/larevistadigital.com.ar\/blog\/canuelas-intento-cruzar-por-las-vias-y-fue-arrollada-por-el-tren\/","url_meta":{"origin":14276,"position":5},"title":"CA\u00d1UELAS: INTENT\u00d3 CRUZAR POR LAS V\u00cdAS Y FUE ARROLLADA POR EL TREN","author":"Alejandro Sosa Ruda","date":"29 julio, 2019","format":false,"excerpt":"Este lunes, un tr\u00e1gico acontecimiento ocurri\u00f3 en la localidad de M\u00e1ximo Paz, Ca\u00f1uelas, cuando un tren arroll\u00f3 a una muchacha de 27 a\u00f1os.\u00a0 Sucedi\u00f3 alrededor de las 14.40 en el cruce de las v\u00edas con la calle Colombia. Las primeras versiones indican que la joven, identificada posteriormente como\u00a0\u00darsula Yolanda Pereyra,\u2026","rel":"","context":"En \u00abREGIONALES\u00bb","block_context":{"text":"REGIONALES","link":"https:\/\/larevistadigital.com.ar\/blog\/category\/regionales\/"},"img":{"alt_text":"","src":"https:\/\/i0.wp.com\/larevistadigital.com.ar\/blog\/wp-content\/uploads\/IMG-20190729-WA0012.jpg?fit=1080%2C603&ssl=1&resize=350%2C200","width":350,"height":200,"srcset":"https:\/\/i0.wp.com\/larevistadigital.com.ar\/blog\/wp-content\/uploads\/IMG-20190729-WA0012.jpg?fit=1080%2C603&ssl=1&resize=350%2C200 1x, https:\/\/i0.wp.com\/larevistadigital.com.ar\/blog\/wp-content\/uploads\/IMG-20190729-WA0012.jpg?fit=1080%2C603&ssl=1&resize=525%2C300 1.5x, https:\/\/i0.wp.com\/larevistadigital.com.ar\/blog\/wp-content\/uploads\/IMG-20190729-WA0012.jpg?fit=1080%2C603&ssl=1&resize=700%2C400 2x, https:\/\/i0.wp.com\/larevistadigital.com.ar\/blog\/wp-content\/uploads\/IMG-20190729-WA0012.jpg?fit=1080%2C603&ssl=1&resize=1050%2C600 3x"},"classes":[]}],"_links":{"self":[{"href":"https:\/\/larevistadigital.com.ar\/blog\/wp-json\/wp\/v2\/posts\/14276","targetHints":{"allow":["GET"]}}],"collection":[{"href":"https:\/\/larevistadigital.com.ar\/blog\/wp-json\/wp\/v2\/posts"}],"about":[{"href":"https:\/\/larevistadigital.com.ar\/blog\/wp-json\/wp\/v2\/types\/post"}],"author":[{"embeddable":true,"href":"https:\/\/larevistadigital.com.ar\/blog\/wp-json\/wp\/v2\/users\/3"}],"replies":[{"embeddable":true,"href":"https:\/\/larevistadigital.com.ar\/blog\/wp-json\/wp\/v2\/comments?post=14276"}],"version-history":[{"count":2,"href":"https:\/\/larevistadigital.com.ar\/blog\/wp-json\/wp\/v2\/posts\/14276\/revisions"}],"predecessor-version":[{"id":14279,"href":"https:\/\/larevistadigital.com.ar\/blog\/wp-json\/wp\/v2\/posts\/14276\/revisions\/14279"}],"wp:featuredmedia":[{"embeddable":true,"href":"https:\/\/larevistadigital.com.ar\/blog\/wp-json\/wp\/v2\/media\/14277"}],"wp:attachment":[{"href":"https:\/\/larevistadigital.com.ar\/blog\/wp-json\/wp\/v2\/media?parent=14276"}],"wp:term":[{"taxonomy":"category","embeddable":true,"href":"https:\/\/larevistadigital.com.ar\/blog\/wp-json\/wp\/v2\/categories?post=14276"},{"taxonomy":"post_tag","embeddable":true,"href":"https:\/\/larevistadigital.com.ar\/blog\/wp-json\/wp\/v2\/tags?post=14276"}],"curies":[{"name":"wp","href":"https:\/\/api.w.org\/{rel}","templated":true}]}}