{"id":14280,"date":"2020-01-22T09:03:36","date_gmt":"2020-01-22T09:03:36","guid":{"rendered":"https:\/\/larevistadigital.com.ar\/blog\/?p=14280"},"modified":"2020-01-22T09:10:20","modified_gmt":"2020-01-22T09:10:20","slug":"grupo-de-chicas-desfigura-a-otra-por-ser-linda","status":"publish","type":"post","link":"https:\/\/larevistadigital.com.ar\/blog\/grupo-de-chicas-desfigura-a-otra-por-ser-linda\/","title":{"rendered":"GRUPO DE CHICAS DESFIGURA A OTRA POR \u00abSER LINDA\u00bb"},"content":{"rendered":"<h2><em>Ocurri\u00f3 en Laferrere. La v\u00edctima, luego de recibir trompadas y patadas debi\u00f3 ser internada de urgencia.<\/em><\/h2>\n<p>Una salvaje pelea entre mujeres tuvo lugar en Laferrere el \u00faltimo domingo a la ma\u00f1ana. Seg\u00fan relat\u00f3 la t\u00eda de la v\u00edctima, la agresora le propin\u00f3 una brutal golpiza a su sobrina<em>\u00a0<strong>\u00abpor el simple hecho de ser linda\u00bb<\/strong>.<\/em><\/p>\n<p>Las terribles im\u00e1genes, que fueron capturadas\u00a0por un celular, muestran c\u00f3mo una\u00a0de\u00a0las\u00a0chicas presentes\u00a0le dio fuertes palizas y patadas a la v\u00edctima, identificada como\u00a0<strong>Priscila<\/strong>.<\/p>\n<p>Hasta el momento hay s\u00f3lo una\u00a0sospechosa, cuyo nombre es\u00a0<strong>Yasmine,<\/strong>\u00a0y una\u00a0denuncia que ya fue realizada.<\/p>\n<p>Tras recibir las golpizas, la joven cay\u00f3 al piso inconsciente y fue trasladada de urgencia al hospital\u00a0por sus amigas. Hasta el d\u00eda de hoy, mi\u00e9rcoles, <strong>Priscila<\/strong>\u00a0contin\u00faa internada.<\/p>\n<p>La chica, qued\u00f3 desfigurada&#8230;<\/p>\n<p><img data-recalc-dims=\"1\" loading=\"lazy\" decoding=\"async\" class=\"alignnone size-full wp-image-14282\" src=\"https:\/\/i0.wp.com\/larevistadigital.com.ar\/blog\/wp-content\/uploads\/Screenshot_4-20.jpg?resize=924%2C591&#038;ssl=1\" alt=\"\" width=\"924\" height=\"591\" srcset=\"https:\/\/i0.wp.com\/larevistadigital.com.ar\/blog\/wp-content\/uploads\/Screenshot_4-20.jpg?w=924&amp;ssl=1 924w, https:\/\/i0.wp.com\/larevistadigital.com.ar\/blog\/wp-content\/uploads\/Screenshot_4-20.jpg?resize=300%2C192&amp;ssl=1 300w, https:\/\/i0.wp.com\/larevistadigital.com.ar\/blog\/wp-content\/uploads\/Screenshot_4-20.jpg?resize=768%2C491&amp;ssl=1 768w\" sizes=\"auto, (max-width: 924px) 100vw, 924px\" \/><\/p>\n<p>fuente Cr\u00f3nica<\/p>\n","protected":false},"excerpt":{"rendered":"<div class=\"mh-excerpt\"><p>Ocurri\u00f3 en Laferrere. La v\u00edctima, luego de recibir trompadas y patadas debi\u00f3 ser internada de urgencia. Una salvaje pelea entre mujeres tuvo lugar en Laferrere el \u00faltimo domingo a la ma\u00f1ana. Seg\u00fan relat\u00f3 la t\u00eda <a class=\"mh-excerpt-more\" href=\"https:\/\/larevistadigital.com.ar\/blog\/grupo-de-chicas-desfigura-a-otra-por-ser-linda\/\" title=\"GRUPO DE CHICAS DESFIGURA A OTRA POR \u00abSER LINDA\u00bb\">[Leer M\u00e1s]<\/a><\/p>\n<\/div>","protected":false},"author":3,"featured_media":14281,"comment_status":"open","ping_status":"open","sticky":false,"template":"","format":"standard","meta":{"_jetpack_memberships_contains_paid_content":false,"footnotes":"","jetpack_publicize_message":"","jetpack_publicize_feature_enabled":true,"jetpack_social_post_already_shared":true,"jetpack_social_options":{"image_generator_settings":{"template":"highway","default_image_id":0,"font":"","enabled":false},"version":2}},"categories":[50,44],"tags":[],"class_list":{"0":"post-14280","1":"post","2":"type-post","3":"status-publish","4":"format-standard","5":"has-post-thumbnail","7":"category-interes-general","8":"category-policiales"},"jetpack_publicize_connections":[],"jetpack_featured_media_url":"https:\/\/i0.wp.com\/larevistadigital.com.ar\/blog\/wp-content\/uploads\/Screenshot_3-36.jpg?fit=1201%2C609&ssl=1","jetpack_sharing_enabled":true,"jetpack_shortlink":"https:\/\/wp.me\/p8qtrQ-3Ik","jetpack-related-posts":[{"id":15909,"url":"https:\/\/larevistadigital.com.ar\/blog\/golpean-a-un-chico-en-manada-dentro-de-un-country\/","url_meta":{"origin":14280,"position":0},"title":"GOLPEAN A UN CHICO \u00abEN MANADA DENTRO DE UN COUNTRY","author":"Alejandro Sosa Ruda","date":"10 agosto, 2020","format":false,"excerpt":"La v\u00edctima fue atacado por al menos 10 personas y por los golpes debi\u00f3 ser hospitalizado. Los agresores se dieron a al fuga. Sucedi\u00f3 en el Country \"Fincas de Iraola 1\" en Hudson. Este domingo a la madrugada un joven debi\u00f3 ser hospitalizado luego de recibir una violenta golpiza por\u2026","rel":"","context":"En \u00abINTERES GENERAL\u00bb","block_context":{"text":"INTERES GENERAL","link":"https:\/\/larevistadigital.com.ar\/blog\/category\/interes-general\/"},"img":{"alt_text":"","src":"https:\/\/i0.wp.com\/larevistadigital.com.ar\/blog\/wp-content\/uploads\/0037935744.jpg?fit=1140%2C640&ssl=1&resize=350%2C200","width":350,"height":200,"srcset":"https:\/\/i0.wp.com\/larevistadigital.com.ar\/blog\/wp-content\/uploads\/0037935744.jpg?fit=1140%2C640&ssl=1&resize=350%2C200 1x, https:\/\/i0.wp.com\/larevistadigital.com.ar\/blog\/wp-content\/uploads\/0037935744.jpg?fit=1140%2C640&ssl=1&resize=525%2C300 1.5x, https:\/\/i0.wp.com\/larevistadigital.com.ar\/blog\/wp-content\/uploads\/0037935744.jpg?fit=1140%2C640&ssl=1&resize=700%2C400 2x, https:\/\/i0.wp.com\/larevistadigital.com.ar\/blog\/wp-content\/uploads\/0037935744.jpg?fit=1140%2C640&ssl=1&resize=1050%2C600 3x"},"classes":[]},{"id":14331,"url":"https:\/\/larevistadigital.com.ar\/blog\/otra-paliza-en-grupo-a-la-salida-de-una-fiesta\/","url_meta":{"origin":14280,"position":1},"title":"OTRA PALIZA EN GRUPO A LA SALIDA DE UNA FIESTA","author":"Alejandro Sosa Ruda","date":"23 enero, 2020","format":false,"excerpt":"La v\u00edctima, de 39 a\u00f1os, permanece internada\u00a0en terapia intensiva en un hospital, tras ser atacado por al menos cinco personas. Le dieron\u00a0golpes de pu\u00f1o, patadas y hasta un ladrillazo luego\u00a0de un cumplea\u00f1os en Villa Ramallo. Un hombre de 39 a\u00f1os permanec\u00eda este jueves internado en estado cr\u00edtico en un hospital\u2026","rel":"","context":"En \u00abINTERES GENERAL\u00bb","block_context":{"text":"INTERES GENERAL","link":"https:\/\/larevistadigital.com.ar\/blog\/category\/interes-general\/"},"img":{"alt_text":"","src":"https:\/\/i0.wp.com\/larevistadigital.com.ar\/blog\/wp-content\/uploads\/Screenshot_1-88.jpg?fit=1045%2C583&ssl=1&resize=350%2C200","width":350,"height":200,"srcset":"https:\/\/i0.wp.com\/larevistadigital.com.ar\/blog\/wp-content\/uploads\/Screenshot_1-88.jpg?fit=1045%2C583&ssl=1&resize=350%2C200 1x, https:\/\/i0.wp.com\/larevistadigital.com.ar\/blog\/wp-content\/uploads\/Screenshot_1-88.jpg?fit=1045%2C583&ssl=1&resize=525%2C300 1.5x, https:\/\/i0.wp.com\/larevistadigital.com.ar\/blog\/wp-content\/uploads\/Screenshot_1-88.jpg?fit=1045%2C583&ssl=1&resize=700%2C400 2x"},"classes":[]},{"id":27518,"url":"https:\/\/larevistadigital.com.ar\/blog\/internaron-de-urgencia-a-graciela-alfano-y-debe-ser-operada\/","url_meta":{"origin":14280,"position":2},"title":"INTERNARON DE URGENCIA A GRACIELA ALFANO Y DEBE SER OPERADA","author":"Alejandro Sosa Ruda","date":"2 septiembre, 2022","format":false,"excerpt":"La diva fue internada en la Cl\u00ednica Austral. El mediod\u00eda de este viernes, el periodista\u00a0Luis Grimaldi\u00a0cont\u00f3 en sus redes sociales que\u00a0Graciela Alfano debi\u00f3 ser internada de urgencia\u00a0en la cl\u00ednica Austral. \"Graciela Alfano\u00a0internada en el hospital Austral con un importante cuadro de salud (por decirlo suavemente)\", inform\u00f3 a trav\u00e9s de su\u2026","rel":"","context":"En \u00abSOCIEDAD\u00bb","block_context":{"text":"SOCIEDAD","link":"https:\/\/larevistadigital.com.ar\/blog\/category\/sociedad\/"},"img":{"alt_text":"","src":"https:\/\/i0.wp.com\/larevistadigital.com.ar\/blog\/wp-content\/uploads\/f960x540-68769_142844_0.png?fit=960%2C540&ssl=1&resize=350%2C200","width":350,"height":200,"srcset":"https:\/\/i0.wp.com\/larevistadigital.com.ar\/blog\/wp-content\/uploads\/f960x540-68769_142844_0.png?fit=960%2C540&ssl=1&resize=350%2C200 1x, https:\/\/i0.wp.com\/larevistadigital.com.ar\/blog\/wp-content\/uploads\/f960x540-68769_142844_0.png?fit=960%2C540&ssl=1&resize=525%2C300 1.5x, https:\/\/i0.wp.com\/larevistadigital.com.ar\/blog\/wp-content\/uploads\/f960x540-68769_142844_0.png?fit=960%2C540&ssl=1&resize=700%2C400 2x"},"classes":[]},{"id":13424,"url":"https:\/\/larevistadigital.com.ar\/blog\/beba-de-un-ano-debio-ser-internada-de-urgencia-por-ingerir-cocaina\/","url_meta":{"origin":14280,"position":3},"title":"BEBA DE UN A\u00d1O DEBI\u00d3 SER INTERNADA DE URGENCIA POR INGERIR COCA\u00cdNA","author":"Alejandro Sosa Ruda","date":"2 diciembre, 2019","format":false,"excerpt":"El episodio se registr\u00f3 en las \u00faltimas horas y gener\u00f3 una fuerte conmoci\u00f3n. La chiquita habr\u00eda tomado la droga en un descuido de su madre, quien se encontraba con amigos. Sucedi\u00f3 en La Plata. Una beba de tan solo un a\u00f1o de edad ingres\u00f3 al Hospital de Ni\u00f1os tras haber\u2026","rel":"","context":"En \u00abDESTACADAS\u00bb","block_context":{"text":"DESTACADAS","link":"https:\/\/larevistadigital.com.ar\/blog\/category\/destacadas\/"},"img":{"alt_text":"","src":"https:\/\/i0.wp.com\/larevistadigital.com.ar\/blog\/wp-content\/uploads\/bebaa.jpg?fit=929%2C523&ssl=1&resize=350%2C200","width":350,"height":200,"srcset":"https:\/\/i0.wp.com\/larevistadigital.com.ar\/blog\/wp-content\/uploads\/bebaa.jpg?fit=929%2C523&ssl=1&resize=350%2C200 1x, https:\/\/i0.wp.com\/larevistadigital.com.ar\/blog\/wp-content\/uploads\/bebaa.jpg?fit=929%2C523&ssl=1&resize=525%2C300 1.5x, https:\/\/i0.wp.com\/larevistadigital.com.ar\/blog\/wp-content\/uploads\/bebaa.jpg?fit=929%2C523&ssl=1&resize=700%2C400 2x"},"classes":[]},{"id":17741,"url":"https:\/\/larevistadigital.com.ar\/blog\/chica-de-13-anos-fue-apunalada-por-el-novio-de-16-esta-en-grave-estado\/","url_meta":{"origin":14280,"position":4},"title":"CHICA DE 13 A\u00d1OS FUE APU\u00d1ALADA POR EL NOVIO DE 16. EST\u00c1 EN GRAVE ESTADO","author":"Alejandro Sosa Ruda","date":"19 noviembre, 2020","format":false,"excerpt":"Sucedi\u00f3 en la localidad bonaerense de Azul. La adolescente fue operada y se encuentra internada en terapia intensiva. El presunto agresor fue aprehendido por la Polic\u00eda. AZUL - Una adolescente de 13 a\u00f1os fue apu\u00f1alada en la ciudad bonaerense de Azul y luego de ser operada esta noche permanec\u00eda internada\u2026","rel":"","context":"En \u00abPOLICIALES\u00bb","block_context":{"text":"POLICIALES","link":"https:\/\/larevistadigital.com.ar\/blog\/category\/policiales\/"},"img":{"alt_text":"","src":"https:\/\/i0.wp.com\/larevistadigital.com.ar\/blog\/wp-content\/uploads\/unnamed-14.jpg?fit=1000%2C662&ssl=1&resize=350%2C200","width":350,"height":200,"srcset":"https:\/\/i0.wp.com\/larevistadigital.com.ar\/blog\/wp-content\/uploads\/unnamed-14.jpg?fit=1000%2C662&ssl=1&resize=350%2C200 1x, https:\/\/i0.wp.com\/larevistadigital.com.ar\/blog\/wp-content\/uploads\/unnamed-14.jpg?fit=1000%2C662&ssl=1&resize=525%2C300 1.5x, https:\/\/i0.wp.com\/larevistadigital.com.ar\/blog\/wp-content\/uploads\/unnamed-14.jpg?fit=1000%2C662&ssl=1&resize=700%2C400 2x"},"classes":[]},{"id":21324,"url":"https:\/\/larevistadigital.com.ar\/blog\/detienen-a-mujer-que-apunalo-a-su-pareja-con-una-tijera\/","url_meta":{"origin":14280,"position":5},"title":"DETIENEN A MUJER QUE APU\u00d1AL\u00d3 A SU PAREJA CON UNA TIJERA","author":"Alejandro Sosa Ruda","date":"30 julio, 2021","format":false,"excerpt":"Ocurri\u00f3 ayer a la noche. La v\u00edctima, de 33 a\u00f1os, fue hallada por la polic\u00eda herida de gravedad en la vereda de un hostel del barrio La Perla. La mujer, de 39 a\u00f1os, fue imputada por \"lesiones agravadas\" y la tijera utilizada como arma fue secuestrada. MAR DEL PLATA -\u00a0\u2026","rel":"","context":"En \u00abINTERES GENERAL\u00bb","block_context":{"text":"INTERES GENERAL","link":"https:\/\/larevistadigital.com.ar\/blog\/category\/interes-general\/"},"img":{"alt_text":"","src":"https:\/\/i0.wp.com\/larevistadigital.com.ar\/blog\/wp-content\/uploads\/Captura-de-pantalla-2021-07-30-123942.png?fit=1012%2C661&ssl=1&resize=350%2C200","width":350,"height":200,"srcset":"https:\/\/i0.wp.com\/larevistadigital.com.ar\/blog\/wp-content\/uploads\/Captura-de-pantalla-2021-07-30-123942.png?fit=1012%2C661&ssl=1&resize=350%2C200 1x, https:\/\/i0.wp.com\/larevistadigital.com.ar\/blog\/wp-content\/uploads\/Captura-de-pantalla-2021-07-30-123942.png?fit=1012%2C661&ssl=1&resize=525%2C300 1.5x, https:\/\/i0.wp.com\/larevistadigital.com.ar\/blog\/wp-content\/uploads\/Captura-de-pantalla-2021-07-30-123942.png?fit=1012%2C661&ssl=1&resize=700%2C400 2x"},"classes":[]}],"_links":{"self":[{"href":"https:\/\/larevistadigital.com.ar\/blog\/wp-json\/wp\/v2\/posts\/14280","targetHints":{"allow":["GET"]}}],"collection":[{"href":"https:\/\/larevistadigital.com.ar\/blog\/wp-json\/wp\/v2\/posts"}],"about":[{"href":"https:\/\/larevistadigital.com.ar\/blog\/wp-json\/wp\/v2\/types\/post"}],"author":[{"embeddable":true,"href":"https:\/\/larevistadigital.com.ar\/blog\/wp-json\/wp\/v2\/users\/3"}],"replies":[{"embeddable":true,"href":"https:\/\/larevistadigital.com.ar\/blog\/wp-json\/wp\/v2\/comments?post=14280"}],"version-history":[{"count":2,"href":"https:\/\/larevistadigital.com.ar\/blog\/wp-json\/wp\/v2\/posts\/14280\/revisions"}],"predecessor-version":[{"id":14284,"href":"https:\/\/larevistadigital.com.ar\/blog\/wp-json\/wp\/v2\/posts\/14280\/revisions\/14284"}],"wp:featuredmedia":[{"embeddable":true,"href":"https:\/\/larevistadigital.com.ar\/blog\/wp-json\/wp\/v2\/media\/14281"}],"wp:attachment":[{"href":"https:\/\/larevistadigital.com.ar\/blog\/wp-json\/wp\/v2\/media?parent=14280"}],"wp:term":[{"taxonomy":"category","embeddable":true,"href":"https:\/\/larevistadigital.com.ar\/blog\/wp-json\/wp\/v2\/categories?post=14280"},{"taxonomy":"post_tag","embeddable":true,"href":"https:\/\/larevistadigital.com.ar\/blog\/wp-json\/wp\/v2\/tags?post=14280"}],"curies":[{"name":"wp","href":"https:\/\/api.w.org\/{rel}","templated":true}]}}