{"id":14285,"date":"2020-01-22T09:23:57","date_gmt":"2020-01-22T09:23:57","guid":{"rendered":"https:\/\/larevistadigital.com.ar\/blog\/?p=14285"},"modified":"2020-01-22T09:23:57","modified_gmt":"2020-01-22T09:23:57","slug":"llego-el-tan-esperado-modo-oscuro-a-whatsapp-aqui-como-podes-tenerlo-antes","status":"publish","type":"post","link":"https:\/\/larevistadigital.com.ar\/blog\/llego-el-tan-esperado-modo-oscuro-a-whatsapp-aqui-como-podes-tenerlo-antes\/","title":{"rendered":"LLEG\u00d3 EL TAN ESPERADO \u00abMODO OSCURO\u00bb A WHATSAPP. AQU\u00cd C\u00d3MO PODES TENERLO ANTES"},"content":{"rendered":"<h2><em>EL MODO OSCURO EN WHATSAPP YA EST\u00c1 DISPONIBLE. LA BETA PERMITE PASARLO\u00a0A MODO OSCURO Y AHORRAR BATER\u00cdA. C\u00d3MO FUNCIONA.\u00a0<\/em><\/h2>\n<p>Despu\u00e9s de muchas idas y vueltas,\u00a0<strong>lleg\u00f3 el \u00abmodo oscuro\u00bb a WhatsApp<\/strong>. La noticia es de las m\u00e1s esperadas por los usuarios porque\u00a0<strong>permitir\u00eda ahorrar bater\u00eda en una aplicaci\u00f3n de gran uso durante el d\u00eda<\/strong>\u00a0y que consume muchos recursos.<\/p>\n<p><strong>La idea es pasar del blanco a un gris oscuro, con las letras solamente permaneciendo en color blanco.\u00a0<\/strong><\/p>\n<h3 style=\"text-align: center\">As\u00ed se activa el Modo Oscuro<\/h3>\n<p>El modo oscuro por ahora\u00a0<strong>solo est\u00e1 disponible para la versi\u00f3n beta<\/strong>\u00a0de la aplicaci\u00f3n Android. Por ahora,<strong>\u00a0la versi\u00f3n solo est\u00e1 disponible en beta pero ya se puede instalar en caso de aplicar para convertirse en beta tester.<\/strong>\u00a0No es sencillo ya que el link\u00a0para inscribirse no siempre acepta nuevos integrantes.<\/p>\n<p><strong><img data-recalc-dims=\"1\" loading=\"lazy\" decoding=\"async\" class=\"size-full wp-image-14287 alignright\" src=\"https:\/\/i0.wp.com\/larevistadigital.com.ar\/blog\/wp-content\/uploads\/wamodooscuro_jpg_512001916.jpg_2131793619.jpg?resize=638%2C335&#038;ssl=1\" alt=\"\" width=\"638\" height=\"335\" srcset=\"https:\/\/i0.wp.com\/larevistadigital.com.ar\/blog\/wp-content\/uploads\/wamodooscuro_jpg_512001916.jpg_2131793619.jpg?w=638&amp;ssl=1 638w, https:\/\/i0.wp.com\/larevistadigital.com.ar\/blog\/wp-content\/uploads\/wamodooscuro_jpg_512001916.jpg_2131793619.jpg?resize=300%2C158&amp;ssl=1 300w\" sizes=\"auto, (max-width: 638px) 100vw, 638px\" \/>En caso de s\u00ed lograr convertirse en beta tester, hay que\u00a0 ir hasta Google Play, buscar WhatsApp y actualizar a la \u00faltima versi\u00f3n (2.20.13). Se abre, luego, la app y se entra a Ajustes. Luego la opci\u00f3n Chats. Cuando se ve la pesta\u00f1a \u00abTemas\u00bb reci\u00e9n ah\u00ed se podr\u00e1 presionar la versi\u00f3n oscuro.\u00a0<\/strong><\/p>\n<h3>Por qu\u00e9 pasarse al Modo Oscuro<\/h3>\n<p>No es un capricho ni una cuesti\u00f3n de gustos.\u00a0<strong>Hay razones de peso para pasarse al Modo Oscuro de WhatsApp. Es uno de los recursos que m\u00e1s bater\u00eda \u00abchupan\u00bb en su versi\u00f3n tradicional.\u00a0<\/strong>Este recurso permitir\u00eda tener a los celulares, especialmente los m\u00e1s viejos,<strong>\u00a0mayor autonom\u00eda<\/strong>\u00a0en la bater\u00eda.<\/p>\n<p><strong>Para los que todav\u00eda no tienen la opci\u00f3n del Lado Oscuro, hay un truquito para que WhatsApp en blanco consuma menos recursos<\/strong>. Es, b\u00e1sicamente,\u00a0<strong>bajar el brillo del a pantalla<\/strong>\u00a0a lo m\u00e1s tolerable posible y as\u00ed consumir en modo \u00abemergencia\u00bb la bater\u00eda.<\/p>\n<p>PUBLICADO EN INFO TECHNOLOGY<\/p>\n","protected":false},"excerpt":{"rendered":"<div class=\"mh-excerpt\"><p>EL MODO OSCURO EN WHATSAPP YA EST\u00c1 DISPONIBLE. LA BETA PERMITE PASARLO\u00a0A MODO OSCURO Y AHORRAR BATER\u00cdA. C\u00d3MO FUNCIONA.\u00a0 Despu\u00e9s de muchas idas y vueltas,\u00a0lleg\u00f3 el \u00abmodo oscuro\u00bb a WhatsApp. La noticia es de las <a class=\"mh-excerpt-more\" href=\"https:\/\/larevistadigital.com.ar\/blog\/llego-el-tan-esperado-modo-oscuro-a-whatsapp-aqui-como-podes-tenerlo-antes\/\" title=\"LLEG\u00d3 EL TAN ESPERADO \u00abMODO OSCURO\u00bb A WHATSAPP. AQU\u00cd C\u00d3MO PODES TENERLO ANTES\">[Leer M\u00e1s]<\/a><\/p>\n<\/div>","protected":false},"author":3,"featured_media":14286,"comment_status":"open","ping_status":"open","sticky":false,"template":"","format":"standard","meta":{"_jetpack_memberships_contains_paid_content":false,"footnotes":"","jetpack_publicize_message":"","jetpack_publicize_feature_enabled":true,"jetpack_social_post_already_shared":true,"jetpack_social_options":{"image_generator_settings":{"template":"highway","default_image_id":0,"font":"","enabled":false},"version":2}},"categories":[51,13],"tags":[],"class_list":{"0":"post-14285","1":"post","2":"type-post","3":"status-publish","4":"format-standard","5":"has-post-thumbnail","7":"category-regionales","8":"category-tecnologia"},"jetpack_publicize_connections":[],"jetpack_featured_media_url":"https:\/\/i0.wp.com\/larevistadigital.com.ar\/blog\/wp-content\/uploads\/darthsap_x1x_1_jpg_1917179645.jpg_1484051676.jpg?fit=875%2C471&ssl=1","jetpack_sharing_enabled":true,"jetpack_shortlink":"https:\/\/wp.me\/p8qtrQ-3Ip","jetpack-related-posts":[{"id":11685,"url":"https:\/\/larevistadigital.com.ar\/blog\/whatsapp-incorpora-el-modo-oscuro-de-que-se-trata\/","url_meta":{"origin":14285,"position":0},"title":"WHATSAPP INCORPORA EL \u00abMODO OSCURO\u00bb. \u00bfDE QU\u00c9 SE TRATA?","author":"Alejandro Sosa Ruda","date":"2 agosto, 2019","format":false,"excerpt":"Es una funci\u00f3n muy reclamada por usuarios de la mensajer\u00eda WhatsApp anunci\u00f3 que en la pr\u00f3xima actualizaci\u00f3n la aplicaci\u00f3n habilitar\u00e1 el\u201cmodo oscuro\u201d. Se trata de un reclamo de varios usuarios, en especial los que utilizan mucho el servicio de mensajer\u00eda de noche. Esta funci\u00f3n permite\u00a0ahorrar energ\u00eda y ayuda a no\u2026","rel":"","context":"En \u00abINTERES GENERAL\u00bb","block_context":{"text":"INTERES GENERAL","link":"https:\/\/larevistadigital.com.ar\/blog\/category\/interes-general\/"},"img":{"alt_text":"","src":"https:\/\/i0.wp.com\/larevistadigital.com.ar\/blog\/wp-content\/uploads\/Screenshot_3-12.jpg?fit=1039%2C579&ssl=1&resize=350%2C200","width":350,"height":200,"srcset":"https:\/\/i0.wp.com\/larevistadigital.com.ar\/blog\/wp-content\/uploads\/Screenshot_3-12.jpg?fit=1039%2C579&ssl=1&resize=350%2C200 1x, https:\/\/i0.wp.com\/larevistadigital.com.ar\/blog\/wp-content\/uploads\/Screenshot_3-12.jpg?fit=1039%2C579&ssl=1&resize=525%2C300 1.5x, https:\/\/i0.wp.com\/larevistadigital.com.ar\/blog\/wp-content\/uploads\/Screenshot_3-12.jpg?fit=1039%2C579&ssl=1&resize=700%2C400 2x"},"classes":[]},{"id":9464,"url":"https:\/\/larevistadigital.com.ar\/blog\/atencion-virus-que-circula-por-whatsapp\/","url_meta":{"origin":14285,"position":1},"title":"ATENCI\u00d3N: VIRUS QUE CIRCULA POR WHATSAPP","author":"Alejandro Sosa Ruda","date":"31 marzo, 2019","format":false,"excerpt":"Investigadores en seguridad inform\u00e1tica advirtieron que un mensaje que circula por Whatsapp ofreciendo acceder a varios colores para personalizar la aplicaci\u00f3n, en realidad es un enga\u00f1o que instala en secreto un \"troyano\" y llena de publicidades los tel\u00e9fonos afectados. \"Cambie el color del Whatsapp\", dice el mensaje que llega de\u2026","rel":"","context":"En \u00abPOLITICA\u00bb","block_context":{"text":"POLITICA","link":"https:\/\/larevistadigital.com.ar\/blog\/category\/politica\/"},"img":{"alt_text":"","src":"https:\/\/i0.wp.com\/larevistadigital.com.ar\/blog\/wp-content\/uploads\/2019\/03\/Screenshot_3-7.jpg?fit=1152%2C562&ssl=1&resize=350%2C200","width":350,"height":200,"srcset":"https:\/\/i0.wp.com\/larevistadigital.com.ar\/blog\/wp-content\/uploads\/2019\/03\/Screenshot_3-7.jpg?fit=1152%2C562&ssl=1&resize=350%2C200 1x, https:\/\/i0.wp.com\/larevistadigital.com.ar\/blog\/wp-content\/uploads\/2019\/03\/Screenshot_3-7.jpg?fit=1152%2C562&ssl=1&resize=525%2C300 1.5x, https:\/\/i0.wp.com\/larevistadigital.com.ar\/blog\/wp-content\/uploads\/2019\/03\/Screenshot_3-7.jpg?fit=1152%2C562&ssl=1&resize=700%2C400 2x, https:\/\/i0.wp.com\/larevistadigital.com.ar\/blog\/wp-content\/uploads\/2019\/03\/Screenshot_3-7.jpg?fit=1152%2C562&ssl=1&resize=1050%2C600 3x"},"classes":[]},{"id":38408,"url":"https:\/\/larevistadigital.com.ar\/blog\/el-uso-correcto-de-los-contenedores-contribuye-a-un-espacio-publico-mas-limpio\/","url_meta":{"origin":14285,"position":2},"title":"El uso correcto de los contenedores contribuye a un espacio p\u00fablico m\u00e1s limpio","author":"Alejandro Sosa Ruda","date":"8 enero, 2025","format":false,"excerpt":"La colaboraci\u00f3n de toda la comunidad es fundamental para mantener limpias las calles de Chascom\u00fas y contribuir a un ambiente saludable para todos. 08 de Enero de 2025 CHASCOM\u00daS -\u00a0 Chascom\u00fas cuenta con un sistema de contenerizaci\u00f3n destinado a mantener la ciudad limpia y promover el reciclaje. En cada esquina,\u2026","rel":"","context":"En \u00abCHASCOM\u00daS\u00bb","block_context":{"text":"CHASCOM\u00daS","link":"https:\/\/larevistadigital.com.ar\/blog\/category\/chascomus\/"},"img":{"alt_text":"","src":"https:\/\/i0.wp.com\/larevistadigital.com.ar\/blog\/wp-content\/uploads\/677d5f0896782.png?fit=668%2C445&ssl=1&resize=350%2C200","width":350,"height":200,"srcset":"https:\/\/i0.wp.com\/larevistadigital.com.ar\/blog\/wp-content\/uploads\/677d5f0896782.png?fit=668%2C445&ssl=1&resize=350%2C200 1x, https:\/\/i0.wp.com\/larevistadigital.com.ar\/blog\/wp-content\/uploads\/677d5f0896782.png?fit=668%2C445&ssl=1&resize=525%2C300 1.5x"},"classes":[]},{"id":2879,"url":"https:\/\/larevistadigital.com.ar\/blog\/super-truco-como-convertir-a-texto-los-mensajes-de-voz-de-whatsapp\/","url_meta":{"origin":14285,"position":3},"title":"Super truco: c\u00f3mo convertir a texto los mensajes de voz de Whatsapp","author":"admin","date":"3 agosto, 2017","format":false,"excerpt":"La aplicaci\u00f3n\u00a0Whatsapp\u00a0solucion\u00f3 una serie de cuestiones cotidianas de la\u00a0comunicaci\u00f3n\u00a0pero, sin embargo, el uso de mensajes de voz no siempre es tan bienvenido como se cree. Por ello, la aparici\u00f3n de\u00a0una app que transforma elaudio en texto\u00a0es una de las grandes noticias geek de estos tiempos. La app en cuesti\u00f3n tiene\u2026","rel":"","context":"En \u00abTECNOLOGIA\u00bb","block_context":{"text":"TECNOLOGIA","link":"https:\/\/larevistadigital.com.ar\/blog\/category\/tecnologia\/"},"img":{"alt_text":"","src":"https:\/\/i0.wp.com\/larevistadigital.com.ar\/blog\/wp-content\/uploads\/2017\/08\/595279d850c47.jpg?fit=554%2C346&ssl=1&resize=350%2C200","width":350,"height":200,"srcset":"https:\/\/i0.wp.com\/larevistadigital.com.ar\/blog\/wp-content\/uploads\/2017\/08\/595279d850c47.jpg?fit=554%2C346&ssl=1&resize=350%2C200 1x, https:\/\/i0.wp.com\/larevistadigital.com.ar\/blog\/wp-content\/uploads\/2017\/08\/595279d850c47.jpg?fit=554%2C346&ssl=1&resize=525%2C300 1.5x"},"classes":[]},{"id":11964,"url":"https:\/\/larevistadigital.com.ar\/blog\/horroroso-mato-a-su-novia-y-la-enterro-en-el-patio\/","url_meta":{"origin":14285,"position":4},"title":"HORROROSO: MAT\u00d3 A SU NOVIA Y LA ENTERR\u00d3 EN EL PATIO","author":"Alejandro Sosa Ruda","date":"21 agosto, 2019","format":false,"excerpt":"Mar\u00eda Magdalena Moreira ten\u00eda 16 a\u00f1os. El femicida se sacaba fotos golpe\u00e1ndola. CHACO - Un femicidio m\u00e1s, y van... El cuerpo de la adolescente chaque\u00f1a de 16 a\u00f1os\u00a0Mar\u00eda Magdalena Moreira, que estaba desaparecida desde el 12 de agosto, fue hallado enterrado en el patio de la casa de\u00a0su\u00a0novio,\u00a0Facundo David Narciso,\u2026","rel":"","context":"En \u00abINTERES GENERAL\u00bb","block_context":{"text":"INTERES GENERAL","link":"https:\/\/larevistadigital.com.ar\/blog\/category\/interes-general\/"},"img":{"alt_text":"","src":"https:\/\/i0.wp.com\/larevistadigital.com.ar\/blog\/wp-content\/uploads\/214042w250.jpg?fit=600%2C562&ssl=1&resize=350%2C200","width":350,"height":200,"srcset":"https:\/\/i0.wp.com\/larevistadigital.com.ar\/blog\/wp-content\/uploads\/214042w250.jpg?fit=600%2C562&ssl=1&resize=350%2C200 1x, https:\/\/i0.wp.com\/larevistadigital.com.ar\/blog\/wp-content\/uploads\/214042w250.jpg?fit=600%2C562&ssl=1&resize=525%2C300 1.5x"},"classes":[]},{"id":39510,"url":"https:\/\/larevistadigital.com.ar\/blog\/chascomus-mas-limpia\/","url_meta":{"origin":14285,"position":5},"title":"Chascom\u00fas m\u00e1s limpia","author":"Alejandro Sosa Ruda","date":"23 abril, 2025","format":false,"excerpt":"El sistema de contenedores permite ordenar la ciudad, suma a la econom\u00eda circular e invita a construir comunidad con responsabilidad social 23 De Abril de 2025 CHASCOM\u00daS -\u00a0 El sistema de separaci\u00f3n de residuos con el que cuenta la ciudad, es simple y f\u00e1cil de sostener en el tiempo. Entender\u2026","rel":"","context":"En \u00abCHASCOM\u00daS\u00bb","block_context":{"text":"CHASCOM\u00daS","link":"https:\/\/larevistadigital.com.ar\/blog\/category\/chascomus\/"},"img":{"alt_text":"","src":"https:\/\/i0.wp.com\/larevistadigital.com.ar\/blog\/wp-content\/uploads\/68091cc0f2369.png?fit=668%2C445&ssl=1&resize=350%2C200","width":350,"height":200,"srcset":"https:\/\/i0.wp.com\/larevistadigital.com.ar\/blog\/wp-content\/uploads\/68091cc0f2369.png?fit=668%2C445&ssl=1&resize=350%2C200 1x, https:\/\/i0.wp.com\/larevistadigital.com.ar\/blog\/wp-content\/uploads\/68091cc0f2369.png?fit=668%2C445&ssl=1&resize=525%2C300 1.5x"},"classes":[]}],"_links":{"self":[{"href":"https:\/\/larevistadigital.com.ar\/blog\/wp-json\/wp\/v2\/posts\/14285","targetHints":{"allow":["GET"]}}],"collection":[{"href":"https:\/\/larevistadigital.com.ar\/blog\/wp-json\/wp\/v2\/posts"}],"about":[{"href":"https:\/\/larevistadigital.com.ar\/blog\/wp-json\/wp\/v2\/types\/post"}],"author":[{"embeddable":true,"href":"https:\/\/larevistadigital.com.ar\/blog\/wp-json\/wp\/v2\/users\/3"}],"replies":[{"embeddable":true,"href":"https:\/\/larevistadigital.com.ar\/blog\/wp-json\/wp\/v2\/comments?post=14285"}],"version-history":[{"count":1,"href":"https:\/\/larevistadigital.com.ar\/blog\/wp-json\/wp\/v2\/posts\/14285\/revisions"}],"predecessor-version":[{"id":14288,"href":"https:\/\/larevistadigital.com.ar\/blog\/wp-json\/wp\/v2\/posts\/14285\/revisions\/14288"}],"wp:featuredmedia":[{"embeddable":true,"href":"https:\/\/larevistadigital.com.ar\/blog\/wp-json\/wp\/v2\/media\/14286"}],"wp:attachment":[{"href":"https:\/\/larevistadigital.com.ar\/blog\/wp-json\/wp\/v2\/media?parent=14285"}],"wp:term":[{"taxonomy":"category","embeddable":true,"href":"https:\/\/larevistadigital.com.ar\/blog\/wp-json\/wp\/v2\/categories?post=14285"},{"taxonomy":"post_tag","embeddable":true,"href":"https:\/\/larevistadigital.com.ar\/blog\/wp-json\/wp\/v2\/tags?post=14285"}],"curies":[{"name":"wp","href":"https:\/\/api.w.org\/{rel}","templated":true}]}}