{"id":14291,"date":"2020-01-23T07:41:59","date_gmt":"2020-01-23T07:41:59","guid":{"rendered":"https:\/\/larevistadigital.com.ar\/blog\/?p=14291"},"modified":"2020-01-23T07:41:59","modified_gmt":"2020-01-23T07:41:59","slug":"toro-suelto-causa-accidente-en-la-ruta-2-hay-3-heridos","status":"publish","type":"post","link":"https:\/\/larevistadigital.com.ar\/blog\/toro-suelto-causa-accidente-en-la-ruta-2-hay-3-heridos\/","title":{"rendered":"TORO SUELTO CAUSA ACCIDENTE EN LA RUTA 2: HAY 3 HERIDOS"},"content":{"rendered":"<h2><em>Ocurri\u00f3 en horas de la madrugada de este jueves. Una camioneta embisti\u00f3 al animal, que qued\u00f3 tendido en la calzada y luego tambi\u00e9n fue impactado por un cami\u00f3n, que a su vez colision\u00f3 con una ambulancia y volc\u00f3.<\/em><\/h2>\n<p>Un toro suelto caus\u00f3 un triple choque en la ruta 2 y por el hecho tres hombres sufrieron heridas de distinta consideraci\u00f3n y\u00a0<strong>permanecen internados en el Hospital Interzonal General de Agudos (HIGA).<\/strong><\/p>\n<p>Todo ocurri\u00f3 en horas de la madrugada de este jueves, cuando un veh\u00edculo marca Ford Ecosport en el que viajaban un joven de 24 a\u00f1os y su madre embisti\u00f3 al animal, que qued\u00f3 tendido en la autov\u00eda, a la altura del kil\u00f3metro 332,5.<\/p>\n<blockquote>\n<h3>Pocos segundos despu\u00e9s,\u00a0<strong>un cami\u00f3n que transportaba harina tambi\u00e9n impact\u00f3 al bovino,<\/strong>\u00a0lo que provoc\u00f3 que su chofer perdiera el control del volante y volcara, siendo colisionado adem\u00e1s por una ambulancia en la que viajaban dos hombres.<\/h3>\n<\/blockquote>\n<p>El hecho produjo la muerte instant\u00e1nea del toro y los dos profesionales de la salud que iban en el \u00faltimo de los rodados sufrieron heridas de distinta consideraci\u00f3n, al igual que el camionero, por lo que fueron trasladados al HIGA. En tanto,\u00a0<strong>madre e hijo que circulaban en el primero de los veh\u00edculos est\u00e1n fuera de peligro.<\/strong><\/p>\n<p>En el sitio donde se produjeron los choques se present\u00f3 personal de Aubasa (Autopistas de Buenos Aires) y del destacamento vial de Coronel Vidal, ya que el accidente ocurri\u00f3 entre esa localidad y General Pir\u00e1n, en el Partido de Mar Chiquita. Como el cargamento de harina del cami\u00f3n qued\u00f3 tendido sobre la calzada, los trabajadores debieron interrumpir parcialmente el tr\u00e1nsito de los veh\u00edculos y desviarlo al carril contrario de la ruta 2, entre los kil\u00f3metros 332 y 334.<\/p>\n<p>publicado en LC<\/p>\n","protected":false},"excerpt":{"rendered":"<div class=\"mh-excerpt\"><p>Ocurri\u00f3 en horas de la madrugada de este jueves. Una camioneta embisti\u00f3 al animal, que qued\u00f3 tendido en la calzada y luego tambi\u00e9n fue impactado por un cami\u00f3n, que a su vez colision\u00f3 con una <a class=\"mh-excerpt-more\" href=\"https:\/\/larevistadigital.com.ar\/blog\/toro-suelto-causa-accidente-en-la-ruta-2-hay-3-heridos\/\" title=\"TORO SUELTO CAUSA ACCIDENTE EN LA RUTA 2: HAY 3 HERIDOS\">[Leer M\u00e1s]<\/a><\/p>\n<\/div>","protected":false},"author":3,"featured_media":14292,"comment_status":"open","ping_status":"open","sticky":false,"template":"","format":"standard","meta":{"_jetpack_memberships_contains_paid_content":false,"footnotes":"","jetpack_publicize_message":"","jetpack_publicize_feature_enabled":true,"jetpack_social_post_already_shared":true,"jetpack_social_options":{"image_generator_settings":{"template":"highway","default_image_id":0,"font":"","enabled":false},"version":2}},"categories":[41],"tags":[],"class_list":{"0":"post-14291","1":"post","2":"type-post","3":"status-publish","4":"format-standard","5":"has-post-thumbnail","7":"category-destacadas"},"jetpack_publicize_connections":[],"jetpack_featured_media_url":"https:\/\/i0.wp.com\/larevistadigital.com.ar\/blog\/wp-content\/uploads\/Screenshot_1-87.jpg?fit=843%2C472&ssl=1","jetpack_sharing_enabled":true,"jetpack_shortlink":"https:\/\/wp.me\/p8qtrQ-3Iv","jetpack-related-posts":[{"id":14295,"url":"https:\/\/larevistadigital.com.ar\/blog\/identificaron-e-imputaron-al-dueno-del-toro-que-ocasiono-el-accidente\/","url_meta":{"origin":14291,"position":0},"title":"IDENTIFICARON E IMPUTARON AL DUE\u00d1O DEL TORO QUE OCASION\u00d3 EL ACCIDENTE","author":"Alejandro Sosa Ruda","date":"23 enero, 2020","format":false,"excerpt":"Se trata de un ciudadano de General Pir\u00e1n, propietario del campo del que se escap\u00f3 el animal. Se sospecha que habr\u00eda saltado el alambrado. El due\u00f1o del campo del que se escap\u00f3 el toro que caus\u00f3 el grave accidente en la ruta 2\u00a0fue identificado este jueves a la ma\u00f1ana e\u2026","rel":"","context":"En \u00abDESTACADAS\u00bb","block_context":{"text":"DESTACADAS","link":"https:\/\/larevistadigital.com.ar\/blog\/category\/destacadas\/"},"img":{"alt_text":"","src":"https:\/\/i0.wp.com\/larevistadigital.com.ar\/blog\/wp-content\/uploads\/3181691w380.jpg?fit=600%2C399&ssl=1&resize=350%2C200","width":350,"height":200,"srcset":"https:\/\/i0.wp.com\/larevistadigital.com.ar\/blog\/wp-content\/uploads\/3181691w380.jpg?fit=600%2C399&ssl=1&resize=350%2C200 1x, https:\/\/i0.wp.com\/larevistadigital.com.ar\/blog\/wp-content\/uploads\/3181691w380.jpg?fit=600%2C399&ssl=1&resize=525%2C300 1.5x"},"classes":[]},{"id":42600,"url":"https:\/\/larevistadigital.com.ar\/blog\/ruta-2-un-auto-embistio-a-un-carpincho-que-cruzaba-la-ruta\/","url_meta":{"origin":14291,"position":1},"title":"Ruta 2: Un auto embisti\u00f3 a un carpincho que cruzaba la ruta","author":"Alejandro Sosa Ruda","date":"24 noviembre, 2025","format":false,"excerpt":"Ocurri\u00f3 a la altura de Vivorat\u00e1. Los cinco ocupantes del veh\u00edculo resultaron ilesos, mientras que el animal muri\u00f3 en el acto. 24 de Noviembre de 2025 MAR CHIQUITA -\u00a0 \u00a0Un autom\u00f3vil Peugeot 308 sufri\u00f3 da\u00f1os de consideraci\u00f3n este s\u00e1bado por la madrugada, luego de chocar contra un carpincho de gran\u2026","rel":"","context":"En \u00abPOLICIALES\u00bb","block_context":{"text":"POLICIALES","link":"https:\/\/larevistadigital.com.ar\/blog\/category\/policiales\/"},"img":{"alt_text":"","src":"https:\/\/i0.wp.com\/larevistadigital.com.ar\/blog\/wp-content\/uploads\/3fd82325ba45e598690f5cdce57be598dde177a1.jpg?fit=1140%2C622&ssl=1&resize=350%2C200","width":350,"height":200,"srcset":"https:\/\/i0.wp.com\/larevistadigital.com.ar\/blog\/wp-content\/uploads\/3fd82325ba45e598690f5cdce57be598dde177a1.jpg?fit=1140%2C622&ssl=1&resize=350%2C200 1x, https:\/\/i0.wp.com\/larevistadigital.com.ar\/blog\/wp-content\/uploads\/3fd82325ba45e598690f5cdce57be598dde177a1.jpg?fit=1140%2C622&ssl=1&resize=525%2C300 1.5x, https:\/\/i0.wp.com\/larevistadigital.com.ar\/blog\/wp-content\/uploads\/3fd82325ba45e598690f5cdce57be598dde177a1.jpg?fit=1140%2C622&ssl=1&resize=700%2C400 2x, https:\/\/i0.wp.com\/larevistadigital.com.ar\/blog\/wp-content\/uploads\/3fd82325ba45e598690f5cdce57be598dde177a1.jpg?fit=1140%2C622&ssl=1&resize=1050%2C600 3x"},"classes":[]},{"id":44669,"url":"https:\/\/larevistadigital.com.ar\/blog\/tragedia-en-ruta-2-un-hombre-murio-atropellado-por-un-camion-en-brandsen\/","url_meta":{"origin":14291,"position":2},"title":"Tragedia en Ruta 2: un hombre muri\u00f3 atropellado por un cami\u00f3n en Brandsen","author":"Alejandro Sosa Ruda","date":"23 marzo, 2026","format":false,"excerpt":"El hecho ocurri\u00f3 a la altura del kil\u00f3metro 50, en sentido a la Costa Atl\u00e1ntica. La v\u00edctima falleci\u00f3 en el lugar y el conductor del veh\u00edculo result\u00f3 ileso. 23 de Marzo de 2026 BRANDSEN -\u00a0 \u00a0Un nuevo y tr\u00e1gico accidente vial se registr\u00f3 en las \u00faltimas horas sobre la Ruta\u2026","rel":"","context":"En \u00abPOLICIALES\u00bb","block_context":{"text":"POLICIALES","link":"https:\/\/larevistadigital.com.ar\/blog\/category\/policiales\/"},"img":{"alt_text":"","src":"https:\/\/i0.wp.com\/larevistadigital.com.ar\/blog\/wp-content\/uploads\/0306918813d30b29a629495ccd854201b84b941f.jpg?fit=1140%2C807&ssl=1&resize=350%2C200","width":350,"height":200,"srcset":"https:\/\/i0.wp.com\/larevistadigital.com.ar\/blog\/wp-content\/uploads\/0306918813d30b29a629495ccd854201b84b941f.jpg?fit=1140%2C807&ssl=1&resize=350%2C200 1x, https:\/\/i0.wp.com\/larevistadigital.com.ar\/blog\/wp-content\/uploads\/0306918813d30b29a629495ccd854201b84b941f.jpg?fit=1140%2C807&ssl=1&resize=525%2C300 1.5x, https:\/\/i0.wp.com\/larevistadigital.com.ar\/blog\/wp-content\/uploads\/0306918813d30b29a629495ccd854201b84b941f.jpg?fit=1140%2C807&ssl=1&resize=700%2C400 2x, https:\/\/i0.wp.com\/larevistadigital.com.ar\/blog\/wp-content\/uploads\/0306918813d30b29a629495ccd854201b84b941f.jpg?fit=1140%2C807&ssl=1&resize=1050%2C600 3x"},"classes":[]},{"id":24336,"url":"https:\/\/larevistadigital.com.ar\/blog\/lezama-accidente-fatal-en-la-ruta-2-por-choque-entre-un-camion-y-un-auto\/","url_meta":{"origin":14291,"position":3},"title":"LEZAMA: ACCIDENTE FATAL EN LA RUTA 2 POR CHOQUE ENTRE UN CAMI\u00d3N Y UN AUTO","author":"Alejandro Sosa Ruda","date":"4 marzo, 2022","format":false,"excerpt":"El siniestro provoc\u00f3 un muerto y tres heridos graves. LEZAMA -\u00a0 El accidente fue protagonizado por un autom\u00f3vil Chevrolet Cruze que embisti\u00f3 la parte trasera de un cami\u00f3n Dodge 1000, en la Ruta Provincial N\u00b0 2, en el kil\u00f3metro 160, en jurisdicci\u00f3n del partido de Lezama, sentido hacia la Ciudad\u2026","rel":"","context":"En \u00abLEZAMA\u00bb","block_context":{"text":"LEZAMA","link":"https:\/\/larevistadigital.com.ar\/blog\/category\/lezama\/"},"img":{"alt_text":"","src":"https:\/\/i0.wp.com\/larevistadigital.com.ar\/blog\/wp-content\/uploads\/274990046_3038607069735160_7660224162669634410_n.jpg?fit=1029%2C686&ssl=1&resize=350%2C200","width":350,"height":200,"srcset":"https:\/\/i0.wp.com\/larevistadigital.com.ar\/blog\/wp-content\/uploads\/274990046_3038607069735160_7660224162669634410_n.jpg?fit=1029%2C686&ssl=1&resize=350%2C200 1x, https:\/\/i0.wp.com\/larevistadigital.com.ar\/blog\/wp-content\/uploads\/274990046_3038607069735160_7660224162669634410_n.jpg?fit=1029%2C686&ssl=1&resize=525%2C300 1.5x, https:\/\/i0.wp.com\/larevistadigital.com.ar\/blog\/wp-content\/uploads\/274990046_3038607069735160_7660224162669634410_n.jpg?fit=1029%2C686&ssl=1&resize=700%2C400 2x"},"classes":[]},{"id":34972,"url":"https:\/\/larevistadigital.com.ar\/blog\/ruta-2-despiste-y-vuelco-de-un-camion-cerca-de-chascomus\/","url_meta":{"origin":14291,"position":4},"title":"RUTA 2: DESPISTE Y VUELCO DE UN CAMI\u00d3N CERCA DE CHASCOM\u00daS","author":"Alejandro Sosa Ruda","date":"3 enero, 2024","format":false,"excerpt":"A\u00fan se desconocen las razones por las cuales perdi\u00f3 el control de su enorme veh\u00edculo en plena Ruta 2, a la altura de Chascom\u00fas. 03 de diciembre de 2023 CHASCOM\u00daS -\u00a0 \u00a0Un tremendo accidente de tr\u00e1nsito se produjo durante las \u00faltimas horas en la Ruta 2 a la altura de\u2026","rel":"","context":"En \u00abPOLICIALES\u00bb","block_context":{"text":"POLICIALES","link":"https:\/\/larevistadigital.com.ar\/blog\/category\/policiales\/"},"img":{"alt_text":"","src":"https:\/\/i0.wp.com\/larevistadigital.com.ar\/blog\/wp-content\/uploads\/Captura-de-pantalla-2024-01-03-122301.png?fit=888%2C440&ssl=1&resize=350%2C200","width":350,"height":200,"srcset":"https:\/\/i0.wp.com\/larevistadigital.com.ar\/blog\/wp-content\/uploads\/Captura-de-pantalla-2024-01-03-122301.png?fit=888%2C440&ssl=1&resize=350%2C200 1x, https:\/\/i0.wp.com\/larevistadigital.com.ar\/blog\/wp-content\/uploads\/Captura-de-pantalla-2024-01-03-122301.png?fit=888%2C440&ssl=1&resize=525%2C300 1.5x, https:\/\/i0.wp.com\/larevistadigital.com.ar\/blog\/wp-content\/uploads\/Captura-de-pantalla-2024-01-03-122301.png?fit=888%2C440&ssl=1&resize=700%2C400 2x"},"classes":[]},{"id":16053,"url":"https:\/\/larevistadigital.com.ar\/blog\/camion-se-quedo-sin-frenos-y-embistio-un-auto-y-un-surtidor-de-nafta-en-una-estacion-de-servicio\/","url_meta":{"origin":14291,"position":5},"title":"CAMI\u00d3N SE QUED\u00d3 SIN FRENOS Y EMBISTI\u00d3 UN AUTO Y UN SURTIDOR DE NAFTA EN UNA ESTACI\u00d3N DE SERVICIO","author":"Alejandro Sosa Ruda","date":"18 agosto, 2020","format":false,"excerpt":"Nuestro cronista Juan Lemik, nos env\u00eda fotos de un siniestro ocurrido hace apenas un rato, y que podr\u00eda haber terminado en tragedia. El hecho, sucedi\u00f3 hace instantes en Avenida Libertador y Cerrito, donde el cami\u00f3n se qued\u00f3 sin frenos y embisti\u00f3 fuertemente a otro autom\u00f3vil que se encontraba cargando combustible\u2026","rel":"","context":"En \u00abDESTACADAS\u00bb","block_context":{"text":"DESTACADAS","link":"https:\/\/larevistadigital.com.ar\/blog\/category\/destacadas\/"},"img":{"alt_text":"","src":"https:\/\/i0.wp.com\/larevistadigital.com.ar\/blog\/wp-content\/uploads\/WhatsApp-Image-2020-08-18-at-10.45.01.jpeg?fit=1156%2C868&ssl=1&resize=350%2C200","width":350,"height":200,"srcset":"https:\/\/i0.wp.com\/larevistadigital.com.ar\/blog\/wp-content\/uploads\/WhatsApp-Image-2020-08-18-at-10.45.01.jpeg?fit=1156%2C868&ssl=1&resize=350%2C200 1x, https:\/\/i0.wp.com\/larevistadigital.com.ar\/blog\/wp-content\/uploads\/WhatsApp-Image-2020-08-18-at-10.45.01.jpeg?fit=1156%2C868&ssl=1&resize=525%2C300 1.5x, https:\/\/i0.wp.com\/larevistadigital.com.ar\/blog\/wp-content\/uploads\/WhatsApp-Image-2020-08-18-at-10.45.01.jpeg?fit=1156%2C868&ssl=1&resize=700%2C400 2x, https:\/\/i0.wp.com\/larevistadigital.com.ar\/blog\/wp-content\/uploads\/WhatsApp-Image-2020-08-18-at-10.45.01.jpeg?fit=1156%2C868&ssl=1&resize=1050%2C600 3x"},"classes":[]}],"_links":{"self":[{"href":"https:\/\/larevistadigital.com.ar\/blog\/wp-json\/wp\/v2\/posts\/14291","targetHints":{"allow":["GET"]}}],"collection":[{"href":"https:\/\/larevistadigital.com.ar\/blog\/wp-json\/wp\/v2\/posts"}],"about":[{"href":"https:\/\/larevistadigital.com.ar\/blog\/wp-json\/wp\/v2\/types\/post"}],"author":[{"embeddable":true,"href":"https:\/\/larevistadigital.com.ar\/blog\/wp-json\/wp\/v2\/users\/3"}],"replies":[{"embeddable":true,"href":"https:\/\/larevistadigital.com.ar\/blog\/wp-json\/wp\/v2\/comments?post=14291"}],"version-history":[{"count":1,"href":"https:\/\/larevistadigital.com.ar\/blog\/wp-json\/wp\/v2\/posts\/14291\/revisions"}],"predecessor-version":[{"id":14293,"href":"https:\/\/larevistadigital.com.ar\/blog\/wp-json\/wp\/v2\/posts\/14291\/revisions\/14293"}],"wp:featuredmedia":[{"embeddable":true,"href":"https:\/\/larevistadigital.com.ar\/blog\/wp-json\/wp\/v2\/media\/14292"}],"wp:attachment":[{"href":"https:\/\/larevistadigital.com.ar\/blog\/wp-json\/wp\/v2\/media?parent=14291"}],"wp:term":[{"taxonomy":"category","embeddable":true,"href":"https:\/\/larevistadigital.com.ar\/blog\/wp-json\/wp\/v2\/categories?post=14291"},{"taxonomy":"post_tag","embeddable":true,"href":"https:\/\/larevistadigital.com.ar\/blog\/wp-json\/wp\/v2\/tags?post=14291"}],"curies":[{"name":"wp","href":"https:\/\/api.w.org\/{rel}","templated":true}]}}