{"id":14295,"date":"2020-01-23T09:00:05","date_gmt":"2020-01-23T09:00:05","guid":{"rendered":"https:\/\/larevistadigital.com.ar\/blog\/?p=14295"},"modified":"2020-01-23T09:00:05","modified_gmt":"2020-01-23T09:00:05","slug":"identificaron-e-imputaron-al-dueno-del-toro-que-ocasiono-el-accidente","status":"publish","type":"post","link":"https:\/\/larevistadigital.com.ar\/blog\/identificaron-e-imputaron-al-dueno-del-toro-que-ocasiono-el-accidente\/","title":{"rendered":"IDENTIFICARON E IMPUTARON AL DUE\u00d1O DEL TORO QUE OCASION\u00d3 EL ACCIDENTE"},"content":{"rendered":"<h2><em>Se trata de un ciudadano de General Pir\u00e1n, propietario del campo del que se escap\u00f3 el animal. Se sospecha que habr\u00eda saltado el alambrado.<\/em><\/h2>\n<p>El due\u00f1o del campo del que se escap\u00f3 el toro que caus\u00f3 el grave accidente en la ruta 2\u00a0fue identificado este jueves a la ma\u00f1ana e imputado por el delito de \u201clesiones culposas\u201d.<\/p>\n<blockquote>\n<h3>Se trata de un ciudadano de General Pir\u00e1n, quien era el propietario del animal, y que adem\u00e1s de la responsabilidad penal por el hecho\u00a0<strong>deber\u00e1 afrontar demandas civiles que podr\u00edan superar los 5 millones de pesos.<\/strong><\/h3>\n<\/blockquote>\n<p>As\u00ed lo informaron fuentes judiciales en di\u00e1logo con\u00a0<strong>LA CAPITAL,<\/strong>\u00a0quienes a su vez remarcaron que el alambrado del campo sito en el kil\u00f3metro 332,5 de la autov\u00eda 2, en sentido a Mar del Plata, se hallaba en perfectas condiciones por lo que se sospecha que el toro lo habr\u00eda saltado.<\/p>\n<blockquote>\n<h3>El motivo por el cual fue imputado el hombre es que, como es sabido en el \u00e1mbito rural,\u00a0<strong>este tipo de animales no deben permanecer en un potrero cercano a un ruta sin custodia humana ya que suele ser normal que intenten saltar los alambrados.<\/strong><\/h3>\n<\/blockquote>\n<p>De esta forma, el propietario del campo y del bovino fallecido deber\u00e1 afrontar dos procesos:\u00a0<strong>uno penal, debido a las lesiones de los tres hombres que fueron internados\u00a0<\/strong>-aunque est\u00e1n fuera de peligro-,<strong>\u00a0y otro civil, debido a los da\u00f1os materiales que caus\u00f3 el accidente.<\/strong><\/p>\n<p>Es que, adem\u00e1s de las roturas de los tres veh\u00edculos -uno de ellos una ambulancia con costosos elementos sanitarios-, decenas de bolsas de harina que transportaba el cami\u00f3n cayeron sobre la ruta y quedaron desechas, por lo que\u00a0<strong>gran parte del cargamento se perdi\u00f3.<\/strong><\/p>\n<blockquote>\n<h3>El accidente ocurri\u00f3 pasadas las 4 de la madrugada en la ruta 2, entre General Pir\u00e1n y Coronel Vidal, cuando una camioneta en la que viajaban un joven y su madre embisti\u00f3 al toro suelto. Luego, el cami\u00f3n que conduc\u00eda un hombre tambi\u00e9n impact\u00f3 al animal, que estaba muerto sobre la autov\u00eda, y volc\u00f3. Por \u00faltimo, una ambulancia que viajaba desde Buenos Aires choc\u00f3 con el veh\u00edculo de mayor porte.<\/h3>\n<\/blockquote>\n<p>Como consecuencia del accidente, los dos ocupantes de la ambulancia y el camionero sufrieron heridas de leve consideraci\u00f3n y fueron trasladados al Hospital Interzonal General de Agudos (HIGA), mientras que el joven y la mujer salieron ilesos.<\/p>\n","protected":false},"excerpt":{"rendered":"<div class=\"mh-excerpt\"><p>Se trata de un ciudadano de General Pir\u00e1n, propietario del campo del que se escap\u00f3 el animal. Se sospecha que habr\u00eda saltado el alambrado. El due\u00f1o del campo del que se escap\u00f3 el toro que <a class=\"mh-excerpt-more\" href=\"https:\/\/larevistadigital.com.ar\/blog\/identificaron-e-imputaron-al-dueno-del-toro-que-ocasiono-el-accidente\/\" title=\"IDENTIFICARON E IMPUTARON AL DUE\u00d1O DEL TORO QUE OCASION\u00d3 EL ACCIDENTE\">[Leer M\u00e1s]<\/a><\/p>\n<\/div>","protected":false},"author":3,"featured_media":14297,"comment_status":"open","ping_status":"open","sticky":false,"template":"","format":"standard","meta":{"_jetpack_memberships_contains_paid_content":false,"footnotes":"","jetpack_publicize_message":"","jetpack_publicize_feature_enabled":true,"jetpack_social_post_already_shared":true,"jetpack_social_options":{"image_generator_settings":{"template":"highway","default_image_id":0,"font":"","enabled":false},"version":2}},"categories":[41],"tags":[],"class_list":{"0":"post-14295","1":"post","2":"type-post","3":"status-publish","4":"format-standard","5":"has-post-thumbnail","7":"category-destacadas"},"jetpack_publicize_connections":[],"jetpack_featured_media_url":"https:\/\/i0.wp.com\/larevistadigital.com.ar\/blog\/wp-content\/uploads\/3181691w380.jpg?fit=600%2C399&ssl=1","jetpack_sharing_enabled":true,"jetpack_shortlink":"https:\/\/wp.me\/p8qtrQ-3Iz","jetpack-related-posts":[{"id":14291,"url":"https:\/\/larevistadigital.com.ar\/blog\/toro-suelto-causa-accidente-en-la-ruta-2-hay-3-heridos\/","url_meta":{"origin":14295,"position":0},"title":"TORO SUELTO CAUSA ACCIDENTE EN LA RUTA 2: HAY 3 HERIDOS","author":"Alejandro Sosa Ruda","date":"23 enero, 2020","format":false,"excerpt":"Ocurri\u00f3 en horas de la madrugada de este jueves. Una camioneta embisti\u00f3 al animal, que qued\u00f3 tendido en la calzada y luego tambi\u00e9n fue impactado por un cami\u00f3n, que a su vez colision\u00f3 con una ambulancia y volc\u00f3. Un toro suelto caus\u00f3 un triple choque en la ruta 2 y\u2026","rel":"","context":"En \u00abDESTACADAS\u00bb","block_context":{"text":"DESTACADAS","link":"https:\/\/larevistadigital.com.ar\/blog\/category\/destacadas\/"},"img":{"alt_text":"","src":"https:\/\/i0.wp.com\/larevistadigital.com.ar\/blog\/wp-content\/uploads\/Screenshot_1-87.jpg?fit=843%2C472&ssl=1&resize=350%2C200","width":350,"height":200,"srcset":"https:\/\/i0.wp.com\/larevistadigital.com.ar\/blog\/wp-content\/uploads\/Screenshot_1-87.jpg?fit=843%2C472&ssl=1&resize=350%2C200 1x, https:\/\/i0.wp.com\/larevistadigital.com.ar\/blog\/wp-content\/uploads\/Screenshot_1-87.jpg?fit=843%2C472&ssl=1&resize=525%2C300 1.5x, https:\/\/i0.wp.com\/larevistadigital.com.ar\/blog\/wp-content\/uploads\/Screenshot_1-87.jpg?fit=843%2C472&ssl=1&resize=700%2C400 2x"},"classes":[]},{"id":19807,"url":"https:\/\/larevistadigital.com.ar\/blog\/escapo-de-un-instituto-de-menores-y-lo-atraparon-caminando-por-la-ruta-2\/","url_meta":{"origin":14295,"position":1},"title":"ESCAP\u00d3 DE UN INSTITUTO DE MENORES Y LO ATRAPARON CAMINANDO POR LA RUTA 2","author":"Alejandro Sosa Ruda","date":"22 abril, 2021","format":false,"excerpt":"El implicado, de 16 a\u00f1os, hab\u00eda sido visto corriendo por el due\u00f1o de un campo cercano. Tras dar aviso a la Polic\u00eda, se mont\u00f3 un operativo donde lo atraparon. LA PLATA - Un menor de 16 a\u00f1os fue recapturado durante las \u00faltimas horas mientras caminaba por la Ruta 2, luego\u2026","rel":"","context":"En \u00abPOLICIALES\u00bb","block_context":{"text":"POLICIALES","link":"https:\/\/larevistadigital.com.ar\/blog\/category\/policiales\/"},"img":{"alt_text":"","src":"https:\/\/i0.wp.com\/larevistadigital.com.ar\/blog\/wp-content\/uploads\/Captura-de-pantalla-2021-04-22-110356.png?fit=707%2C822&ssl=1&resize=350%2C200","width":350,"height":200,"srcset":"https:\/\/i0.wp.com\/larevistadigital.com.ar\/blog\/wp-content\/uploads\/Captura-de-pantalla-2021-04-22-110356.png?fit=707%2C822&ssl=1&resize=350%2C200 1x, https:\/\/i0.wp.com\/larevistadigital.com.ar\/blog\/wp-content\/uploads\/Captura-de-pantalla-2021-04-22-110356.png?fit=707%2C822&ssl=1&resize=525%2C300 1.5x, https:\/\/i0.wp.com\/larevistadigital.com.ar\/blog\/wp-content\/uploads\/Captura-de-pantalla-2021-04-22-110356.png?fit=707%2C822&ssl=1&resize=700%2C400 2x"},"classes":[]},{"id":23966,"url":"https:\/\/larevistadigital.com.ar\/blog\/ranchos-angustiante-busqueda-de-una-joven-que-sufre-de-esquizofrenia-y-escapo-tras-abandonar-el-tratamiento\/","url_meta":{"origin":14295,"position":2},"title":"RANCHOS: ANGUSTIANTE B\u00daSQUEDA DE UNA JOVEN QUE SUFRE DE ESQUIZOFRENIA Y ESCAP\u00d3, TRAS ABANDONAR EL TRATAMIENTO","author":"Alejandro Sosa Ruda","date":"12 febrero, 2022","format":false,"excerpt":"RANCHOS -\u00a0 La familia de Guzm\u00e1n Abril atraviesa un duro momento. Tras negarse a recibir atenci\u00f3n m\u00e9dica por esquizofrenia, la joven de Ranchos escap\u00f3 y se desconoce su paradero. Se sospecha que pueda estar en Brandsen. Guzm\u00e1n Abril de 21 a\u00f1os sufre de esquizofrenia y su desaparici\u00f3n mantiene preocupada a\u2026","rel":"","context":"En \u00abPOLICIALES\u00bb","block_context":{"text":"POLICIALES","link":"https:\/\/larevistadigital.com.ar\/blog\/category\/policiales\/"},"img":{"alt_text":"","src":"https:\/\/i0.wp.com\/larevistadigital.com.ar\/blog\/wp-content\/uploads\/1644587950265.jpg?fit=1200%2C674&ssl=1&resize=350%2C200","width":350,"height":200,"srcset":"https:\/\/i0.wp.com\/larevistadigital.com.ar\/blog\/wp-content\/uploads\/1644587950265.jpg?fit=1200%2C674&ssl=1&resize=350%2C200 1x, https:\/\/i0.wp.com\/larevistadigital.com.ar\/blog\/wp-content\/uploads\/1644587950265.jpg?fit=1200%2C674&ssl=1&resize=525%2C300 1.5x, https:\/\/i0.wp.com\/larevistadigital.com.ar\/blog\/wp-content\/uploads\/1644587950265.jpg?fit=1200%2C674&ssl=1&resize=700%2C400 2x, https:\/\/i0.wp.com\/larevistadigital.com.ar\/blog\/wp-content\/uploads\/1644587950265.jpg?fit=1200%2C674&ssl=1&resize=1050%2C600 3x"},"classes":[]},{"id":23838,"url":"https:\/\/larevistadigital.com.ar\/blog\/pergamino-violentan-el-alambrado-y-se-roban-50-plantas-de-marihuana-de-los-cultivos-medicinales-del-inta\/","url_meta":{"origin":14295,"position":3},"title":"PERGAMINO: VIOLENTAN EL ALAMBRADO Y SE ROBAN 50 PLANTAS DE MARIHUANA DE LOS CULTIVOS MEDICINALES DEL INTA","author":"Alejandro Sosa Ruda","date":"5 febrero, 2022","format":false,"excerpt":"El robo se registr\u00f3 en el invern\u00e1culo de las plantaciones de cannabis y se sospecha que el \u00fanico objetivo de los autores del hecho es utilizar las hierbas para consumo como alucin\u00f3geno. El invern\u00e1culo de las plantaciones de cannabis medicinal es uno de los tantos de un predio de 748\u2026","rel":"","context":"En \u00abINTERES GENERAL\u00bb","block_context":{"text":"INTERES GENERAL","link":"https:\/\/larevistadigital.com.ar\/blog\/category\/interes-general\/"},"img":{"alt_text":"","src":"https:\/\/i0.wp.com\/larevistadigital.com.ar\/blog\/wp-content\/uploads\/e4872173037e139434f2d6cc31ea26117aafe589.jpg?fit=880%2C512&ssl=1&resize=350%2C200","width":350,"height":200,"srcset":"https:\/\/i0.wp.com\/larevistadigital.com.ar\/blog\/wp-content\/uploads\/e4872173037e139434f2d6cc31ea26117aafe589.jpg?fit=880%2C512&ssl=1&resize=350%2C200 1x, https:\/\/i0.wp.com\/larevistadigital.com.ar\/blog\/wp-content\/uploads\/e4872173037e139434f2d6cc31ea26117aafe589.jpg?fit=880%2C512&ssl=1&resize=525%2C300 1.5x, https:\/\/i0.wp.com\/larevistadigital.com.ar\/blog\/wp-content\/uploads\/e4872173037e139434f2d6cc31ea26117aafe589.jpg?fit=880%2C512&ssl=1&resize=700%2C400 2x"},"classes":[]},{"id":32186,"url":"https:\/\/larevistadigital.com.ar\/blog\/pergamino-entro-a-un-campo-a-robar-lechones-y-lo-mato-el-dueno\/","url_meta":{"origin":14295,"position":4},"title":"PERGAMINO: ENTR\u00d3 A UN CAMPO A ROBAR LECHONES Y LO MAT\u00d3 EL DUE\u00d1O.","author":"Alejandro Sosa Ruda","date":"30 junio, 2023","format":false,"excerpt":"La v\u00edctima, que ya ten\u00eda antecedentes penales, fue identificada como Arnaldo Miguel Isea de 39 a\u00f1os de edad, quien se encontrar\u00eda con otros sujetos. Sergio Fernando Nal, de 33 a\u00f1os, se encuentra aprehendido por haber sido el presunto autor del disparo. 30 de junio de 2023 PERGAMINO -\u00a0 Un hombre\u2026","rel":"","context":"En \u00abPOLICIALES\u00bb","block_context":{"text":"POLICIALES","link":"https:\/\/larevistadigital.com.ar\/blog\/category\/policiales\/"},"img":{"alt_text":"","src":"https:\/\/i0.wp.com\/larevistadigital.com.ar\/blog\/wp-content\/uploads\/2018\/12\/patrulla-rural-700x394.jpg?fit=700%2C394&ssl=1&resize=350%2C200","width":350,"height":200,"srcset":"https:\/\/i0.wp.com\/larevistadigital.com.ar\/blog\/wp-content\/uploads\/2018\/12\/patrulla-rural-700x394.jpg?fit=700%2C394&ssl=1&resize=350%2C200 1x, https:\/\/i0.wp.com\/larevistadigital.com.ar\/blog\/wp-content\/uploads\/2018\/12\/patrulla-rural-700x394.jpg?fit=700%2C394&ssl=1&resize=525%2C300 1.5x, https:\/\/i0.wp.com\/larevistadigital.com.ar\/blog\/wp-content\/uploads\/2018\/12\/patrulla-rural-700x394.jpg?fit=700%2C394&ssl=1&resize=700%2C400 2x"},"classes":[]},{"id":19727,"url":"https:\/\/larevistadigital.com.ar\/blog\/coloco-alambre-electrificado-para-proteger-sus-plantas-de-marihuana-murio-electrocutado\/","url_meta":{"origin":14295,"position":5},"title":"COLOC\u00d3 ALAMBRE ELECTRIFICADO PARA PROTEGER SUS PLANTAS DE MARIHUANA. MURI\u00d3 ELECTROCUTADO","author":"Alejandro Sosa Ruda","date":"19 abril, 2021","format":false,"excerpt":"El hecho ocurri\u00f3 en una vivienda del barrio General San Mart\u00edn. Dos amigos de la v\u00edctima lo cargaron en una camioneta para llevarlo a un centro asistencial, pero no pudieron salvarlo. MAR DEL PLATA - Un tr\u00e1gico episodio se produjo el domingo por la noche en una vivienda del\u00a0barrio General\u2026","rel":"","context":"En \u00abPOLICIALES\u00bb","block_context":{"text":"POLICIALES","link":"https:\/\/larevistadigital.com.ar\/blog\/category\/policiales\/"},"img":{"alt_text":"","src":"https:\/\/i0.wp.com\/larevistadigital.com.ar\/blog\/wp-content\/uploads\/PLANTAS-SECUESTRADAS.png?fit=1000%2C565&ssl=1&resize=350%2C200","width":350,"height":200,"srcset":"https:\/\/i0.wp.com\/larevistadigital.com.ar\/blog\/wp-content\/uploads\/PLANTAS-SECUESTRADAS.png?fit=1000%2C565&ssl=1&resize=350%2C200 1x, https:\/\/i0.wp.com\/larevistadigital.com.ar\/blog\/wp-content\/uploads\/PLANTAS-SECUESTRADAS.png?fit=1000%2C565&ssl=1&resize=525%2C300 1.5x, https:\/\/i0.wp.com\/larevistadigital.com.ar\/blog\/wp-content\/uploads\/PLANTAS-SECUESTRADAS.png?fit=1000%2C565&ssl=1&resize=700%2C400 2x"},"classes":[]}],"_links":{"self":[{"href":"https:\/\/larevistadigital.com.ar\/blog\/wp-json\/wp\/v2\/posts\/14295","targetHints":{"allow":["GET"]}}],"collection":[{"href":"https:\/\/larevistadigital.com.ar\/blog\/wp-json\/wp\/v2\/posts"}],"about":[{"href":"https:\/\/larevistadigital.com.ar\/blog\/wp-json\/wp\/v2\/types\/post"}],"author":[{"embeddable":true,"href":"https:\/\/larevistadigital.com.ar\/blog\/wp-json\/wp\/v2\/users\/3"}],"replies":[{"embeddable":true,"href":"https:\/\/larevistadigital.com.ar\/blog\/wp-json\/wp\/v2\/comments?post=14295"}],"version-history":[{"count":1,"href":"https:\/\/larevistadigital.com.ar\/blog\/wp-json\/wp\/v2\/posts\/14295\/revisions"}],"predecessor-version":[{"id":14298,"href":"https:\/\/larevistadigital.com.ar\/blog\/wp-json\/wp\/v2\/posts\/14295\/revisions\/14298"}],"wp:featuredmedia":[{"embeddable":true,"href":"https:\/\/larevistadigital.com.ar\/blog\/wp-json\/wp\/v2\/media\/14297"}],"wp:attachment":[{"href":"https:\/\/larevistadigital.com.ar\/blog\/wp-json\/wp\/v2\/media?parent=14295"}],"wp:term":[{"taxonomy":"category","embeddable":true,"href":"https:\/\/larevistadigital.com.ar\/blog\/wp-json\/wp\/v2\/categories?post=14295"},{"taxonomy":"post_tag","embeddable":true,"href":"https:\/\/larevistadigital.com.ar\/blog\/wp-json\/wp\/v2\/tags?post=14295"}],"curies":[{"name":"wp","href":"https:\/\/api.w.org\/{rel}","templated":true}]}}