{"id":14299,"date":"2020-01-23T09:14:01","date_gmt":"2020-01-23T09:14:01","guid":{"rendered":"https:\/\/larevistadigital.com.ar\/blog\/?p=14299"},"modified":"2020-01-23T09:14:01","modified_gmt":"2020-01-23T09:14:01","slug":"mar-del-plata-roban-300-medidores-de-agua-en-los-ultimos-4-meses","status":"publish","type":"post","link":"https:\/\/larevistadigital.com.ar\/blog\/mar-del-plata-roban-300-medidores-de-agua-en-los-ultimos-4-meses\/","title":{"rendered":"MAR DEL PLATA: ROBAN 300 MEDIDORES DE AGUA EN LOS \u00daLTIMOS 4 MESES"},"content":{"rendered":"<h2><em>Desde Obras Sanitarias informaron que los destrozos ocasionados generan un costo similar a una instalaci\u00f3n nueva de agua. Los barrios de la zona oeste de la ciudad, la zona m\u00e1s afectada.<\/em><\/h2>\n<p>Ante el robo en las \u00faltimas horas de<strong> medidors en el barrio Pinos de Anchorena<\/strong>\u00a0desde\u00a0<strong>Obras Sanitarias Sociedad del Estado (Osse)\u00a0<\/strong>informaron que en los \u00faltimos cuatro meses, en la ciudad se robaron\u00a0<strong>287 medidores de agua<\/strong>, un promedio de 2 por d\u00eda.<\/p>\n<p>Desde la empresa estatal se\u00f1alaron que el costo que implica instalar un nuevo medidor, \u201ces el mismo que realizar una nueva conexi\u00f3n de agua, teniendo en cuenta las tareas de excavaci\u00f3n, retirar el material da\u00f1ado, poner uno nuevo, soldar los ca\u00f1os y armar una nueva caja, valores que oscilan en promedio los\u00a0<strong>$9.900 en promedio<\/strong>\u201d.<\/p>\n<blockquote>\n<h3>Luego de recabar los datos de todas las denuncias realizas, desde Osse brindaron el siguiente informe: durante <strong>octubre del 2019<\/strong>, se robaron\u00a0<strong>24 medidores<\/strong>, 13 de los cuales fueron en el barrio Malvinas Argentinas.<\/h3>\n<\/blockquote>\n<p><strong>Noviembre\u00a0<\/strong>fue el mes con mayor seguidilla de robos:\u00a0<strong>139<\/strong>\u00a0en total, con el barrio Bernardino Rivadavia como el m\u00e1s afectado, con 47 robos; seguido por Malvinas Argentinas (16), Plaza Peralta Ramos (13), mientras que El Gaucho, Las Lilas, Los Andes y Regional, todos con 8 medidores robados.<\/p>\n<p><strong>Diciembre\u00a0<\/strong>fueron\u00a0<strong>50<\/strong>\u00a0los medidores robados: Don Bosco con 9 robos mientras que Bernardino Rivadavia y Las Am\u00e9ricas, con 6. En\u00a0<strong>enero<\/strong>, hasta el 22 del corriente mes, se robaron\u00a0<strong>74<\/strong>\u00a0medidores de agua. Encabeza el triste \u201cranking\u201d el barrio Bernardino Rivadavia (34), Don Bosco (12) y Pinos de Anchorena (6).<\/p>\n<p>Desde Osse advierten que otro de los problemas es la recepci\u00f3n del material robado por parte de las chatarrer\u00edas. <em><strong>\u201cEl material que sacan es Laton con un porcentaje de bronce. Y otro inconveniente es que cuando roban el medidor, arrancan todo y queda la p\u00e9rdida de agua. Lo cual tambi\u00e9n es un desastre el derroche\u201d<\/strong><\/em>, razonaron.<\/p>\n<p>&nbsp;<\/p>\n","protected":false},"excerpt":{"rendered":"<div class=\"mh-excerpt\"><p>Desde Obras Sanitarias informaron que los destrozos ocasionados generan un costo similar a una instalaci\u00f3n nueva de agua. Los barrios de la zona oeste de la ciudad, la zona m\u00e1s afectada. Ante el robo en <a class=\"mh-excerpt-more\" href=\"https:\/\/larevistadigital.com.ar\/blog\/mar-del-plata-roban-300-medidores-de-agua-en-los-ultimos-4-meses\/\" title=\"MAR DEL PLATA: ROBAN 300 MEDIDORES DE AGUA EN LOS \u00daLTIMOS 4 MESES\">[Leer M\u00e1s]<\/a><\/p>\n<\/div>","protected":false},"author":3,"featured_media":14300,"comment_status":"open","ping_status":"open","sticky":false,"template":"","format":"standard","meta":{"_jetpack_memberships_contains_paid_content":false,"footnotes":"","jetpack_publicize_message":"","jetpack_publicize_feature_enabled":true,"jetpack_social_post_already_shared":true,"jetpack_social_options":{"image_generator_settings":{"template":"highway","default_image_id":0,"font":"","enabled":false},"version":2}},"categories":[51],"tags":[],"class_list":{"0":"post-14299","1":"post","2":"type-post","3":"status-publish","4":"format-standard","5":"has-post-thumbnail","7":"category-regionales"},"jetpack_publicize_connections":[],"jetpack_featured_media_url":"https:\/\/i0.wp.com\/larevistadigital.com.ar\/blog\/wp-content\/uploads\/1579715183309.jpeg?fit=790%2C444&ssl=1","jetpack_sharing_enabled":true,"jetpack_shortlink":"https:\/\/wp.me\/p8qtrQ-3ID","jetpack-related-posts":[{"id":14653,"url":"https:\/\/larevistadigital.com.ar\/blog\/la-tormenta-de-ayer-en-mar-del-plata-fue-una-de-las-mas-intensas-en-los-ultimos-22-anos\/","url_meta":{"origin":14299,"position":0},"title":"LA TORMENTA DE AYER EN MAR DEL PLATA FUE UNA DE LAS M\u00c1S INTENSAS EN LOS \u00daLTIMOS 22 A\u00d1OS","author":"Alejandro Sosa Ruda","date":"6 febrero, 2020","format":false,"excerpt":"El fen\u00f3meno es el tercero de mayor dimensi\u00f3n desde 1998 debido a la intensidad de la lluvia, seg\u00fan los registros hist\u00f3ricos de OSSE. En algunas zonas cayeron hasta 110 mil\u00edmetros de agua. Dos familias siguen evacuadas. El an\u00e1lisis preliminar de la tormenta de ayer en Mar del Plata dej\u00f3 en\u2026","rel":"","context":"En \u00abREGIONALES\u00bb","block_context":{"text":"REGIONALES","link":"https:\/\/larevistadigital.com.ar\/blog\/category\/regionales\/"},"img":{"alt_text":"","src":"https:\/\/i0.wp.com\/larevistadigital.com.ar\/blog\/wp-content\/uploads\/Screenshot_1-94.jpg?fit=1011%2C567&ssl=1&resize=350%2C200","width":350,"height":200,"srcset":"https:\/\/i0.wp.com\/larevistadigital.com.ar\/blog\/wp-content\/uploads\/Screenshot_1-94.jpg?fit=1011%2C567&ssl=1&resize=350%2C200 1x, https:\/\/i0.wp.com\/larevistadigital.com.ar\/blog\/wp-content\/uploads\/Screenshot_1-94.jpg?fit=1011%2C567&ssl=1&resize=525%2C300 1.5x, https:\/\/i0.wp.com\/larevistadigital.com.ar\/blog\/wp-content\/uploads\/Screenshot_1-94.jpg?fit=1011%2C567&ssl=1&resize=700%2C400 2x"},"classes":[]},{"id":34076,"url":"https:\/\/larevistadigital.com.ar\/blog\/se-promulgo-la-nueva-ley-de-alquileres-como-se-calculan-los-aumentose\/","url_meta":{"origin":14299,"position":1},"title":"SE PROMULG\u00d3 LA NUEVA LEY DE ALQUILERES: \u00bfC\u00d3MO SE CALCULAN LOS AUMENTOS?E","author":"Alejandro Sosa Ruda","date":"17 octubre, 2023","format":false,"excerpt":"La nueva norma establece contratos de 3 a\u00f1os con actualizaciones cada 6 meses en base a un \u00edndice utilizado por el Ministerio de Desarrollo Territorial y H\u00e1bitat. 17 de Octubre de 2023 El Poder Ejecutivo nacional promulg\u00f3 este martes la nueva Ley de alquileres,\u00a0a trav\u00e9s del Decreto 533\/2023 publicado en\u2026","rel":"","context":"En \u00abDESTACADAS\u00bb","block_context":{"text":"DESTACADAS","link":"https:\/\/larevistadigital.com.ar\/blog\/category\/destacadas\/"},"img":{"alt_text":"","src":"https:\/\/i0.wp.com\/larevistadigital.com.ar\/blog\/wp-content\/uploads\/Captura-de-pantalla-2023-10-17-122843.png?fit=884%2C489&ssl=1&resize=350%2C200","width":350,"height":200,"srcset":"https:\/\/i0.wp.com\/larevistadigital.com.ar\/blog\/wp-content\/uploads\/Captura-de-pantalla-2023-10-17-122843.png?fit=884%2C489&ssl=1&resize=350%2C200 1x, https:\/\/i0.wp.com\/larevistadigital.com.ar\/blog\/wp-content\/uploads\/Captura-de-pantalla-2023-10-17-122843.png?fit=884%2C489&ssl=1&resize=525%2C300 1.5x, https:\/\/i0.wp.com\/larevistadigital.com.ar\/blog\/wp-content\/uploads\/Captura-de-pantalla-2023-10-17-122843.png?fit=884%2C489&ssl=1&resize=700%2C400 2x"},"classes":[]},{"id":12538,"url":"https:\/\/larevistadigital.com.ar\/blog\/agua-y-cloacas-para-el-barrio-matadero-se-firmo-el-acuerdo-con-cuecca\/","url_meta":{"origin":14299,"position":2},"title":"AGUA Y CLOACAS PARA EL \u201cBARRIO MATADERO\u201d: SE FIRM\u00d3 EL ACUERDO CON CUECCA","author":"Alejandro Sosa Ruda","date":"9 octubre, 2019","format":false,"excerpt":"Este martes por la ma\u00f1ana, el Intendente Francisco Echarren en representaci\u00f3n de la Municipalidad de Castelli y las autoridades del Consejo de Administraci\u00f3n de CUECCA, Norberto Lacr\u00faa, Presidente y \u00c1ngel Echarren, Secretario, firmaron el acta de acuerdo para la ejecuci\u00f3n de esta importante obra en el \u201cBarrio Matadero\u201d. En concreto,\u2026","rel":"","context":"En \u00abCASTELLI\u00bb","block_context":{"text":"CASTELLI","link":"https:\/\/larevistadigital.com.ar\/blog\/category\/castelli\/"},"img":{"alt_text":"","src":"https:\/\/i0.wp.com\/larevistadigital.com.ar\/blog\/wp-content\/uploads\/72573711_1274681476034885_8065581606997327872_n.jpg?fit=960%2C720&ssl=1&resize=350%2C200","width":350,"height":200,"srcset":"https:\/\/i0.wp.com\/larevistadigital.com.ar\/blog\/wp-content\/uploads\/72573711_1274681476034885_8065581606997327872_n.jpg?fit=960%2C720&ssl=1&resize=350%2C200 1x, https:\/\/i0.wp.com\/larevistadigital.com.ar\/blog\/wp-content\/uploads\/72573711_1274681476034885_8065581606997327872_n.jpg?fit=960%2C720&ssl=1&resize=525%2C300 1.5x, https:\/\/i0.wp.com\/larevistadigital.com.ar\/blog\/wp-content\/uploads\/72573711_1274681476034885_8065581606997327872_n.jpg?fit=960%2C720&ssl=1&resize=700%2C400 2x"},"classes":[]},{"id":38601,"url":"https:\/\/larevistadigital.com.ar\/blog\/reunion-de-intercambio-con-obras-sanitarias-de-mar-del-plata-sobre-el-funcionamiento-del-sistema-local-de-agua-potable\/","url_meta":{"origin":14299,"position":3},"title":"Reuni\u00f3n de intercambio con Obras Sanitarias de Mar del Plata sobre el funcionamiento del sistema local de agua potable","author":"Alejandro Sosa Ruda","date":"5 febrero, 2025","format":false,"excerpt":"Funcionarios municipales se interiorizaron sobre el sistema p\u00fablico marplatense y compartieron detalles sobre las acciones que se llevan a cabo en Chascom\u00fas para el uso racional y la gesti\u00f3n m\u00e1s eficiente del recurso h\u00eddrico. 05 de Febrero de 2025 CHASCOM\u00daS -\u00a0 En el marco de la reestructuraci\u00f3n de la Direcci\u00f3n\u2026","rel":"","context":"En \u00abCHASCOM\u00daS\u00bb","block_context":{"text":"CHASCOM\u00daS","link":"https:\/\/larevistadigital.com.ar\/blog\/category\/chascomus\/"},"img":{"alt_text":"","src":"https:\/\/i0.wp.com\/larevistadigital.com.ar\/blog\/wp-content\/uploads\/67a39883dc469.png?fit=668%2C445&ssl=1&resize=350%2C200","width":350,"height":200,"srcset":"https:\/\/i0.wp.com\/larevistadigital.com.ar\/blog\/wp-content\/uploads\/67a39883dc469.png?fit=668%2C445&ssl=1&resize=350%2C200 1x, https:\/\/i0.wp.com\/larevistadigital.com.ar\/blog\/wp-content\/uploads\/67a39883dc469.png?fit=668%2C445&ssl=1&resize=525%2C300 1.5x"},"classes":[]},{"id":11693,"url":"https:\/\/larevistadigital.com.ar\/blog\/por-una-obra-de-osse-el-servicio-de-agua-se-encuentra-afectado-en-unos-diez-barrios-de-mar-del-plata\/","url_meta":{"origin":14299,"position":4},"title":"POR UNA OBRA DE OSSE, EL SERVICIO DE AGUA SE ENCUENTRA AFECTADO EN UNOS DIEZ BARRIOS DE MAR DEL PLATA","author":"Alejandro Sosa Ruda","date":"2 agosto, 2019","format":false,"excerpt":"Se trata de un empalme de ca\u00f1er\u00edas previsto en el marco de la construcci\u00f3n del Centro de Abastecimiento de Agua de Tucum\u00e1n y Almafuerte.\u00a0 El servicio de agua de unos\u00a010 barrios de Mar del Plata\u00a0se encuentra afectado por estas horas debido a una importante obra que personal de Obras Sanitarias\u2026","rel":"","context":"En \u00abREGIONALES\u00bb","block_context":{"text":"REGIONALES","link":"https:\/\/larevistadigital.com.ar\/blog\/category\/regionales\/"},"img":{"alt_text":"","src":"https:\/\/i0.wp.com\/larevistadigital.com.ar\/blog\/wp-content\/uploads\/1564755866270.jpg?fit=774%2C471&ssl=1&resize=350%2C200","width":350,"height":200,"srcset":"https:\/\/i0.wp.com\/larevistadigital.com.ar\/blog\/wp-content\/uploads\/1564755866270.jpg?fit=774%2C471&ssl=1&resize=350%2C200 1x, https:\/\/i0.wp.com\/larevistadigital.com.ar\/blog\/wp-content\/uploads\/1564755866270.jpg?fit=774%2C471&ssl=1&resize=525%2C300 1.5x, https:\/\/i0.wp.com\/larevistadigital.com.ar\/blog\/wp-content\/uploads\/1564755866270.jpg?fit=774%2C471&ssl=1&resize=700%2C400 2x"},"classes":[]},{"id":18878,"url":"https:\/\/larevistadigital.com.ar\/blog\/mar-del-plata-autos-bajo-el-agua-arboles-caidos-y-demas-consecuencias-del-temporal\/","url_meta":{"origin":14299,"position":5},"title":"MAR DEL PLATA: AUTOS BAJO EL AGUA, ARBOLES CA\u00cdDOS, Y DEM\u00c1S CONSECUENCIAS DEL TEMPORAL","author":"Alejandro Sosa Ruda","date":"16 febrero, 2021","format":false,"excerpt":"El temporal de lluvia que azota este martes a Mar del Plata afecta a distintos barrios. MAR DEL PLATA - El \u00faltimo d\u00eda del feriado de Carnaval es el m\u00e1s lluvioso: desde la madrugada, el agua no dio tregua. Y se espera que las lluvias fuertes persistan durante toda la\u2026","rel":"","context":"En \u00abREGIONALES\u00bb","block_context":{"text":"REGIONALES","link":"https:\/\/larevistadigital.com.ar\/blog\/category\/regionales\/"},"img":{"alt_text":"","src":"https:\/\/i0.wp.com\/larevistadigital.com.ar\/blog\/wp-content\/uploads\/Captura-11.png?fit=1012%2C565&ssl=1&resize=350%2C200","width":350,"height":200,"srcset":"https:\/\/i0.wp.com\/larevistadigital.com.ar\/blog\/wp-content\/uploads\/Captura-11.png?fit=1012%2C565&ssl=1&resize=350%2C200 1x, https:\/\/i0.wp.com\/larevistadigital.com.ar\/blog\/wp-content\/uploads\/Captura-11.png?fit=1012%2C565&ssl=1&resize=525%2C300 1.5x, https:\/\/i0.wp.com\/larevistadigital.com.ar\/blog\/wp-content\/uploads\/Captura-11.png?fit=1012%2C565&ssl=1&resize=700%2C400 2x"},"classes":[]}],"_links":{"self":[{"href":"https:\/\/larevistadigital.com.ar\/blog\/wp-json\/wp\/v2\/posts\/14299","targetHints":{"allow":["GET"]}}],"collection":[{"href":"https:\/\/larevistadigital.com.ar\/blog\/wp-json\/wp\/v2\/posts"}],"about":[{"href":"https:\/\/larevistadigital.com.ar\/blog\/wp-json\/wp\/v2\/types\/post"}],"author":[{"embeddable":true,"href":"https:\/\/larevistadigital.com.ar\/blog\/wp-json\/wp\/v2\/users\/3"}],"replies":[{"embeddable":true,"href":"https:\/\/larevistadigital.com.ar\/blog\/wp-json\/wp\/v2\/comments?post=14299"}],"version-history":[{"count":1,"href":"https:\/\/larevistadigital.com.ar\/blog\/wp-json\/wp\/v2\/posts\/14299\/revisions"}],"predecessor-version":[{"id":14301,"href":"https:\/\/larevistadigital.com.ar\/blog\/wp-json\/wp\/v2\/posts\/14299\/revisions\/14301"}],"wp:featuredmedia":[{"embeddable":true,"href":"https:\/\/larevistadigital.com.ar\/blog\/wp-json\/wp\/v2\/media\/14300"}],"wp:attachment":[{"href":"https:\/\/larevistadigital.com.ar\/blog\/wp-json\/wp\/v2\/media?parent=14299"}],"wp:term":[{"taxonomy":"category","embeddable":true,"href":"https:\/\/larevistadigital.com.ar\/blog\/wp-json\/wp\/v2\/categories?post=14299"},{"taxonomy":"post_tag","embeddable":true,"href":"https:\/\/larevistadigital.com.ar\/blog\/wp-json\/wp\/v2\/tags?post=14299"}],"curies":[{"name":"wp","href":"https:\/\/api.w.org\/{rel}","templated":true}]}}