{"id":14302,"date":"2020-01-23T09:29:46","date_gmt":"2020-01-23T09:29:46","guid":{"rendered":"https:\/\/larevistadigital.com.ar\/blog\/?p=14302"},"modified":"2020-01-23T09:29:46","modified_gmt":"2020-01-23T09:29:46","slug":"brandsen-capturan-a-mujer-que-ingresaba-a-las-casas-y-mantenia-en-vilo-a-la-comunidad","status":"publish","type":"post","link":"https:\/\/larevistadigital.com.ar\/blog\/brandsen-capturan-a-mujer-que-ingresaba-a-las-casas-y-mantenia-en-vilo-a-la-comunidad\/","title":{"rendered":"BRANDSEN: CAPTURAN A MUJER QUE INGRESABA A LAS CASAS, Y MANTEN\u00cdA EN VILO A LA COMUNIDAD"},"content":{"rendered":"<h2><em><strong>La detuvieron mientras se daba a la fuga luego de robar en el barrio La Manzana. Se resisti\u00f3 y golpe\u00f3 a los oficiales. En las pr\u00f3ximas horas podr\u00eda quedar en libertad<\/strong><\/em><\/h2>\n<p>En las \u00faltimas horas efectivos de la polic\u00eda comunal de Brandsen\u00a0lograron la aprehensi\u00f3n de una mujer que manten\u00eda en vilo a toda comunidad.<\/p>\n<p>Se trata de una \u00abconocida\u00bb delincuente identificada como S.D, que aprovecha la distracci\u00f3n de los vecinos, para meterse en las casas y sustraer carteras, billeteras y objetos de valor.<\/p>\n<p><strong><em>\u00abComo lo que comete son hurtos -esto quiere decir que sustrae pertenencias sin ejercer ning\u00fan tipo de violencia y sin romper nada- y no robos, tras ser aprehendida, la mayor\u00eda de las veces termina quedando en libertad\u00bb<\/em><\/strong> refiri\u00f3 una fuente que lleva a cabo la investigaci\u00f3n.<\/p>\n<p>Adem\u00e1s, la mujer tiene aparentes problemas psiqui\u00e1tricos, por lo que ser\u00eda inimputable.<\/p>\n<p>El historial de hechos cometidos por la sindicada es extenso. Entre ellos se recuerda cuando a\u00f1os atr\u00e1s intent\u00f3 \u00abrobar\u00bb un nene, en el barrio Los Aromos, y sin ir m\u00e1s lejos, hace tres d\u00edas, se meti\u00f3 a otra casa, en el barrio Los Pinos, donde sustrajo una billetera.<\/p>\n<p>El hecho qued\u00f3 a cargo de la fiscal <strong>Mariana Albizu<\/strong> y fue caratulado como \u00abHurto\u00bb.<\/p>\n","protected":false},"excerpt":{"rendered":"<div class=\"mh-excerpt\"><p>La detuvieron mientras se daba a la fuga luego de robar en el barrio La Manzana. Se resisti\u00f3 y golpe\u00f3 a los oficiales. En las pr\u00f3ximas horas podr\u00eda quedar en libertad En las \u00faltimas horas <a class=\"mh-excerpt-more\" href=\"https:\/\/larevistadigital.com.ar\/blog\/brandsen-capturan-a-mujer-que-ingresaba-a-las-casas-y-mantenia-en-vilo-a-la-comunidad\/\" title=\"BRANDSEN: CAPTURAN A MUJER QUE INGRESABA A LAS CASAS, Y MANTEN\u00cdA EN VILO A LA COMUNIDAD\">[Leer M\u00e1s]<\/a><\/p>\n<\/div>","protected":false},"author":3,"featured_media":14303,"comment_status":"open","ping_status":"open","sticky":false,"template":"","format":"standard","meta":{"_jetpack_memberships_contains_paid_content":false,"footnotes":"","jetpack_publicize_message":"","jetpack_publicize_feature_enabled":true,"jetpack_social_post_already_shared":true,"jetpack_social_options":{"image_generator_settings":{"template":"highway","default_image_id":0,"font":"","enabled":false},"version":2}},"categories":[44,51],"tags":[],"class_list":{"0":"post-14302","1":"post","2":"type-post","3":"status-publish","4":"format-standard","5":"has-post-thumbnail","7":"category-policiales","8":"category-regionales"},"jetpack_publicize_connections":[],"jetpack_featured_media_url":"https:\/\/i0.wp.com\/larevistadigital.com.ar\/blog\/wp-content\/uploads\/IMG-20200123-WA0016.jpg?fit=1054%2C593&ssl=1","jetpack_sharing_enabled":true,"jetpack_shortlink":"https:\/\/wp.me\/p8qtrQ-3IG","jetpack-related-posts":[{"id":21090,"url":"https:\/\/larevistadigital.com.ar\/blog\/familia-de-brandsen-se-accidento-en-la-pampa-y-murio-una-mujer\/","url_meta":{"origin":14302,"position":0},"title":"FAMILIA DE BRANDSEN SE ACCIDENT\u00d3 EN LA PAMPA Y MURI\u00d3 UNA MUJER","author":"Alejandro Sosa Ruda","date":"12 julio, 2021","format":false,"excerpt":"Ocurri\u00f3 en la tarde de ayer cerca de General Acha. La familia se dirig\u00eda a la ciudad tur\u00edstica de Bariloche. Un tr\u00e1gico accidente ocurri\u00f3 en las ultimas horas, cuando una mujer de 68 a\u00f1os de edad que circulaba en una camioneta Land Rover junto a su hija, el yerno y\u2026","rel":"","context":"En \u00abREGIONALES\u00bb","block_context":{"text":"REGIONALES","link":"https:\/\/larevistadigital.com.ar\/blog\/category\/regionales\/"},"img":{"alt_text":"","src":"https:\/\/i0.wp.com\/larevistadigital.com.ar\/blog\/wp-content\/uploads\/accidente-fatal.jpg?fit=873%2C527&ssl=1&resize=350%2C200","width":350,"height":200,"srcset":"https:\/\/i0.wp.com\/larevistadigital.com.ar\/blog\/wp-content\/uploads\/accidente-fatal.jpg?fit=873%2C527&ssl=1&resize=350%2C200 1x, https:\/\/i0.wp.com\/larevistadigital.com.ar\/blog\/wp-content\/uploads\/accidente-fatal.jpg?fit=873%2C527&ssl=1&resize=525%2C300 1.5x, https:\/\/i0.wp.com\/larevistadigital.com.ar\/blog\/wp-content\/uploads\/accidente-fatal.jpg?fit=873%2C527&ssl=1&resize=700%2C400 2x"},"classes":[]},{"id":20194,"url":"https:\/\/larevistadigital.com.ar\/blog\/coronel-vidal-detienen-un-hombre-que-mantenia-cautiva-a-una-mujer\/","url_meta":{"origin":14302,"position":1},"title":"CORONEL VIDAL: DETIENEN UN HOMBRE QUE MANTEN\u00cdA CAUTIVA A UNA MUJER","author":"Alejandro Sosa Ruda","date":"10 mayo, 2021","format":false,"excerpt":"La v\u00edctima pudo hacer un llamado y dar aviso a la polic\u00eda D\u00edas pasados un hombre de 40 a\u00f1os fue detenido por mantener cautiva a una mujer en una vivienda de General Piran. Ahora se conoci\u00f3 que, fue procesado con prisi\u00f3n preventiva por orden del juez, y deber\u00e1 esperar tras\u2026","rel":"","context":"En \u00abREGIONALES\u00bb","block_context":{"text":"REGIONALES","link":"https:\/\/larevistadigital.com.ar\/blog\/category\/regionales\/"},"img":{"alt_text":"","src":"https:\/\/i0.wp.com\/larevistadigital.com.ar\/blog\/wp-content\/uploads\/VIDAL-1.jpg?fit=900%2C599&ssl=1&resize=350%2C200","width":350,"height":200,"srcset":"https:\/\/i0.wp.com\/larevistadigital.com.ar\/blog\/wp-content\/uploads\/VIDAL-1.jpg?fit=900%2C599&ssl=1&resize=350%2C200 1x, https:\/\/i0.wp.com\/larevistadigital.com.ar\/blog\/wp-content\/uploads\/VIDAL-1.jpg?fit=900%2C599&ssl=1&resize=525%2C300 1.5x, https:\/\/i0.wp.com\/larevistadigital.com.ar\/blog\/wp-content\/uploads\/VIDAL-1.jpg?fit=900%2C599&ssl=1&resize=700%2C400 2x"},"classes":[]},{"id":12580,"url":"https:\/\/larevistadigital.com.ar\/blog\/brandsen-mujer-ingresa-al-hospital-con-disparo-en-el-abdomen\/","url_meta":{"origin":14302,"position":2},"title":"BRANDSEN: MUJER INGRESA AL HOSPITAL CON DISPARO EN EL ABDOMEN","author":"Alejandro Sosa Ruda","date":"10 octubre, 2019","format":false,"excerpt":"En las \u00faltimas horas, una conocida comerciante de 39 a\u00f1os domiciliada en el barrio privado \"La Arbolada\" de Jeppener, partido de\u00a0Brandsen, ingres\u00f3 al hospital local con una herida de bala a la altura del abdomen. El suceso es muy reciente por lo que \"en el lugar trabaja la Polic\u00eda Cient\u00edfica\u2026","rel":"","context":"En \u00abPOLICIALES\u00bb","block_context":{"text":"POLICIALES","link":"https:\/\/larevistadigital.com.ar\/blog\/category\/policiales\/"},"img":{"alt_text":"","src":"https:\/\/i0.wp.com\/larevistadigital.com.ar\/blog\/wp-content\/uploads\/20191009_184542.jpg?fit=1200%2C719&ssl=1&resize=350%2C200","width":350,"height":200,"srcset":"https:\/\/i0.wp.com\/larevistadigital.com.ar\/blog\/wp-content\/uploads\/20191009_184542.jpg?fit=1200%2C719&ssl=1&resize=350%2C200 1x, https:\/\/i0.wp.com\/larevistadigital.com.ar\/blog\/wp-content\/uploads\/20191009_184542.jpg?fit=1200%2C719&ssl=1&resize=525%2C300 1.5x, https:\/\/i0.wp.com\/larevistadigital.com.ar\/blog\/wp-content\/uploads\/20191009_184542.jpg?fit=1200%2C719&ssl=1&resize=700%2C400 2x, https:\/\/i0.wp.com\/larevistadigital.com.ar\/blog\/wp-content\/uploads\/20191009_184542.jpg?fit=1200%2C719&ssl=1&resize=1050%2C600 3x"},"classes":[]},{"id":10749,"url":"https:\/\/larevistadigital.com.ar\/blog\/brandsen-descubren-a-su-hijo-en-un-video-danando-casas-con-grafittis-y-lo-entregan-a-la-policia\/","url_meta":{"origin":14302,"position":3},"title":"BRANDSEN: DESCUBREN A SU HIJO EN UN VIDEO, DA\u00d1ANDO CASAS CON GRAFITTIS Y LO ENTREGAN A LA POLIC\u00cdA","author":"Alejandro Sosa Ruda","date":"24 junio, 2019","format":false,"excerpt":"Esta ma\u00f1ana\u00a0Detr\u00e1s de la Noticia difundi\u00f3 un video en el que se ve a j\u00f3venes da\u00f1ando con aerosol el frente de varias casas en Brandsen. Los padres reconocieron a su hijo en el video y lo llevaron a la comisar\u00eda, quedando el joven a disposici\u00f3n de la justicia. Adem\u00e1s, se\u2026","rel":"","context":"En \u00abSOCIEDAD\u00bb","block_context":{"text":"SOCIEDAD","link":"https:\/\/larevistadigital.com.ar\/blog\/category\/sociedad\/"},"img":{"alt_text":"","src":"https:\/\/i0.wp.com\/larevistadigital.com.ar\/blog\/wp-content\/uploads\/1561332177544_wm.jpg?fit=1024%2C575&ssl=1&resize=350%2C200","width":350,"height":200,"srcset":"https:\/\/i0.wp.com\/larevistadigital.com.ar\/blog\/wp-content\/uploads\/1561332177544_wm.jpg?fit=1024%2C575&ssl=1&resize=350%2C200 1x, https:\/\/i0.wp.com\/larevistadigital.com.ar\/blog\/wp-content\/uploads\/1561332177544_wm.jpg?fit=1024%2C575&ssl=1&resize=525%2C300 1.5x, https:\/\/i0.wp.com\/larevistadigital.com.ar\/blog\/wp-content\/uploads\/1561332177544_wm.jpg?fit=1024%2C575&ssl=1&resize=700%2C400 2x"},"classes":[]},{"id":13324,"url":"https:\/\/larevistadigital.com.ar\/blog\/brandsen-la-comisaria-de-la-mujer-y-la-familia-tendran-movil-propio\/","url_meta":{"origin":14302,"position":4},"title":"BRANDSEN: LA COMISAR\u00cdA DE LA MUJER Y LA FAMILIA TENDR\u00c1N M\u00d3VIL PROPIO","author":"Alejandro Sosa Ruda","date":"21 noviembre, 2019","format":false,"excerpt":"Ser\u00e1 entregado en el marco de una presentaci\u00f3n de tres m\u00f3viles nuevos que har\u00e1 la Secretar\u00eda de Proteccion Ciudadana y Habilitaciones ma\u00f1ana jueves frente al municipio Dos de los m\u00f3viles a presentar son recuperados, mientras que el tercero fue gestionado 0km ante el Ministerio de Seguridad de la provincia de\u2026","rel":"","context":"En \u00abREGIONALES\u00bb","block_context":{"text":"REGIONALES","link":"https:\/\/larevistadigital.com.ar\/blog\/category\/regionales\/"},"img":{"alt_text":"","src":"https:\/\/i0.wp.com\/larevistadigital.com.ar\/blog\/wp-content\/uploads\/20191120_142221-1024x610.jpg?fit=1024%2C610&ssl=1&resize=350%2C200","width":350,"height":200,"srcset":"https:\/\/i0.wp.com\/larevistadigital.com.ar\/blog\/wp-content\/uploads\/20191120_142221-1024x610.jpg?fit=1024%2C610&ssl=1&resize=350%2C200 1x, https:\/\/i0.wp.com\/larevistadigital.com.ar\/blog\/wp-content\/uploads\/20191120_142221-1024x610.jpg?fit=1024%2C610&ssl=1&resize=525%2C300 1.5x, https:\/\/i0.wp.com\/larevistadigital.com.ar\/blog\/wp-content\/uploads\/20191120_142221-1024x610.jpg?fit=1024%2C610&ssl=1&resize=700%2C400 2x"},"classes":[]},{"id":31892,"url":"https:\/\/larevistadigital.com.ar\/blog\/brandsen-alerta-por-una-nueva-modalidad-de-robo-como-actuan-los-delincuentes\/","url_meta":{"origin":14302,"position":5},"title":"BRANDSEN: ALERTA POR UNA NUEVA MODALIDAD DE ROBO. C\u00d3MO ACT\u00daAN LOS DELINCUENTES","author":"Alejandro Sosa Ruda","date":"9 junio, 2023","format":false,"excerpt":"Hay alerta por esta nueva modalidad. 9 de junio de 2023 BRANDSEN -\u00a0 En las \u00faltimas horas ha salido a la luz una nueva modalidad de robo en Brandsen, lo que ha generado gran preocupaci\u00f3n entre los residentes. En el transcurso del d\u00eda de ayer, aproximadamente a las 22:00 horas,\u2026","rel":"","context":"En \u00abPOLICIALES\u00bb","block_context":{"text":"POLICIALES","link":"https:\/\/larevistadigital.com.ar\/blog\/category\/policiales\/"},"img":{"alt_text":"","src":"https:\/\/i0.wp.com\/larevistadigital.com.ar\/blog\/wp-content\/uploads\/20230313183828_patrullero2-1.jpg?fit=880%2C512&ssl=1&resize=350%2C200","width":350,"height":200,"srcset":"https:\/\/i0.wp.com\/larevistadigital.com.ar\/blog\/wp-content\/uploads\/20230313183828_patrullero2-1.jpg?fit=880%2C512&ssl=1&resize=350%2C200 1x, https:\/\/i0.wp.com\/larevistadigital.com.ar\/blog\/wp-content\/uploads\/20230313183828_patrullero2-1.jpg?fit=880%2C512&ssl=1&resize=525%2C300 1.5x, https:\/\/i0.wp.com\/larevistadigital.com.ar\/blog\/wp-content\/uploads\/20230313183828_patrullero2-1.jpg?fit=880%2C512&ssl=1&resize=700%2C400 2x"},"classes":[]}],"_links":{"self":[{"href":"https:\/\/larevistadigital.com.ar\/blog\/wp-json\/wp\/v2\/posts\/14302","targetHints":{"allow":["GET"]}}],"collection":[{"href":"https:\/\/larevistadigital.com.ar\/blog\/wp-json\/wp\/v2\/posts"}],"about":[{"href":"https:\/\/larevistadigital.com.ar\/blog\/wp-json\/wp\/v2\/types\/post"}],"author":[{"embeddable":true,"href":"https:\/\/larevistadigital.com.ar\/blog\/wp-json\/wp\/v2\/users\/3"}],"replies":[{"embeddable":true,"href":"https:\/\/larevistadigital.com.ar\/blog\/wp-json\/wp\/v2\/comments?post=14302"}],"version-history":[{"count":1,"href":"https:\/\/larevistadigital.com.ar\/blog\/wp-json\/wp\/v2\/posts\/14302\/revisions"}],"predecessor-version":[{"id":14304,"href":"https:\/\/larevistadigital.com.ar\/blog\/wp-json\/wp\/v2\/posts\/14302\/revisions\/14304"}],"wp:featuredmedia":[{"embeddable":true,"href":"https:\/\/larevistadigital.com.ar\/blog\/wp-json\/wp\/v2\/media\/14303"}],"wp:attachment":[{"href":"https:\/\/larevistadigital.com.ar\/blog\/wp-json\/wp\/v2\/media?parent=14302"}],"wp:term":[{"taxonomy":"category","embeddable":true,"href":"https:\/\/larevistadigital.com.ar\/blog\/wp-json\/wp\/v2\/categories?post=14302"},{"taxonomy":"post_tag","embeddable":true,"href":"https:\/\/larevistadigital.com.ar\/blog\/wp-json\/wp\/v2\/tags?post=14302"}],"curies":[{"name":"wp","href":"https:\/\/api.w.org\/{rel}","templated":true}]}}