{"id":14305,"date":"2020-01-23T09:45:02","date_gmt":"2020-01-23T09:45:02","guid":{"rendered":"https:\/\/larevistadigital.com.ar\/blog\/?p=14305"},"modified":"2020-01-23T09:45:02","modified_gmt":"2020-01-23T09:45:02","slug":"cuanto-cuesta-ser-imprudente-aca-los-costos-de-las-multas-en-la-provincia-de-buenos-aires","status":"publish","type":"post","link":"https:\/\/larevistadigital.com.ar\/blog\/cuanto-cuesta-ser-imprudente-aca-los-costos-de-las-multas-en-la-provincia-de-buenos-aires\/","title":{"rendered":"\u00bfCUANTO CUESTA SER IMPRUDENTE? AC\u00c1 LOS COSTOS DE LAS MULTAS EN LA PROVINCIA DE BUENOS AIRES"},"content":{"rendered":"<p><img data-recalc-dims=\"1\" loading=\"lazy\" decoding=\"async\" class=\"size-full wp-image-14306 aligncenter\" src=\"https:\/\/i0.wp.com\/larevistadigital.com.ar\/blog\/wp-content\/uploads\/Multas.jpg?resize=693%2C346&#038;ssl=1\" alt=\"\" width=\"693\" height=\"346\" srcset=\"https:\/\/i0.wp.com\/larevistadigital.com.ar\/blog\/wp-content\/uploads\/Multas.jpg?w=693&amp;ssl=1 693w, https:\/\/i0.wp.com\/larevistadigital.com.ar\/blog\/wp-content\/uploads\/Multas.jpg?resize=300%2C150&amp;ssl=1 300w\" sizes=\"auto, (max-width: 693px) 100vw, 693px\" \/><\/p>\n<p>Con la actualizaci\u00f3n de la Unidad Fija a 63.09, vigente para los meses de enero y febrero, las infracciones m\u00e1s graves pueden costar m\u00e1s de 75 mil pesos.<\/p>\n<p>Los datos oficiales correspondientes a la primera quincena de controles, en el marco del Operativo Sol, mostr\u00f3 datos preocupantes respecto de la responsabilidad de los conductores que se lanzan a las rutas de la Provincia.<\/p>\n<blockquote>\n<h3>A la fecha se realizaron m\u00e1s de 2.500 controles y se detectaron 510 casos de alcoholemia positiva. Esa es la infracci\u00f3n que m\u00e1s se repite, junto a la falta de seguro obligatorio.<\/h3>\n<\/blockquote>\n<p>M\u00e1s all\u00e1 del riesgo al que se expone -y al que expone a terceros- quien conduce bajo esas condiciones, las multas por hacerlo son cada vez m\u00e1s onerosas. Con la \u00faltima actualizaci\u00f3n dispuesta por el Gobierno provincial, las infracciones m\u00e1s graves pueden costar hasta 75 mil pesos.<\/p>\n<p>El costo de las infracciones se establece mediante Unidades Fijas, que se actualizan bimestralmente con el precio del litro de nafta de mayor octanaje, establecido por el Autom\u00f3vil Club de La Plata. La UF cotiza hoy en 63.09 y su valor, como nunca, qued\u00f3 expuesto a los vaivenes del d\u00f3lar, el precio del barril de petr\u00f3leo y el \u00edndice de precios.<\/p>\n<blockquote>\n<h3>Seg\u00fan las leyes de tr\u00e1nsito, pasar un sem\u00e1foro en rojo, una barrera baja, circular sin VTV, seguro o chapa patente, puede costar hasta 1.000 Unidades Fijas. En tanto que negarse a un control de alcoholemia puede costar hasta 1.200 unidades, equivalentes hoy a 75.708 pesos.<\/h3>\n<\/blockquote>\n<p>En cambio, si el conductor se sometiera al control y resultara positivo, la multa m\u00e1xima ser\u00eda de 63 mil pesos. El veh\u00edculo, por su parte, deber\u00eda quedar secuestrado.<\/p>\n<p>Raz\u00f3n de m\u00e1s para someterse voluntariamente al control, pero tambi\u00e9n para cuidarse y cuidar a los dem\u00e1s a la hora de ponerse atr\u00e1s de un volante; inform\u00f3 Infocielo.<\/p>\n","protected":false},"excerpt":{"rendered":"<div class=\"mh-excerpt\"><p>Con la actualizaci\u00f3n de la Unidad Fija a 63.09, vigente para los meses de enero y febrero, las infracciones m\u00e1s graves pueden costar m\u00e1s de 75 mil pesos. Los datos oficiales correspondientes a la primera <a class=\"mh-excerpt-more\" href=\"https:\/\/larevistadigital.com.ar\/blog\/cuanto-cuesta-ser-imprudente-aca-los-costos-de-las-multas-en-la-provincia-de-buenos-aires\/\" title=\"\u00bfCUANTO CUESTA SER IMPRUDENTE? AC\u00c1 LOS COSTOS DE LAS MULTAS EN LA PROVINCIA DE BUENOS AIRES\">[Leer M\u00e1s]<\/a><\/p>\n<\/div>","protected":false},"author":3,"featured_media":14307,"comment_status":"open","ping_status":"open","sticky":false,"template":"","format":"standard","meta":{"_jetpack_memberships_contains_paid_content":false,"footnotes":"","jetpack_publicize_message":"","jetpack_publicize_feature_enabled":true,"jetpack_social_post_already_shared":true,"jetpack_social_options":{"image_generator_settings":{"template":"highway","default_image_id":0,"font":"","enabled":false},"version":2}},"categories":[24,51],"tags":[],"class_list":{"0":"post-14305","1":"post","2":"type-post","3":"status-publish","4":"format-standard","5":"has-post-thumbnail","7":"category-politica-provincial","8":"category-regionales"},"jetpack_publicize_connections":[],"jetpack_featured_media_url":"https:\/\/i0.wp.com\/larevistadigital.com.ar\/blog\/wp-content\/uploads\/Transito.jpg?fit=960%2C960&ssl=1","jetpack_sharing_enabled":true,"jetpack_shortlink":"https:\/\/wp.me\/p8qtrQ-3IJ","jetpack-related-posts":[{"id":43176,"url":"https:\/\/larevistadigital.com.ar\/blog\/multas-de-transito-en-la-provincia-de-buenos-aires-cuales-son-las-infracciones-que-rozan-los-2-millones\/","url_meta":{"origin":14305,"position":0},"title":"Multas de tr\u00e1nsito en la Provincia de Buenos Aires: cu\u00e1les son las infracciones que rozan los $2 millones","author":"Alejandro Sosa Ruda","date":"6 enero, 2026","format":false,"excerpt":"La Provincia actualiz\u00f3 la Unidad Fija y desde enero las infracciones m\u00e1s graves ya superan $1,8 millones, justo en plena temporada de verano y con controles reforzados en rutas. 06 de enero de 2026 La\u00a0Provincia de Buenos Aires\u00a0oficializ\u00f3 un\u00a0nuevo aumento\u00a0en el\u00a0valor de las multas de tr\u00e1nsito\u00a0tras actualizar la\u00a0Unidad Fija\u00a0(UF), el\u00a0par\u00e1metro\u00a0que\u2026","rel":"","context":"En \u00abPOLITICA PROVINCIAL\u00bb","block_context":{"text":"POLITICA PROVINCIAL","link":"https:\/\/larevistadigital.com.ar\/blog\/category\/politica\/politica-provincial\/"},"img":{"alt_text":"","src":"https:\/\/i0.wp.com\/larevistadigital.com.ar\/blog\/wp-content\/uploads\/Captura-de-pantalla-2026-01-06-135705.jpg?fit=798%2C457&ssl=1&resize=350%2C200","width":350,"height":200,"srcset":"https:\/\/i0.wp.com\/larevistadigital.com.ar\/blog\/wp-content\/uploads\/Captura-de-pantalla-2026-01-06-135705.jpg?fit=798%2C457&ssl=1&resize=350%2C200 1x, https:\/\/i0.wp.com\/larevistadigital.com.ar\/blog\/wp-content\/uploads\/Captura-de-pantalla-2026-01-06-135705.jpg?fit=798%2C457&ssl=1&resize=525%2C300 1.5x, https:\/\/i0.wp.com\/larevistadigital.com.ar\/blog\/wp-content\/uploads\/Captura-de-pantalla-2026-01-06-135705.jpg?fit=798%2C457&ssl=1&resize=700%2C400 2x"},"classes":[]},{"id":19980,"url":"https:\/\/larevistadigital.com.ar\/blog\/kicillof-anuncio-multas-de-hasta-45-millones-de-pesos-a-los-que-no-cumplan-las-restricciones\/","url_meta":{"origin":14305,"position":1},"title":"KICILLOF ANUNCI\u00d3 MULTAS DE HASTA 4,5 MILLONES DE PESOS A LOS QUE NO CUMPLAN LAS RESTRICCIONES","author":"Alejandro Sosa Ruda","date":"30 abril, 2021","format":false,"excerpt":"El mandatario bonaerense indic\u00f3 que el valor de las multas alcanzar\u00e1 los 500 sueldos m\u00ednimos. El gobernador bonaerense\u00a0Axel Kicillof\u00a0detalla c\u00f3mo se adaptar\u00e1n las medidas sanitarias anunciadas por el presidente Alberto Fern\u00e1ndez esta ma\u00f1ana,\u00a0\u00a0que comienzan a regir desde este s\u00e1bado 1 de mayo en el Sal\u00f3n Dorado de la Casa de\u2026","rel":"","context":"En \u00abINTERES GENERAL\u00bb","block_context":{"text":"INTERES GENERAL","link":"https:\/\/larevistadigital.com.ar\/blog\/category\/interes-general\/"},"img":{"alt_text":"","src":"https:\/\/i0.wp.com\/larevistadigital.com.ar\/blog\/wp-content\/uploads\/KICI.png?fit=997%2C552&ssl=1&resize=350%2C200","width":350,"height":200,"srcset":"https:\/\/i0.wp.com\/larevistadigital.com.ar\/blog\/wp-content\/uploads\/KICI.png?fit=997%2C552&ssl=1&resize=350%2C200 1x, https:\/\/i0.wp.com\/larevistadigital.com.ar\/blog\/wp-content\/uploads\/KICI.png?fit=997%2C552&ssl=1&resize=525%2C300 1.5x, https:\/\/i0.wp.com\/larevistadigital.com.ar\/blog\/wp-content\/uploads\/KICI.png?fit=997%2C552&ssl=1&resize=700%2C400 2x"},"classes":[]},{"id":25332,"url":"https:\/\/larevistadigital.com.ar\/blog\/luego-de-30-anos-ambiente-actualizo-multas-a-empresas-contaminantes\/","url_meta":{"origin":14305,"position":2},"title":"LUEGO DE 30 A\u00d1OS, AMBIENTE ACTUALIZ\u00d3 MULTAS A EMPRESAS CONTAMINANTES","author":"Alejandro Sosa Ruda","date":"22 mayo, 2022","format":false,"excerpt":"La \u00faltima actualizaci\u00f3n se hab\u00eda efectuado a trav\u00e9s del Decreto 776 del a\u00f1o 1992 y establec\u00eda multas m\u00e1ximas de $ 50.000 para las personas humanas o jur\u00eddicas que no cumplieran con las obligaciones establecidas y de $ 100.000 para el caso de los establecimientos industriales. El Ministerio de Ambiente y\u2026","rel":"","context":"En \u00abINTERES GENERAL\u00bb","block_context":{"text":"INTERES GENERAL","link":"https:\/\/larevistadigital.com.ar\/blog\/category\/interes-general\/"},"img":{"alt_text":"","src":"https:\/\/i0.wp.com\/larevistadigital.com.ar\/blog\/wp-content\/uploads\/20220521165810_ambi.jpg?fit=880%2C512&ssl=1&resize=350%2C200","width":350,"height":200,"srcset":"https:\/\/i0.wp.com\/larevistadigital.com.ar\/blog\/wp-content\/uploads\/20220521165810_ambi.jpg?fit=880%2C512&ssl=1&resize=350%2C200 1x, https:\/\/i0.wp.com\/larevistadigital.com.ar\/blog\/wp-content\/uploads\/20220521165810_ambi.jpg?fit=880%2C512&ssl=1&resize=525%2C300 1.5x, https:\/\/i0.wp.com\/larevistadigital.com.ar\/blog\/wp-content\/uploads\/20220521165810_ambi.jpg?fit=880%2C512&ssl=1&resize=700%2C400 2x"},"classes":[]},{"id":9234,"url":"https:\/\/larevistadigital.com.ar\/blog\/ningun-municipio-podra-exigir-el-libre-deuda-para-otorgar-el-registro-de-conducir\/","url_meta":{"origin":14305,"position":3},"title":"NING\u00daN MUNICIPIO PODR\u00c1 EXIGIR EL LIBRE DEUDA PARA OTORGAR EL REGISTRO DE CONDUCIR","author":"Alejandro Sosa Ruda","date":"20 marzo, 2019","format":false,"excerpt":"Los\u00a0135 municipios de la Provincia de Buenos Aires,\u00a0ya no podr\u00e1n exigir el libre deuda para renovar el registro de conducir.\u00a0\u00a0La medida fue confirmada por el Defensor del Pueblo de la Provincia de Buenos Aires,\u00a0Guido Lorenzino. El gobierno provincial, comunic\u00f3 a las comunas que\u00a0ya no es obligatorio para los conductores que\u2026","rel":"","context":"En \u00abPOLITICA\u00bb","block_context":{"text":"POLITICA","link":"https:\/\/larevistadigital.com.ar\/blog\/category\/politica\/"},"img":{"alt_text":"","src":"https:\/\/i0.wp.com\/larevistadigital.com.ar\/blog\/wp-content\/uploads\/2019\/03\/Licencia-621x440.jpg?fit=621%2C440&ssl=1&resize=350%2C200","width":350,"height":200,"srcset":"https:\/\/i0.wp.com\/larevistadigital.com.ar\/blog\/wp-content\/uploads\/2019\/03\/Licencia-621x440.jpg?fit=621%2C440&ssl=1&resize=350%2C200 1x, https:\/\/i0.wp.com\/larevistadigital.com.ar\/blog\/wp-content\/uploads\/2019\/03\/Licencia-621x440.jpg?fit=621%2C440&ssl=1&resize=525%2C300 1.5x"},"classes":[]},{"id":22986,"url":"https:\/\/larevistadigital.com.ar\/blog\/provincia-de-buenos-aires-multas-millonarias-a-quienes-organicen-eventos-sin-controlar-el-pase-sanitario\/","url_meta":{"origin":14305,"position":4},"title":"PROVINCIA DE BUENOS AIRES: MULTAS MILLONARIAS A QUIENES ORGANICEN EVENTOS SIN CONTROLAR EL \u00abPASE SANITARIO\u00bb","author":"Alejandro Sosa Ruda","date":"22 diciembre, 2021","format":false,"excerpt":"El Gobierno bonaerense inform\u00f3 que har\u00e1n operativos aleatorios de fiscalizaci\u00f3n, para controlar que todos los comercios e instituciones cumplan con la norma. El pasado martes comenz\u00f3 a regir en toda\u00a0la provincia de Buenos Aires el pase sanitario y, seg\u00fan inform\u00f3 ahora el Gobierno bonaerense, se llevar\u00e1n a cabo\u00a0operativos para controlar\u2026","rel":"","context":"En \u00abDESTACADAS\u00bb","block_context":{"text":"DESTACADAS","link":"https:\/\/larevistadigital.com.ar\/blog\/category\/destacadas\/"},"img":{"alt_text":"","src":"https:\/\/i0.wp.com\/larevistadigital.com.ar\/blog\/wp-content\/uploads\/app-cuidar.png?fit=1200%2C675&ssl=1&resize=350%2C200","width":350,"height":200,"srcset":"https:\/\/i0.wp.com\/larevistadigital.com.ar\/blog\/wp-content\/uploads\/app-cuidar.png?fit=1200%2C675&ssl=1&resize=350%2C200 1x, https:\/\/i0.wp.com\/larevistadigital.com.ar\/blog\/wp-content\/uploads\/app-cuidar.png?fit=1200%2C675&ssl=1&resize=525%2C300 1.5x, https:\/\/i0.wp.com\/larevistadigital.com.ar\/blog\/wp-content\/uploads\/app-cuidar.png?fit=1200%2C675&ssl=1&resize=700%2C400 2x, https:\/\/i0.wp.com\/larevistadigital.com.ar\/blog\/wp-content\/uploads\/app-cuidar.png?fit=1200%2C675&ssl=1&resize=1050%2C600 3x"},"classes":[]},{"id":43814,"url":"https:\/\/larevistadigital.com.ar\/blog\/villa-gesell-endurece-multas-de-transito-para-reforzar-la-seguridad-vial-y-marca-distancia-con-la-postura-de-pinamar\/","url_meta":{"origin":14305,"position":5},"title":"Villa Gesell endurece multas de tr\u00e1nsito para reforzar la seguridad vial y marca distancia con la postura de Pinamar","author":"Alejandro Sosa Ruda","date":"5 febrero, 2026","format":false,"excerpt":"El Concejo Deliberante aprob\u00f3 sanciones m\u00e1s severas para desalentar maniobras temerarias, especialmente en playas y zonas residenciales. 05 de febrero de 2026 VILLA GESELL -\u00a0 \u00a0El Honorable Concejo Deliberante de Villa Gesell aprob\u00f3 en sesi\u00f3n extraordinaria una serie de modificaciones al r\u00e9gimen de multas por infracciones de tr\u00e1nsito, con el\u2026","rel":"","context":"En \u00abPOLITICA PROVINCIAL\u00bb","block_context":{"text":"POLITICA PROVINCIAL","link":"https:\/\/larevistadigital.com.ar\/blog\/category\/politica\/politica-provincial\/"},"img":{"alt_text":"","src":"https:\/\/i0.wp.com\/larevistadigital.com.ar\/blog\/wp-content\/uploads\/Captura-de-pantalla-2026-02-05-175331.jpg?fit=700%2C399&ssl=1&resize=350%2C200","width":350,"height":200,"srcset":"https:\/\/i0.wp.com\/larevistadigital.com.ar\/blog\/wp-content\/uploads\/Captura-de-pantalla-2026-02-05-175331.jpg?fit=700%2C399&ssl=1&resize=350%2C200 1x, https:\/\/i0.wp.com\/larevistadigital.com.ar\/blog\/wp-content\/uploads\/Captura-de-pantalla-2026-02-05-175331.jpg?fit=700%2C399&ssl=1&resize=525%2C300 1.5x, https:\/\/i0.wp.com\/larevistadigital.com.ar\/blog\/wp-content\/uploads\/Captura-de-pantalla-2026-02-05-175331.jpg?fit=700%2C399&ssl=1&resize=700%2C400 2x"},"classes":[]}],"_links":{"self":[{"href":"https:\/\/larevistadigital.com.ar\/blog\/wp-json\/wp\/v2\/posts\/14305","targetHints":{"allow":["GET"]}}],"collection":[{"href":"https:\/\/larevistadigital.com.ar\/blog\/wp-json\/wp\/v2\/posts"}],"about":[{"href":"https:\/\/larevistadigital.com.ar\/blog\/wp-json\/wp\/v2\/types\/post"}],"author":[{"embeddable":true,"href":"https:\/\/larevistadigital.com.ar\/blog\/wp-json\/wp\/v2\/users\/3"}],"replies":[{"embeddable":true,"href":"https:\/\/larevistadigital.com.ar\/blog\/wp-json\/wp\/v2\/comments?post=14305"}],"version-history":[{"count":1,"href":"https:\/\/larevistadigital.com.ar\/blog\/wp-json\/wp\/v2\/posts\/14305\/revisions"}],"predecessor-version":[{"id":14308,"href":"https:\/\/larevistadigital.com.ar\/blog\/wp-json\/wp\/v2\/posts\/14305\/revisions\/14308"}],"wp:featuredmedia":[{"embeddable":true,"href":"https:\/\/larevistadigital.com.ar\/blog\/wp-json\/wp\/v2\/media\/14307"}],"wp:attachment":[{"href":"https:\/\/larevistadigital.com.ar\/blog\/wp-json\/wp\/v2\/media?parent=14305"}],"wp:term":[{"taxonomy":"category","embeddable":true,"href":"https:\/\/larevistadigital.com.ar\/blog\/wp-json\/wp\/v2\/categories?post=14305"},{"taxonomy":"post_tag","embeddable":true,"href":"https:\/\/larevistadigital.com.ar\/blog\/wp-json\/wp\/v2\/tags?post=14305"}],"curies":[{"name":"wp","href":"https:\/\/api.w.org\/{rel}","templated":true}]}}