{"id":14317,"date":"2020-01-23T11:03:59","date_gmt":"2020-01-23T11:03:59","guid":{"rendered":"https:\/\/larevistadigital.com.ar\/blog\/?p=14317"},"modified":"2020-01-23T11:03:59","modified_gmt":"2020-01-23T11:03:59","slug":"fotografiaron-a-schumacher-postrado-y-piden-una-fortuna","status":"publish","type":"post","link":"https:\/\/larevistadigital.com.ar\/blog\/fotografiaron-a-schumacher-postrado-y-piden-una-fortuna\/","title":{"rendered":"FOTOGRAFIARON A SCHUMACHER POSTRADO, Y PIDEN UNA FORTUNA"},"content":{"rendered":"<h2><em>La esposa del expiloto de\u00a0<b>F\u00f3rmula 1<\/b>\u00a0denunci\u00f3 que un extra\u00f1o se meti\u00f3 en su casa en Ginebra. Seg\u00fan un medio ingl\u00e9s las fotos est\u00e1n a la venta por\u00a0<b>un mill\u00f3n de euros<\/b>.<\/em><\/h2>\n<p class=\"primero\">La mujer del expiloto de F\u00f3rmula 1 Michael Schumacher,\u00a0<strong>Corinna\u00a0Schumacher<\/strong>, denunci\u00f3 este mi\u00e9rcoles el allanamiento de su residencia habitual en Ginebra (Suiza) de un individuo al que descubrieron\u00a0<strong>sac\u00e1ndole fotos a su marido postrado en la cama.<\/strong><\/p>\n<p><strong>Schumacher<\/strong>, cuya recuperaci\u00f3n es\u00a0<strong>cien por cien privada\u00a0<\/strong>desde que sufri\u00f3 un grave accidente esquiando hace seis a\u00f1os, podr\u00eda haber dado \u00abpeque\u00f1os pasos\u00bb seg\u00fan explic\u00f3 su esposa de forma reciente. Sin embargo,\u00a0<strong>su imagen no ha salido a la luz desde que sufri\u00f3 aquel fat\u00eddico accidente al chocarse contra una roca.<\/strong><\/p>\n<p><strong>Corinna<\/strong> denunci\u00f3 el robo de unas fotos de su marido que han sido\u00a0<strong>puestas a la venta por m\u00e1s de un mill\u00f3n de euros<\/strong>, revela el Daily Mirror\u2018. Seg\u00fan el diario ingl\u00e9s las im\u00e1genes muestran al expiloto alem\u00e1n postrado en una cama. Este rotativo asegura que la persona que se meti\u00f3 en la casa es \u00abdesconocida\u00bb para la familia.<\/p>\n<p>El heptacampe\u00f3n de F\u00f3rmula 1 -que ha recibido muy pocas visitas desde entonces- est\u00e1 al cuidado de su mujer, que explic\u00f3 en varias ocasiones que\u00a0<strong>Schumacher<\/strong>\u00a0se encuentra <em><strong>\u00aben las mejores manos\u00bb y que la familia est\u00e1 haciendo \u00abtodo lo posible\u00bb<\/strong> <\/em>para ayudarlo en su rehabilitaci\u00f3n.<\/p>\n<p>fuente DPA<\/p>\n","protected":false},"excerpt":{"rendered":"<div class=\"mh-excerpt\"><p>La esposa del expiloto de\u00a0F\u00f3rmula 1\u00a0denunci\u00f3 que un extra\u00f1o se meti\u00f3 en su casa en Ginebra. Seg\u00fan un medio ingl\u00e9s las fotos est\u00e1n a la venta por\u00a0un mill\u00f3n de euros. La mujer del expiloto de <a class=\"mh-excerpt-more\" href=\"https:\/\/larevistadigital.com.ar\/blog\/fotografiaron-a-schumacher-postrado-y-piden-una-fortuna\/\" title=\"FOTOGRAFIARON A SCHUMACHER POSTRADO, Y PIDEN UNA FORTUNA\">[Leer M\u00e1s]<\/a><\/p>\n<\/div>","protected":false},"author":3,"featured_media":14318,"comment_status":"open","ping_status":"open","sticky":false,"template":"","format":"standard","meta":{"_jetpack_memberships_contains_paid_content":false,"footnotes":"","jetpack_publicize_message":"","jetpack_publicize_feature_enabled":true,"jetpack_social_post_already_shared":true,"jetpack_social_options":{"image_generator_settings":{"template":"highway","default_image_id":0,"font":"","enabled":false},"version":2}},"categories":[8,50,29],"tags":[],"class_list":{"0":"post-14317","1":"post","2":"type-post","3":"status-publish","4":"format-standard","5":"has-post-thumbnail","7":"category-deportes","8":"category-interes-general","9":"category-sociedad"},"jetpack_publicize_connections":[],"jetpack_featured_media_url":"https:\/\/i0.wp.com\/larevistadigital.com.ar\/blog\/wp-content\/uploads\/0123_michael_shumacher_g_na.jpg?fit=650%2C446&ssl=1","jetpack_sharing_enabled":true,"jetpack_shortlink":"https:\/\/wp.me\/p8qtrQ-3IV","jetpack-related-posts":[{"id":27800,"url":"https:\/\/larevistadigital.com.ar\/blog\/ultimo-momento-el-parte-de-prensa-de-la-policia-por-el-accidente-de-adriana-aguirre-y-su-marido\/","url_meta":{"origin":14317,"position":0},"title":"\u00daLTIMO MOMENTO: EL PARTE DE PRENSA DE LA POLIC\u00cdA POR EL ACCIDENTE DE ADRIANA AGUIRRE Y SU MARIDO","author":"Alejandro Sosa Ruda","date":"16 septiembre, 2022","format":false,"excerpt":"Reci\u00e9n env\u00edan de la Jefatura de Polic\u00eda Comunal un parte de prensa dando cuenta del accidente que sufri\u00f3 la vedette Adriana Aguirre y su marido Ricardo Garc\u00eda cuando viajaban hacia Mar del Plata 15 de septiembre de 2022 CHASCOM\u00daS -\u00a0 A continuaci\u00f3n, transcribimos el parte de la Polic\u00eda Comunal, acerca\u2026","rel":"","context":"En \u00abINTERES GENERAL\u00bb","block_context":{"text":"INTERES GENERAL","link":"https:\/\/larevistadigital.com.ar\/blog\/category\/interes-general\/"},"img":{"alt_text":"","src":"https:\/\/i0.wp.com\/larevistadigital.com.ar\/blog\/wp-content\/uploads\/D.jpg?fit=622%2C347&ssl=1&resize=350%2C200","width":350,"height":200,"srcset":"https:\/\/i0.wp.com\/larevistadigital.com.ar\/blog\/wp-content\/uploads\/D.jpg?fit=622%2C347&ssl=1&resize=350%2C200 1x, https:\/\/i0.wp.com\/larevistadigital.com.ar\/blog\/wp-content\/uploads\/D.jpg?fit=622%2C347&ssl=1&resize=525%2C300 1.5x"},"classes":[]},{"id":18758,"url":"https:\/\/larevistadigital.com.ar\/blog\/fernando-burlando-sufrio-un-accidente-y-fue-internado-de-urgencia\/","url_meta":{"origin":14317,"position":1},"title":"FERNANDO BURLANDO SUFRI\u00d3 UN ACCIDENTE Y FUE INTERNADO DE URGENCIA","author":"Alejandro Sosa Ruda","date":"7 febrero, 2021","format":false,"excerpt":"Sufri\u00f3 un accidente durante un partido de polo, al caer de su caballo, por lo que su estado es delicado. LA PLATA - El conocido abogado Fernando Burlando, se encuentra internado en el Instituto M\u00e9dico Platense, y su estado es delicado, seg\u00fan manifestaron desde su entorno. Burlando\u00a0 fue r\u00e1pidamente internado\u2026","rel":"","context":"En \u00abINTERES GENERAL\u00bb","block_context":{"text":"INTERES GENERAL","link":"https:\/\/larevistadigital.com.ar\/blog\/category\/interes-general\/"},"img":{"alt_text":"","src":"https:\/\/i0.wp.com\/larevistadigital.com.ar\/blog\/wp-content\/uploads\/Captura-3.png?fit=1200%2C590&ssl=1&resize=350%2C200","width":350,"height":200,"srcset":"https:\/\/i0.wp.com\/larevistadigital.com.ar\/blog\/wp-content\/uploads\/Captura-3.png?fit=1200%2C590&ssl=1&resize=350%2C200 1x, https:\/\/i0.wp.com\/larevistadigital.com.ar\/blog\/wp-content\/uploads\/Captura-3.png?fit=1200%2C590&ssl=1&resize=525%2C300 1.5x, https:\/\/i0.wp.com\/larevistadigital.com.ar\/blog\/wp-content\/uploads\/Captura-3.png?fit=1200%2C590&ssl=1&resize=700%2C400 2x, https:\/\/i0.wp.com\/larevistadigital.com.ar\/blog\/wp-content\/uploads\/Captura-3.png?fit=1200%2C590&ssl=1&resize=1050%2C600 3x"},"classes":[]},{"id":27497,"url":"https:\/\/larevistadigital.com.ar\/blog\/en-un-accidente-murio-la-mujer-que-denuncio-por-abuso-sexual-al-ex-diputado-manuel-mosca\/","url_meta":{"origin":14317,"position":2},"title":"EN UN ACCIDENTE MURI\u00d3 LA MUJER QUE DENUNCI\u00d3 POR ABUSO SEXUAL AL EX DIPUTADO MANUEL MOSCA","author":"Alejandro Sosa Ruda","date":"2 septiembre, 2022","format":false,"excerpt":"Se trata de la bolivarense Stella Lautre que falleci\u00f3 sin lograr conseguir justicia en su denuncia contra el ex funcionario de Mar\u00eda Eugenia Vidal. Stella Lautre, una\u00a0 conocida vecina de Bolivar y una de las denunciantes por abuso sexual al ex presidente de la C\u00e1mara de Diputados de la provincia\u2026","rel":"","context":"En \u00abPOLICIALES\u00bb","block_context":{"text":"POLICIALES","link":"https:\/\/larevistadigital.com.ar\/blog\/category\/policiales\/"},"img":{"alt_text":"","src":"https:\/\/i0.wp.com\/larevistadigital.com.ar\/blog\/wp-content\/uploads\/20220901180403_accidente-ruta-5-y-30-2.jpg?fit=880%2C512&ssl=1&resize=350%2C200","width":350,"height":200,"srcset":"https:\/\/i0.wp.com\/larevistadigital.com.ar\/blog\/wp-content\/uploads\/20220901180403_accidente-ruta-5-y-30-2.jpg?fit=880%2C512&ssl=1&resize=350%2C200 1x, https:\/\/i0.wp.com\/larevistadigital.com.ar\/blog\/wp-content\/uploads\/20220901180403_accidente-ruta-5-y-30-2.jpg?fit=880%2C512&ssl=1&resize=525%2C300 1.5x, https:\/\/i0.wp.com\/larevistadigital.com.ar\/blog\/wp-content\/uploads\/20220901180403_accidente-ruta-5-y-30-2.jpg?fit=880%2C512&ssl=1&resize=700%2C400 2x"},"classes":[]},{"id":18543,"url":"https:\/\/larevistadigital.com.ar\/blog\/conocido-vecino-y-dirigente-politico-de-chascomus-sobrevivio-milagrosamente-a-un-accidente\/","url_meta":{"origin":14317,"position":3},"title":"CONOCIDO VECINO Y DIRIGENTE POL\u00cdTICO DE CHASCOM\u00daS SOBREVIVI\u00d3 MILAGROSAMENTE A UN ACCIDENTE","author":"Alejandro Sosa Ruda","date":"7 enero, 2021","format":false,"excerpt":"CHASCOM\u00daS -\u00a0Las im\u00e1genes del siniestro son realmente impresionantes, y solo se puede pensar que Dios estuvo junto a Juan Pablo \"El Polilla\" Odera hoy por la ma\u00f1ana cuando sufri\u00f3 un fort\u00edsimo accidente con su autom\u00f3vil, que qued\u00f3 totalmente destruido. Resulta incre\u00edble, pero \"El Poli\", como se le dice en la\u2026","rel":"","context":"En \u00abCHASCOM\u00daS\u00bb","block_context":{"text":"CHASCOM\u00daS","link":"https:\/\/larevistadigital.com.ar\/blog\/category\/chascomus\/"},"img":{"alt_text":"","src":"https:\/\/i0.wp.com\/larevistadigital.com.ar\/blog\/wp-content\/uploads\/WhatsApp-Image-2021-01-07-at-17.20.24.jpeg?fit=1024%2C768&ssl=1&resize=350%2C200","width":350,"height":200,"srcset":"https:\/\/i0.wp.com\/larevistadigital.com.ar\/blog\/wp-content\/uploads\/WhatsApp-Image-2021-01-07-at-17.20.24.jpeg?fit=1024%2C768&ssl=1&resize=350%2C200 1x, https:\/\/i0.wp.com\/larevistadigital.com.ar\/blog\/wp-content\/uploads\/WhatsApp-Image-2021-01-07-at-17.20.24.jpeg?fit=1024%2C768&ssl=1&resize=525%2C300 1.5x, https:\/\/i0.wp.com\/larevistadigital.com.ar\/blog\/wp-content\/uploads\/WhatsApp-Image-2021-01-07-at-17.20.24.jpeg?fit=1024%2C768&ssl=1&resize=700%2C400 2x"},"classes":[]},{"id":18907,"url":"https:\/\/larevistadigital.com.ar\/blog\/el-actor-miguel-angel-sola-sufrio-un-accidente-en-una-vereda-de-madrid-y-debio-ser-internado-de-urgencia\/","url_meta":{"origin":14317,"position":4},"title":"EL ACTOR MIGUEL ANGEL SOL\u00c1 SUFRI\u00d3 UN ACCIDENTE EN UNA VEREDA DE MADRID Y DEBI\u00d3 SER INTERNADO DE URGENCIA","author":"Alejandro Sosa Ruda","date":"18 febrero, 2021","format":false,"excerpt":"Un comunicado del teatro en el cual trabaja inform\u00f3 sobre una \u201cintervenci\u00f3n quir\u00fargica traumatol\u00f3gica de urgencia\u201d. Pero su esposa, la actriz espa\u00f1ola Paula Cancio, se lo desminti\u00f3 a Teleshow Las funciones de\u00a0Doble o nada, un thriller que cada fin de semana sale a escena en los\u00a0Teatros Luchana, en Madrid, quedaron\u2026","rel":"","context":"En \u00abINTERES GENERAL\u00bb","block_context":{"text":"INTERES GENERAL","link":"https:\/\/larevistadigital.com.ar\/blog\/category\/interes-general\/"},"img":{"alt_text":"","src":"https:\/\/i0.wp.com\/larevistadigital.com.ar\/blog\/wp-content\/uploads\/el-actor-miguel-angel-sola-debio-suspender-su-participacion-doble-o-nada.jpg?fit=1200%2C675&ssl=1&resize=350%2C200","width":350,"height":200,"srcset":"https:\/\/i0.wp.com\/larevistadigital.com.ar\/blog\/wp-content\/uploads\/el-actor-miguel-angel-sola-debio-suspender-su-participacion-doble-o-nada.jpg?fit=1200%2C675&ssl=1&resize=350%2C200 1x, https:\/\/i0.wp.com\/larevistadigital.com.ar\/blog\/wp-content\/uploads\/el-actor-miguel-angel-sola-debio-suspender-su-participacion-doble-o-nada.jpg?fit=1200%2C675&ssl=1&resize=525%2C300 1.5x, https:\/\/i0.wp.com\/larevistadigital.com.ar\/blog\/wp-content\/uploads\/el-actor-miguel-angel-sola-debio-suspender-su-participacion-doble-o-nada.jpg?fit=1200%2C675&ssl=1&resize=700%2C400 2x, https:\/\/i0.wp.com\/larevistadigital.com.ar\/blog\/wp-content\/uploads\/el-actor-miguel-angel-sola-debio-suspender-su-participacion-doble-o-nada.jpg?fit=1200%2C675&ssl=1&resize=1050%2C600 3x"},"classes":[]},{"id":9122,"url":"https:\/\/larevistadigital.com.ar\/blog\/maipu-el-intendente-rapallini-sufrio-un-accidente-en-la-ruta-2\/","url_meta":{"origin":14317,"position":5},"title":"MAIP\u00da: EL INTENDENTE RAPALLINI SUFRI\u00d3 UN ACCIDENTE EN LA RUTA 2","author":"Alejandro Sosa Ruda","date":"15 marzo, 2019","format":false,"excerpt":"El Intendente de la ciudad de Maip\u00fa,\u00a0 Mat\u00edas Rappallini sufri\u00f3 un accidente automovil\u00edstico en la autov\u00eda 2 en la noche de la v\u00edspera, en momentos que viajaba hacia la Ciudad Aut\u00f3noma de Buenos Aires. Seg\u00fan declar\u00f3 el propio jefe comunal maipuense, como consecuencia de la gran cantidad de agua que\u2026","rel":"","context":"En \u00abPOLITICA\u00bb","block_context":{"text":"POLITICA","link":"https:\/\/larevistadigital.com.ar\/blog\/category\/politica\/"},"img":{"alt_text":"","src":"https:\/\/i0.wp.com\/larevistadigital.com.ar\/blog\/wp-content\/uploads\/2019\/03\/Rappallini-Matias1.jpg?fit=900%2C624&ssl=1&resize=350%2C200","width":350,"height":200,"srcset":"https:\/\/i0.wp.com\/larevistadigital.com.ar\/blog\/wp-content\/uploads\/2019\/03\/Rappallini-Matias1.jpg?fit=900%2C624&ssl=1&resize=350%2C200 1x, https:\/\/i0.wp.com\/larevistadigital.com.ar\/blog\/wp-content\/uploads\/2019\/03\/Rappallini-Matias1.jpg?fit=900%2C624&ssl=1&resize=525%2C300 1.5x, https:\/\/i0.wp.com\/larevistadigital.com.ar\/blog\/wp-content\/uploads\/2019\/03\/Rappallini-Matias1.jpg?fit=900%2C624&ssl=1&resize=700%2C400 2x"},"classes":[]}],"_links":{"self":[{"href":"https:\/\/larevistadigital.com.ar\/blog\/wp-json\/wp\/v2\/posts\/14317","targetHints":{"allow":["GET"]}}],"collection":[{"href":"https:\/\/larevistadigital.com.ar\/blog\/wp-json\/wp\/v2\/posts"}],"about":[{"href":"https:\/\/larevistadigital.com.ar\/blog\/wp-json\/wp\/v2\/types\/post"}],"author":[{"embeddable":true,"href":"https:\/\/larevistadigital.com.ar\/blog\/wp-json\/wp\/v2\/users\/3"}],"replies":[{"embeddable":true,"href":"https:\/\/larevistadigital.com.ar\/blog\/wp-json\/wp\/v2\/comments?post=14317"}],"version-history":[{"count":1,"href":"https:\/\/larevistadigital.com.ar\/blog\/wp-json\/wp\/v2\/posts\/14317\/revisions"}],"predecessor-version":[{"id":14319,"href":"https:\/\/larevistadigital.com.ar\/blog\/wp-json\/wp\/v2\/posts\/14317\/revisions\/14319"}],"wp:featuredmedia":[{"embeddable":true,"href":"https:\/\/larevistadigital.com.ar\/blog\/wp-json\/wp\/v2\/media\/14318"}],"wp:attachment":[{"href":"https:\/\/larevistadigital.com.ar\/blog\/wp-json\/wp\/v2\/media?parent=14317"}],"wp:term":[{"taxonomy":"category","embeddable":true,"href":"https:\/\/larevistadigital.com.ar\/blog\/wp-json\/wp\/v2\/categories?post=14317"},{"taxonomy":"post_tag","embeddable":true,"href":"https:\/\/larevistadigital.com.ar\/blog\/wp-json\/wp\/v2\/tags?post=14317"}],"curies":[{"name":"wp","href":"https:\/\/api.w.org\/{rel}","templated":true}]}}