{"id":14320,"date":"2020-01-23T11:20:00","date_gmt":"2020-01-23T11:20:00","guid":{"rendered":"https:\/\/larevistadigital.com.ar\/blog\/?p=14320"},"modified":"2020-01-23T11:20:00","modified_gmt":"2020-01-23T11:20:00","slug":"alerta-por-mosquitos-gigantes","status":"publish","type":"post","link":"https:\/\/larevistadigital.com.ar\/blog\/alerta-por-mosquitos-gigantes\/","title":{"rendered":"\u00a1ALERTA POR MOSQUITOS GIGANTES!"},"content":{"rendered":"<h2><em>Las im\u00e1genes aparecieron subidas en las redes sociales por un muchacho Cordob\u00e9s, espantado por el tama\u00f1o del insecto<\/em><\/h2>\n<p><em><strong>\u00abEntr\u00f3 pisteando como un campe\u00f3n, mi vieja entr\u00f3 en p\u00e1nico y\u00a0lo re falope\u00f3 con el Raid\u00bb<\/strong><\/em>, con esta frase humor\u00edstica bien en estilo cordob\u00e9s, <strong>Ezequiel Lobo<\/strong> subi\u00f3 a su\u00a0<em>Twitter<\/em>\u00a0la foto del mosquito gigante que mataron en su casa.<\/p>\n<p>Para demostrar el tama\u00f1o del mosquito \u00abgigante\u00bb, a su lado puso uno \u00abnormal\u00bb. <strong><em>\u00abNo encontr\u00e9 nada parecido en internet. O es una nueva evoluci\u00f3n tipo Chernobyl o\u00a0estoy en Jumanji y reci\u00e9n me entero\u00bb<\/em><\/strong>, agreg\u00f3 <strong>Ezequiel<\/strong> siempre en tono jocoso.<\/p>\n<p>Cuatro a\u00f1os atr\u00e1s, mosquitos de este tama\u00f1o\u00a0hab\u00edan aparecido en la provincia de\u00a0Santa Fe, y despu\u00e9s de una investigaci\u00f3n y la opini\u00f3n de cient\u00edficos se lleg\u00f3 a la conclusi\u00f3n que es un tipo muy com\u00fan en las\u00a0<strong>zonas tropicales de Am\u00e9rica del Norte<\/strong>. Y aparecen de manera masiva\u00a0luego de fen\u00f3menos clim\u00e1ticos c\u00f3mo los huracanes.<\/p>\n<p><img data-recalc-dims=\"1\" loading=\"lazy\" decoding=\"async\" class=\"size-full wp-image-14321 aligncenter\" src=\"https:\/\/i0.wp.com\/larevistadigital.com.ar\/blog\/wp-content\/uploads\/entro-pisteando-como-un-campeon___965Ueonm_720x0__1.jpg?resize=720%2C1036&#038;ssl=1\" alt=\"\" width=\"720\" height=\"1036\" srcset=\"https:\/\/i0.wp.com\/larevistadigital.com.ar\/blog\/wp-content\/uploads\/entro-pisteando-como-un-campeon___965Ueonm_720x0__1.jpg?w=720&amp;ssl=1 720w, https:\/\/i0.wp.com\/larevistadigital.com.ar\/blog\/wp-content\/uploads\/entro-pisteando-como-un-campeon___965Ueonm_720x0__1.jpg?resize=208%2C300&amp;ssl=1 208w, https:\/\/i0.wp.com\/larevistadigital.com.ar\/blog\/wp-content\/uploads\/entro-pisteando-como-un-campeon___965Ueonm_720x0__1.jpg?resize=712%2C1024&amp;ssl=1 712w\" sizes=\"auto, (max-width: 720px) 100vw, 720px\" \/><\/p>\n<p>publicado en CLARIN<\/p>\n<p>&nbsp;<\/p>\n","protected":false},"excerpt":{"rendered":"<div class=\"mh-excerpt\"><p>Las im\u00e1genes aparecieron subidas en las redes sociales por un muchacho Cordob\u00e9s, espantado por el tama\u00f1o del insecto \u00abEntr\u00f3 pisteando como un campe\u00f3n, mi vieja entr\u00f3 en p\u00e1nico y\u00a0lo re falope\u00f3 con el Raid\u00bb, con <a class=\"mh-excerpt-more\" href=\"https:\/\/larevistadigital.com.ar\/blog\/alerta-por-mosquitos-gigantes\/\" title=\"\u00a1ALERTA POR MOSQUITOS GIGANTES!\">[Leer M\u00e1s]<\/a><\/p>\n<\/div>","protected":false},"author":3,"featured_media":14322,"comment_status":"open","ping_status":"open","sticky":false,"template":"","format":"standard","meta":{"_jetpack_memberships_contains_paid_content":false,"footnotes":"","jetpack_publicize_message":"","jetpack_publicize_feature_enabled":true,"jetpack_social_post_already_shared":true,"jetpack_social_options":{"image_generator_settings":{"template":"highway","default_image_id":0,"font":"","enabled":false},"version":2}},"categories":[11,50],"tags":[],"class_list":{"0":"post-14320","1":"post","2":"type-post","3":"status-publish","4":"format-standard","5":"has-post-thumbnail","7":"category-curiosas","8":"category-interes-general"},"jetpack_publicize_connections":[],"jetpack_featured_media_url":"https:\/\/i0.wp.com\/larevistadigital.com.ar\/blog\/wp-content\/uploads\/mosquito-misterio-resuelto.jpg?fit=873%2C619&ssl=1","jetpack_sharing_enabled":true,"jetpack_shortlink":"https:\/\/wp.me\/p8qtrQ-3IY","jetpack-related-posts":[{"id":19052,"url":"https:\/\/larevistadigital.com.ar\/blog\/lezama-se-realiza-fumigacion-contra-los-mosquitos-en-distintos-lugares-de-la-ciudad\/","url_meta":{"origin":14320,"position":0},"title":"LEZAMA: SE REALIZA FUMIGACI\u00d3N CONTRA LOS MOSQUITOS EN DISTINTOS LUGARES DE LA CIUDAD","author":"Alejandro Sosa Ruda","date":"26 febrero, 2021","format":false,"excerpt":"El \u00e1rea de Zoonosis y Bromatolog\u00eda del municipio, en conjunto con la Secretar\u00eda de Seguridad, realiz\u00f3 fumigaciones para reducir la poblaci\u00f3n de mosquitos en un amplio sector del sector urbano: bulevares, Plaza de la Autonom\u00eda, barrio El Tero, Plaza Marinacci, sector industrial y UPA Trauma. Dadas las condiciones clim\u00e1ticas de\u2026","rel":"","context":"En \u00abLEZAMA\u00bb","block_context":{"text":"LEZAMA","link":"https:\/\/larevistadigital.com.ar\/blog\/category\/lezama\/"},"img":{"alt_text":"","src":"https:\/\/i0.wp.com\/larevistadigital.com.ar\/blog\/wp-content\/uploads\/153419200_2001022056757152_619161520338180697_o.jpg?fit=1040%2C644&ssl=1&resize=350%2C200","width":350,"height":200,"srcset":"https:\/\/i0.wp.com\/larevistadigital.com.ar\/blog\/wp-content\/uploads\/153419200_2001022056757152_619161520338180697_o.jpg?fit=1040%2C644&ssl=1&resize=350%2C200 1x, https:\/\/i0.wp.com\/larevistadigital.com.ar\/blog\/wp-content\/uploads\/153419200_2001022056757152_619161520338180697_o.jpg?fit=1040%2C644&ssl=1&resize=525%2C300 1.5x, https:\/\/i0.wp.com\/larevistadigital.com.ar\/blog\/wp-content\/uploads\/153419200_2001022056757152_619161520338180697_o.jpg?fit=1040%2C644&ssl=1&resize=700%2C400 2x"},"classes":[]},{"id":14180,"url":"https:\/\/larevistadigital.com.ar\/blog\/video-impresionante-filma-a-una-arana-en-su-heladera-comiendo-a-un-raton\/","url_meta":{"origin":14320,"position":1},"title":"VIDEO IMPRESIONANTE: FILMA A UNA ARA\u00d1A EN SU HELADERA, COMIENDO A UN RAT\u00d3N","author":"Alejandro Sosa Ruda","date":"14 enero, 2020","format":false,"excerpt":"Ese tipo de ar\u00e1cnido, puede alcanzar los 15 cent\u00edmetros de di\u00e1metro y en ocasiones puede cazar lagartijas. Es\u00a0com\u00fan en Ocean\u00eda, Sud\u00e1frica y el sudeste asi\u00e1tico Un australiano film\u00f3 a una ara\u00f1a gigante arrastrando a una laucha de su mismo tama\u00f1o por el costado de una heladera. \"Estaba por ir al\u2026","rel":"","context":"En \u00abCURIOSAS\u00bb","block_context":{"text":"CURIOSAS","link":"https:\/\/larevistadigital.com.ar\/blog\/category\/curiosas\/"},"img":{"alt_text":"","src":"https:\/\/i0.wp.com\/larevistadigital.com.ar\/blog\/wp-content\/uploads\/0018674358.jpg?fit=642%2C360&ssl=1&resize=350%2C200","width":350,"height":200,"srcset":"https:\/\/i0.wp.com\/larevistadigital.com.ar\/blog\/wp-content\/uploads\/0018674358.jpg?fit=642%2C360&ssl=1&resize=350%2C200 1x, https:\/\/i0.wp.com\/larevistadigital.com.ar\/blog\/wp-content\/uploads\/0018674358.jpg?fit=642%2C360&ssl=1&resize=525%2C300 1.5x"},"classes":[]},{"id":14463,"url":"https:\/\/larevistadigital.com.ar\/blog\/lagartijas-invaden-la-zona-sur-piden-no-matarlas-porque-ayudan-con-las-plagas\/","url_meta":{"origin":14320,"position":2},"title":"LAGARTIJAS INVADEN LA ZONA SUR: PIDEN NO MATARLAS PORQUE AYUDAN CON LAS PLAGAS","author":"Alejandro Sosa Ruda","date":"31 enero, 2020","format":false,"excerpt":"Se las ve en Adrogu\u00e9, Monte Grande y Lomas. En las Comunas dicen que son inofensivas e incluso contribuyen a controlar plagas. Estupor, sorpresa, ternura y fobia. Estas son algunas de las sensaciones que tienen muchos vecinos del sur del GBA que, en las \u00faltimas semanas, empezaron a encontrar en\u2026","rel":"","context":"En \u00abCURIOSAS\u00bb","block_context":{"text":"CURIOSAS","link":"https:\/\/larevistadigital.com.ar\/blog\/category\/curiosas\/"},"img":{"alt_text":"","src":"https:\/\/i0.wp.com\/larevistadigital.com.ar\/blog\/wp-content\/uploads\/Screenshot_3-38.jpg?fit=1120%2C822&ssl=1&resize=350%2C200","width":350,"height":200,"srcset":"https:\/\/i0.wp.com\/larevistadigital.com.ar\/blog\/wp-content\/uploads\/Screenshot_3-38.jpg?fit=1120%2C822&ssl=1&resize=350%2C200 1x, https:\/\/i0.wp.com\/larevistadigital.com.ar\/blog\/wp-content\/uploads\/Screenshot_3-38.jpg?fit=1120%2C822&ssl=1&resize=525%2C300 1.5x, https:\/\/i0.wp.com\/larevistadigital.com.ar\/blog\/wp-content\/uploads\/Screenshot_3-38.jpg?fit=1120%2C822&ssl=1&resize=700%2C400 2x, https:\/\/i0.wp.com\/larevistadigital.com.ar\/blog\/wp-content\/uploads\/Screenshot_3-38.jpg?fit=1120%2C822&ssl=1&resize=1050%2C600 3x"},"classes":[]},{"id":10021,"url":"https:\/\/larevistadigital.com.ar\/blog\/chascomus-vecina-fotografia-extrano-animal-en-las-alcantarillas\/","url_meta":{"origin":14320,"position":3},"title":"CHASCOM\u00daS: VECINA FOTOGRAF\u00cdA EXTRA\u00d1O ANIMAL EN LAS ALCANTARILLAS","author":"Alejandro Sosa Ruda","date":"6 mayo, 2019","format":false,"excerpt":"\u00bfNutria albina?...\u00bfCarpincho blanco?...\u00bfSuper rata? Milagros y Luis, por intermedio de nuestro amigo y colaborador Miguel \u00c1ngel \"Tato\" Mart\u00ednez, nos hicieron llegar la foto de un extra\u00f1o animal que se encontraba muy tranquilo en la boca de una de las alcantarillas que dan a la laguna. Realmente nos resulta muy extra\u00f1o\u2026","rel":"","context":"En \u00abCURIOSAS\u00bb","block_context":{"text":"CURIOSAS","link":"https:\/\/larevistadigital.com.ar\/blog\/category\/curiosas\/"},"img":{"alt_text":"","src":"https:\/\/i0.wp.com\/larevistadigital.com.ar\/blog\/wp-content\/uploads\/2019\/05\/WhatsApp-Image-2019-05-06-at-18.54.13.jpeg?fit=628%2C1200&ssl=1&resize=350%2C200","width":350,"height":200,"srcset":"https:\/\/i0.wp.com\/larevistadigital.com.ar\/blog\/wp-content\/uploads\/2019\/05\/WhatsApp-Image-2019-05-06-at-18.54.13.jpeg?fit=628%2C1200&ssl=1&resize=350%2C200 1x, https:\/\/i0.wp.com\/larevistadigital.com.ar\/blog\/wp-content\/uploads\/2019\/05\/WhatsApp-Image-2019-05-06-at-18.54.13.jpeg?fit=628%2C1200&ssl=1&resize=525%2C300 1.5x"},"classes":[]},{"id":35284,"url":"https:\/\/larevistadigital.com.ar\/blog\/la-plata-fumigacion-corte-de-pasto-y-repelente-propio-son-las-armas-del-municipio-contra-la-invasion-de-mosquitos\/","url_meta":{"origin":14320,"position":4},"title":"LA PLATA: FUMIGACI\u00d3N, CORTE DE PASTO Y REPELENTE PROPIO SON LAS ARMAS DEL MUNICIPIO CONTRA LA INVASI\u00d3N DE MOSQUITOS","author":"Alejandro Sosa Ruda","date":"20 febrero, 2024","format":false,"excerpt":"La Municipalidad de La Plata realiza un trabajo integral en medio de la invasi\u00f3n de mosquitos. Corte de pasto, repelente, fumigaci\u00f3n y m\u00e1s. 20 de febrero de 2024 LA PLATA -\u00a0 La\u00a0Municipalidad de La Plata realiza distintas tareas por la invasion de mosquitos que atormenta a los vecinos de todas\u2026","rel":"","context":"En \u00abREGIONALES\u00bb","block_context":{"text":"REGIONALES","link":"https:\/\/larevistadigital.com.ar\/blog\/category\/regionales\/"},"img":{"alt_text":"","src":"https:\/\/i0.wp.com\/larevistadigital.com.ar\/blog\/wp-content\/uploads\/Captura-de-pantalla-2024-02-20-105504.png?fit=893%2C429&ssl=1&resize=350%2C200","width":350,"height":200,"srcset":"https:\/\/i0.wp.com\/larevistadigital.com.ar\/blog\/wp-content\/uploads\/Captura-de-pantalla-2024-02-20-105504.png?fit=893%2C429&ssl=1&resize=350%2C200 1x, https:\/\/i0.wp.com\/larevistadigital.com.ar\/blog\/wp-content\/uploads\/Captura-de-pantalla-2024-02-20-105504.png?fit=893%2C429&ssl=1&resize=525%2C300 1.5x, https:\/\/i0.wp.com\/larevistadigital.com.ar\/blog\/wp-content\/uploads\/Captura-de-pantalla-2024-02-20-105504.png?fit=893%2C429&ssl=1&resize=700%2C400 2x"},"classes":[]},{"id":3772,"url":"https:\/\/larevistadigital.com.ar\/blog\/alerta-aranas-gran-tamano-berisso\/","url_meta":{"origin":14320,"position":5},"title":"ALERTA POR ARA\u00d1AS DE GRAN TAMA\u00d1O EN BERISSO Y LA ZONA","author":"Alejandro Sosa Ruda","date":"12 noviembre, 2017","format":false,"excerpt":"Ayer, una vecina de Berisso denunci\u00f3 la presencia de una ara\u00f1a de gran tama\u00f1o en su vivienda. Seg\u00fan advirti\u00f3, la misma fue hallada en la habitaci\u00f3n de sus hijos. Al tomar conocimiento del episodio, la Secretar\u00eda de Salud de la Municipalidad de Berisso se puso en contacto con la frentista\u2026","rel":"","context":"En \u00abDESTACADAS\u00bb","block_context":{"text":"DESTACADAS","link":"https:\/\/larevistadigital.com.ar\/blog\/category\/destacadas\/"},"img":{"alt_text":"","src":"https:\/\/i0.wp.com\/larevistadigital.com.ar\/blog\/wp-content\/uploads\/2017\/11\/arana-ecoregistro.jpg?fit=1200%2C675&ssl=1&resize=350%2C200","width":350,"height":200,"srcset":"https:\/\/i0.wp.com\/larevistadigital.com.ar\/blog\/wp-content\/uploads\/2017\/11\/arana-ecoregistro.jpg?fit=1200%2C675&ssl=1&resize=350%2C200 1x, https:\/\/i0.wp.com\/larevistadigital.com.ar\/blog\/wp-content\/uploads\/2017\/11\/arana-ecoregistro.jpg?fit=1200%2C675&ssl=1&resize=525%2C300 1.5x, https:\/\/i0.wp.com\/larevistadigital.com.ar\/blog\/wp-content\/uploads\/2017\/11\/arana-ecoregistro.jpg?fit=1200%2C675&ssl=1&resize=700%2C400 2x, https:\/\/i0.wp.com\/larevistadigital.com.ar\/blog\/wp-content\/uploads\/2017\/11\/arana-ecoregistro.jpg?fit=1200%2C675&ssl=1&resize=1050%2C600 3x"},"classes":[]}],"_links":{"self":[{"href":"https:\/\/larevistadigital.com.ar\/blog\/wp-json\/wp\/v2\/posts\/14320","targetHints":{"allow":["GET"]}}],"collection":[{"href":"https:\/\/larevistadigital.com.ar\/blog\/wp-json\/wp\/v2\/posts"}],"about":[{"href":"https:\/\/larevistadigital.com.ar\/blog\/wp-json\/wp\/v2\/types\/post"}],"author":[{"embeddable":true,"href":"https:\/\/larevistadigital.com.ar\/blog\/wp-json\/wp\/v2\/users\/3"}],"replies":[{"embeddable":true,"href":"https:\/\/larevistadigital.com.ar\/blog\/wp-json\/wp\/v2\/comments?post=14320"}],"version-history":[{"count":1,"href":"https:\/\/larevistadigital.com.ar\/blog\/wp-json\/wp\/v2\/posts\/14320\/revisions"}],"predecessor-version":[{"id":14323,"href":"https:\/\/larevistadigital.com.ar\/blog\/wp-json\/wp\/v2\/posts\/14320\/revisions\/14323"}],"wp:featuredmedia":[{"embeddable":true,"href":"https:\/\/larevistadigital.com.ar\/blog\/wp-json\/wp\/v2\/media\/14322"}],"wp:attachment":[{"href":"https:\/\/larevistadigital.com.ar\/blog\/wp-json\/wp\/v2\/media?parent=14320"}],"wp:term":[{"taxonomy":"category","embeddable":true,"href":"https:\/\/larevistadigital.com.ar\/blog\/wp-json\/wp\/v2\/categories?post=14320"},{"taxonomy":"post_tag","embeddable":true,"href":"https:\/\/larevistadigital.com.ar\/blog\/wp-json\/wp\/v2\/tags?post=14320"}],"curies":[{"name":"wp","href":"https:\/\/api.w.org\/{rel}","templated":true}]}}